{"id":4727,"date":"2018-11-12T22:48:05","date_gmt":"2018-11-12T22:48:05","guid":{"rendered":"https:\/\/laprensacristiana.com\/?p=4727"},"modified":"2020-07-01T23:18:47","modified_gmt":"2020-07-01T23:18:47","slug":"miles-de-jovenes-son-desafiados-a-ser-radicales","status":"publish","type":"post","link":"https:\/\/laprensacristiana.com\/?p=4727","title":{"rendered":"Miles de j\u00f3venes son desafiados a ser \u201cRadicales\u201d"},"content":{"rendered":"<p>El s\u00e1bado se dieron cita miles de j\u00f3venes para ser parte de la convenci\u00f3n anual de los Embajadores de Cristo (EDC) de las Asambleas de Dios en el estadio M\u00e1gico Gonz\u00e1lez.<\/p>\n<p>Antes de iniciar con el programa, Wilfredo Mir\u00f3n presidente de los Embajadores de Cristo junto a toda la juventud presente hizo tres declaraciones importantes todos a una voz dijeron:<\/p>\n<ol>\n<li>Si a la vida, creemos que el ni\u00f1o es un ser desde que est\u00e1 en el vientre de su madre.<\/li>\n<li>Creemos que Dios creo al hombre y a la mujer.<\/li>\n<li>Nosotros no creemos en la canonizaci\u00f3n, creemos que Jesucristo es El Rey de Reyes. Jesucristo es El Se\u00f1or de El Salvador.<\/li>\n<\/ol>\n<figure id=\"attachment_4729\" aria-describedby=\"caption-attachment-4729\" style=\"width: 1280px\" class=\"wp-caption alignnone\"><img decoding=\"async\" loading=\"lazy\" class=\"size-full wp-image-4729\" src=\"https:\/\/laprensacristiana.com\/wp-content\/uploads\/2018\/11\/lpc-2.jpeg\" alt=\"Wilfredo Mir\u00f3n presidente de los Embajadores de Cristo \" width=\"1280\" height=\"853\" srcset=\"https:\/\/laprensacristiana.com\/wp-content\/uploads\/2018\/11\/lpc-2.jpeg 1280w, https:\/\/laprensacristiana.com\/wp-content\/uploads\/2018\/11\/lpc-2-600x400.jpeg 600w, https:\/\/laprensacristiana.com\/wp-content\/uploads\/2018\/11\/lpc-2-300x200.jpeg 300w, https:\/\/laprensacristiana.com\/wp-content\/uploads\/2018\/11\/lpc-2-768x512.jpeg 768w, https:\/\/laprensacristiana.com\/wp-content\/uploads\/2018\/11\/lpc-2-1024x682.jpeg 1024w, https:\/\/laprensacristiana.com\/wp-content\/uploads\/2018\/11\/lpc-2-696x464.jpeg 696w, https:\/\/laprensacristiana.com\/wp-content\/uploads\/2018\/11\/lpc-2-1068x712.jpeg 1068w, https:\/\/laprensacristiana.com\/wp-content\/uploads\/2018\/11\/lpc-2-630x420.jpeg 630w\" sizes=\"(max-width: 1280px) 100vw, 1280px\" \/><figcaption id=\"caption-attachment-4729\" class=\"wp-caption-text\">Wilfredo Mir\u00f3n presidente de los Embajadores de Cristo<\/figcaption><\/figure>\n<p>EL evento dio inicio y el estadio se convirti\u00f3 en un mega auditorio de adoraci\u00f3n para Dios, la presentaci\u00f3n de Alex Zurdo se caracteriz\u00f3 por su alegr\u00eda y ritmo, sus letras fueron coreadas por todos los presentes en el lugar.<\/p>\n<p>Se entreg\u00f3 un reconocimiento a los que fungieron como presidente desde los a\u00f1os 90 hasta la fechar \u00a0por la gran labor y apoyo a la juventud Salvadore\u00f1a sirviendo como director nacional.<\/p>\n<p>\u201cHe sentido la bendici\u00f3n de Dios, desde muy joven me entregue al evangelio y muchos a\u00f1os despu\u00e9s a\u00fan sigo sirviendo al Se\u00f1or\u201d Expres\u00f3 el que fuera \u00a0Presidente de los j\u00f3venes de Asambleas de Dios en el a\u00f1o de 1962 Crist\u00f3bal Ram\u00edrez.<\/p>\n<figure id=\"attachment_4730\" aria-describedby=\"caption-attachment-4730\" style=\"width: 1280px\" class=\"wp-caption alignnone\"><img decoding=\"async\" loading=\"lazy\" class=\"size-full wp-image-4730\" src=\"https:\/\/laprensacristiana.com\/wp-content\/uploads\/2018\/11\/lpc3.jpeg\" alt=\"Presidente de los j\u00f3venes de Asambleas de Dios en el a\u00f1o de 1962 Crist\u00f3bal Ram\u00edrez\" width=\"1280\" height=\"853\" srcset=\"https:\/\/laprensacristiana.com\/wp-content\/uploads\/2018\/11\/lpc3.jpeg 1280w, https:\/\/laprensacristiana.com\/wp-content\/uploads\/2018\/11\/lpc3-600x400.jpeg 600w, https:\/\/laprensacristiana.com\/wp-content\/uploads\/2018\/11\/lpc3-300x200.jpeg 300w, https:\/\/laprensacristiana.com\/wp-content\/uploads\/2018\/11\/lpc3-768x512.jpeg 768w, https:\/\/laprensacristiana.com\/wp-content\/uploads\/2018\/11\/lpc3-1024x682.jpeg 1024w, https:\/\/laprensacristiana.com\/wp-content\/uploads\/2018\/11\/lpc3-696x464.jpeg 696w, https:\/\/laprensacristiana.com\/wp-content\/uploads\/2018\/11\/lpc3-1068x712.jpeg 1068w, https:\/\/laprensacristiana.com\/wp-content\/uploads\/2018\/11\/lpc3-630x420.jpeg 630w\" sizes=\"(max-width: 1280px) 100vw, 1280px\" \/><figcaption id=\"caption-attachment-4730\" class=\"wp-caption-text\">Presidente de los j\u00f3venes de Asambleas de Dios en el a\u00f1o de 1962 Crist\u00f3bal Ram\u00edrez<\/figcaption><\/figure>\n<p>El reverendo Jerem\u00edas Bola\u00f1os superintendente de las Asambleas de Dios nos coment\u00f3: \u00a0\u201ccada a\u00f1o ha ido creciendo el inter\u00e9s de las personas por asistir, nos alegra porque es una manera de incentivar a la juventud, hacer saber que la juventud se vive solo una vez y es un tiempo para aprovecharlo y entregarle la vida al Se\u00f1or , servirle con todo el coraz\u00f3n, creo que con la m\u00fasica, la predicaci\u00f3n a trav\u00e9s del Pastor invitado va ser de bendici\u00f3n , Dios visitara de manera extraordinaria a toda esta juventud \u201c acot\u00f3.<\/p>\n<p>La palabra de Dios estuvo a cargo del Pastor Claudio Freidzon, su mensaje invito a los j\u00f3venes a ser radicales y tener una relaci\u00f3n de comuni\u00f3n con Dios, a tener crecimiento espiritual desafi\u00e1ndolos para ser la generaci\u00f3n que conozcan a Dios de una manera m\u00e1s \u00edntima.<\/p>\n<figure id=\"attachment_4731\" aria-describedby=\"caption-attachment-4731\" style=\"width: 1280px\" class=\"wp-caption alignnone\"><img decoding=\"async\" loading=\"lazy\" class=\"size-full wp-image-4731\" src=\"https:\/\/laprensacristiana.com\/wp-content\/uploads\/2018\/11\/lpc4.jpeg\" alt=\"Reverendo Jerem\u00edas Bola\u00f1os superintendente de las Asambleas de Dios junto al Pastor  Claudio Freidzon\" width=\"1280\" height=\"853\" srcset=\"https:\/\/laprensacristiana.com\/wp-content\/uploads\/2018\/11\/lpc4.jpeg 1280w, https:\/\/laprensacristiana.com\/wp-content\/uploads\/2018\/11\/lpc4-600x400.jpeg 600w, https:\/\/laprensacristiana.com\/wp-content\/uploads\/2018\/11\/lpc4-300x200.jpeg 300w, https:\/\/laprensacristiana.com\/wp-content\/uploads\/2018\/11\/lpc4-768x512.jpeg 768w, https:\/\/laprensacristiana.com\/wp-content\/uploads\/2018\/11\/lpc4-1024x682.jpeg 1024w, https:\/\/laprensacristiana.com\/wp-content\/uploads\/2018\/11\/lpc4-696x464.jpeg 696w, https:\/\/laprensacristiana.com\/wp-content\/uploads\/2018\/11\/lpc4-1068x712.jpeg 1068w, https:\/\/laprensacristiana.com\/wp-content\/uploads\/2018\/11\/lpc4-630x420.jpeg 630w\" sizes=\"(max-width: 1280px) 100vw, 1280px\" \/><figcaption id=\"caption-attachment-4731\" class=\"wp-caption-text\">Reverendo Jerem\u00edas Bola\u00f1os superintendente de las Asambleas de Dios junto al Pastor Claudio Freidzon<\/figcaption><\/figure>\n<p>\u201cEl Salvador representa un pa\u00eds muy especial, muy sorprendente, \u00a0siendo joven anhelaba en mi coraz\u00f3n que El Se\u00f1or me usara, en los a\u00f1os 90 experimentamos en nuestra congregaci\u00f3n un avivamiento, la iglesia creci\u00f3 y tuvimos que reunirnos en estadios, El Se\u00f1or me dijo en mi coraz\u00f3n p\u00eddeme y te dar\u00e9 por herencia \u00a0las naciones, con los a\u00f1os Dios permiti\u00f3 que llegara a diferentes lugares, especialmente recuerdo que venimos a El Salvador en el a\u00f1o 94, probablemente sus padres o sus abuelos estuvieron aqu\u00ed, el estadio estaba lleno de personas que no me conoc\u00edan, pero estaban congregados \u00a0porque todos anhelaban una visitaci\u00f3n del Esp\u00edritu Santo, Dios bendijo esa generaci\u00f3n de pastores de las Asambleas de Dios, doy gracias a Dios por permitirme regresar, El Se\u00f1or har\u00e1 cosas mayores\u201d Expres\u00f3 El Pastor Claudio Freidzon.<\/p>\n<p>Para cerrar con esta convenci\u00f3n el grupo invitado fue Barak el m\u00e1s esperado por los j\u00f3venes que corearon alabanzas como \u201cLa Tierra Canta\u201d entre otras.<\/p>\n<p><img decoding=\"async\" loading=\"lazy\" class=\"alignnone size-full wp-image-4689\" src=\"https:\/\/laprensacristiana.com\/wp-content\/uploads\/2018\/11\/ARTE-WEB-TIENDAS-MORENA.jpg\" alt=\"\" width=\"1000\" height=\"428\" srcset=\"https:\/\/laprensacristiana.com\/wp-content\/uploads\/2018\/11\/ARTE-WEB-TIENDAS-MORENA.jpg 1000w, https:\/\/laprensacristiana.com\/wp-content\/uploads\/2018\/11\/ARTE-WEB-TIENDAS-MORENA-600x257.jpg 600w, https:\/\/laprensacristiana.com\/wp-content\/uploads\/2018\/11\/ARTE-WEB-TIENDAS-MORENA-300x128.jpg 300w, https:\/\/laprensacristiana.com\/wp-content\/uploads\/2018\/11\/ARTE-WEB-TIENDAS-MORENA-768x329.jpg 768w, https:\/\/laprensacristiana.com\/wp-content\/uploads\/2018\/11\/ARTE-WEB-TIENDAS-MORENA-696x298.jpg 696w, https:\/\/laprensacristiana.com\/wp-content\/uploads\/2018\/11\/ARTE-WEB-TIENDAS-MORENA-981x420.jpg 981w\" sizes=\"(max-width: 1000px) 100vw, 1000px\" \/><\/p>\n","protected":false},"excerpt":{"rendered":"<p>El s\u00e1bado se dieron cita miles de j\u00f3venes para ser parte de la convenci\u00f3n anual de los Embajadores de Cristo (EDC) de las Asambleas de Dios en el estadio M\u00e1gico Gonz\u00e1lez. Antes de iniciar con el programa, Wilfredo Mir\u00f3n presidente de los Embajadores de Cristo junto a toda la juventud presente hizo tres declaraciones importantes [&hellip;]<\/p>\n","protected":false},"author":3,"featured_media":4728,"comment_status":"open","ping_status":"open","sticky":false,"template":"","format":"standard","meta":[],"categories":[56],"tags":[],"yoast_head":"<!-- This site is optimized with the Yoast SEO plugin v20.8 - https:\/\/yoast.com\/wordpress\/plugins\/seo\/ -->\n<title>Miles de j\u00f3venes son desafiados a ser \u201cRadicales\u201d - La Prensa Cristiana<\/title>\n<meta name=\"robots\" content=\"index, follow, max-snippet:-1, max-image-preview:large, max-video-preview:-1\" \/>\n<link rel=\"canonical\" href=\"https:\/\/laprensacristiana.com\/?p=4727\" \/>\n<meta property=\"og:locale\" content=\"es_ES\" \/>\n<meta property=\"og:type\" content=\"article\" \/>\n<meta property=\"og:title\" content=\"Miles de j\u00f3venes son desafiados a ser \u201cRadicales\u201d - La Prensa Cristiana\" \/>\n<meta property=\"og:description\" content=\"El s\u00e1bado se dieron cita miles de j\u00f3venes para ser parte de la convenci\u00f3n anual de los Embajadores de Cristo (EDC) de las Asambleas de Dios en el estadio M\u00e1gico Gonz\u00e1lez. Antes de iniciar con el programa, Wilfredo Mir\u00f3n presidente de los Embajadores de Cristo junto a toda la juventud presente hizo tres declaraciones importantes [&hellip;]\" \/>\n<meta property=\"og:url\" content=\"https:\/\/laprensacristiana.com\/?p=4727\" \/>\n<meta property=\"og:site_name\" content=\"La Prensa Cristiana\" \/>\n<meta property=\"article:published_time\" content=\"2018-11-12T22:48:05+00:00\" \/>\n<meta property=\"article:modified_time\" content=\"2020-07-01T23:18:47+00:00\" \/>\n<meta property=\"og:image\" content=\"https:\/\/laprensacristiana.com\/wp-content\/uploads\/2018\/11\/archivo-lpc.jpeg\" \/>\n\t<meta property=\"og:image:width\" content=\"1280\" \/>\n\t<meta property=\"og:image:height\" content=\"853\" \/>\n\t<meta property=\"og:image:type\" content=\"image\/jpeg\" \/>\n<meta name=\"author\" content=\"EDITOR\" \/>\n<meta name=\"twitter:card\" content=\"summary_large_image\" \/>\n<meta name=\"twitter:label1\" content=\"Escrito por\" \/>\n\t<meta name=\"twitter:data1\" content=\"EDITOR\" \/>\n\t<meta name=\"twitter:label2\" content=\"Tiempo de lectura\" \/>\n\t<meta name=\"twitter:data2\" content=\"3 minutos\" \/>\n<script type=\"application\/ld+json\" class=\"yoast-schema-graph\">{\"@context\":\"https:\/\/schema.org\",\"@graph\":[{\"@type\":\"WebPage\",\"@id\":\"https:\/\/laprensacristiana.com\/?p=4727\",\"url\":\"https:\/\/laprensacristiana.com\/?p=4727\",\"name\":\"Miles de j\u00f3venes son desafiados a ser \u201cRadicales\u201d - La Prensa Cristiana\",\"isPartOf\":{\"@id\":\"https:\/\/laprensacristiana.com\/#website\"},\"datePublished\":\"2018-11-12T22:48:05+00:00\",\"dateModified\":\"2020-07-01T23:18:47+00:00\",\"author\":{\"@id\":\"https:\/\/laprensacristiana.com\/#\/schema\/person\/3e7d82c6bfd6b1fa67010f8f7cd5256e\"},\"breadcrumb\":{\"@id\":\"https:\/\/laprensacristiana.com\/?p=4727#breadcrumb\"},\"inLanguage\":\"es\",\"potentialAction\":[{\"@type\":\"ReadAction\",\"target\":[\"https:\/\/laprensacristiana.com\/?p=4727\"]}]},{\"@type\":\"BreadcrumbList\",\"@id\":\"https:\/\/laprensacristiana.com\/?p=4727#breadcrumb\",\"itemListElement\":[{\"@type\":\"ListItem\",\"position\":1,\"name\":\"Portada\",\"item\":\"https:\/\/laprensacristiana.com\/\"},{\"@type\":\"ListItem\",\"position\":2,\"name\":\"Miles de j\u00f3venes son desafiados a ser \u201cRadicales\u201d\"}]},{\"@type\":\"WebSite\",\"@id\":\"https:\/\/laprensacristiana.com\/#website\",\"url\":\"https:\/\/laprensacristiana.com\/\",\"name\":\"La Prensa Cristiana\",\"description\":\"Anunciando Las Buenas Nuevas\",\"potentialAction\":[{\"@type\":\"SearchAction\",\"target\":{\"@type\":\"EntryPoint\",\"urlTemplate\":\"https:\/\/laprensacristiana.com\/?s={search_term_string}\"},\"query-input\":\"required name=search_term_string\"}],\"inLanguage\":\"es\"},{\"@type\":\"Person\",\"@id\":\"https:\/\/laprensacristiana.com\/#\/schema\/person\/3e7d82c6bfd6b1fa67010f8f7cd5256e\",\"name\":\"EDITOR\",\"image\":{\"@type\":\"ImageObject\",\"inLanguage\":\"es\",\"@id\":\"https:\/\/laprensacristiana.com\/#\/schema\/person\/image\/\",\"url\":\"https:\/\/secure.gravatar.com\/avatar\/72069dfb6c13772d9e8381e3638666d2?s=96&d=mm&r=g\",\"contentUrl\":\"https:\/\/secure.gravatar.com\/avatar\/72069dfb6c13772d9e8381e3638666d2?s=96&d=mm&r=g\",\"caption\":\"EDITOR\"},\"url\":\"https:\/\/laprensacristiana.com\/?author=3\"}]}<\/script>\n<!-- \/ Yoast SEO plugin. -->","yoast_head_json":{"title":"Miles de j\u00f3venes son desafiados a ser \u201cRadicales\u201d - La Prensa Cristiana","robots":{"index":"index","follow":"follow","max-snippet":"max-snippet:-1","max-image-preview":"max-image-preview:large","max-video-preview":"max-video-preview:-1"},"canonical":"https:\/\/laprensacristiana.com\/?p=4727","og_locale":"es_ES","og_type":"article","og_title":"Miles de j\u00f3venes son desafiados a ser \u201cRadicales\u201d - La Prensa Cristiana","og_description":"El s\u00e1bado se dieron cita miles de j\u00f3venes para ser parte de la convenci\u00f3n anual de los Embajadores de Cristo (EDC) de las Asambleas de Dios en el estadio M\u00e1gico Gonz\u00e1lez. Antes de iniciar con el programa, Wilfredo Mir\u00f3n presidente de los Embajadores de Cristo junto a toda la juventud presente hizo tres declaraciones importantes [&hellip;]","og_url":"https:\/\/laprensacristiana.com\/?p=4727","og_site_name":"La Prensa Cristiana","article_published_time":"2018-11-12T22:48:05+00:00","article_modified_time":"2020-07-01T23:18:47+00:00","og_image":[{"width":1280,"height":853,"url":"https:\/\/laprensacristiana.com\/wp-content\/uploads\/2018\/11\/archivo-lpc.jpeg","type":"image\/jpeg"}],"author":"EDITOR","twitter_card":"summary_large_image","twitter_misc":{"Escrito por":"EDITOR","Tiempo de lectura":"3 minutos"},"schema":{"@context":"https:\/\/schema.org","@graph":[{"@type":"WebPage","@id":"https:\/\/laprensacristiana.com\/?p=4727","url":"https:\/\/laprensacristiana.com\/?p=4727","name":"Miles de j\u00f3venes son desafiados a ser \u201cRadicales\u201d - La Prensa Cristiana","isPartOf":{"@id":"https:\/\/laprensacristiana.com\/#website"},"datePublished":"2018-11-12T22:48:05+00:00","dateModified":"2020-07-01T23:18:47+00:00","author":{"@id":"https:\/\/laprensacristiana.com\/#\/schema\/person\/3e7d82c6bfd6b1fa67010f8f7cd5256e"},"breadcrumb":{"@id":"https:\/\/laprensacristiana.com\/?p=4727#breadcrumb"},"inLanguage":"es","potentialAction":[{"@type":"ReadAction","target":["https:\/\/laprensacristiana.com\/?p=4727"]}]},{"@type":"BreadcrumbList","@id":"https:\/\/laprensacristiana.com\/?p=4727#breadcrumb","itemListElement":[{"@type":"ListItem","position":1,"name":"Portada","item":"https:\/\/laprensacristiana.com\/"},{"@type":"ListItem","position":2,"name":"Miles de j\u00f3venes son desafiados a ser \u201cRadicales\u201d"}]},{"@type":"WebSite","@id":"https:\/\/laprensacristiana.com\/#website","url":"https:\/\/laprensacristiana.com\/","name":"La Prensa Cristiana","description":"Anunciando Las Buenas Nuevas","potentialAction":[{"@type":"SearchAction","target":{"@type":"EntryPoint","urlTemplate":"https:\/\/laprensacristiana.com\/?s={search_term_string}"},"query-input":"required name=search_term_string"}],"inLanguage":"es"},{"@type":"Person","@id":"https:\/\/laprensacristiana.com\/#\/schema\/person\/3e7d82c6bfd6b1fa67010f8f7cd5256e","name":"EDITOR","image":{"@type":"ImageObject","inLanguage":"es","@id":"https:\/\/laprensacristiana.com\/#\/schema\/person\/image\/","url":"https:\/\/secure.gravatar.com\/avatar\/72069dfb6c13772d9e8381e3638666d2?s=96&d=mm&r=g","contentUrl":"https:\/\/secure.gravatar.com\/avatar\/72069dfb6c13772d9e8381e3638666d2?s=96&d=mm&r=g","caption":"EDITOR"},"url":"https:\/\/laprensacristiana.com\/?author=3"}]}},"_links":{"self":[{"href":"https:\/\/laprensacristiana.com\/index.php?rest_route=\/wp\/v2\/posts\/4727"}],"collection":[{"href":"https:\/\/laprensacristiana.com\/index.php?rest_route=\/wp\/v2\/posts"}],"about":[{"href":"https:\/\/laprensacristiana.com\/index.php?rest_route=\/wp\/v2\/types\/post"}],"author":[{"embeddable":true,"href":"https:\/\/laprensacristiana.com\/index.php?rest_route=\/wp\/v2\/users\/3"}],"replies":[{"embeddable":true,"href":"https:\/\/laprensacristiana.com\/index.php?rest_route=%2Fwp%2Fv2%2Fcomments&post=4727"}],"version-history":[{"count":1,"href":"https:\/\/laprensacristiana.com\/index.php?rest_route=\/wp\/v2\/posts\/4727\/revisions"}],"predecessor-version":[{"id":4732,"href":"https:\/\/laprensacristiana.com\/index.php?rest_route=\/wp\/v2\/posts\/4727\/revisions\/4732"}],"wp:featuredmedia":[{"embeddable":true,"href":"https:\/\/laprensacristiana.com\/index.php?rest_route=\/wp\/v2\/media\/4728"}],"wp:attachment":[{"href":"https:\/\/laprensacristiana.com\/index.php?rest_route=%2Fwp%2Fv2%2Fmedia&parent=4727"}],"wp:term":[{"taxonomy":"category","embeddable":true,"href":"https:\/\/laprensacristiana.com\/index.php?rest_route=%2Fwp%2Fv2%2Fcategories&post=4727"},{"taxonomy":"post_tag","embeddable":true,"href":"https:\/\/laprensacristiana.com\/index.php?rest_route=%2Fwp%2Fv2%2Ftags&post=4727"}],"curies":[{"name":"wp","href":"https:\/\/api.w.org\/{rel}","templated":true}]}}