{"id":4752,"date":"2018-11-16T19:55:47","date_gmt":"2018-11-16T19:55:47","guid":{"rendered":"https:\/\/laprensacristiana.com\/?p=4752"},"modified":"2018-11-16T19:55:47","modified_gmt":"2018-11-16T19:55:47","slug":"el-gallo","status":"publish","type":"post","link":"https:\/\/laprensacristiana.com\/?p=4752","title":{"rendered":"El gallo"},"content":{"rendered":"<p>Mateo 26:34 \u201cJes\u00fas le dijo: En verdad te digo que esta misma noche, antes que el gallo cante, me negar\u00e1s tres veces\u201d<\/p>\n<p>\u00bfPor qu\u00e9 Jes\u00fas utiliz\u00f3 al gallo como advertencia de la negaci\u00f3n de Pedro? \u00bfQu\u00e9 tiene ese animal para que el Se\u00f1or lo haya puesto como un aviso para su disc\u00edpulo? \u00bfQu\u00e9 sab\u00eda Jes\u00fas sobre esta ave que no sab\u00eda Pedro? Bueno, Jes\u00fas es Dios y \u00e9l estaba en G\u00e9nesis creando a los animales. Y entre ellos estaba el famoso gallo.<\/p>\n<p>Seg\u00fan los estudiosos del tema, el gallo es el \u00fanico animal que sabe diferenciar entre la noche y el d\u00eda. Su canto es anuncio de la aurora. Est\u00e1 dise\u00f1ado para avisarle al hombre que ya va amanecer. Es m\u00e1s, el gallo canta aun antes que el sol haga su aparici\u00f3n. Es decir, canta minutos antes que amanezca. Es una maravilla de la creaci\u00f3n.<\/p>\n<p>Cuando Pedro estaba jurando que no iba a negar a su Maestro, \u00e9l le advierte: \u201cPedro, te aviso que el gallo va a cantar antes que amanezca en mi Vida. T\u00fa no crees que yo voy a resucitar. El gallo s\u00ed. \u00c9l sabe que despu\u00e9s de la noche viene el d\u00eda. Este animal, Pedro, cree m\u00e1s que t\u00fa que la noche no es para siempre, que siempre habr\u00e1 un nuevo amanecer. Y con su canto te estar\u00e1 avisando que no te desesperes, que tal como lo promet\u00ed, luego de unos minutos de oscuridad vendr\u00e1 la Luz nuevamente al mundo\u201d.<\/p>\n<p>\u00bfQu\u00e9 nos parece?<\/p>\n<p>Todos pasamos por momentos de oscuridad. \u00bfQui\u00e9n de nosotros no hemos pasado instantes de oscuridad? \u00bfMomentos dif\u00edciles? \u00bfMomentos en que parece que el t\u00fanel de la angustia nos absorbe y nos engulle la duda y parece que amenaza nuestras vidas y nuestra fe? Pero el aviso de Jes\u00fas es: no nos concentremos en esos momentos porque despu\u00e9s tendremos momentos de luz. Es cierto, hemos tenido periodos en que una nebulosa nos envuelve, pero tambi\u00e9n pasamos momentos de alegr\u00eda, momentos de claridad, momentos de paz. Ha habido\u00a0 periodos en que parec\u00eda que las tinieblas hab\u00edan puesto su poder sobre usted, pero tambi\u00e9n ha habido momentos de buenas noticias. \u00bfNo es cierto?<\/p>\n<p>Y es posible que en estos momentos en que est\u00e1n leyendo este art\u00edculo, alguno de ustedes se encuentran en el per\u00edodo en que el gallo tiene que cantar porque est\u00e1n batallando contra la oscuridad, los retos, los desaf\u00edos y dificultades que la vida les presenta. En estos momentos hay que tener una fuerza extra para no dejarse atrapar por esos sentimientos disfuncionales cuando llegan a tocar la puerta de su alma.<\/p>\n<p>Solamente sepa que si su mundo interior es m\u00e1s fuerte que su mundo exterior, esos momentos de retos y conflictos tienen su fin cuando en alg\u00fan lugar un gallo este cantando para anunciar que la aurora ya viene, que el nuevo amanecer para su dolorido coraz\u00f3n est\u00e1 por llegar. Solo trate de afinar su o\u00eddo para escuchar el canto de esa ave para creer que para usted tambi\u00e9n hay una nueva luz para alumbrar las tinieblas que han amenazado su alma.<\/p>\n<p>\u00bfQui\u00e9n es entonces una persona sabia?\u00a0 Es una persona que aprende del gallo. Y \u00bfqu\u00e9 cosa aprendemos de ese animal? Aprendemos que la oscuridad es solo temporal, que es un mal momento que ahora estamos viviendo pero que pronto pasar\u00e1. Esos momentos de dolor que est\u00e9 atravesando su alma es solo temporal, que estos d\u00edas de turbulencia no ser\u00e1n as\u00ed para usted todo el tiempo.<\/p>\n<p>Ya viene la aurora, viene la luz, el sol tambi\u00e9n est\u00e1 por salir para usted que lee estas l\u00edneas.<\/p>\n<p>Quiz\u00e1 este a\u00f1o que est\u00e1 por terminar ha sido dif\u00edcil para alg\u00fan lector. Quiz\u00e1 ha sido duro. No llegaron las promesas que esper\u00e1bamos se cumplieran en nuestro hogar o en la vida de nuestros hijos. Posiblemente el matrimonio atraves\u00f3 acantilados peligrosos y el abismo amenaz\u00f3 con engullirlos a ambos hundi\u00e9ndolos en una sensaci\u00f3n de soledad y abandono. Es cierto, fueron momentos negros. Momentos en que ni un lucero brillaba en su horizonte. Pero ya est\u00e1n pasando. Solo quedan unos d\u00edas para terminar este a\u00f1o y pronto vendr\u00e1 uno nuevo. Y con \u00e9l, la esperanza de un nuevo amanecer, la aurora viene pronto y el gallo estar\u00e1 anunciando con su canto matutino que la Luz pronto alumbrar\u00e1 su vida, su matrimonio y su fe.<\/p>\n<p>\u201cLev\u00e1ntate y resplandece porque ha amanecido tu luz\u201d, dijo el profeta. Solo cr\u00e9alo. Cr\u00e9alo por favor porque eso me ayudar\u00e1 a creerlo tambi\u00e9n para mi propia vida. Porque yo tambi\u00e9n necesito escuchar el canto del gallo para no negar a mi Maestro.<\/p>\n","protected":false},"excerpt":{"rendered":"<p>Mateo 26:34 \u201cJes\u00fas le dijo: En verdad te digo que esta misma noche, antes que el gallo cante, me negar\u00e1s tres veces\u201d \u00bfPor qu\u00e9 Jes\u00fas utiliz\u00f3 al gallo como advertencia de la negaci\u00f3n de Pedro? \u00bfQu\u00e9 tiene ese animal para que el Se\u00f1or lo haya puesto como un aviso para su disc\u00edpulo? \u00bfQu\u00e9 sab\u00eda Jes\u00fas [&hellip;]<\/p>\n","protected":false},"author":3,"featured_media":4530,"comment_status":"open","ping_status":"open","sticky":false,"template":"","format":"standard","meta":[],"categories":[36],"tags":[],"yoast_head":"<!-- This site is optimized with the Yoast SEO plugin v20.8 - https:\/\/yoast.com\/wordpress\/plugins\/seo\/ -->\n<title>El gallo - La Prensa Cristiana<\/title>\n<meta name=\"robots\" content=\"index, follow, max-snippet:-1, max-image-preview:large, max-video-preview:-1\" \/>\n<link rel=\"canonical\" href=\"https:\/\/laprensacristiana.com\/?p=4752\" \/>\n<meta property=\"og:locale\" content=\"es_ES\" \/>\n<meta property=\"og:type\" content=\"article\" \/>\n<meta property=\"og:title\" content=\"El gallo - La Prensa Cristiana\" \/>\n<meta property=\"og:description\" content=\"Mateo 26:34 \u201cJes\u00fas le dijo: En verdad te digo que esta misma noche, antes que el gallo cante, me negar\u00e1s tres veces\u201d \u00bfPor qu\u00e9 Jes\u00fas utiliz\u00f3 al gallo como advertencia de la negaci\u00f3n de Pedro? \u00bfQu\u00e9 tiene ese animal para que el Se\u00f1or lo haya puesto como un aviso para su disc\u00edpulo? \u00bfQu\u00e9 sab\u00eda Jes\u00fas [&hellip;]\" \/>\n<meta property=\"og:url\" content=\"https:\/\/laprensacristiana.com\/?p=4752\" \/>\n<meta property=\"og:site_name\" content=\"La Prensa Cristiana\" \/>\n<meta property=\"article:published_time\" content=\"2018-11-16T19:55:47+00:00\" \/>\n<meta property=\"og:image\" content=\"https:\/\/laprensacristiana.com\/wp-content\/uploads\/2018\/10\/2017-11-23-PHOTO-00003245.jpg\" \/>\n\t<meta property=\"og:image:width\" content=\"1280\" \/>\n\t<meta property=\"og:image:height\" content=\"714\" \/>\n\t<meta property=\"og:image:type\" content=\"image\/jpeg\" \/>\n<meta name=\"author\" content=\"EDITOR\" \/>\n<meta name=\"twitter:card\" content=\"summary_large_image\" \/>\n<meta name=\"twitter:label1\" content=\"Escrito por\" \/>\n\t<meta name=\"twitter:data1\" content=\"EDITOR\" \/>\n\t<meta name=\"twitter:label2\" content=\"Tiempo de lectura\" \/>\n\t<meta name=\"twitter:data2\" content=\"4 minutos\" \/>\n<script type=\"application\/ld+json\" class=\"yoast-schema-graph\">{\"@context\":\"https:\/\/schema.org\",\"@graph\":[{\"@type\":\"WebPage\",\"@id\":\"https:\/\/laprensacristiana.com\/?p=4752\",\"url\":\"https:\/\/laprensacristiana.com\/?p=4752\",\"name\":\"El gallo - La Prensa Cristiana\",\"isPartOf\":{\"@id\":\"https:\/\/laprensacristiana.com\/#website\"},\"datePublished\":\"2018-11-16T19:55:47+00:00\",\"dateModified\":\"2018-11-16T19:55:47+00:00\",\"author\":{\"@id\":\"https:\/\/laprensacristiana.com\/#\/schema\/person\/3e7d82c6bfd6b1fa67010f8f7cd5256e\"},\"breadcrumb\":{\"@id\":\"https:\/\/laprensacristiana.com\/?p=4752#breadcrumb\"},\"inLanguage\":\"es\",\"potentialAction\":[{\"@type\":\"ReadAction\",\"target\":[\"https:\/\/laprensacristiana.com\/?p=4752\"]}]},{\"@type\":\"BreadcrumbList\",\"@id\":\"https:\/\/laprensacristiana.com\/?p=4752#breadcrumb\",\"itemListElement\":[{\"@type\":\"ListItem\",\"position\":1,\"name\":\"Portada\",\"item\":\"https:\/\/laprensacristiana.com\/\"},{\"@type\":\"ListItem\",\"position\":2,\"name\":\"El gallo\"}]},{\"@type\":\"WebSite\",\"@id\":\"https:\/\/laprensacristiana.com\/#website\",\"url\":\"https:\/\/laprensacristiana.com\/\",\"name\":\"La Prensa Cristiana\",\"description\":\"Anunciando Las Buenas Nuevas\",\"potentialAction\":[{\"@type\":\"SearchAction\",\"target\":{\"@type\":\"EntryPoint\",\"urlTemplate\":\"https:\/\/laprensacristiana.com\/?s={search_term_string}\"},\"query-input\":\"required name=search_term_string\"}],\"inLanguage\":\"es\"},{\"@type\":\"Person\",\"@id\":\"https:\/\/laprensacristiana.com\/#\/schema\/person\/3e7d82c6bfd6b1fa67010f8f7cd5256e\",\"name\":\"EDITOR\",\"image\":{\"@type\":\"ImageObject\",\"inLanguage\":\"es\",\"@id\":\"https:\/\/laprensacristiana.com\/#\/schema\/person\/image\/\",\"url\":\"https:\/\/secure.gravatar.com\/avatar\/72069dfb6c13772d9e8381e3638666d2?s=96&d=mm&r=g\",\"contentUrl\":\"https:\/\/secure.gravatar.com\/avatar\/72069dfb6c13772d9e8381e3638666d2?s=96&d=mm&r=g\",\"caption\":\"EDITOR\"},\"url\":\"https:\/\/laprensacristiana.com\/?author=3\"}]}<\/script>\n<!-- \/ Yoast SEO plugin. -->","yoast_head_json":{"title":"El gallo - La Prensa Cristiana","robots":{"index":"index","follow":"follow","max-snippet":"max-snippet:-1","max-image-preview":"max-image-preview:large","max-video-preview":"max-video-preview:-1"},"canonical":"https:\/\/laprensacristiana.com\/?p=4752","og_locale":"es_ES","og_type":"article","og_title":"El gallo - La Prensa Cristiana","og_description":"Mateo 26:34 \u201cJes\u00fas le dijo: En verdad te digo que esta misma noche, antes que el gallo cante, me negar\u00e1s tres veces\u201d \u00bfPor qu\u00e9 Jes\u00fas utiliz\u00f3 al gallo como advertencia de la negaci\u00f3n de Pedro? \u00bfQu\u00e9 tiene ese animal para que el Se\u00f1or lo haya puesto como un aviso para su disc\u00edpulo? \u00bfQu\u00e9 sab\u00eda Jes\u00fas [&hellip;]","og_url":"https:\/\/laprensacristiana.com\/?p=4752","og_site_name":"La Prensa Cristiana","article_published_time":"2018-11-16T19:55:47+00:00","og_image":[{"width":1280,"height":714,"url":"https:\/\/laprensacristiana.com\/wp-content\/uploads\/2018\/10\/2017-11-23-PHOTO-00003245.jpg","type":"image\/jpeg"}],"author":"EDITOR","twitter_card":"summary_large_image","twitter_misc":{"Escrito por":"EDITOR","Tiempo de lectura":"4 minutos"},"schema":{"@context":"https:\/\/schema.org","@graph":[{"@type":"WebPage","@id":"https:\/\/laprensacristiana.com\/?p=4752","url":"https:\/\/laprensacristiana.com\/?p=4752","name":"El gallo - La Prensa Cristiana","isPartOf":{"@id":"https:\/\/laprensacristiana.com\/#website"},"datePublished":"2018-11-16T19:55:47+00:00","dateModified":"2018-11-16T19:55:47+00:00","author":{"@id":"https:\/\/laprensacristiana.com\/#\/schema\/person\/3e7d82c6bfd6b1fa67010f8f7cd5256e"},"breadcrumb":{"@id":"https:\/\/laprensacristiana.com\/?p=4752#breadcrumb"},"inLanguage":"es","potentialAction":[{"@type":"ReadAction","target":["https:\/\/laprensacristiana.com\/?p=4752"]}]},{"@type":"BreadcrumbList","@id":"https:\/\/laprensacristiana.com\/?p=4752#breadcrumb","itemListElement":[{"@type":"ListItem","position":1,"name":"Portada","item":"https:\/\/laprensacristiana.com\/"},{"@type":"ListItem","position":2,"name":"El gallo"}]},{"@type":"WebSite","@id":"https:\/\/laprensacristiana.com\/#website","url":"https:\/\/laprensacristiana.com\/","name":"La Prensa Cristiana","description":"Anunciando Las Buenas Nuevas","potentialAction":[{"@type":"SearchAction","target":{"@type":"EntryPoint","urlTemplate":"https:\/\/laprensacristiana.com\/?s={search_term_string}"},"query-input":"required name=search_term_string"}],"inLanguage":"es"},{"@type":"Person","@id":"https:\/\/laprensacristiana.com\/#\/schema\/person\/3e7d82c6bfd6b1fa67010f8f7cd5256e","name":"EDITOR","image":{"@type":"ImageObject","inLanguage":"es","@id":"https:\/\/laprensacristiana.com\/#\/schema\/person\/image\/","url":"https:\/\/secure.gravatar.com\/avatar\/72069dfb6c13772d9e8381e3638666d2?s=96&d=mm&r=g","contentUrl":"https:\/\/secure.gravatar.com\/avatar\/72069dfb6c13772d9e8381e3638666d2?s=96&d=mm&r=g","caption":"EDITOR"},"url":"https:\/\/laprensacristiana.com\/?author=3"}]}},"_links":{"self":[{"href":"https:\/\/laprensacristiana.com\/index.php?rest_route=\/wp\/v2\/posts\/4752"}],"collection":[{"href":"https:\/\/laprensacristiana.com\/index.php?rest_route=\/wp\/v2\/posts"}],"about":[{"href":"https:\/\/laprensacristiana.com\/index.php?rest_route=\/wp\/v2\/types\/post"}],"author":[{"embeddable":true,"href":"https:\/\/laprensacristiana.com\/index.php?rest_route=\/wp\/v2\/users\/3"}],"replies":[{"embeddable":true,"href":"https:\/\/laprensacristiana.com\/index.php?rest_route=%2Fwp%2Fv2%2Fcomments&post=4752"}],"version-history":[{"count":1,"href":"https:\/\/laprensacristiana.com\/index.php?rest_route=\/wp\/v2\/posts\/4752\/revisions"}],"predecessor-version":[{"id":4753,"href":"https:\/\/laprensacristiana.com\/index.php?rest_route=\/wp\/v2\/posts\/4752\/revisions\/4753"}],"wp:featuredmedia":[{"embeddable":true,"href":"https:\/\/laprensacristiana.com\/index.php?rest_route=\/wp\/v2\/media\/4530"}],"wp:attachment":[{"href":"https:\/\/laprensacristiana.com\/index.php?rest_route=%2Fwp%2Fv2%2Fmedia&parent=4752"}],"wp:term":[{"taxonomy":"category","embeddable":true,"href":"https:\/\/laprensacristiana.com\/index.php?rest_route=%2Fwp%2Fv2%2Fcategories&post=4752"},{"taxonomy":"post_tag","embeddable":true,"href":"https:\/\/laprensacristiana.com\/index.php?rest_route=%2Fwp%2Fv2%2Ftags&post=4752"}],"curies":[{"name":"wp","href":"https:\/\/api.w.org\/{rel}","templated":true}]}}