{"id":4755,"date":"2018-11-19T18:02:41","date_gmt":"2018-11-19T18:02:41","guid":{"rendered":"https:\/\/laprensacristiana.com\/?p=4755"},"modified":"2020-07-01T23:17:32","modified_gmt":"2020-07-01T23:17:32","slug":"exploradores-del-rey-nor-poniente-celebra-50-anos","status":"publish","type":"post","link":"https:\/\/laprensacristiana.com\/?p=4755","title":{"rendered":"Exploradores del Rey Nor poniente celebra 50 a\u00f1os."},"content":{"rendered":"<p><img decoding=\"async\" loading=\"lazy\" class=\"alignnone size-full wp-image-4689\" src=\"https:\/\/laprensacristiana.com\/wp-content\/uploads\/2018\/11\/ARTE-WEB-TIENDAS-MORENA.jpg\" alt=\"\" width=\"1000\" height=\"428\" srcset=\"https:\/\/laprensacristiana.com\/wp-content\/uploads\/2018\/11\/ARTE-WEB-TIENDAS-MORENA.jpg 1000w, https:\/\/laprensacristiana.com\/wp-content\/uploads\/2018\/11\/ARTE-WEB-TIENDAS-MORENA-600x257.jpg 600w, https:\/\/laprensacristiana.com\/wp-content\/uploads\/2018\/11\/ARTE-WEB-TIENDAS-MORENA-300x128.jpg 300w, https:\/\/laprensacristiana.com\/wp-content\/uploads\/2018\/11\/ARTE-WEB-TIENDAS-MORENA-768x329.jpg 768w, https:\/\/laprensacristiana.com\/wp-content\/uploads\/2018\/11\/ARTE-WEB-TIENDAS-MORENA-696x298.jpg 696w, https:\/\/laprensacristiana.com\/wp-content\/uploads\/2018\/11\/ARTE-WEB-TIENDAS-MORENA-981x420.jpg 981w\" sizes=\"(max-width: 1000px) 100vw, 1000px\" \/><\/p>\n<p>En conmemoraci\u00f3n de los 50 a\u00f1os del Ministerio Exploradores del Rey en El Salvador , el distrito Nor poniente \u00a0de San Salvador de las Asambleas de Dios realiz\u00f3 un desfile; ni\u00f1os, j\u00f3venes y adultos en solo sentir, proclamar el evangelio\u00a0 y agradecer por 50 a\u00f1os de liderar y llevar muchachos a los pies de Cristo.<\/p>\n<p>Este ministerio fue establecido con el prop\u00f3sito de la evangelizaci\u00f3n y el discipulado. Exploradores del Rey atrae a los j\u00f3venes con las diferentes actividades que realiza, crecen y aprenden al integrarse al ministerio, las misiones, las actividades y el liderazgo.<\/p>\n<p><img decoding=\"async\" loading=\"lazy\" class=\"alignnone size-full wp-image-4756\" src=\"https:\/\/laprensacristiana.com\/wp-content\/uploads\/2018\/11\/WhatsApp-Image-2018-11-18-at-9.55.34-PM.jpeg\" alt=\"WhatsApp Image 2018-11-18 at 9.55.34 PM\" width=\"960\" height=\"1280\" srcset=\"https:\/\/laprensacristiana.com\/wp-content\/uploads\/2018\/11\/WhatsApp-Image-2018-11-18-at-9.55.34-PM.jpeg 960w, https:\/\/laprensacristiana.com\/wp-content\/uploads\/2018\/11\/WhatsApp-Image-2018-11-18-at-9.55.34-PM-600x800.jpeg 600w, https:\/\/laprensacristiana.com\/wp-content\/uploads\/2018\/11\/WhatsApp-Image-2018-11-18-at-9.55.34-PM-225x300.jpeg 225w, https:\/\/laprensacristiana.com\/wp-content\/uploads\/2018\/11\/WhatsApp-Image-2018-11-18-at-9.55.34-PM-768x1024.jpeg 768w, https:\/\/laprensacristiana.com\/wp-content\/uploads\/2018\/11\/WhatsApp-Image-2018-11-18-at-9.55.34-PM-696x928.jpeg 696w, https:\/\/laprensacristiana.com\/wp-content\/uploads\/2018\/11\/WhatsApp-Image-2018-11-18-at-9.55.34-PM-315x420.jpeg 315w\" sizes=\"(max-width: 960px) 100vw, 960px\" \/><\/p>\n<p>Los j\u00f3venes son formados a trav\u00e9s de valores y c\u00f3digos con el fin de alcanzar el perfil del \u201cMuchacho total\u201d para Cristo.<\/p>\n<p>Con su distintivo uniforme salieron a desfilar teniendo como punto de partida la Iglesia Aposento Alto Metr\u00f3poli, hasta \u00a0finalizar su recorrido en el Gimnasio de Colonia Zacamil, en donde se realiz\u00f3 un acci\u00f3n de gracias por los 50 a\u00f1os.<\/p>\n<p><img decoding=\"async\" loading=\"lazy\" class=\"alignnone size-full wp-image-4758\" src=\"https:\/\/laprensacristiana.com\/wp-content\/uploads\/2018\/11\/WhatsApp-Image-2018-11-18-at-9.55.32-PM-2.jpeg\" alt=\"WhatsApp Image 2018-11-18 at 9.55.32 PM (2)\" width=\"1280\" height=\"960\" srcset=\"https:\/\/laprensacristiana.com\/wp-content\/uploads\/2018\/11\/WhatsApp-Image-2018-11-18-at-9.55.32-PM-2.jpeg 1280w, https:\/\/laprensacristiana.com\/wp-content\/uploads\/2018\/11\/WhatsApp-Image-2018-11-18-at-9.55.32-PM-2-600x450.jpeg 600w, https:\/\/laprensacristiana.com\/wp-content\/uploads\/2018\/11\/WhatsApp-Image-2018-11-18-at-9.55.32-PM-2-300x225.jpeg 300w, https:\/\/laprensacristiana.com\/wp-content\/uploads\/2018\/11\/WhatsApp-Image-2018-11-18-at-9.55.32-PM-2-768x576.jpeg 768w, https:\/\/laprensacristiana.com\/wp-content\/uploads\/2018\/11\/WhatsApp-Image-2018-11-18-at-9.55.32-PM-2-1024x768.jpeg 1024w, https:\/\/laprensacristiana.com\/wp-content\/uploads\/2018\/11\/WhatsApp-Image-2018-11-18-at-9.55.32-PM-2-80x60.jpeg 80w, https:\/\/laprensacristiana.com\/wp-content\/uploads\/2018\/11\/WhatsApp-Image-2018-11-18-at-9.55.32-PM-2-265x198.jpeg 265w, https:\/\/laprensacristiana.com\/wp-content\/uploads\/2018\/11\/WhatsApp-Image-2018-11-18-at-9.55.32-PM-2-696x522.jpeg 696w, https:\/\/laprensacristiana.com\/wp-content\/uploads\/2018\/11\/WhatsApp-Image-2018-11-18-at-9.55.32-PM-2-1068x801.jpeg 1068w, https:\/\/laprensacristiana.com\/wp-content\/uploads\/2018\/11\/WhatsApp-Image-2018-11-18-at-9.55.32-PM-2-560x420.jpeg 560w\" sizes=\"(max-width: 1280px) 100vw, 1280px\" \/><\/p>\n<p>\u201cGracias a Dios por las nuevas generaciones que reciben la Palabra de Dios por medio del ministerio de Exploradores del Rey, fue emocionante ver en desfile a ni\u00f1os y j\u00f3venes poniendo en alto a Jesucristo, Actividades as\u00ed apartan a los j\u00f3venes de los malos caminos, Dios bendiga todos los que ofrenda su tiempo y recursos para atender a nuestra juventud \u201cExpres\u00f3 el Lic. Mois\u00e9s Ram\u00edrez pastor de Iglesia Aposento Alto AD.<\/p>\n<p><img decoding=\"async\" loading=\"lazy\" class=\"alignnone size-full wp-image-4759\" src=\"https:\/\/laprensacristiana.com\/wp-content\/uploads\/2018\/11\/WhatsApp-Image-2018-11-18-at-9.55.32-PM.jpeg\" alt=\"WhatsApp Image 2018-11-18 at 9.55.32 PM\" width=\"960\" height=\"720\" srcset=\"https:\/\/laprensacristiana.com\/wp-content\/uploads\/2018\/11\/WhatsApp-Image-2018-11-18-at-9.55.32-PM.jpeg 960w, https:\/\/laprensacristiana.com\/wp-content\/uploads\/2018\/11\/WhatsApp-Image-2018-11-18-at-9.55.32-PM-600x450.jpeg 600w, https:\/\/laprensacristiana.com\/wp-content\/uploads\/2018\/11\/WhatsApp-Image-2018-11-18-at-9.55.32-PM-300x225.jpeg 300w, https:\/\/laprensacristiana.com\/wp-content\/uploads\/2018\/11\/WhatsApp-Image-2018-11-18-at-9.55.32-PM-768x576.jpeg 768w, https:\/\/laprensacristiana.com\/wp-content\/uploads\/2018\/11\/WhatsApp-Image-2018-11-18-at-9.55.32-PM-80x60.jpeg 80w, https:\/\/laprensacristiana.com\/wp-content\/uploads\/2018\/11\/WhatsApp-Image-2018-11-18-at-9.55.32-PM-265x198.jpeg 265w, https:\/\/laprensacristiana.com\/wp-content\/uploads\/2018\/11\/WhatsApp-Image-2018-11-18-at-9.55.32-PM-696x522.jpeg 696w, https:\/\/laprensacristiana.com\/wp-content\/uploads\/2018\/11\/WhatsApp-Image-2018-11-18-at-9.55.32-PM-560x420.jpeg 560w\" sizes=\"(max-width: 960px) 100vw, 960px\" \/><\/p>\n","protected":false},"excerpt":{"rendered":"<p>En conmemoraci\u00f3n de los 50 a\u00f1os del Ministerio Exploradores del Rey en El Salvador , el distrito Nor poniente \u00a0de San Salvador de las Asambleas de Dios realiz\u00f3 un desfile; ni\u00f1os, j\u00f3venes y adultos en solo sentir, proclamar el evangelio\u00a0 y agradecer por 50 a\u00f1os de liderar y llevar muchachos a los pies de Cristo. [&hellip;]<\/p>\n","protected":false},"author":3,"featured_media":4757,"comment_status":"open","ping_status":"open","sticky":false,"template":"","format":"standard","meta":[],"categories":[56],"tags":[],"yoast_head":"<!-- This site is optimized with the Yoast SEO plugin v20.8 - https:\/\/yoast.com\/wordpress\/plugins\/seo\/ -->\n<title>Exploradores del Rey Nor poniente celebra 50 a\u00f1os. - La Prensa Cristiana<\/title>\n<meta name=\"robots\" content=\"index, follow, max-snippet:-1, max-image-preview:large, max-video-preview:-1\" \/>\n<link rel=\"canonical\" href=\"https:\/\/laprensacristiana.com\/?p=4755\" \/>\n<meta property=\"og:locale\" content=\"es_ES\" \/>\n<meta property=\"og:type\" content=\"article\" \/>\n<meta property=\"og:title\" content=\"Exploradores del Rey Nor poniente celebra 50 a\u00f1os. - La Prensa Cristiana\" \/>\n<meta property=\"og:description\" content=\"En conmemoraci\u00f3n de los 50 a\u00f1os del Ministerio Exploradores del Rey en El Salvador , el distrito Nor poniente \u00a0de San Salvador de las Asambleas de Dios realiz\u00f3 un desfile; ni\u00f1os, j\u00f3venes y adultos en solo sentir, proclamar el evangelio\u00a0 y agradecer por 50 a\u00f1os de liderar y llevar muchachos a los pies de Cristo. [&hellip;]\" \/>\n<meta property=\"og:url\" content=\"https:\/\/laprensacristiana.com\/?p=4755\" \/>\n<meta property=\"og:site_name\" content=\"La Prensa Cristiana\" \/>\n<meta property=\"article:published_time\" content=\"2018-11-19T18:02:41+00:00\" \/>\n<meta property=\"article:modified_time\" content=\"2020-07-01T23:17:32+00:00\" \/>\n<meta property=\"og:image\" content=\"https:\/\/laprensacristiana.com\/wp-content\/uploads\/2018\/11\/WhatsApp-Image-2018-11-18-at-9.55.33-PM-2.jpeg\" \/>\n\t<meta property=\"og:image:width\" content=\"1280\" \/>\n\t<meta property=\"og:image:height\" content=\"960\" \/>\n\t<meta property=\"og:image:type\" content=\"image\/jpeg\" \/>\n<meta name=\"author\" content=\"EDITOR\" \/>\n<meta name=\"twitter:card\" content=\"summary_large_image\" \/>\n<meta name=\"twitter:label1\" content=\"Escrito por\" \/>\n\t<meta name=\"twitter:data1\" content=\"EDITOR\" \/>\n\t<meta name=\"twitter:label2\" content=\"Tiempo de lectura\" \/>\n\t<meta name=\"twitter:data2\" content=\"1 minuto\" \/>\n<script type=\"application\/ld+json\" class=\"yoast-schema-graph\">{\"@context\":\"https:\/\/schema.org\",\"@graph\":[{\"@type\":\"WebPage\",\"@id\":\"https:\/\/laprensacristiana.com\/?p=4755\",\"url\":\"https:\/\/laprensacristiana.com\/?p=4755\",\"name\":\"Exploradores del Rey Nor poniente celebra 50 a\u00f1os. - La Prensa Cristiana\",\"isPartOf\":{\"@id\":\"https:\/\/laprensacristiana.com\/#website\"},\"datePublished\":\"2018-11-19T18:02:41+00:00\",\"dateModified\":\"2020-07-01T23:17:32+00:00\",\"author\":{\"@id\":\"https:\/\/laprensacristiana.com\/#\/schema\/person\/3e7d82c6bfd6b1fa67010f8f7cd5256e\"},\"breadcrumb\":{\"@id\":\"https:\/\/laprensacristiana.com\/?p=4755#breadcrumb\"},\"inLanguage\":\"es\",\"potentialAction\":[{\"@type\":\"ReadAction\",\"target\":[\"https:\/\/laprensacristiana.com\/?p=4755\"]}]},{\"@type\":\"BreadcrumbList\",\"@id\":\"https:\/\/laprensacristiana.com\/?p=4755#breadcrumb\",\"itemListElement\":[{\"@type\":\"ListItem\",\"position\":1,\"name\":\"Portada\",\"item\":\"https:\/\/laprensacristiana.com\/\"},{\"@type\":\"ListItem\",\"position\":2,\"name\":\"Exploradores del Rey Nor poniente celebra 50 a\u00f1os.\"}]},{\"@type\":\"WebSite\",\"@id\":\"https:\/\/laprensacristiana.com\/#website\",\"url\":\"https:\/\/laprensacristiana.com\/\",\"name\":\"La Prensa Cristiana\",\"description\":\"Anunciando Las Buenas Nuevas\",\"potentialAction\":[{\"@type\":\"SearchAction\",\"target\":{\"@type\":\"EntryPoint\",\"urlTemplate\":\"https:\/\/laprensacristiana.com\/?s={search_term_string}\"},\"query-input\":\"required name=search_term_string\"}],\"inLanguage\":\"es\"},{\"@type\":\"Person\",\"@id\":\"https:\/\/laprensacristiana.com\/#\/schema\/person\/3e7d82c6bfd6b1fa67010f8f7cd5256e\",\"name\":\"EDITOR\",\"image\":{\"@type\":\"ImageObject\",\"inLanguage\":\"es\",\"@id\":\"https:\/\/laprensacristiana.com\/#\/schema\/person\/image\/\",\"url\":\"https:\/\/secure.gravatar.com\/avatar\/72069dfb6c13772d9e8381e3638666d2?s=96&d=mm&r=g\",\"contentUrl\":\"https:\/\/secure.gravatar.com\/avatar\/72069dfb6c13772d9e8381e3638666d2?s=96&d=mm&r=g\",\"caption\":\"EDITOR\"},\"url\":\"https:\/\/laprensacristiana.com\/?author=3\"}]}<\/script>\n<!-- \/ Yoast SEO plugin. -->","yoast_head_json":{"title":"Exploradores del Rey Nor poniente celebra 50 a\u00f1os. - La Prensa Cristiana","robots":{"index":"index","follow":"follow","max-snippet":"max-snippet:-1","max-image-preview":"max-image-preview:large","max-video-preview":"max-video-preview:-1"},"canonical":"https:\/\/laprensacristiana.com\/?p=4755","og_locale":"es_ES","og_type":"article","og_title":"Exploradores del Rey Nor poniente celebra 50 a\u00f1os. - La Prensa Cristiana","og_description":"En conmemoraci\u00f3n de los 50 a\u00f1os del Ministerio Exploradores del Rey en El Salvador , el distrito Nor poniente \u00a0de San Salvador de las Asambleas de Dios realiz\u00f3 un desfile; ni\u00f1os, j\u00f3venes y adultos en solo sentir, proclamar el evangelio\u00a0 y agradecer por 50 a\u00f1os de liderar y llevar muchachos a los pies de Cristo. [&hellip;]","og_url":"https:\/\/laprensacristiana.com\/?p=4755","og_site_name":"La Prensa Cristiana","article_published_time":"2018-11-19T18:02:41+00:00","article_modified_time":"2020-07-01T23:17:32+00:00","og_image":[{"width":1280,"height":960,"url":"https:\/\/laprensacristiana.com\/wp-content\/uploads\/2018\/11\/WhatsApp-Image-2018-11-18-at-9.55.33-PM-2.jpeg","type":"image\/jpeg"}],"author":"EDITOR","twitter_card":"summary_large_image","twitter_misc":{"Escrito por":"EDITOR","Tiempo de lectura":"1 minuto"},"schema":{"@context":"https:\/\/schema.org","@graph":[{"@type":"WebPage","@id":"https:\/\/laprensacristiana.com\/?p=4755","url":"https:\/\/laprensacristiana.com\/?p=4755","name":"Exploradores del Rey Nor poniente celebra 50 a\u00f1os. - La Prensa Cristiana","isPartOf":{"@id":"https:\/\/laprensacristiana.com\/#website"},"datePublished":"2018-11-19T18:02:41+00:00","dateModified":"2020-07-01T23:17:32+00:00","author":{"@id":"https:\/\/laprensacristiana.com\/#\/schema\/person\/3e7d82c6bfd6b1fa67010f8f7cd5256e"},"breadcrumb":{"@id":"https:\/\/laprensacristiana.com\/?p=4755#breadcrumb"},"inLanguage":"es","potentialAction":[{"@type":"ReadAction","target":["https:\/\/laprensacristiana.com\/?p=4755"]}]},{"@type":"BreadcrumbList","@id":"https:\/\/laprensacristiana.com\/?p=4755#breadcrumb","itemListElement":[{"@type":"ListItem","position":1,"name":"Portada","item":"https:\/\/laprensacristiana.com\/"},{"@type":"ListItem","position":2,"name":"Exploradores del Rey Nor poniente celebra 50 a\u00f1os."}]},{"@type":"WebSite","@id":"https:\/\/laprensacristiana.com\/#website","url":"https:\/\/laprensacristiana.com\/","name":"La Prensa Cristiana","description":"Anunciando Las Buenas Nuevas","potentialAction":[{"@type":"SearchAction","target":{"@type":"EntryPoint","urlTemplate":"https:\/\/laprensacristiana.com\/?s={search_term_string}"},"query-input":"required name=search_term_string"}],"inLanguage":"es"},{"@type":"Person","@id":"https:\/\/laprensacristiana.com\/#\/schema\/person\/3e7d82c6bfd6b1fa67010f8f7cd5256e","name":"EDITOR","image":{"@type":"ImageObject","inLanguage":"es","@id":"https:\/\/laprensacristiana.com\/#\/schema\/person\/image\/","url":"https:\/\/secure.gravatar.com\/avatar\/72069dfb6c13772d9e8381e3638666d2?s=96&d=mm&r=g","contentUrl":"https:\/\/secure.gravatar.com\/avatar\/72069dfb6c13772d9e8381e3638666d2?s=96&d=mm&r=g","caption":"EDITOR"},"url":"https:\/\/laprensacristiana.com\/?author=3"}]}},"_links":{"self":[{"href":"https:\/\/laprensacristiana.com\/index.php?rest_route=\/wp\/v2\/posts\/4755"}],"collection":[{"href":"https:\/\/laprensacristiana.com\/index.php?rest_route=\/wp\/v2\/posts"}],"about":[{"href":"https:\/\/laprensacristiana.com\/index.php?rest_route=\/wp\/v2\/types\/post"}],"author":[{"embeddable":true,"href":"https:\/\/laprensacristiana.com\/index.php?rest_route=\/wp\/v2\/users\/3"}],"replies":[{"embeddable":true,"href":"https:\/\/laprensacristiana.com\/index.php?rest_route=%2Fwp%2Fv2%2Fcomments&post=4755"}],"version-history":[{"count":1,"href":"https:\/\/laprensacristiana.com\/index.php?rest_route=\/wp\/v2\/posts\/4755\/revisions"}],"predecessor-version":[{"id":4760,"href":"https:\/\/laprensacristiana.com\/index.php?rest_route=\/wp\/v2\/posts\/4755\/revisions\/4760"}],"wp:featuredmedia":[{"embeddable":true,"href":"https:\/\/laprensacristiana.com\/index.php?rest_route=\/wp\/v2\/media\/4757"}],"wp:attachment":[{"href":"https:\/\/laprensacristiana.com\/index.php?rest_route=%2Fwp%2Fv2%2Fmedia&parent=4755"}],"wp:term":[{"taxonomy":"category","embeddable":true,"href":"https:\/\/laprensacristiana.com\/index.php?rest_route=%2Fwp%2Fv2%2Fcategories&post=4755"},{"taxonomy":"post_tag","embeddable":true,"href":"https:\/\/laprensacristiana.com\/index.php?rest_route=%2Fwp%2Fv2%2Ftags&post=4755"}],"curies":[{"name":"wp","href":"https:\/\/api.w.org\/{rel}","templated":true}]}}