{"id":4763,"date":"2018-11-20T19:55:21","date_gmt":"2018-11-20T19:55:21","guid":{"rendered":"https:\/\/laprensacristiana.com\/?p=4763"},"modified":"2020-07-01T23:14:25","modified_gmt":"2020-07-01T23:14:25","slug":"nueva-creacion-celebra-10-anos-de-ministerio","status":"publish","type":"post","link":"https:\/\/laprensacristiana.com\/?p=4763","title":{"rendered":"Nueva Creaci\u00f3n celebra 10 a\u00f1os de ministerio"},"content":{"rendered":"<p><img decoding=\"async\" loading=\"lazy\" class=\"alignnone size-full wp-image-4689\" src=\"https:\/\/laprensacristiana.com\/wp-content\/uploads\/2018\/11\/ARTE-WEB-TIENDAS-MORENA.jpg\" alt=\"\" width=\"1000\" height=\"428\" srcset=\"https:\/\/laprensacristiana.com\/wp-content\/uploads\/2018\/11\/ARTE-WEB-TIENDAS-MORENA.jpg 1000w, https:\/\/laprensacristiana.com\/wp-content\/uploads\/2018\/11\/ARTE-WEB-TIENDAS-MORENA-600x257.jpg 600w, https:\/\/laprensacristiana.com\/wp-content\/uploads\/2018\/11\/ARTE-WEB-TIENDAS-MORENA-300x128.jpg 300w, https:\/\/laprensacristiana.com\/wp-content\/uploads\/2018\/11\/ARTE-WEB-TIENDAS-MORENA-768x329.jpg 768w, https:\/\/laprensacristiana.com\/wp-content\/uploads\/2018\/11\/ARTE-WEB-TIENDAS-MORENA-696x298.jpg 696w, https:\/\/laprensacristiana.com\/wp-content\/uploads\/2018\/11\/ARTE-WEB-TIENDAS-MORENA-981x420.jpg 981w\" sizes=\"(max-width: 1000px) 100vw, 1000px\" \/><\/p>\n<p>El pasado 16 de noviembre el grupo Nueva Creaci\u00f3n celebr\u00f3 10 a\u00f1os de ministerio con un disco Edici\u00f3n Especial que recopila alabanzas de sus 2 producciones anteriores, con la participaci\u00f3n de diferentes salmistas.<\/p>\n<p>El primer Disco se llam\u00f3 \u201cFuera de lo Com\u00fan\u201d en donde se encuentran las canciones \u201cnada ser\u00eda igual\u201d , \u201cLocos por ti\u201d que est\u00e1n incluidas en la edici\u00f3n especial, del segundo disco titulado \u201cGracias Se\u00f1or\u201d \u00a0se incluyeron temas como \u201cNo me cansar\u00e9\u201d, \u00a0\u201c Tu eres Dios\u201d\u00a0 con la participaci\u00f3n de Alex Navas, \u201cEsta Canci\u00f3n\u201d que es un reggae \u00a0con la participaci\u00f3n especial de Carlos Valle vocalista de la banda LION RFC, \u201cLo que necesito\u201d acompa\u00f1ados del salmista Ricardo Quinteros y Alex P\u00e9rez.<\/p>\n<p>Esta banda est\u00e1 formada por amigos que en sus inicios tocaban en colegios, todo cambi\u00f3 cuando Pedro Reyes (voz l\u00edder y guitarra ac\u00fastica) y Leonel Lazo (bater\u00eda y coros) recibieron a Jes\u00fas en sus corazones, al principio la banda ten\u00eda como nombre \u201cTierra Santa\u201d pero este nombre ya le pertenec\u00eda a una banda de rock que no era cristiana por lo que decidieron cambiar su nombre a lo que hoy conocemos como \u201cNueva Creaci\u00f3n\u201d.<\/p>\n<p>A lo largo de estos a\u00f1os han contado con el apoyo del Pastor y Misionero Jim Mehl fundador de la Iglesia Bautista Nueva Esperanza, quien los ha instruido y discipulado \u00a0para el reino de Dios.<\/p>\n<p>\u201cNueva creaci\u00f3n representa para mi, hermanos creciendo en Cristo, trabajando para Dios con todas su fuerzas, no solo desde la tarima si no todo el tiempo, El Salvador\u00a0 es mi hogar, tengo un coraz\u00f3n salvadore\u00f1o\u00a0 pero Dios me envi\u00f3 a otro pa\u00eds por el momento, es un pa\u00eds donde el evangelio est\u00e1 creciendo y puede ser un ejemplo en el mundo\u201d\u00a0 expres\u00f3 el Pastor y Misionero Jim Mehl.<\/p>\n<p>El ministerio Nueva Creaci\u00f3n entreg\u00f3 un reconocimiento al pastor Jim Mehl por ser el pastor fundador del ministerio, por su incondicional apoyo, motivaci\u00f3n \u00a0y ser un gu\u00eda espiritual.<\/p>\n<p><img decoding=\"async\" loading=\"lazy\" class=\"alignnone size-full wp-image-4764\" src=\"https:\/\/laprensacristiana.com\/wp-content\/uploads\/2018\/11\/WhatsApp-Image-2018-11-20-at-1.48.00-PM.jpeg\" alt=\"WhatsApp Image 2018-11-20 at 1.48.00 PM\" width=\"1040\" height=\"780\" srcset=\"https:\/\/laprensacristiana.com\/wp-content\/uploads\/2018\/11\/WhatsApp-Image-2018-11-20-at-1.48.00-PM.jpeg 1040w, https:\/\/laprensacristiana.com\/wp-content\/uploads\/2018\/11\/WhatsApp-Image-2018-11-20-at-1.48.00-PM-600x450.jpeg 600w, https:\/\/laprensacristiana.com\/wp-content\/uploads\/2018\/11\/WhatsApp-Image-2018-11-20-at-1.48.00-PM-300x225.jpeg 300w, https:\/\/laprensacristiana.com\/wp-content\/uploads\/2018\/11\/WhatsApp-Image-2018-11-20-at-1.48.00-PM-768x576.jpeg 768w, https:\/\/laprensacristiana.com\/wp-content\/uploads\/2018\/11\/WhatsApp-Image-2018-11-20-at-1.48.00-PM-1024x768.jpeg 1024w, https:\/\/laprensacristiana.com\/wp-content\/uploads\/2018\/11\/WhatsApp-Image-2018-11-20-at-1.48.00-PM-80x60.jpeg 80w, https:\/\/laprensacristiana.com\/wp-content\/uploads\/2018\/11\/WhatsApp-Image-2018-11-20-at-1.48.00-PM-265x198.jpeg 265w, https:\/\/laprensacristiana.com\/wp-content\/uploads\/2018\/11\/WhatsApp-Image-2018-11-20-at-1.48.00-PM-696x522.jpeg 696w, https:\/\/laprensacristiana.com\/wp-content\/uploads\/2018\/11\/WhatsApp-Image-2018-11-20-at-1.48.00-PM-560x420.jpeg 560w\" sizes=\"(max-width: 1040px) 100vw, 1040px\" \/><\/p>\n<p>\u201cJim me ense\u00f1\u00f3 que el pastor tiene que hacerle de todo, es el que conecta el sonido, predica, eso fue lo que aprendimos de un mentor, de un discipulado, \u00a0parte del fruto y la visi\u00f3n de este grupo vino del apoyo, de tener pastores que est\u00e1n apoy\u00e1ndonos constantemente, el \u00e9xito de los ministerios es ser de bendici\u00f3n a otros, llevar el evangelio \u00a0de Jesucristo y discipular a otros\u201d\u00a0 expres\u00f3 Pedro Reyes vocalista de Nueva Creaci\u00f3n.<\/p>\n<p>\u201cEstamos agradecidos con Dios, nuestras familias, con nuestras iglesias, estamos felices porque es dif\u00edcil mantener un ministerio por 10 a\u00f1os, estamos conscientes que sin la mano de Dios no podr\u00edamos seguir y hasta el tiempo que \u00c9l diga continuaremos, le pedimos a Dios si est\u00e1 en su voluntad nos permita llegar a mas a\u00f1os, hemos tenido momentos de llanto pero igualmente de alegr\u00eda, hemos visto su mano en momentos dif\u00edciles, \u00e9l nos est\u00e1 guiando, estamos agradecidos con las personas que nos acompa\u00f1aron en acci\u00f3n de gracias el d\u00eda viernes 16, por los salmistas que apoyaron y ministerios\u201d concluyo\u00a0 Reyes.<\/p>\n","protected":false},"excerpt":{"rendered":"<p>El pasado 16 de noviembre el grupo Nueva Creaci\u00f3n celebr\u00f3 10 a\u00f1os de ministerio con un disco Edici\u00f3n Especial que recopila alabanzas de sus 2 producciones anteriores, con la participaci\u00f3n de diferentes salmistas. El primer Disco se llam\u00f3 \u201cFuera de lo Com\u00fan\u201d en donde se encuentran las canciones \u201cnada ser\u00eda igual\u201d , \u201cLocos por ti\u201d [&hellip;]<\/p>\n","protected":false},"author":3,"featured_media":4765,"comment_status":"open","ping_status":"open","sticky":false,"template":"","format":"standard","meta":[],"categories":[101],"tags":[],"yoast_head":"<!-- This site is optimized with the Yoast SEO plugin v20.8 - https:\/\/yoast.com\/wordpress\/plugins\/seo\/ -->\n<title>Nueva Creaci\u00f3n celebra 10 a\u00f1os de ministerio - La Prensa Cristiana<\/title>\n<meta name=\"robots\" content=\"index, follow, max-snippet:-1, max-image-preview:large, max-video-preview:-1\" \/>\n<link rel=\"canonical\" href=\"https:\/\/laprensacristiana.com\/?p=4763\" \/>\n<meta property=\"og:locale\" content=\"es_ES\" \/>\n<meta property=\"og:type\" content=\"article\" \/>\n<meta property=\"og:title\" content=\"Nueva Creaci\u00f3n celebra 10 a\u00f1os de ministerio - La Prensa Cristiana\" \/>\n<meta property=\"og:description\" content=\"El pasado 16 de noviembre el grupo Nueva Creaci\u00f3n celebr\u00f3 10 a\u00f1os de ministerio con un disco Edici\u00f3n Especial que recopila alabanzas de sus 2 producciones anteriores, con la participaci\u00f3n de diferentes salmistas. El primer Disco se llam\u00f3 \u201cFuera de lo Com\u00fan\u201d en donde se encuentran las canciones \u201cnada ser\u00eda igual\u201d , \u201cLocos por ti\u201d [&hellip;]\" \/>\n<meta property=\"og:url\" content=\"https:\/\/laprensacristiana.com\/?p=4763\" \/>\n<meta property=\"og:site_name\" content=\"La Prensa Cristiana\" \/>\n<meta property=\"article:published_time\" content=\"2018-11-20T19:55:21+00:00\" \/>\n<meta property=\"article:modified_time\" content=\"2020-07-01T23:14:25+00:00\" \/>\n<meta property=\"og:image\" content=\"https:\/\/laprensacristiana.com\/wp-content\/uploads\/2018\/11\/d4ce1094-9cc3-4ca3-8824-5e77d34ed863.jpg\" \/>\n\t<meta property=\"og:image:width\" content=\"1040\" \/>\n\t<meta property=\"og:image:height\" content=\"780\" \/>\n\t<meta property=\"og:image:type\" content=\"image\/jpeg\" \/>\n<meta name=\"author\" content=\"EDITOR\" \/>\n<meta name=\"twitter:card\" content=\"summary_large_image\" \/>\n<meta name=\"twitter:label1\" content=\"Escrito por\" \/>\n\t<meta name=\"twitter:data1\" content=\"EDITOR\" \/>\n\t<meta name=\"twitter:label2\" content=\"Tiempo de lectura\" \/>\n\t<meta name=\"twitter:data2\" content=\"3 minutos\" \/>\n<script type=\"application\/ld+json\" class=\"yoast-schema-graph\">{\"@context\":\"https:\/\/schema.org\",\"@graph\":[{\"@type\":\"WebPage\",\"@id\":\"https:\/\/laprensacristiana.com\/?p=4763\",\"url\":\"https:\/\/laprensacristiana.com\/?p=4763\",\"name\":\"Nueva Creaci\u00f3n celebra 10 a\u00f1os de ministerio - La Prensa Cristiana\",\"isPartOf\":{\"@id\":\"https:\/\/laprensacristiana.com\/#website\"},\"datePublished\":\"2018-11-20T19:55:21+00:00\",\"dateModified\":\"2020-07-01T23:14:25+00:00\",\"author\":{\"@id\":\"https:\/\/laprensacristiana.com\/#\/schema\/person\/3e7d82c6bfd6b1fa67010f8f7cd5256e\"},\"breadcrumb\":{\"@id\":\"https:\/\/laprensacristiana.com\/?p=4763#breadcrumb\"},\"inLanguage\":\"es\",\"potentialAction\":[{\"@type\":\"ReadAction\",\"target\":[\"https:\/\/laprensacristiana.com\/?p=4763\"]}]},{\"@type\":\"BreadcrumbList\",\"@id\":\"https:\/\/laprensacristiana.com\/?p=4763#breadcrumb\",\"itemListElement\":[{\"@type\":\"ListItem\",\"position\":1,\"name\":\"Portada\",\"item\":\"https:\/\/laprensacristiana.com\/\"},{\"@type\":\"ListItem\",\"position\":2,\"name\":\"Nueva Creaci\u00f3n celebra 10 a\u00f1os de ministerio\"}]},{\"@type\":\"WebSite\",\"@id\":\"https:\/\/laprensacristiana.com\/#website\",\"url\":\"https:\/\/laprensacristiana.com\/\",\"name\":\"La Prensa Cristiana\",\"description\":\"Anunciando Las Buenas Nuevas\",\"potentialAction\":[{\"@type\":\"SearchAction\",\"target\":{\"@type\":\"EntryPoint\",\"urlTemplate\":\"https:\/\/laprensacristiana.com\/?s={search_term_string}\"},\"query-input\":\"required name=search_term_string\"}],\"inLanguage\":\"es\"},{\"@type\":\"Person\",\"@id\":\"https:\/\/laprensacristiana.com\/#\/schema\/person\/3e7d82c6bfd6b1fa67010f8f7cd5256e\",\"name\":\"EDITOR\",\"image\":{\"@type\":\"ImageObject\",\"inLanguage\":\"es\",\"@id\":\"https:\/\/laprensacristiana.com\/#\/schema\/person\/image\/\",\"url\":\"https:\/\/secure.gravatar.com\/avatar\/72069dfb6c13772d9e8381e3638666d2?s=96&d=mm&r=g\",\"contentUrl\":\"https:\/\/secure.gravatar.com\/avatar\/72069dfb6c13772d9e8381e3638666d2?s=96&d=mm&r=g\",\"caption\":\"EDITOR\"},\"url\":\"https:\/\/laprensacristiana.com\/?author=3\"}]}<\/script>\n<!-- \/ Yoast SEO plugin. -->","yoast_head_json":{"title":"Nueva Creaci\u00f3n celebra 10 a\u00f1os de ministerio - La Prensa Cristiana","robots":{"index":"index","follow":"follow","max-snippet":"max-snippet:-1","max-image-preview":"max-image-preview:large","max-video-preview":"max-video-preview:-1"},"canonical":"https:\/\/laprensacristiana.com\/?p=4763","og_locale":"es_ES","og_type":"article","og_title":"Nueva Creaci\u00f3n celebra 10 a\u00f1os de ministerio - La Prensa Cristiana","og_description":"El pasado 16 de noviembre el grupo Nueva Creaci\u00f3n celebr\u00f3 10 a\u00f1os de ministerio con un disco Edici\u00f3n Especial que recopila alabanzas de sus 2 producciones anteriores, con la participaci\u00f3n de diferentes salmistas. El primer Disco se llam\u00f3 \u201cFuera de lo Com\u00fan\u201d en donde se encuentran las canciones \u201cnada ser\u00eda igual\u201d , \u201cLocos por ti\u201d [&hellip;]","og_url":"https:\/\/laprensacristiana.com\/?p=4763","og_site_name":"La Prensa Cristiana","article_published_time":"2018-11-20T19:55:21+00:00","article_modified_time":"2020-07-01T23:14:25+00:00","og_image":[{"width":1040,"height":780,"url":"https:\/\/laprensacristiana.com\/wp-content\/uploads\/2018\/11\/d4ce1094-9cc3-4ca3-8824-5e77d34ed863.jpg","type":"image\/jpeg"}],"author":"EDITOR","twitter_card":"summary_large_image","twitter_misc":{"Escrito por":"EDITOR","Tiempo de lectura":"3 minutos"},"schema":{"@context":"https:\/\/schema.org","@graph":[{"@type":"WebPage","@id":"https:\/\/laprensacristiana.com\/?p=4763","url":"https:\/\/laprensacristiana.com\/?p=4763","name":"Nueva Creaci\u00f3n celebra 10 a\u00f1os de ministerio - La Prensa Cristiana","isPartOf":{"@id":"https:\/\/laprensacristiana.com\/#website"},"datePublished":"2018-11-20T19:55:21+00:00","dateModified":"2020-07-01T23:14:25+00:00","author":{"@id":"https:\/\/laprensacristiana.com\/#\/schema\/person\/3e7d82c6bfd6b1fa67010f8f7cd5256e"},"breadcrumb":{"@id":"https:\/\/laprensacristiana.com\/?p=4763#breadcrumb"},"inLanguage":"es","potentialAction":[{"@type":"ReadAction","target":["https:\/\/laprensacristiana.com\/?p=4763"]}]},{"@type":"BreadcrumbList","@id":"https:\/\/laprensacristiana.com\/?p=4763#breadcrumb","itemListElement":[{"@type":"ListItem","position":1,"name":"Portada","item":"https:\/\/laprensacristiana.com\/"},{"@type":"ListItem","position":2,"name":"Nueva Creaci\u00f3n celebra 10 a\u00f1os de ministerio"}]},{"@type":"WebSite","@id":"https:\/\/laprensacristiana.com\/#website","url":"https:\/\/laprensacristiana.com\/","name":"La Prensa Cristiana","description":"Anunciando Las Buenas Nuevas","potentialAction":[{"@type":"SearchAction","target":{"@type":"EntryPoint","urlTemplate":"https:\/\/laprensacristiana.com\/?s={search_term_string}"},"query-input":"required name=search_term_string"}],"inLanguage":"es"},{"@type":"Person","@id":"https:\/\/laprensacristiana.com\/#\/schema\/person\/3e7d82c6bfd6b1fa67010f8f7cd5256e","name":"EDITOR","image":{"@type":"ImageObject","inLanguage":"es","@id":"https:\/\/laprensacristiana.com\/#\/schema\/person\/image\/","url":"https:\/\/secure.gravatar.com\/avatar\/72069dfb6c13772d9e8381e3638666d2?s=96&d=mm&r=g","contentUrl":"https:\/\/secure.gravatar.com\/avatar\/72069dfb6c13772d9e8381e3638666d2?s=96&d=mm&r=g","caption":"EDITOR"},"url":"https:\/\/laprensacristiana.com\/?author=3"}]}},"_links":{"self":[{"href":"https:\/\/laprensacristiana.com\/index.php?rest_route=\/wp\/v2\/posts\/4763"}],"collection":[{"href":"https:\/\/laprensacristiana.com\/index.php?rest_route=\/wp\/v2\/posts"}],"about":[{"href":"https:\/\/laprensacristiana.com\/index.php?rest_route=\/wp\/v2\/types\/post"}],"author":[{"embeddable":true,"href":"https:\/\/laprensacristiana.com\/index.php?rest_route=\/wp\/v2\/users\/3"}],"replies":[{"embeddable":true,"href":"https:\/\/laprensacristiana.com\/index.php?rest_route=%2Fwp%2Fv2%2Fcomments&post=4763"}],"version-history":[{"count":3,"href":"https:\/\/laprensacristiana.com\/index.php?rest_route=\/wp\/v2\/posts\/4763\/revisions"}],"predecessor-version":[{"id":4768,"href":"https:\/\/laprensacristiana.com\/index.php?rest_route=\/wp\/v2\/posts\/4763\/revisions\/4768"}],"wp:featuredmedia":[{"embeddable":true,"href":"https:\/\/laprensacristiana.com\/index.php?rest_route=\/wp\/v2\/media\/4765"}],"wp:attachment":[{"href":"https:\/\/laprensacristiana.com\/index.php?rest_route=%2Fwp%2Fv2%2Fmedia&parent=4763"}],"wp:term":[{"taxonomy":"category","embeddable":true,"href":"https:\/\/laprensacristiana.com\/index.php?rest_route=%2Fwp%2Fv2%2Fcategories&post=4763"},{"taxonomy":"post_tag","embeddable":true,"href":"https:\/\/laprensacristiana.com\/index.php?rest_route=%2Fwp%2Fv2%2Ftags&post=4763"}],"curies":[{"name":"wp","href":"https:\/\/api.w.org\/{rel}","templated":true}]}}