{"id":4769,"date":"2018-11-21T16:29:50","date_gmt":"2018-11-21T16:29:50","guid":{"rendered":"https:\/\/laprensacristiana.com\/?p=4769"},"modified":"2018-11-21T22:51:17","modified_gmt":"2018-11-21T22:51:17","slug":"esta-puede-ser-tu-historia-5","status":"publish","type":"post","link":"https:\/\/laprensacristiana.com\/?p=4769","title":{"rendered":"Esta puede ser t\u00fa historia"},"content":{"rendered":"<p><img decoding=\"async\" loading=\"lazy\" class=\"alignnone size-full wp-image-4689\" src=\"https:\/\/laprensacristiana.com\/wp-content\/uploads\/2018\/11\/ARTE-WEB-TIENDAS-MORENA.jpg\" alt=\"\" width=\"1000\" height=\"428\" srcset=\"https:\/\/laprensacristiana.com\/wp-content\/uploads\/2018\/11\/ARTE-WEB-TIENDAS-MORENA.jpg 1000w, https:\/\/laprensacristiana.com\/wp-content\/uploads\/2018\/11\/ARTE-WEB-TIENDAS-MORENA-600x257.jpg 600w, https:\/\/laprensacristiana.com\/wp-content\/uploads\/2018\/11\/ARTE-WEB-TIENDAS-MORENA-300x128.jpg 300w, https:\/\/laprensacristiana.com\/wp-content\/uploads\/2018\/11\/ARTE-WEB-TIENDAS-MORENA-768x329.jpg 768w, https:\/\/laprensacristiana.com\/wp-content\/uploads\/2018\/11\/ARTE-WEB-TIENDAS-MORENA-696x298.jpg 696w, https:\/\/laprensacristiana.com\/wp-content\/uploads\/2018\/11\/ARTE-WEB-TIENDAS-MORENA-981x420.jpg 981w\" sizes=\"(max-width: 1000px) 100vw, 1000px\" \/><\/p>\n<p>Por :\u00a0Licda. Silvia Mabel Olmedo de D\u00edaz<\/p>\n<p>Ana Cecilia (nombre ficticio) una mujer de 35 a\u00f1os llega al consultorio con un estado de crisis, llanto intenso, temblor en su cuerpo, menciona \u201cesto no puede estar pasando\u201d de manera continua; luego de un momento comienza a contar que cuando era una ni\u00f1a de seis a\u00f1os de edad, su madre tuvo que salir a trabajar fuera de la casa,\u00a0 la llevaban a la casa de sus abuelos paternos a que la cuidaran.<\/p>\n<p>Refiere que al salir su abuela al mercado, su abuelo le dec\u00eda \u201cven\u00ed mira lo que tengo\u201d, la primera vez se acerc\u00f3 alegre, esperando una agradable sorpresa, pero luego se llen\u00f3 de miedo, no sab\u00eda lo que ocurr\u00eda pero los abrazos del abuelo la asustaron, sus manos tocaban su cuerpo, ella trat\u00f3 de soltarse y no pod\u00eda, recuerda haberle dicho \u201cno abuelito no me gusta este juego, su\u00e9lteme\u201d, al final entre sus sollozos y cerca de la hora que su abuela volv\u00eda la solt\u00f3.<\/p>\n<p>\u201cA partir de ese d\u00eda, cada vez que la abuela sal\u00eda, yo quer\u00eda irme con ella, para no quedarme sola con \u00e9l, a veces lo lograba, en otras ocasiones mi abuela\u00a0 no me llevaba, por m\u00e1s que yo lloraba suplic\u00e1ndole que quer\u00eda ir\u201d.<\/p>\n<p>Menciona que muchas veces le dijo a su madre que no quer\u00eda que la cuidaran donde sus abuelos, pero de ni\u00f1a nunca les dijo nada, \u201cten\u00eda miedo de que me castigaran\u201d, la pesadilla continuo por muchos a\u00f1os, y las \u201ccaricias se hicieron m\u00e1s intensas\u201d ya no solo le tocaba el cuerpo, sus partes \u00edntimas, le tomaba la mano y la pon\u00eda sobre sus genitales, se frotaba contra ella, hasta el d\u00eda que la forz\u00f3 y tuvo relaciones \u00edntimas, no lo detuvo ni el llanto ni las suplicas que no le hiciera da\u00f1o.<\/p>\n<p>Cuenta que se enferm\u00f3, no quiso comer, no pudo dormir, ten\u00eda pesadillas, deseo morirse, algunas veces pens\u00f3 con aventarse cuando pasaba un bus, \u201cme sent\u00eda sucia, pensaba que era mala, que ten\u00eda un gran pecado\u201d.<\/p>\n<p>A sus doce a\u00f1os tuvo su primera menstruaci\u00f3n hubo alboroto en su casa, su mam\u00e1 le conto a su abuela \u201cAnita es una se\u00f1orita, ya la asust\u00f3 el viejito\u201d y fue entonces que su abuelo paro de tocarla y de tener relaciones \u00edntimas con ella.<\/p>\n<p>Se volvi\u00f3 rebelde, pasaba enojada, gritando, se iba de la casa, tuvo su primer novio a quien le cont\u00f3 lo ocurrido con su abuelo, \u00e9l le dijo que se lo contar\u00e1 a su mam\u00e1, as\u00ed lo hizo y la mam\u00e1 se enoj\u00f3 con ella \u201cpor inventar esas mentiras, para cubrir su mala conducta, ella era una loca y no iba a permitir que dijera esas cosas de su abuelito\u201d.<\/p>\n<p>Pens\u00f3 que era mejor morirse, comenz\u00f3 a cortar su piel, hacerse heridas en las piernas para que no la vieran, eso bajaba la intensidad del dolor que sent\u00eda, tuvo problemas de conducta, bajo su rendimiento en la escuela, con el paso del tiempo decidi\u00f3 \u00a0\u201colvidar, como si no hubiera pasado nada\u201d.<\/p>\n<p>Ya de adulta sufr\u00eda ataques de ansiedad, era desconfiada, no lograba tener una relaci\u00f3n de pareja, sent\u00eda mucha angustia, muchas veces se sent\u00eda tan deprimida, que deseaba no levantarse al d\u00eda siguiente, no ir a trabajar, no vivir.<\/p>\n<p>En su trabajo como maestra se acerc\u00f3 a una adolescente que observo muy distra\u00edda, como perdida y al darle la confianza, la ni\u00f1a le cont\u00f3 su historia, lo que sufr\u00eda con su padrastro, al escuchar el relato comenz\u00f3 a sentir un miedo que la paralizaba, le record\u00f3 lo que ella quer\u00eda olvidar, no sab\u00eda c\u00f3mo ayudar a esa ni\u00f1a,\u00a0 no sab\u00eda c\u00f3mo pod\u00eda ayudarse a s\u00ed misma.<\/p>\n<p>El incesto es un crimen y constituye un abuso en una relaci\u00f3n de poder, es la traici\u00f3n de la confianza lo que m\u00e1s da\u00f1a al ni\u00f1o o a la ni\u00f1a.<\/p>\n<p>Desde este abordaje, el perpetrador puede ser un padre, padrastro, madre, abuelo, doctor, sacerdote, ministro, vecino muy cercano, o amigo de la familia (Blume, 1990, Herman, 1981, Batres, Claramunt, 1987).<\/p>\n<p>En el incesto la persona adulta, que tiene m\u00e1s poder, toma ventaja sobre una ni\u00f1a o un ni\u00f1o que tiene menos poder, esa persona es generalmente alguien en quien conf\u00eda y de quien depende; la ni\u00f1a o el ni\u00f1o no tiene opci\u00f3n, no puede elegir, por lo tanto en esta circunstancia no existe el consenso y no solo es violado su cuerpo, sino tambi\u00e9n su confianza, su amor y sus l\u00edmites psicol\u00f3gicos (Buttler, 1985, Herman, 1981).<\/p>\n<p>El desarrollo cognoscitivo, emocional y la percepci\u00f3n del mundo son da\u00f1ados por la experiencia incestuosa, aspectos como v\u00ednculos, confianza, autoestima, identidad y sexualidad ser\u00e1n afectados por el crimen del incesto.<\/p>\n<p>El abuso sexual en la infancia, la violaci\u00f3n y otras agresiones sexuales dejan heridas profundas, que la v\u00edctima por s\u00ed misma no tiene la capacidad de sanar, al presentarse una vez o de manera sistem\u00e1tica en el tiempo, siempre dejara secuelas que afecten todas las \u00e1reas en la vida de quienes lo sufren.<\/p>\n<p>En El Salvador seg\u00fan las estad\u00edsticas de la Polic\u00eda Nacional Civil, se recibieron 2,060 denuncias por violencia sexual, en el per\u00edodo de enero a junio de 2018, es decir, 11 denuncias cada d\u00eda, aqu\u00ed se incluye: agresi\u00f3n sexual, estupro, violaci\u00f3n y violaci\u00f3n en menor e incapaz, este \u00faltimo el m\u00e1s denunciado, 43.44% casi la mitad del total.<\/p>\n<p>Es importante que como padre y madre creamos en las ni\u00f1as y ni\u00f1os cuando mencionan este tipo de incidentes, que trabajemos en la prevenci\u00f3n, que se ense\u00f1e a las ni\u00f1as y ni\u00f1os a cuidar su cuerpo, aprender a decir no, a romper el silencio, a fomentar la confianza y protegerlos.<\/p>\n<p>En el Centro Integral de Salud Trabajando para Cristo somos conscientes de la gravedad de esta problem\u00e1tica y\u00a0\u00a0 brindamos\u00a0 servicios especializados a trav\u00e9s del proceso de psicoterapia a personas que han sufrido este flagelo, en un ambiente seguro y de confianza, donde se realiza un abordaje con t\u00e9cnicas integrativas que ofrecen un mejor pron\u00f3stico de recuperaci\u00f3n.<\/p>\n<p><img decoding=\"async\" loading=\"lazy\" class=\"alignnone size-full wp-image-4694\" src=\"https:\/\/laprensacristiana.com\/wp-content\/uploads\/2018\/11\/CINTILLO.jpg\" alt=\"\" width=\"1000\" height=\"200\" srcset=\"https:\/\/laprensacristiana.com\/wp-content\/uploads\/2018\/11\/CINTILLO.jpg 1000w, https:\/\/laprensacristiana.com\/wp-content\/uploads\/2018\/11\/CINTILLO-600x120.jpg 600w, https:\/\/laprensacristiana.com\/wp-content\/uploads\/2018\/11\/CINTILLO-300x60.jpg 300w, https:\/\/laprensacristiana.com\/wp-content\/uploads\/2018\/11\/CINTILLO-768x154.jpg 768w, https:\/\/laprensacristiana.com\/wp-content\/uploads\/2018\/11\/CINTILLO-696x139.jpg 696w\" sizes=\"(max-width: 1000px) 100vw, 1000px\" \/><\/p>\n","protected":false},"excerpt":{"rendered":"<p>Por :\u00a0Licda. Silvia Mabel Olmedo de D\u00edaz Ana Cecilia (nombre ficticio) una mujer de 35 a\u00f1os llega al consultorio con un estado de crisis, llanto intenso, temblor en su cuerpo, menciona \u201cesto no puede estar pasando\u201d de manera continua; luego de un momento comienza a contar que cuando era una ni\u00f1a de seis a\u00f1os de [&hellip;]<\/p>\n","protected":false},"author":3,"featured_media":4770,"comment_status":"open","ping_status":"open","sticky":false,"template":"","format":"standard","meta":[],"categories":[2],"tags":[],"yoast_head":"<!-- This site is optimized with the Yoast SEO plugin v20.8 - https:\/\/yoast.com\/wordpress\/plugins\/seo\/ -->\n<title>Esta puede ser t\u00fa historia - La Prensa Cristiana<\/title>\n<meta name=\"robots\" content=\"index, follow, max-snippet:-1, max-image-preview:large, max-video-preview:-1\" \/>\n<link rel=\"canonical\" href=\"https:\/\/laprensacristiana.com\/?p=4769\" \/>\n<meta property=\"og:locale\" content=\"es_ES\" \/>\n<meta property=\"og:type\" content=\"article\" \/>\n<meta property=\"og:title\" content=\"Esta puede ser t\u00fa historia - La Prensa Cristiana\" \/>\n<meta property=\"og:description\" content=\"Por :\u00a0Licda. Silvia Mabel Olmedo de D\u00edaz Ana Cecilia (nombre ficticio) una mujer de 35 a\u00f1os llega al consultorio con un estado de crisis, llanto intenso, temblor en su cuerpo, menciona \u201cesto no puede estar pasando\u201d de manera continua; luego de un momento comienza a contar que cuando era una ni\u00f1a de seis a\u00f1os de [&hellip;]\" \/>\n<meta property=\"og:url\" content=\"https:\/\/laprensacristiana.com\/?p=4769\" \/>\n<meta property=\"og:site_name\" content=\"La Prensa Cristiana\" \/>\n<meta property=\"article:published_time\" content=\"2018-11-21T16:29:50+00:00\" \/>\n<meta property=\"article:modified_time\" content=\"2018-11-21T22:51:17+00:00\" \/>\n<meta property=\"og:image\" content=\"https:\/\/laprensacristiana.com\/wp-content\/uploads\/2018\/11\/LICDA-SILVIA-696x389-copia.jpg\" \/>\n\t<meta property=\"og:image:width\" content=\"696\" \/>\n\t<meta property=\"og:image:height\" content=\"389\" \/>\n\t<meta property=\"og:image:type\" content=\"image\/jpeg\" \/>\n<meta name=\"author\" content=\"EDITOR\" \/>\n<meta name=\"twitter:card\" content=\"summary_large_image\" \/>\n<meta name=\"twitter:label1\" content=\"Escrito por\" \/>\n\t<meta name=\"twitter:data1\" content=\"EDITOR\" \/>\n\t<meta name=\"twitter:label2\" content=\"Tiempo de lectura\" \/>\n\t<meta name=\"twitter:data2\" content=\"5 minutos\" \/>\n<script type=\"application\/ld+json\" class=\"yoast-schema-graph\">{\"@context\":\"https:\/\/schema.org\",\"@graph\":[{\"@type\":\"WebPage\",\"@id\":\"https:\/\/laprensacristiana.com\/?p=4769\",\"url\":\"https:\/\/laprensacristiana.com\/?p=4769\",\"name\":\"Esta puede ser t\u00fa historia - La Prensa Cristiana\",\"isPartOf\":{\"@id\":\"https:\/\/laprensacristiana.com\/#website\"},\"datePublished\":\"2018-11-21T16:29:50+00:00\",\"dateModified\":\"2018-11-21T22:51:17+00:00\",\"author\":{\"@id\":\"https:\/\/laprensacristiana.com\/#\/schema\/person\/3e7d82c6bfd6b1fa67010f8f7cd5256e\"},\"breadcrumb\":{\"@id\":\"https:\/\/laprensacristiana.com\/?p=4769#breadcrumb\"},\"inLanguage\":\"es\",\"potentialAction\":[{\"@type\":\"ReadAction\",\"target\":[\"https:\/\/laprensacristiana.com\/?p=4769\"]}]},{\"@type\":\"BreadcrumbList\",\"@id\":\"https:\/\/laprensacristiana.com\/?p=4769#breadcrumb\",\"itemListElement\":[{\"@type\":\"ListItem\",\"position\":1,\"name\":\"Portada\",\"item\":\"https:\/\/laprensacristiana.com\/\"},{\"@type\":\"ListItem\",\"position\":2,\"name\":\"Esta puede ser t\u00fa historia\"}]},{\"@type\":\"WebSite\",\"@id\":\"https:\/\/laprensacristiana.com\/#website\",\"url\":\"https:\/\/laprensacristiana.com\/\",\"name\":\"La Prensa Cristiana\",\"description\":\"Anunciando Las Buenas Nuevas\",\"potentialAction\":[{\"@type\":\"SearchAction\",\"target\":{\"@type\":\"EntryPoint\",\"urlTemplate\":\"https:\/\/laprensacristiana.com\/?s={search_term_string}\"},\"query-input\":\"required name=search_term_string\"}],\"inLanguage\":\"es\"},{\"@type\":\"Person\",\"@id\":\"https:\/\/laprensacristiana.com\/#\/schema\/person\/3e7d82c6bfd6b1fa67010f8f7cd5256e\",\"name\":\"EDITOR\",\"image\":{\"@type\":\"ImageObject\",\"inLanguage\":\"es\",\"@id\":\"https:\/\/laprensacristiana.com\/#\/schema\/person\/image\/\",\"url\":\"https:\/\/secure.gravatar.com\/avatar\/72069dfb6c13772d9e8381e3638666d2?s=96&d=mm&r=g\",\"contentUrl\":\"https:\/\/secure.gravatar.com\/avatar\/72069dfb6c13772d9e8381e3638666d2?s=96&d=mm&r=g\",\"caption\":\"EDITOR\"},\"url\":\"https:\/\/laprensacristiana.com\/?author=3\"}]}<\/script>\n<!-- \/ Yoast SEO plugin. -->","yoast_head_json":{"title":"Esta puede ser t\u00fa historia - La Prensa Cristiana","robots":{"index":"index","follow":"follow","max-snippet":"max-snippet:-1","max-image-preview":"max-image-preview:large","max-video-preview":"max-video-preview:-1"},"canonical":"https:\/\/laprensacristiana.com\/?p=4769","og_locale":"es_ES","og_type":"article","og_title":"Esta puede ser t\u00fa historia - La Prensa Cristiana","og_description":"Por :\u00a0Licda. Silvia Mabel Olmedo de D\u00edaz Ana Cecilia (nombre ficticio) una mujer de 35 a\u00f1os llega al consultorio con un estado de crisis, llanto intenso, temblor en su cuerpo, menciona \u201cesto no puede estar pasando\u201d de manera continua; luego de un momento comienza a contar que cuando era una ni\u00f1a de seis a\u00f1os de [&hellip;]","og_url":"https:\/\/laprensacristiana.com\/?p=4769","og_site_name":"La Prensa Cristiana","article_published_time":"2018-11-21T16:29:50+00:00","article_modified_time":"2018-11-21T22:51:17+00:00","og_image":[{"width":696,"height":389,"url":"https:\/\/laprensacristiana.com\/wp-content\/uploads\/2018\/11\/LICDA-SILVIA-696x389-copia.jpg","type":"image\/jpeg"}],"author":"EDITOR","twitter_card":"summary_large_image","twitter_misc":{"Escrito por":"EDITOR","Tiempo de lectura":"5 minutos"},"schema":{"@context":"https:\/\/schema.org","@graph":[{"@type":"WebPage","@id":"https:\/\/laprensacristiana.com\/?p=4769","url":"https:\/\/laprensacristiana.com\/?p=4769","name":"Esta puede ser t\u00fa historia - La Prensa Cristiana","isPartOf":{"@id":"https:\/\/laprensacristiana.com\/#website"},"datePublished":"2018-11-21T16:29:50+00:00","dateModified":"2018-11-21T22:51:17+00:00","author":{"@id":"https:\/\/laprensacristiana.com\/#\/schema\/person\/3e7d82c6bfd6b1fa67010f8f7cd5256e"},"breadcrumb":{"@id":"https:\/\/laprensacristiana.com\/?p=4769#breadcrumb"},"inLanguage":"es","potentialAction":[{"@type":"ReadAction","target":["https:\/\/laprensacristiana.com\/?p=4769"]}]},{"@type":"BreadcrumbList","@id":"https:\/\/laprensacristiana.com\/?p=4769#breadcrumb","itemListElement":[{"@type":"ListItem","position":1,"name":"Portada","item":"https:\/\/laprensacristiana.com\/"},{"@type":"ListItem","position":2,"name":"Esta puede ser t\u00fa historia"}]},{"@type":"WebSite","@id":"https:\/\/laprensacristiana.com\/#website","url":"https:\/\/laprensacristiana.com\/","name":"La Prensa Cristiana","description":"Anunciando Las Buenas Nuevas","potentialAction":[{"@type":"SearchAction","target":{"@type":"EntryPoint","urlTemplate":"https:\/\/laprensacristiana.com\/?s={search_term_string}"},"query-input":"required name=search_term_string"}],"inLanguage":"es"},{"@type":"Person","@id":"https:\/\/laprensacristiana.com\/#\/schema\/person\/3e7d82c6bfd6b1fa67010f8f7cd5256e","name":"EDITOR","image":{"@type":"ImageObject","inLanguage":"es","@id":"https:\/\/laprensacristiana.com\/#\/schema\/person\/image\/","url":"https:\/\/secure.gravatar.com\/avatar\/72069dfb6c13772d9e8381e3638666d2?s=96&d=mm&r=g","contentUrl":"https:\/\/secure.gravatar.com\/avatar\/72069dfb6c13772d9e8381e3638666d2?s=96&d=mm&r=g","caption":"EDITOR"},"url":"https:\/\/laprensacristiana.com\/?author=3"}]}},"_links":{"self":[{"href":"https:\/\/laprensacristiana.com\/index.php?rest_route=\/wp\/v2\/posts\/4769"}],"collection":[{"href":"https:\/\/laprensacristiana.com\/index.php?rest_route=\/wp\/v2\/posts"}],"about":[{"href":"https:\/\/laprensacristiana.com\/index.php?rest_route=\/wp\/v2\/types\/post"}],"author":[{"embeddable":true,"href":"https:\/\/laprensacristiana.com\/index.php?rest_route=\/wp\/v2\/users\/3"}],"replies":[{"embeddable":true,"href":"https:\/\/laprensacristiana.com\/index.php?rest_route=%2Fwp%2Fv2%2Fcomments&post=4769"}],"version-history":[{"count":4,"href":"https:\/\/laprensacristiana.com\/index.php?rest_route=\/wp\/v2\/posts\/4769\/revisions"}],"predecessor-version":[{"id":4778,"href":"https:\/\/laprensacristiana.com\/index.php?rest_route=\/wp\/v2\/posts\/4769\/revisions\/4778"}],"wp:featuredmedia":[{"embeddable":true,"href":"https:\/\/laprensacristiana.com\/index.php?rest_route=\/wp\/v2\/media\/4770"}],"wp:attachment":[{"href":"https:\/\/laprensacristiana.com\/index.php?rest_route=%2Fwp%2Fv2%2Fmedia&parent=4769"}],"wp:term":[{"taxonomy":"category","embeddable":true,"href":"https:\/\/laprensacristiana.com\/index.php?rest_route=%2Fwp%2Fv2%2Fcategories&post=4769"},{"taxonomy":"post_tag","embeddable":true,"href":"https:\/\/laprensacristiana.com\/index.php?rest_route=%2Fwp%2Fv2%2Ftags&post=4769"}],"curies":[{"name":"wp","href":"https:\/\/api.w.org\/{rel}","templated":true}]}}