{"id":4779,"date":"2018-11-21T23:46:46","date_gmt":"2018-11-21T23:46:46","guid":{"rendered":"https:\/\/laprensacristiana.com\/?p=4779"},"modified":"2020-07-01T23:13:09","modified_gmt":"2020-07-01T23:13:09","slug":"nombran-a-dante-gebel-ciudadano-ilustre","status":"publish","type":"post","link":"https:\/\/laprensacristiana.com\/?p=4779","title":{"rendered":"Nombran a Dante Gebel \u201cCiudadano Ilustre\u201d"},"content":{"rendered":"<p>El reconocido conferencista, conductor, escritor, Pastor de los j\u00f3venes y actualmente Pastor de RIVER CHURCH en Anaheim, California Dante Gebel esta tarde a trav\u00e9s de su cuenta oficial de Facebook \u00a0inform\u00f3 sobre un nombramiento importante, el alcalde de San Mart\u00edn en Argentina le hizo la atenta invitaci\u00f3n para ser nombrado \u201cCiudadano Ilustre\u201d, el evento se llevar\u00e1 a cabo en el LUNA PARK \u00a0un tradicional estadio en la ciudad de Buenos Aires, Argentina.<\/p>\n<p>La premiaci\u00f3n ser\u00e1 en el mes de diciembre, Dante volver\u00e1 a su barrio (Billinghurst) el que lo vi\u00f3 crecer, el lugar donde corri\u00f3, jug\u00f3 a la pelota, a las escondidas, sin duda un lugar que le trae muchos recuerdos y nostalgia, el pastor con su caracter\u00edstico humor record\u00f3 an\u00e9cdotas de su infancia y las comparti\u00f3 con todos sus seguidores.<\/p>\n<p>Artistas como Gustavo Cerati, el escritor Ernesto Sabato, Carlos Bala entre otras personalidades fueron \u00a0galardonados con este nombramiento.<\/p>\n<figure id=\"attachment_4780\" aria-describedby=\"caption-attachment-4780\" style=\"width: 715px\" class=\"wp-caption alignnone\"><img decoding=\"async\" loading=\"lazy\" class=\"size-full wp-image-4780\" src=\"https:\/\/laprensacristiana.com\/wp-content\/uploads\/2018\/11\/46491592_10156519424720236_748948090609729536_n.jpg\" alt=\"Casa de infancia de Dante Gebel \" width=\"715\" height=\"960\" srcset=\"https:\/\/laprensacristiana.com\/wp-content\/uploads\/2018\/11\/46491592_10156519424720236_748948090609729536_n.jpg 715w, https:\/\/laprensacristiana.com\/wp-content\/uploads\/2018\/11\/46491592_10156519424720236_748948090609729536_n-600x806.jpg 600w, https:\/\/laprensacristiana.com\/wp-content\/uploads\/2018\/11\/46491592_10156519424720236_748948090609729536_n-223x300.jpg 223w, https:\/\/laprensacristiana.com\/wp-content\/uploads\/2018\/11\/46491592_10156519424720236_748948090609729536_n-696x934.jpg 696w, https:\/\/laprensacristiana.com\/wp-content\/uploads\/2018\/11\/46491592_10156519424720236_748948090609729536_n-313x420.jpg 313w\" sizes=\"(max-width: 715px) 100vw, 715px\" \/><figcaption id=\"caption-attachment-4780\" class=\"wp-caption-text\">Casa de infancia de Dante Gebel<\/figcaption><\/figure>\n<p style=\"text-align: center;\"><strong>***<\/strong><\/p>\n<p>LAS VUELTAS DE LA VIDA:<\/p>\n<p>(EL CIUDADANO ILUSTRE)<\/p>\n<p>Esta es la casa en la que pas\u00e9 mis primeros 20 a\u00f1os de vida, aqu\u00ed nac\u00ed, en Billinghurst, Buenos Aires.<\/p>\n<p>En ese barrio jugu\u00e9 a la pelota y al carnaval en la calle con bombitas de agua. Jugaba a las escondidas cada verano hasta que la vieja me llamaba a comer, me vol\u00e9 un diente andando en bicicleta, adopt\u00e9 algunos perros callejeros y tuve mis primeros e inolvidables amigos.<\/p>\n<p>En las Fiestas de fin de a\u00f1o se cortaba la calle y todos sal\u00edamos a bailar o a sentarnos en la vereda hasta la madrugada.<\/p>\n<p>Los s\u00e1bados lluviosos ve\u00eda con mi viejo pel\u00edculas en blanco y negro en Teleonce, \u00abS\u00e1bados de s\u00faper acci\u00f3n\u00bb. Si Dios era bueno, daban una de Jerry Lewis o Laurel y Hardy. (No hab\u00eda internet, ni Tablet, ni celulares).<\/p>\n<p>Conoc\u00eda a todos los vecinos de la manzana.<\/p>\n<p>All\u00ed ped\u00eda fiado en el almac\u00e9n y coleccionaba las figuritas de \u00abTitanes en el ring\u00bb y \u00abLa pantera Rosa\u00bb, que vend\u00eda la kiosquera de la vuelta.<\/p>\n<p>Tambi\u00e9n me asaltaron en alguna esquina y me robaron hasta las zapatillas; a la semana los mismos cacos me devolvieron los documentos; c\u00f3digo de delincuentes de barrio de aquel entonces, jaja.<\/p>\n<p style=\"text-align: center;\"><strong>***<\/strong><\/p>\n<p>\u00a0\u201cQu\u00e9 lindo halago, me emociona.\u00a0 Pensar que camin\u00e9 toda mi infancia por esas calles y jam\u00e1s pens\u00e9 que el Se\u00f1or me sorprender\u00eda con esto.\u00a0 Otro mimo de mi Dios, absolutamente inmerecido\u201d concluy\u00f3 Dante.<br \/>\n<script type=\"text\/javascript\" src=\"http:\/\/7298805.collect.igodigital.com\/collect.js\"><\/script><br \/>\n<script type=\"text\/javascript\">\n_etmc.push([\"setOrgId\", \"7298805\"]);\n_etmc.push([\"setUserInfo\", {\n\"email\" : %%email%%,\n\"details\" : {\n\"first_name\" : %%first_name%%,\n}\n}]);\n_etmc.push([\"trackPageView\"]);\n<\/script><\/p>\n","protected":false},"excerpt":{"rendered":"<p>El reconocido conferencista, conductor, escritor, Pastor de los j\u00f3venes y actualmente Pastor de RIVER CHURCH en Anaheim, California Dante Gebel esta tarde a trav\u00e9s de su cuenta oficial de Facebook \u00a0inform\u00f3 sobre un nombramiento importante, el alcalde de San Mart\u00edn en Argentina le hizo la atenta invitaci\u00f3n para ser nombrado \u201cCiudadano Ilustre\u201d, el evento se [&hellip;]<\/p>\n","protected":false},"author":3,"featured_media":4781,"comment_status":"open","ping_status":"open","sticky":false,"template":"","format":"standard","meta":[],"categories":[56],"tags":[],"yoast_head":"<!-- This site is optimized with the Yoast SEO plugin v20.8 - https:\/\/yoast.com\/wordpress\/plugins\/seo\/ -->\n<title>Nombran a Dante Gebel \u201cCiudadano Ilustre\u201d - La Prensa Cristiana<\/title>\n<meta name=\"robots\" content=\"index, follow, max-snippet:-1, max-image-preview:large, max-video-preview:-1\" \/>\n<link rel=\"canonical\" href=\"https:\/\/laprensacristiana.com\/?p=4779\" \/>\n<meta property=\"og:locale\" content=\"es_ES\" \/>\n<meta property=\"og:type\" content=\"article\" \/>\n<meta property=\"og:title\" content=\"Nombran a Dante Gebel \u201cCiudadano Ilustre\u201d - La Prensa Cristiana\" \/>\n<meta property=\"og:description\" content=\"El reconocido conferencista, conductor, escritor, Pastor de los j\u00f3venes y actualmente Pastor de RIVER CHURCH en Anaheim, California Dante Gebel esta tarde a trav\u00e9s de su cuenta oficial de Facebook \u00a0inform\u00f3 sobre un nombramiento importante, el alcalde de San Mart\u00edn en Argentina le hizo la atenta invitaci\u00f3n para ser nombrado \u201cCiudadano Ilustre\u201d, el evento se [&hellip;]\" \/>\n<meta property=\"og:url\" content=\"https:\/\/laprensacristiana.com\/?p=4779\" \/>\n<meta property=\"og:site_name\" content=\"La Prensa Cristiana\" \/>\n<meta property=\"article:published_time\" content=\"2018-11-21T23:46:46+00:00\" \/>\n<meta property=\"article:modified_time\" content=\"2020-07-01T23:13:09+00:00\" \/>\n<meta property=\"og:image\" content=\"https:\/\/laprensacristiana.com\/wp-content\/uploads\/2018\/11\/46505750_10156516484585236_8390742353932976128_n.jpg\" \/>\n\t<meta property=\"og:image:width\" content=\"960\" \/>\n\t<meta property=\"og:image:height\" content=\"640\" \/>\n\t<meta property=\"og:image:type\" content=\"image\/jpeg\" \/>\n<meta name=\"author\" content=\"EDITOR\" \/>\n<meta name=\"twitter:card\" content=\"summary_large_image\" \/>\n<meta name=\"twitter:label1\" content=\"Escrito por\" \/>\n\t<meta name=\"twitter:data1\" content=\"EDITOR\" \/>\n\t<meta name=\"twitter:label2\" content=\"Tiempo de lectura\" \/>\n\t<meta name=\"twitter:data2\" content=\"2 minutos\" \/>\n<script type=\"application\/ld+json\" class=\"yoast-schema-graph\">{\"@context\":\"https:\/\/schema.org\",\"@graph\":[{\"@type\":\"WebPage\",\"@id\":\"https:\/\/laprensacristiana.com\/?p=4779\",\"url\":\"https:\/\/laprensacristiana.com\/?p=4779\",\"name\":\"Nombran a Dante Gebel \u201cCiudadano Ilustre\u201d - La Prensa Cristiana\",\"isPartOf\":{\"@id\":\"https:\/\/laprensacristiana.com\/#website\"},\"datePublished\":\"2018-11-21T23:46:46+00:00\",\"dateModified\":\"2020-07-01T23:13:09+00:00\",\"author\":{\"@id\":\"https:\/\/laprensacristiana.com\/#\/schema\/person\/3e7d82c6bfd6b1fa67010f8f7cd5256e\"},\"breadcrumb\":{\"@id\":\"https:\/\/laprensacristiana.com\/?p=4779#breadcrumb\"},\"inLanguage\":\"es\",\"potentialAction\":[{\"@type\":\"ReadAction\",\"target\":[\"https:\/\/laprensacristiana.com\/?p=4779\"]}]},{\"@type\":\"BreadcrumbList\",\"@id\":\"https:\/\/laprensacristiana.com\/?p=4779#breadcrumb\",\"itemListElement\":[{\"@type\":\"ListItem\",\"position\":1,\"name\":\"Portada\",\"item\":\"https:\/\/laprensacristiana.com\/\"},{\"@type\":\"ListItem\",\"position\":2,\"name\":\"Nombran a Dante Gebel \u201cCiudadano Ilustre\u201d\"}]},{\"@type\":\"WebSite\",\"@id\":\"https:\/\/laprensacristiana.com\/#website\",\"url\":\"https:\/\/laprensacristiana.com\/\",\"name\":\"La Prensa Cristiana\",\"description\":\"Anunciando Las Buenas Nuevas\",\"potentialAction\":[{\"@type\":\"SearchAction\",\"target\":{\"@type\":\"EntryPoint\",\"urlTemplate\":\"https:\/\/laprensacristiana.com\/?s={search_term_string}\"},\"query-input\":\"required name=search_term_string\"}],\"inLanguage\":\"es\"},{\"@type\":\"Person\",\"@id\":\"https:\/\/laprensacristiana.com\/#\/schema\/person\/3e7d82c6bfd6b1fa67010f8f7cd5256e\",\"name\":\"EDITOR\",\"image\":{\"@type\":\"ImageObject\",\"inLanguage\":\"es\",\"@id\":\"https:\/\/laprensacristiana.com\/#\/schema\/person\/image\/\",\"url\":\"https:\/\/secure.gravatar.com\/avatar\/72069dfb6c13772d9e8381e3638666d2?s=96&d=mm&r=g\",\"contentUrl\":\"https:\/\/secure.gravatar.com\/avatar\/72069dfb6c13772d9e8381e3638666d2?s=96&d=mm&r=g\",\"caption\":\"EDITOR\"},\"url\":\"https:\/\/laprensacristiana.com\/?author=3\"}]}<\/script>\n<!-- \/ Yoast SEO plugin. -->","yoast_head_json":{"title":"Nombran a Dante Gebel \u201cCiudadano Ilustre\u201d - La Prensa Cristiana","robots":{"index":"index","follow":"follow","max-snippet":"max-snippet:-1","max-image-preview":"max-image-preview:large","max-video-preview":"max-video-preview:-1"},"canonical":"https:\/\/laprensacristiana.com\/?p=4779","og_locale":"es_ES","og_type":"article","og_title":"Nombran a Dante Gebel \u201cCiudadano Ilustre\u201d - La Prensa Cristiana","og_description":"El reconocido conferencista, conductor, escritor, Pastor de los j\u00f3venes y actualmente Pastor de RIVER CHURCH en Anaheim, California Dante Gebel esta tarde a trav\u00e9s de su cuenta oficial de Facebook \u00a0inform\u00f3 sobre un nombramiento importante, el alcalde de San Mart\u00edn en Argentina le hizo la atenta invitaci\u00f3n para ser nombrado \u201cCiudadano Ilustre\u201d, el evento se [&hellip;]","og_url":"https:\/\/laprensacristiana.com\/?p=4779","og_site_name":"La Prensa Cristiana","article_published_time":"2018-11-21T23:46:46+00:00","article_modified_time":"2020-07-01T23:13:09+00:00","og_image":[{"width":960,"height":640,"url":"https:\/\/laprensacristiana.com\/wp-content\/uploads\/2018\/11\/46505750_10156516484585236_8390742353932976128_n.jpg","type":"image\/jpeg"}],"author":"EDITOR","twitter_card":"summary_large_image","twitter_misc":{"Escrito por":"EDITOR","Tiempo de lectura":"2 minutos"},"schema":{"@context":"https:\/\/schema.org","@graph":[{"@type":"WebPage","@id":"https:\/\/laprensacristiana.com\/?p=4779","url":"https:\/\/laprensacristiana.com\/?p=4779","name":"Nombran a Dante Gebel \u201cCiudadano Ilustre\u201d - La Prensa Cristiana","isPartOf":{"@id":"https:\/\/laprensacristiana.com\/#website"},"datePublished":"2018-11-21T23:46:46+00:00","dateModified":"2020-07-01T23:13:09+00:00","author":{"@id":"https:\/\/laprensacristiana.com\/#\/schema\/person\/3e7d82c6bfd6b1fa67010f8f7cd5256e"},"breadcrumb":{"@id":"https:\/\/laprensacristiana.com\/?p=4779#breadcrumb"},"inLanguage":"es","potentialAction":[{"@type":"ReadAction","target":["https:\/\/laprensacristiana.com\/?p=4779"]}]},{"@type":"BreadcrumbList","@id":"https:\/\/laprensacristiana.com\/?p=4779#breadcrumb","itemListElement":[{"@type":"ListItem","position":1,"name":"Portada","item":"https:\/\/laprensacristiana.com\/"},{"@type":"ListItem","position":2,"name":"Nombran a Dante Gebel \u201cCiudadano Ilustre\u201d"}]},{"@type":"WebSite","@id":"https:\/\/laprensacristiana.com\/#website","url":"https:\/\/laprensacristiana.com\/","name":"La Prensa Cristiana","description":"Anunciando Las Buenas Nuevas","potentialAction":[{"@type":"SearchAction","target":{"@type":"EntryPoint","urlTemplate":"https:\/\/laprensacristiana.com\/?s={search_term_string}"},"query-input":"required name=search_term_string"}],"inLanguage":"es"},{"@type":"Person","@id":"https:\/\/laprensacristiana.com\/#\/schema\/person\/3e7d82c6bfd6b1fa67010f8f7cd5256e","name":"EDITOR","image":{"@type":"ImageObject","inLanguage":"es","@id":"https:\/\/laprensacristiana.com\/#\/schema\/person\/image\/","url":"https:\/\/secure.gravatar.com\/avatar\/72069dfb6c13772d9e8381e3638666d2?s=96&d=mm&r=g","contentUrl":"https:\/\/secure.gravatar.com\/avatar\/72069dfb6c13772d9e8381e3638666d2?s=96&d=mm&r=g","caption":"EDITOR"},"url":"https:\/\/laprensacristiana.com\/?author=3"}]}},"_links":{"self":[{"href":"https:\/\/laprensacristiana.com\/index.php?rest_route=\/wp\/v2\/posts\/4779"}],"collection":[{"href":"https:\/\/laprensacristiana.com\/index.php?rest_route=\/wp\/v2\/posts"}],"about":[{"href":"https:\/\/laprensacristiana.com\/index.php?rest_route=\/wp\/v2\/types\/post"}],"author":[{"embeddable":true,"href":"https:\/\/laprensacristiana.com\/index.php?rest_route=\/wp\/v2\/users\/3"}],"replies":[{"embeddable":true,"href":"https:\/\/laprensacristiana.com\/index.php?rest_route=%2Fwp%2Fv2%2Fcomments&post=4779"}],"version-history":[{"count":2,"href":"https:\/\/laprensacristiana.com\/index.php?rest_route=\/wp\/v2\/posts\/4779\/revisions"}],"predecessor-version":[{"id":5180,"href":"https:\/\/laprensacristiana.com\/index.php?rest_route=\/wp\/v2\/posts\/4779\/revisions\/5180"}],"wp:featuredmedia":[{"embeddable":true,"href":"https:\/\/laprensacristiana.com\/index.php?rest_route=\/wp\/v2\/media\/4781"}],"wp:attachment":[{"href":"https:\/\/laprensacristiana.com\/index.php?rest_route=%2Fwp%2Fv2%2Fmedia&parent=4779"}],"wp:term":[{"taxonomy":"category","embeddable":true,"href":"https:\/\/laprensacristiana.com\/index.php?rest_route=%2Fwp%2Fv2%2Fcategories&post=4779"},{"taxonomy":"post_tag","embeddable":true,"href":"https:\/\/laprensacristiana.com\/index.php?rest_route=%2Fwp%2Fv2%2Ftags&post=4779"}],"curies":[{"name":"wp","href":"https:\/\/api.w.org\/{rel}","templated":true}]}}