{"id":4789,"date":"2018-11-23T20:15:00","date_gmt":"2018-11-23T20:15:00","guid":{"rendered":"https:\/\/laprensacristiana.com\/?p=4789"},"modified":"2020-07-01T22:59:39","modified_gmt":"2020-07-01T22:59:39","slug":"instituciones-realizan-evento-de-oracion-por-el-salvador","status":"publish","type":"post","link":"https:\/\/laprensacristiana.com\/?p=4789","title":{"rendered":"Instituciones realizan evento de oraci\u00f3n por El Salvador"},"content":{"rendered":"<p><img decoding=\"async\" loading=\"lazy\" class=\"alignnone size-full wp-image-4689\" src=\"https:\/\/laprensacristiana.com\/wp-content\/uploads\/2018\/11\/ARTE-WEB-TIENDAS-MORENA.jpg\" alt=\"\" width=\"1000\" height=\"428\" srcset=\"https:\/\/laprensacristiana.com\/wp-content\/uploads\/2018\/11\/ARTE-WEB-TIENDAS-MORENA.jpg 1000w, https:\/\/laprensacristiana.com\/wp-content\/uploads\/2018\/11\/ARTE-WEB-TIENDAS-MORENA-600x257.jpg 600w, https:\/\/laprensacristiana.com\/wp-content\/uploads\/2018\/11\/ARTE-WEB-TIENDAS-MORENA-300x128.jpg 300w, https:\/\/laprensacristiana.com\/wp-content\/uploads\/2018\/11\/ARTE-WEB-TIENDAS-MORENA-768x329.jpg 768w, https:\/\/laprensacristiana.com\/wp-content\/uploads\/2018\/11\/ARTE-WEB-TIENDAS-MORENA-696x298.jpg 696w, https:\/\/laprensacristiana.com\/wp-content\/uploads\/2018\/11\/ARTE-WEB-TIENDAS-MORENA-981x420.jpg 981w\" sizes=\"(max-width: 1000px) 100vw, 1000px\" \/><\/p>\n<p style=\"text-align: justify;\">Cada 23 de noviembre la Iglesia Evang\u00e9lica conmemora el \u201cD\u00eda Nacional de La Oraci\u00f3n\u201d, un decreto legislativo en El Salvador aprobado desde el a\u00f1o 2003.<\/p>\n<p style=\"text-align: justify;\">Esta ma\u00f1ana la Universidad Evang\u00e9lica De El Salvador junto a la asociaci\u00f3n de pastores Alianza Evang\u00e9lica De El Salvador uni\u00f3 esfuerzos para celebrar esta fecha tan importante elevando un clamor por la naci\u00f3n.<\/p>\n<p style=\"text-align: justify;\">Al acto se hicieron presentes diferentes pastores, directivos de Alianza Evang\u00e9lica y autoridades de la UEES, Pedro Reyes (vocalista de Nueva Creaci\u00f3n) fue el cantante invitado, las oraciones estuvieron a cargo del Pastor Carlos Navas de Iglesia del Camino, Jos\u00e9 Luis Ram\u00edrez del Tabern\u00e1culo B\u00edblico Bautista Amigos de Israel,\u00a0 Ilsa de Ramos de Madres Unidas para Orar entre otros.<\/p>\n<p><img decoding=\"async\" loading=\"lazy\" class=\"alignnone size-full wp-image-4791\" src=\"https:\/\/laprensacristiana.com\/wp-content\/uploads\/2018\/11\/WhatsApp-Image-2018-11-23-at-10.02.46-AM.jpeg\" alt=\"WhatsApp Image 2018-11-23 at 10.02.46 AM\" width=\"1040\" height=\"780\" srcset=\"https:\/\/laprensacristiana.com\/wp-content\/uploads\/2018\/11\/WhatsApp-Image-2018-11-23-at-10.02.46-AM.jpeg 1040w, https:\/\/laprensacristiana.com\/wp-content\/uploads\/2018\/11\/WhatsApp-Image-2018-11-23-at-10.02.46-AM-600x450.jpeg 600w, https:\/\/laprensacristiana.com\/wp-content\/uploads\/2018\/11\/WhatsApp-Image-2018-11-23-at-10.02.46-AM-300x225.jpeg 300w, https:\/\/laprensacristiana.com\/wp-content\/uploads\/2018\/11\/WhatsApp-Image-2018-11-23-at-10.02.46-AM-768x576.jpeg 768w, https:\/\/laprensacristiana.com\/wp-content\/uploads\/2018\/11\/WhatsApp-Image-2018-11-23-at-10.02.46-AM-1024x768.jpeg 1024w, https:\/\/laprensacristiana.com\/wp-content\/uploads\/2018\/11\/WhatsApp-Image-2018-11-23-at-10.02.46-AM-80x60.jpeg 80w, https:\/\/laprensacristiana.com\/wp-content\/uploads\/2018\/11\/WhatsApp-Image-2018-11-23-at-10.02.46-AM-265x198.jpeg 265w, https:\/\/laprensacristiana.com\/wp-content\/uploads\/2018\/11\/WhatsApp-Image-2018-11-23-at-10.02.46-AM-696x522.jpeg 696w, https:\/\/laprensacristiana.com\/wp-content\/uploads\/2018\/11\/WhatsApp-Image-2018-11-23-at-10.02.46-AM-560x420.jpeg 560w\" sizes=\"(max-width: 1040px) 100vw, 1040px\" \/><\/p>\n<p style=\"text-align: justify;\">Se or\u00f3 por las autoridades vigentes en el pa\u00eds y por las venideras, por mejoras en el sistema de salud, por\u00a0 la econom\u00eda del pa\u00eds, para que se pueda compartir el evangelio en las escuelas, colegios y universidades, para que no se apruebe la ley del matrimonio entre personas del mismo sexo.<\/p>\n<p style=\"text-align: justify;\">Agradecieron por la no aprobaci\u00f3n de la ley del aborto, clamaron por la continuidad de la libertad religiosa, pidieron por el cese a la violencia, asesinatos y feminicidios, por protecci\u00f3n ante desastres naturales estas y muchas oraciones m\u00e1s fueron elevadas por todos los presentes.<\/p>\n<p style=\"text-align: justify;\">Tambi\u00e9n hubieron 30 peticiones en espec\u00edfico por las iglesias en el pa\u00eds, algunas de ellas fueron: que la iglesia glorifique a Dios por medio de un testimonio de fe y pureza, que pueda ser un ente influyente en la moral de El Salvador, que la iglesia responda a los pobres y necesitados.<\/p>\n<p style=\"text-align: justify;\">\u201cNosotros creemos que como sociedad hay mucha necesidad a nuestro alrededor, cada d\u00eda que pasa surge alg\u00fan tema delicado que tratar como sociedad, pero que interesante que podamos recordar que nosotros tenemos la respuesta\u00a0 en nuestro Dios, que mejor que invitar a Dios a ser parte de la soluci\u00f3n y reconocer que nosotros no podemos, necesitamos la intervenci\u00f3n de Dios en cada sector de nuestro pa\u00eds, lo que nos motiv\u00f3 a ser parte de este movimiento de oraci\u00f3n es poder decirle Se\u00f1or aqu\u00ed estamos como tu iglesia \u00fasanos, pero se tu quien nos dirija\u201d expres\u00f3 el Lic. Cesar Mel\u00e9ndez Capell\u00e1n Universidad Evang\u00e9lica de El Salvador.<\/p>\n<p style=\"text-align: justify;\">\u201cNosotros como instituci\u00f3n queremos transmitir que diariamente\u00a0 desarrollamos un estilo de vida y un testimonio, para nosotros el D\u00eda Nacional de La Oraci\u00f3n es una extensi\u00f3n de lo que hacemos diariamente, quisi\u00e9ramos llamar a la unidad, la iglesia cuenta con muchas herramientas, trabajan en centros penales, tienen trabajo con los indigentes, la iglesia est\u00e1 haciendo much\u00edsimo, pero ser\u00eda interesante que junt\u00e1ramos todas las herramientas y recursos que Dios nos ha dado para ser m\u00e1s fuertes. Unidos somos m\u00e1s fuertes.\u201d Concluy\u00f3 el capell\u00e1n Mel\u00e9ndez.<\/p>\n<p style=\"text-align: justify;\">Preguntamos al Pastor Mauricio Castell\u00f3n actual presidente de Alianza Evang\u00e9lica de El Salvador \u00bfQu\u00e9 les motivo a hacer un evento p\u00fablico para orar?<\/p>\n<p style=\"text-align: justify;\">\u201cLa oraci\u00f3n transforma el coraz\u00f3n del hombre que\u00a0 llega en intimidad con Dios, nuestro pa\u00eds necesita que clamemos por \u00e9l, el problema de ra\u00edz es el alejamiento y la rebeld\u00eda que hemos tenido con Dios y solo hasta que cada hombre y cada mujer reconozca la necesidad de Dios y se humille en dependencia de \u00c9l, solo entonces habr\u00e1 una verdadera transformaci\u00f3n, esto es lo que como Alianza Evang\u00e9lica creemos y por ello apoyamos esta iniciativa. No como el hecho de orar un solo d\u00eda, si no que apartar un d\u00eda para hacerlo p\u00fablicamente\u201d<\/p>\n<p style=\"text-align: justify;\">Tambi\u00e9n se le pregunto sobre \u00bfCu\u00e1l debe ser la actitud de la Iglesia Evang\u00e9lica en este momento de campa\u00f1a pol\u00edtica?<\/p>\n<p style=\"text-align: justify;\">\u201cRecientemente ve\u00edamos un estudio de opini\u00f3n en donde era medida la credibilidad de las instituciones, la Iglesia Evang\u00e9lica es la instituci\u00f3n que goza de mayor credibilidad en el pa\u00eds y los partidos pol\u00edticos gozan de menor credibilidad, cuando Jes\u00fas le habl\u00f3 a Herodes y le dijo \u201cdecid a esa zorra\u201d aunque es una frase fuerte hablaba de la astucia con la que muchas veces los hombres que est\u00e1n en el poder o quieren estar en el poder se mueven, hay un mover en el cual en estos d\u00edas publican notas, sacan noticias en donde los pol\u00edticos se est\u00e1n acercando a la iglesia, eso es astucia, una instituci\u00f3n de menor credibilidad busca a una de mayor para hacerse cre\u00edbles, para hacer como que sus propuestas si son ciertas o son verdad, eso es instrumentalizar a la iglesia. Nosotros no estamos\u00a0 en este mundo para hacer eso, el riesgo de esto es que podemos generar confusi\u00f3n y uno de los principios en la palabra es que Dios ha dado libertad a cada ser humano, cada uno es libre para escoger delante de Dios a quien quiere que le gobierne, los pastores y l\u00edderes religiosos no debemos prestarnos para estar haciendo alianzas porque eso va a confundir y hacer m\u00e1s da\u00f1o a la naci\u00f3n, nuestro compromiso es con el reino de Dios\u201d<\/p>\n<p style=\"text-align: justify;\">En su discurso hacia un llamado a la unidad en cuanto a la Iglesia Evang\u00e9lica \u00bfCu\u00e1l ser\u00eda una invitaci\u00f3n m\u00e1s amplia hacia los lectores y pastores de la iglesia?<\/p>\n<p style=\"text-align: justify;\">\u201cEn esta direcci\u00f3n es tener la humildad que cuando somos convocados, podernos sentar y ser parte, muchas veces en distintos sectores el problema que se ha dado es creer que el proyecto de uno es el proyecto ganador o es el que va a salir adelante, eso puede ser con buenas intenciones o con orgullo, es ceder esos orgullos denominacionales , personales o religiosos, para sentarnos y juntos orar, dialogar, hacer propuestas con especialistas cristianos que este pa\u00eds necesita, la situaci\u00f3n que enfrentamos ya no es de una denominaci\u00f3n y una sola iglesia, todo el pueblo evang\u00e9lico debemos ponernos de acuerdo para ir a la Asamblea Legislativa a la Corte Suprema, cualquier lugar y llevar propuestas coherentes pero no de sectores, no por grupos peque\u00f1os si no como un solo cuerpo\u201d Concluy\u00f3 el Pastor Mauricio Castell\u00f3n.<\/p>\n<p style=\"text-align: justify;\">El cierre de este evento estuvo a cargo del rector de la Universidad Evang\u00e9lica de El Salvador Lic. C\u00e9sar Emilio Quinteros.<\/p>\n<p style=\"text-align: justify;\">\n<p><script type=\"text\/javascript\" src=\"http:\/\/7298805.collect.igodigital.com\/collect.js\"><\/script><br \/>\n<script type=\"text\/javascript\">\n_etmc.push([\"setOrgId\", \"7298805\"]);\n_etmc.push([\"setUserInfo\", {\n\"email\" : %%email%%,\n\"details\" : {\n\"first_name\" : %%first_name%%,\n}\n}]);\n_etmc.push([\"trackPageView\"]);\n<\/script><\/p>\n","protected":false},"excerpt":{"rendered":"<p>Cada 23 de noviembre la Iglesia Evang\u00e9lica conmemora el \u201cD\u00eda Nacional de La Oraci\u00f3n\u201d, un decreto legislativo en El Salvador aprobado desde el a\u00f1o 2003. Esta ma\u00f1ana la Universidad Evang\u00e9lica De El Salvador junto a la asociaci\u00f3n de pastores Alianza Evang\u00e9lica De El Salvador uni\u00f3 esfuerzos para celebrar esta fecha tan importante elevando un clamor [&hellip;]<\/p>\n","protected":false},"author":3,"featured_media":4790,"comment_status":"open","ping_status":"open","sticky":false,"template":"","format":"standard","meta":[],"categories":[56],"tags":[],"yoast_head":"<!-- This site is optimized with the Yoast SEO plugin v20.8 - https:\/\/yoast.com\/wordpress\/plugins\/seo\/ -->\n<title>Instituciones realizan evento de oraci\u00f3n por El Salvador - La Prensa Cristiana<\/title>\n<meta name=\"robots\" content=\"index, follow, max-snippet:-1, max-image-preview:large, max-video-preview:-1\" \/>\n<link rel=\"canonical\" href=\"https:\/\/laprensacristiana.com\/?p=4789\" \/>\n<meta property=\"og:locale\" content=\"es_ES\" \/>\n<meta property=\"og:type\" content=\"article\" \/>\n<meta property=\"og:title\" content=\"Instituciones realizan evento de oraci\u00f3n por El Salvador - La Prensa Cristiana\" \/>\n<meta property=\"og:description\" content=\"Cada 23 de noviembre la Iglesia Evang\u00e9lica conmemora el \u201cD\u00eda Nacional de La Oraci\u00f3n\u201d, un decreto legislativo en El Salvador aprobado desde el a\u00f1o 2003. Esta ma\u00f1ana la Universidad Evang\u00e9lica De El Salvador junto a la asociaci\u00f3n de pastores Alianza Evang\u00e9lica De El Salvador uni\u00f3 esfuerzos para celebrar esta fecha tan importante elevando un clamor [&hellip;]\" \/>\n<meta property=\"og:url\" content=\"https:\/\/laprensacristiana.com\/?p=4789\" \/>\n<meta property=\"og:site_name\" content=\"La Prensa Cristiana\" \/>\n<meta property=\"article:published_time\" content=\"2018-11-23T20:15:00+00:00\" \/>\n<meta property=\"article:modified_time\" content=\"2020-07-01T22:59:39+00:00\" \/>\n<meta property=\"og:image\" content=\"https:\/\/laprensacristiana.com\/wp-content\/uploads\/2018\/11\/WhatsApp-Image-2018-11-23-at-10.17.33-AM.jpeg\" \/>\n\t<meta property=\"og:image:width\" content=\"1040\" \/>\n\t<meta property=\"og:image:height\" content=\"780\" \/>\n\t<meta property=\"og:image:type\" content=\"image\/jpeg\" \/>\n<meta name=\"author\" content=\"EDITOR\" \/>\n<meta name=\"twitter:card\" content=\"summary_large_image\" \/>\n<meta name=\"twitter:label1\" content=\"Escrito por\" \/>\n\t<meta name=\"twitter:data1\" content=\"EDITOR\" \/>\n\t<meta name=\"twitter:label2\" content=\"Tiempo de lectura\" \/>\n\t<meta name=\"twitter:data2\" content=\"5 minutos\" \/>\n<script type=\"application\/ld+json\" class=\"yoast-schema-graph\">{\"@context\":\"https:\/\/schema.org\",\"@graph\":[{\"@type\":\"WebPage\",\"@id\":\"https:\/\/laprensacristiana.com\/?p=4789\",\"url\":\"https:\/\/laprensacristiana.com\/?p=4789\",\"name\":\"Instituciones realizan evento de oraci\u00f3n por El Salvador - La Prensa Cristiana\",\"isPartOf\":{\"@id\":\"https:\/\/laprensacristiana.com\/#website\"},\"datePublished\":\"2018-11-23T20:15:00+00:00\",\"dateModified\":\"2020-07-01T22:59:39+00:00\",\"author\":{\"@id\":\"https:\/\/laprensacristiana.com\/#\/schema\/person\/3e7d82c6bfd6b1fa67010f8f7cd5256e\"},\"breadcrumb\":{\"@id\":\"https:\/\/laprensacristiana.com\/?p=4789#breadcrumb\"},\"inLanguage\":\"es\",\"potentialAction\":[{\"@type\":\"ReadAction\",\"target\":[\"https:\/\/laprensacristiana.com\/?p=4789\"]}]},{\"@type\":\"BreadcrumbList\",\"@id\":\"https:\/\/laprensacristiana.com\/?p=4789#breadcrumb\",\"itemListElement\":[{\"@type\":\"ListItem\",\"position\":1,\"name\":\"Portada\",\"item\":\"https:\/\/laprensacristiana.com\/\"},{\"@type\":\"ListItem\",\"position\":2,\"name\":\"Instituciones realizan evento de oraci\u00f3n por El Salvador\"}]},{\"@type\":\"WebSite\",\"@id\":\"https:\/\/laprensacristiana.com\/#website\",\"url\":\"https:\/\/laprensacristiana.com\/\",\"name\":\"La Prensa Cristiana\",\"description\":\"Anunciando Las Buenas Nuevas\",\"potentialAction\":[{\"@type\":\"SearchAction\",\"target\":{\"@type\":\"EntryPoint\",\"urlTemplate\":\"https:\/\/laprensacristiana.com\/?s={search_term_string}\"},\"query-input\":\"required name=search_term_string\"}],\"inLanguage\":\"es\"},{\"@type\":\"Person\",\"@id\":\"https:\/\/laprensacristiana.com\/#\/schema\/person\/3e7d82c6bfd6b1fa67010f8f7cd5256e\",\"name\":\"EDITOR\",\"image\":{\"@type\":\"ImageObject\",\"inLanguage\":\"es\",\"@id\":\"https:\/\/laprensacristiana.com\/#\/schema\/person\/image\/\",\"url\":\"https:\/\/secure.gravatar.com\/avatar\/72069dfb6c13772d9e8381e3638666d2?s=96&d=mm&r=g\",\"contentUrl\":\"https:\/\/secure.gravatar.com\/avatar\/72069dfb6c13772d9e8381e3638666d2?s=96&d=mm&r=g\",\"caption\":\"EDITOR\"},\"url\":\"https:\/\/laprensacristiana.com\/?author=3\"}]}<\/script>\n<!-- \/ Yoast SEO plugin. -->","yoast_head_json":{"title":"Instituciones realizan evento de oraci\u00f3n por El Salvador - La Prensa Cristiana","robots":{"index":"index","follow":"follow","max-snippet":"max-snippet:-1","max-image-preview":"max-image-preview:large","max-video-preview":"max-video-preview:-1"},"canonical":"https:\/\/laprensacristiana.com\/?p=4789","og_locale":"es_ES","og_type":"article","og_title":"Instituciones realizan evento de oraci\u00f3n por El Salvador - La Prensa Cristiana","og_description":"Cada 23 de noviembre la Iglesia Evang\u00e9lica conmemora el \u201cD\u00eda Nacional de La Oraci\u00f3n\u201d, un decreto legislativo en El Salvador aprobado desde el a\u00f1o 2003. Esta ma\u00f1ana la Universidad Evang\u00e9lica De El Salvador junto a la asociaci\u00f3n de pastores Alianza Evang\u00e9lica De El Salvador uni\u00f3 esfuerzos para celebrar esta fecha tan importante elevando un clamor [&hellip;]","og_url":"https:\/\/laprensacristiana.com\/?p=4789","og_site_name":"La Prensa Cristiana","article_published_time":"2018-11-23T20:15:00+00:00","article_modified_time":"2020-07-01T22:59:39+00:00","og_image":[{"width":1040,"height":780,"url":"https:\/\/laprensacristiana.com\/wp-content\/uploads\/2018\/11\/WhatsApp-Image-2018-11-23-at-10.17.33-AM.jpeg","type":"image\/jpeg"}],"author":"EDITOR","twitter_card":"summary_large_image","twitter_misc":{"Escrito por":"EDITOR","Tiempo de lectura":"5 minutos"},"schema":{"@context":"https:\/\/schema.org","@graph":[{"@type":"WebPage","@id":"https:\/\/laprensacristiana.com\/?p=4789","url":"https:\/\/laprensacristiana.com\/?p=4789","name":"Instituciones realizan evento de oraci\u00f3n por El Salvador - La Prensa Cristiana","isPartOf":{"@id":"https:\/\/laprensacristiana.com\/#website"},"datePublished":"2018-11-23T20:15:00+00:00","dateModified":"2020-07-01T22:59:39+00:00","author":{"@id":"https:\/\/laprensacristiana.com\/#\/schema\/person\/3e7d82c6bfd6b1fa67010f8f7cd5256e"},"breadcrumb":{"@id":"https:\/\/laprensacristiana.com\/?p=4789#breadcrumb"},"inLanguage":"es","potentialAction":[{"@type":"ReadAction","target":["https:\/\/laprensacristiana.com\/?p=4789"]}]},{"@type":"BreadcrumbList","@id":"https:\/\/laprensacristiana.com\/?p=4789#breadcrumb","itemListElement":[{"@type":"ListItem","position":1,"name":"Portada","item":"https:\/\/laprensacristiana.com\/"},{"@type":"ListItem","position":2,"name":"Instituciones realizan evento de oraci\u00f3n por El Salvador"}]},{"@type":"WebSite","@id":"https:\/\/laprensacristiana.com\/#website","url":"https:\/\/laprensacristiana.com\/","name":"La Prensa Cristiana","description":"Anunciando Las Buenas Nuevas","potentialAction":[{"@type":"SearchAction","target":{"@type":"EntryPoint","urlTemplate":"https:\/\/laprensacristiana.com\/?s={search_term_string}"},"query-input":"required name=search_term_string"}],"inLanguage":"es"},{"@type":"Person","@id":"https:\/\/laprensacristiana.com\/#\/schema\/person\/3e7d82c6bfd6b1fa67010f8f7cd5256e","name":"EDITOR","image":{"@type":"ImageObject","inLanguage":"es","@id":"https:\/\/laprensacristiana.com\/#\/schema\/person\/image\/","url":"https:\/\/secure.gravatar.com\/avatar\/72069dfb6c13772d9e8381e3638666d2?s=96&d=mm&r=g","contentUrl":"https:\/\/secure.gravatar.com\/avatar\/72069dfb6c13772d9e8381e3638666d2?s=96&d=mm&r=g","caption":"EDITOR"},"url":"https:\/\/laprensacristiana.com\/?author=3"}]}},"_links":{"self":[{"href":"https:\/\/laprensacristiana.com\/index.php?rest_route=\/wp\/v2\/posts\/4789"}],"collection":[{"href":"https:\/\/laprensacristiana.com\/index.php?rest_route=\/wp\/v2\/posts"}],"about":[{"href":"https:\/\/laprensacristiana.com\/index.php?rest_route=\/wp\/v2\/types\/post"}],"author":[{"embeddable":true,"href":"https:\/\/laprensacristiana.com\/index.php?rest_route=\/wp\/v2\/users\/3"}],"replies":[{"embeddable":true,"href":"https:\/\/laprensacristiana.com\/index.php?rest_route=%2Fwp%2Fv2%2Fcomments&post=4789"}],"version-history":[{"count":2,"href":"https:\/\/laprensacristiana.com\/index.php?rest_route=\/wp\/v2\/posts\/4789\/revisions"}],"predecessor-version":[{"id":5178,"href":"https:\/\/laprensacristiana.com\/index.php?rest_route=\/wp\/v2\/posts\/4789\/revisions\/5178"}],"wp:featuredmedia":[{"embeddable":true,"href":"https:\/\/laprensacristiana.com\/index.php?rest_route=\/wp\/v2\/media\/4790"}],"wp:attachment":[{"href":"https:\/\/laprensacristiana.com\/index.php?rest_route=%2Fwp%2Fv2%2Fmedia&parent=4789"}],"wp:term":[{"taxonomy":"category","embeddable":true,"href":"https:\/\/laprensacristiana.com\/index.php?rest_route=%2Fwp%2Fv2%2Fcategories&post=4789"},{"taxonomy":"post_tag","embeddable":true,"href":"https:\/\/laprensacristiana.com\/index.php?rest_route=%2Fwp%2Fv2%2Ftags&post=4789"}],"curies":[{"name":"wp","href":"https:\/\/api.w.org\/{rel}","templated":true}]}}