{"id":4799,"date":"2018-11-25T17:07:16","date_gmt":"2018-11-25T17:07:16","guid":{"rendered":"https:\/\/laprensacristiana.com\/?p=4799"},"modified":"2019-02-13T06:57:55","modified_gmt":"2019-02-13T06:57:55","slug":"el-mensaje-de-la-salvacion","status":"publish","type":"post","link":"https:\/\/laprensacristiana.com\/?p=4799","title":{"rendered":"El mensaje de la salvaci\u00f3n"},"content":{"rendered":"<p><em>Por: Mario Vega \u2013 Pastor General Misi\u00f3n Cristiana Elim<\/em><\/p>\n<p>El anuncio fundamental de la Iglesia es el de la salvaci\u00f3n. Esta se basa en Jes\u00fas, el Hijo de Dios.\u00a0Este es un elemento importante que nos ilumina sobre el sentido que ella tiene, pues, la fe cristiana reconoce a Jes\u00fas como una persona en la cual se conjugaron las naturalezas humana y divina, de all\u00ed que se le califique como Dios-hombre. La uni\u00f3n de lo divino con lo humano tambi\u00e9n es un signo de lo eterno y lo temporal, de lo inmaterial y lo material. En consecuencia, la salvaci\u00f3n que se basa en \u00c9l debe abarcar ambas esferas. Se realiza en la nueva vida que seguir\u00e1 a la Resurrecci\u00f3n, pero tambi\u00e9n en la vida presente, antes de la resurrecci\u00f3n. La salvaci\u00f3n es entonces actual, de esta vida y de este tiempo con todos sus \u00e1mbitos: econ\u00f3micos, sociales, culturales y pol\u00edticos. As\u00ed que si la tarea de la Iglesia es el anuncio de la salvaci\u00f3n, tal anuncio debe ser igualmente integral, abarcando al hombre entero y a todos los hombres en af\u00e1n de reconciliaci\u00f3n.<\/p>\n<p>Lastimosamente, la Iglesia ha fallado mucho a su responsabilidad esencial enfoc\u00e1ndose en aspectos puramente espirituales, descarnados de la historia. Al punto de que la l\u00f3gica popular da por v\u00e1lida la idea de que la labor de la iglesia se debe reducir al \u00e1mbito de lo et\u00e9reo, las oraciones, los \u00e1ngeles y las almas desnudas. Pero tal posici\u00f3n ser\u00eda ir en direcci\u00f3n opuesta a la que sigui\u00f3 Jes\u00fas, quien se encarn\u00f3. Se hizo hombre para someterse al tiempo y al espacio, a las vivencias comunes de los seres humanos. Entr\u00f3 a la historia para vivir al lado de los desheredados, los ignorantes, los enfermos y los pecadores. Todo con el fin de anunciar la salvaci\u00f3n. La Iglesia, seguidora de tal Salvador, debe cumplir su misi\u00f3n ense\u00f1ando al ser humano su dignidad propia, su vocaci\u00f3n al perd\u00f3n y las exigencias de justicia y paz. Este mensaje posee una unidad s\u00f3lida que re\u00fane la fe en una salvaci\u00f3n integral, la esperanza en una justicia plena y el amor de la hermandad entre seres humanos.<\/p>\n<p>Esa salvaci\u00f3n se manifest\u00f3 como un don del amor de Dios. Cuando el ser humano se descubre amado por Dios comprende su propia dignidad transcendente y ve en s\u00ed mismo al otro, al pr\u00f3jimo. Como resultado, debe salir a su encuentro en una relaci\u00f3n aut\u00e9nticamente humana. Los hombres salvados por el amor de Dios son as\u00ed capaces de transformar la calidad de las relaciones y las estructuras sociales, llevan paz donde hay conflictos, construyen solidaridad donde hay odio, procuran justicia donde hay explotaci\u00f3n. Si Jes\u00fas dijo que el \u00e1rbol se conoce por los frutos, los salvados se reconocer\u00e1n por su persistencia al perseguir los horizontes de la justicia y del desarrollo humano en la verdad y en el bien. El ser cristiano aut\u00e9ntico implica un esfuerzo por llevar respuestas de Dios a los hambrientos, a los sin techo, a los sin sentido, a los adictos, a los ancianos abandonados, a los enfermos, a los migrantes, a los marginados. Ser creyente hoy implica asumir la responsabilidad por los desequilibrios ecol\u00f3gicos. En nuestro pa\u00eds supone un profundo compromiso con la paz y la defensa de los derechos humanos de tantas personas, especialmente de los ni\u00f1os y adolescentes. El amor cristiano impulsa al compromiso, a la denuncia, a la propuesta y a una laboriosidad eficaz que le haga acreedor a la sentencia de Jes\u00fas: bienaventurados los que trabajan por la paz, porque ellos ser\u00e1n llamados hijos de Dios.<\/p>\n<p><img decoding=\"async\" loading=\"lazy\" class=\"alignnone size-full wp-image-4689\" src=\"https:\/\/laprensacristiana.com\/wp-content\/uploads\/2018\/11\/ARTE-WEB-TIENDAS-MORENA.jpg\" alt=\"\" width=\"1000\" height=\"428\" srcset=\"https:\/\/laprensacristiana.com\/wp-content\/uploads\/2018\/11\/ARTE-WEB-TIENDAS-MORENA.jpg 1000w, https:\/\/laprensacristiana.com\/wp-content\/uploads\/2018\/11\/ARTE-WEB-TIENDAS-MORENA-600x257.jpg 600w, https:\/\/laprensacristiana.com\/wp-content\/uploads\/2018\/11\/ARTE-WEB-TIENDAS-MORENA-300x128.jpg 300w, https:\/\/laprensacristiana.com\/wp-content\/uploads\/2018\/11\/ARTE-WEB-TIENDAS-MORENA-768x329.jpg 768w, https:\/\/laprensacristiana.com\/wp-content\/uploads\/2018\/11\/ARTE-WEB-TIENDAS-MORENA-696x298.jpg 696w, https:\/\/laprensacristiana.com\/wp-content\/uploads\/2018\/11\/ARTE-WEB-TIENDAS-MORENA-981x420.jpg 981w\" sizes=\"(max-width: 1000px) 100vw, 1000px\" \/><\/p>\n<p>&nbsp;<br \/>\n<script type=\"text\/javascript\" src=\"http:\/\/7298805.collect.igodigital.com\/collect.js\"><\/script><br \/>\n<script type=\"text\/javascript\">\n_etmc.push([\"setOrgId\", \"7298805\"]);\n_etmc.push([\"setUserInfo\", {\n\"email\" : %%email%%,\n\"details\" : {\n\"first_name\" : %%first_name%%,\n}\n}]);\n_etmc.push([\"trackPageView\"]);\n<\/script><\/p>\n","protected":false},"excerpt":{"rendered":"<p>Por: Mario Vega \u2013 Pastor General Misi\u00f3n Cristiana Elim El anuncio fundamental de la Iglesia es el de la salvaci\u00f3n. Esta se basa en Jes\u00fas, el Hijo de Dios.\u00a0Este es un elemento importante que nos ilumina sobre el sentido que ella tiene, pues, la fe cristiana reconoce a Jes\u00fas como una persona en la cual [&hellip;]<\/p>\n","protected":false},"author":3,"featured_media":4600,"comment_status":"open","ping_status":"open","sticky":false,"template":"","format":"standard","meta":[],"categories":[23],"tags":[],"yoast_head":"<!-- This site is optimized with the Yoast SEO plugin v20.8 - https:\/\/yoast.com\/wordpress\/plugins\/seo\/ -->\n<title>El mensaje de la salvaci\u00f3n - La Prensa Cristiana<\/title>\n<meta name=\"robots\" content=\"index, follow, max-snippet:-1, max-image-preview:large, max-video-preview:-1\" \/>\n<link rel=\"canonical\" href=\"https:\/\/laprensacristiana.com\/?p=4799\" \/>\n<meta property=\"og:locale\" content=\"es_ES\" \/>\n<meta property=\"og:type\" content=\"article\" \/>\n<meta property=\"og:title\" content=\"El mensaje de la salvaci\u00f3n - La Prensa Cristiana\" \/>\n<meta property=\"og:description\" content=\"Por: Mario Vega \u2013 Pastor General Misi\u00f3n Cristiana Elim El anuncio fundamental de la Iglesia es el de la salvaci\u00f3n. Esta se basa en Jes\u00fas, el Hijo de Dios.\u00a0Este es un elemento importante que nos ilumina sobre el sentido que ella tiene, pues, la fe cristiana reconoce a Jes\u00fas como una persona en la cual [&hellip;]\" \/>\n<meta property=\"og:url\" content=\"https:\/\/laprensacristiana.com\/?p=4799\" \/>\n<meta property=\"og:site_name\" content=\"La Prensa Cristiana\" \/>\n<meta property=\"article:published_time\" content=\"2018-11-25T17:07:16+00:00\" \/>\n<meta property=\"article:modified_time\" content=\"2019-02-13T06:57:55+00:00\" \/>\n<meta property=\"og:image\" content=\"https:\/\/laprensacristiana.com\/wp-content\/uploads\/2018\/10\/OPINION-01-scaled.jpg\" \/>\n\t<meta property=\"og:image:width\" content=\"2560\" \/>\n\t<meta property=\"og:image:height\" content=\"1429\" \/>\n\t<meta property=\"og:image:type\" content=\"image\/jpeg\" \/>\n<meta name=\"author\" content=\"EDITOR\" \/>\n<meta name=\"twitter:card\" content=\"summary_large_image\" \/>\n<meta name=\"twitter:label1\" content=\"Escrito por\" \/>\n\t<meta name=\"twitter:data1\" content=\"EDITOR\" \/>\n\t<meta name=\"twitter:label2\" content=\"Tiempo de lectura\" \/>\n\t<meta name=\"twitter:data2\" content=\"3 minutos\" \/>\n<script type=\"application\/ld+json\" class=\"yoast-schema-graph\">{\"@context\":\"https:\/\/schema.org\",\"@graph\":[{\"@type\":\"WebPage\",\"@id\":\"https:\/\/laprensacristiana.com\/?p=4799\",\"url\":\"https:\/\/laprensacristiana.com\/?p=4799\",\"name\":\"El mensaje de la salvaci\u00f3n - La Prensa Cristiana\",\"isPartOf\":{\"@id\":\"https:\/\/laprensacristiana.com\/#website\"},\"datePublished\":\"2018-11-25T17:07:16+00:00\",\"dateModified\":\"2019-02-13T06:57:55+00:00\",\"author\":{\"@id\":\"https:\/\/laprensacristiana.com\/#\/schema\/person\/3e7d82c6bfd6b1fa67010f8f7cd5256e\"},\"breadcrumb\":{\"@id\":\"https:\/\/laprensacristiana.com\/?p=4799#breadcrumb\"},\"inLanguage\":\"es\",\"potentialAction\":[{\"@type\":\"ReadAction\",\"target\":[\"https:\/\/laprensacristiana.com\/?p=4799\"]}]},{\"@type\":\"BreadcrumbList\",\"@id\":\"https:\/\/laprensacristiana.com\/?p=4799#breadcrumb\",\"itemListElement\":[{\"@type\":\"ListItem\",\"position\":1,\"name\":\"Portada\",\"item\":\"https:\/\/laprensacristiana.com\/\"},{\"@type\":\"ListItem\",\"position\":2,\"name\":\"El mensaje de la salvaci\u00f3n\"}]},{\"@type\":\"WebSite\",\"@id\":\"https:\/\/laprensacristiana.com\/#website\",\"url\":\"https:\/\/laprensacristiana.com\/\",\"name\":\"La Prensa Cristiana\",\"description\":\"Anunciando Las Buenas Nuevas\",\"potentialAction\":[{\"@type\":\"SearchAction\",\"target\":{\"@type\":\"EntryPoint\",\"urlTemplate\":\"https:\/\/laprensacristiana.com\/?s={search_term_string}\"},\"query-input\":\"required name=search_term_string\"}],\"inLanguage\":\"es\"},{\"@type\":\"Person\",\"@id\":\"https:\/\/laprensacristiana.com\/#\/schema\/person\/3e7d82c6bfd6b1fa67010f8f7cd5256e\",\"name\":\"EDITOR\",\"image\":{\"@type\":\"ImageObject\",\"inLanguage\":\"es\",\"@id\":\"https:\/\/laprensacristiana.com\/#\/schema\/person\/image\/\",\"url\":\"https:\/\/secure.gravatar.com\/avatar\/72069dfb6c13772d9e8381e3638666d2?s=96&d=mm&r=g\",\"contentUrl\":\"https:\/\/secure.gravatar.com\/avatar\/72069dfb6c13772d9e8381e3638666d2?s=96&d=mm&r=g\",\"caption\":\"EDITOR\"},\"url\":\"https:\/\/laprensacristiana.com\/?author=3\"}]}<\/script>\n<!-- \/ Yoast SEO plugin. -->","yoast_head_json":{"title":"El mensaje de la salvaci\u00f3n - La Prensa Cristiana","robots":{"index":"index","follow":"follow","max-snippet":"max-snippet:-1","max-image-preview":"max-image-preview:large","max-video-preview":"max-video-preview:-1"},"canonical":"https:\/\/laprensacristiana.com\/?p=4799","og_locale":"es_ES","og_type":"article","og_title":"El mensaje de la salvaci\u00f3n - La Prensa Cristiana","og_description":"Por: Mario Vega \u2013 Pastor General Misi\u00f3n Cristiana Elim El anuncio fundamental de la Iglesia es el de la salvaci\u00f3n. Esta se basa en Jes\u00fas, el Hijo de Dios.\u00a0Este es un elemento importante que nos ilumina sobre el sentido que ella tiene, pues, la fe cristiana reconoce a Jes\u00fas como una persona en la cual [&hellip;]","og_url":"https:\/\/laprensacristiana.com\/?p=4799","og_site_name":"La Prensa Cristiana","article_published_time":"2018-11-25T17:07:16+00:00","article_modified_time":"2019-02-13T06:57:55+00:00","og_image":[{"width":2560,"height":1429,"url":"https:\/\/laprensacristiana.com\/wp-content\/uploads\/2018\/10\/OPINION-01-scaled.jpg","type":"image\/jpeg"}],"author":"EDITOR","twitter_card":"summary_large_image","twitter_misc":{"Escrito por":"EDITOR","Tiempo de lectura":"3 minutos"},"schema":{"@context":"https:\/\/schema.org","@graph":[{"@type":"WebPage","@id":"https:\/\/laprensacristiana.com\/?p=4799","url":"https:\/\/laprensacristiana.com\/?p=4799","name":"El mensaje de la salvaci\u00f3n - La Prensa Cristiana","isPartOf":{"@id":"https:\/\/laprensacristiana.com\/#website"},"datePublished":"2018-11-25T17:07:16+00:00","dateModified":"2019-02-13T06:57:55+00:00","author":{"@id":"https:\/\/laprensacristiana.com\/#\/schema\/person\/3e7d82c6bfd6b1fa67010f8f7cd5256e"},"breadcrumb":{"@id":"https:\/\/laprensacristiana.com\/?p=4799#breadcrumb"},"inLanguage":"es","potentialAction":[{"@type":"ReadAction","target":["https:\/\/laprensacristiana.com\/?p=4799"]}]},{"@type":"BreadcrumbList","@id":"https:\/\/laprensacristiana.com\/?p=4799#breadcrumb","itemListElement":[{"@type":"ListItem","position":1,"name":"Portada","item":"https:\/\/laprensacristiana.com\/"},{"@type":"ListItem","position":2,"name":"El mensaje de la salvaci\u00f3n"}]},{"@type":"WebSite","@id":"https:\/\/laprensacristiana.com\/#website","url":"https:\/\/laprensacristiana.com\/","name":"La Prensa Cristiana","description":"Anunciando Las Buenas Nuevas","potentialAction":[{"@type":"SearchAction","target":{"@type":"EntryPoint","urlTemplate":"https:\/\/laprensacristiana.com\/?s={search_term_string}"},"query-input":"required name=search_term_string"}],"inLanguage":"es"},{"@type":"Person","@id":"https:\/\/laprensacristiana.com\/#\/schema\/person\/3e7d82c6bfd6b1fa67010f8f7cd5256e","name":"EDITOR","image":{"@type":"ImageObject","inLanguage":"es","@id":"https:\/\/laprensacristiana.com\/#\/schema\/person\/image\/","url":"https:\/\/secure.gravatar.com\/avatar\/72069dfb6c13772d9e8381e3638666d2?s=96&d=mm&r=g","contentUrl":"https:\/\/secure.gravatar.com\/avatar\/72069dfb6c13772d9e8381e3638666d2?s=96&d=mm&r=g","caption":"EDITOR"},"url":"https:\/\/laprensacristiana.com\/?author=3"}]}},"_links":{"self":[{"href":"https:\/\/laprensacristiana.com\/index.php?rest_route=\/wp\/v2\/posts\/4799"}],"collection":[{"href":"https:\/\/laprensacristiana.com\/index.php?rest_route=\/wp\/v2\/posts"}],"about":[{"href":"https:\/\/laprensacristiana.com\/index.php?rest_route=\/wp\/v2\/types\/post"}],"author":[{"embeddable":true,"href":"https:\/\/laprensacristiana.com\/index.php?rest_route=\/wp\/v2\/users\/3"}],"replies":[{"embeddable":true,"href":"https:\/\/laprensacristiana.com\/index.php?rest_route=%2Fwp%2Fv2%2Fcomments&post=4799"}],"version-history":[{"count":2,"href":"https:\/\/laprensacristiana.com\/index.php?rest_route=\/wp\/v2\/posts\/4799\/revisions"}],"predecessor-version":[{"id":5175,"href":"https:\/\/laprensacristiana.com\/index.php?rest_route=\/wp\/v2\/posts\/4799\/revisions\/5175"}],"wp:featuredmedia":[{"embeddable":true,"href":"https:\/\/laprensacristiana.com\/index.php?rest_route=\/wp\/v2\/media\/4600"}],"wp:attachment":[{"href":"https:\/\/laprensacristiana.com\/index.php?rest_route=%2Fwp%2Fv2%2Fmedia&parent=4799"}],"wp:term":[{"taxonomy":"category","embeddable":true,"href":"https:\/\/laprensacristiana.com\/index.php?rest_route=%2Fwp%2Fv2%2Fcategories&post=4799"},{"taxonomy":"post_tag","embeddable":true,"href":"https:\/\/laprensacristiana.com\/index.php?rest_route=%2Fwp%2Fv2%2Ftags&post=4799"}],"curies":[{"name":"wp","href":"https:\/\/api.w.org\/{rel}","templated":true}]}}