{"id":4801,"date":"2018-11-25T19:53:05","date_gmt":"2018-11-25T19:53:05","guid":{"rendered":"https:\/\/laprensacristiana.com\/?p=4801"},"modified":"2019-02-13T06:57:50","modified_gmt":"2019-02-13T06:57:50","slug":"dia-internacional-de-la-eliminacion-de-la-violencia-contra-la-mujer-2018","status":"publish","type":"post","link":"https:\/\/laprensacristiana.com\/?p=4801","title":{"rendered":"D\u00eda Internacional de la eliminaci\u00f3n de la violencia contra la mujer 2018"},"content":{"rendered":"<p>En el a\u00f1o 2009 ONU Mujeres design\u00f3 el 25 de noviembre de cada a\u00f1o para posicionar el tema de erradicar la violencia contra la mujer a nivel mundial, y anima a desarrollar actividades que cumplan con el prop\u00f3sito de sensibilizar la opini\u00f3n p\u00fablica respeto a esta problem\u00e1tica que a\u00fan no ha sido resuelta por los diferentes Estados miembros de la ONU. Adem\u00e1s ha sido denominando como \u201cDia Naranja\u201d por lo que podemos portar algo de color naranja, y cuando nos pregunten podemos compartir un breve mensaje que difunda la campa\u00f1a.<\/p>\n<p>Existen datos que son alarmantes a nivel mundial los cuales present\u00f3, los m\u00e1s impactantes como que una de cada tres mujeres ha sufrido violencia f\u00edsica o sexual en especial por su pareja sentimental; el 71% de v\u00edctimas de trata de personas son mujeres y ni\u00f1as, las diferentes manifestaciones de violencia contra la mujer es una causa de muerte e incapacidad entre las mujeres en edad reproductiva tan grave como el c\u00e1ncer.<\/p>\n<p>En El Salvador 2018 ha marcado en mi opini\u00f3n el a\u00f1o en que la palabra \u201cfeminicidio\u201d logr\u00f3 su prop\u00f3sito de estar en la opini\u00f3n p\u00fablica y lograr maderas de los principales peri\u00f3dicos de nuestro pa\u00eds el motivo, los casos de feminicidios de connotaci\u00f3n p\u00fablica y medi\u00e1tica que desnudaron la triste realidad que durante los \u00faltimos once a\u00f1os cada d\u00eda ha sido asesinada una mujer en El Salvador; el caso de la periodista Karla Turcios en abril del 2018 logr\u00f3 exponer esta violencia contra las ni\u00f1as, adolescentes y mujeres salvadore\u00f1as con la m\u00e1xima expresi\u00f3n como lo es el feminicidio.<\/p>\n<p><img decoding=\"async\" loading=\"lazy\" class=\"alignnone size-full wp-image-4689\" src=\"https:\/\/laprensacristiana.com\/wp-content\/uploads\/2018\/11\/ARTE-WEB-TIENDAS-MORENA.jpg\" alt=\"\" width=\"1000\" height=\"428\" srcset=\"https:\/\/laprensacristiana.com\/wp-content\/uploads\/2018\/11\/ARTE-WEB-TIENDAS-MORENA.jpg 1000w, https:\/\/laprensacristiana.com\/wp-content\/uploads\/2018\/11\/ARTE-WEB-TIENDAS-MORENA-600x257.jpg 600w, https:\/\/laprensacristiana.com\/wp-content\/uploads\/2018\/11\/ARTE-WEB-TIENDAS-MORENA-300x128.jpg 300w, https:\/\/laprensacristiana.com\/wp-content\/uploads\/2018\/11\/ARTE-WEB-TIENDAS-MORENA-768x329.jpg 768w, https:\/\/laprensacristiana.com\/wp-content\/uploads\/2018\/11\/ARTE-WEB-TIENDAS-MORENA-696x298.jpg 696w, https:\/\/laprensacristiana.com\/wp-content\/uploads\/2018\/11\/ARTE-WEB-TIENDAS-MORENA-981x420.jpg 981w\" sizes=\"(max-width: 1000px) 100vw, 1000px\" \/><\/p>\n<p>Al conmemorar este a\u00f1o debo aportar que al 22 de noviembre 2018 se registran al menos 350 homicidios de mujeres en El Salvador, con un promedio diario a la misma fecha de 1.07, y una tasa de 11.6% del total de las muertes violentas en nuestro pa\u00eds son mujeres para esperar la calificaci\u00f3n en los tribunales si tendr\u00e1n la categor\u00eda de feminicidio, el \u00a067% de las mujeres ha sido v\u00edctimas de alg\u00fan tipo de violencia machista en alg\u00fan momento de su vida, y el 33.8% sufri\u00f3 alg\u00fan tipo de violencia en los \u00faltimos doce meses.<\/p>\n<p>Del 1 de enero al 30 de junio del 2018 se registran y documentan \u00a0contra las mujeres en El Salbador 3,815 casos de violencia f\u00edsica, 3,194 casos de violencia sexual, 3,029 de violencia patrimonial, m\u00e1s los asesinatos de mujeres en condici\u00f3n de feminicidio suman 10,323 casos de hechos de violencia contra la mujer salvadore\u00f1a.<\/p>\n<p>En el caso de los asesinatos de mujeres en El Salvador las victimas en su mayor\u00eda son de las edades entre 25-29 a\u00f1os, seguidos de 20-24 a\u00f1os, y el tercer bloque de edad es de 15-19 a\u00f1os, es decir el segmento denominado internacionalmente como \u201cJovenes\u201d, pero a estas cifras debo agregar que tambi\u00e9n son este grupo de mujeres j\u00f3venes tambi\u00e9n v\u00edctimas de las privaciones de libertad (desaparecidas) a consecuencia de violencia y crimen organizado; con respecto al tipo de arma con que est\u00e1n s\u00edendo asesinadas en su mayor\u00eda es con arma de fuego (71%) seguido de arma blanca (15%); sobre las condenas y sentencias en el primer semestre del a\u00f1o 2018 se registran 80 casos en sede judicial calificados como\u00a0 feminicidios de los cuales 18 tienen sentencias condenatorias con 31 imputados, seis casos con sentencia absolutoria con 11 imputados, cinco casos con sobreseimiento con 9 imputados, y cero casos con salida alterna. \u00a0\u00a0\u00a0\u00a0\u00a0\u00a0\u00a0\u00a0\u00a0Existen los casos que fueron homicidios de mujer en este mismo periodo, con 180 casos en sede judicial con 38 sentencias condenatorias con 79 imputados, de los estos casos 13 fueron sentencias absolutorias con 26 imputados y 9 casos con sobreseimientos y 15 imputados.<\/p>\n<p>Existen avances importantes durante los primeros once meses del presente a\u00f1o por parte de la FGR y PNC, hay una leve disminuci\u00f3n en los casos con tendencia a la baja, pero a\u00fan es insuficiente. La mujer salvadore\u00f1a representa el 53% de la poblaci\u00f3n total al cierre del a\u00f1o 2017, sost\u00e9n de la familia, emprendedora y empresaria en el sector Pymes. Dios les bendiga y les guarde.<\/p>\n<p><strong>*Tablas propias Ricardo Sosa con datos oficiales PNC, FGR, MJSP- Digestyc<\/strong><br \/>\n<script type=\"text\/javascript\" src=\"http:\/\/7298805.collect.igodigital.com\/collect.js\"><\/script><br \/>\n<script type=\"text\/javascript\">\n_etmc.push([\"setOrgId\", \"7298805\"]);\n_etmc.push([\"setUserInfo\", {\n\"email\" : %%email%%,\n\"details\" : {\n\"first_name\" : %%first_name%%,\n}\n}]);\n_etmc.push([\"trackPageView\"]);\n<\/script><\/p>\n","protected":false},"excerpt":{"rendered":"<p>En el a\u00f1o 2009 ONU Mujeres design\u00f3 el 25 de noviembre de cada a\u00f1o para posicionar el tema de erradicar la violencia contra la mujer a nivel mundial, y anima a desarrollar actividades que cumplan con el prop\u00f3sito de sensibilizar la opini\u00f3n p\u00fablica respeto a esta problem\u00e1tica que a\u00fan no ha sido resuelta por los [&hellip;]<\/p>\n","protected":false},"author":3,"featured_media":4802,"comment_status":"open","ping_status":"open","sticky":false,"template":"","format":"standard","meta":[],"categories":[23],"tags":[],"yoast_head":"<!-- This site is optimized with the Yoast SEO plugin v20.8 - https:\/\/yoast.com\/wordpress\/plugins\/seo\/ -->\n<title>D\u00eda Internacional de la eliminaci\u00f3n de la violencia contra la mujer 2018 - La Prensa Cristiana<\/title>\n<meta name=\"robots\" content=\"index, follow, max-snippet:-1, max-image-preview:large, max-video-preview:-1\" \/>\n<link rel=\"canonical\" href=\"https:\/\/laprensacristiana.com\/?p=4801\" \/>\n<meta property=\"og:locale\" content=\"es_ES\" \/>\n<meta property=\"og:type\" content=\"article\" \/>\n<meta property=\"og:title\" content=\"D\u00eda Internacional de la eliminaci\u00f3n de la violencia contra la mujer 2018 - La Prensa Cristiana\" \/>\n<meta property=\"og:description\" content=\"En el a\u00f1o 2009 ONU Mujeres design\u00f3 el 25 de noviembre de cada a\u00f1o para posicionar el tema de erradicar la violencia contra la mujer a nivel mundial, y anima a desarrollar actividades que cumplan con el prop\u00f3sito de sensibilizar la opini\u00f3n p\u00fablica respeto a esta problem\u00e1tica que a\u00fan no ha sido resuelta por los [&hellip;]\" \/>\n<meta property=\"og:url\" content=\"https:\/\/laprensacristiana.com\/?p=4801\" \/>\n<meta property=\"og:site_name\" content=\"La Prensa Cristiana\" \/>\n<meta property=\"article:published_time\" content=\"2018-11-25T19:53:05+00:00\" \/>\n<meta property=\"article:modified_time\" content=\"2019-02-13T06:57:50+00:00\" \/>\n<meta property=\"og:image\" content=\"https:\/\/laprensacristiana.com\/wp-content\/uploads\/2018\/11\/OPINION-RICARDO-SOSA-01-scaled.jpg\" \/>\n\t<meta property=\"og:image:width\" content=\"2560\" \/>\n\t<meta property=\"og:image:height\" content=\"1428\" \/>\n\t<meta property=\"og:image:type\" content=\"image\/jpeg\" \/>\n<meta name=\"author\" content=\"EDITOR\" \/>\n<meta name=\"twitter:card\" content=\"summary_large_image\" \/>\n<meta name=\"twitter:label1\" content=\"Escrito por\" \/>\n\t<meta name=\"twitter:data1\" content=\"EDITOR\" \/>\n\t<meta name=\"twitter:label2\" content=\"Tiempo de lectura\" \/>\n\t<meta name=\"twitter:data2\" content=\"4 minutos\" \/>\n<script type=\"application\/ld+json\" class=\"yoast-schema-graph\">{\"@context\":\"https:\/\/schema.org\",\"@graph\":[{\"@type\":\"WebPage\",\"@id\":\"https:\/\/laprensacristiana.com\/?p=4801\",\"url\":\"https:\/\/laprensacristiana.com\/?p=4801\",\"name\":\"D\u00eda Internacional de la eliminaci\u00f3n de la violencia contra la mujer 2018 - La Prensa Cristiana\",\"isPartOf\":{\"@id\":\"https:\/\/laprensacristiana.com\/#website\"},\"datePublished\":\"2018-11-25T19:53:05+00:00\",\"dateModified\":\"2019-02-13T06:57:50+00:00\",\"author\":{\"@id\":\"https:\/\/laprensacristiana.com\/#\/schema\/person\/3e7d82c6bfd6b1fa67010f8f7cd5256e\"},\"breadcrumb\":{\"@id\":\"https:\/\/laprensacristiana.com\/?p=4801#breadcrumb\"},\"inLanguage\":\"es\",\"potentialAction\":[{\"@type\":\"ReadAction\",\"target\":[\"https:\/\/laprensacristiana.com\/?p=4801\"]}]},{\"@type\":\"BreadcrumbList\",\"@id\":\"https:\/\/laprensacristiana.com\/?p=4801#breadcrumb\",\"itemListElement\":[{\"@type\":\"ListItem\",\"position\":1,\"name\":\"Portada\",\"item\":\"https:\/\/laprensacristiana.com\/\"},{\"@type\":\"ListItem\",\"position\":2,\"name\":\"D\u00eda Internacional de la eliminaci\u00f3n de la violencia contra la mujer 2018\"}]},{\"@type\":\"WebSite\",\"@id\":\"https:\/\/laprensacristiana.com\/#website\",\"url\":\"https:\/\/laprensacristiana.com\/\",\"name\":\"La Prensa Cristiana\",\"description\":\"Anunciando Las Buenas Nuevas\",\"potentialAction\":[{\"@type\":\"SearchAction\",\"target\":{\"@type\":\"EntryPoint\",\"urlTemplate\":\"https:\/\/laprensacristiana.com\/?s={search_term_string}\"},\"query-input\":\"required name=search_term_string\"}],\"inLanguage\":\"es\"},{\"@type\":\"Person\",\"@id\":\"https:\/\/laprensacristiana.com\/#\/schema\/person\/3e7d82c6bfd6b1fa67010f8f7cd5256e\",\"name\":\"EDITOR\",\"image\":{\"@type\":\"ImageObject\",\"inLanguage\":\"es\",\"@id\":\"https:\/\/laprensacristiana.com\/#\/schema\/person\/image\/\",\"url\":\"https:\/\/secure.gravatar.com\/avatar\/72069dfb6c13772d9e8381e3638666d2?s=96&d=mm&r=g\",\"contentUrl\":\"https:\/\/secure.gravatar.com\/avatar\/72069dfb6c13772d9e8381e3638666d2?s=96&d=mm&r=g\",\"caption\":\"EDITOR\"},\"url\":\"https:\/\/laprensacristiana.com\/?author=3\"}]}<\/script>\n<!-- \/ Yoast SEO plugin. -->","yoast_head_json":{"title":"D\u00eda Internacional de la eliminaci\u00f3n de la violencia contra la mujer 2018 - La Prensa Cristiana","robots":{"index":"index","follow":"follow","max-snippet":"max-snippet:-1","max-image-preview":"max-image-preview:large","max-video-preview":"max-video-preview:-1"},"canonical":"https:\/\/laprensacristiana.com\/?p=4801","og_locale":"es_ES","og_type":"article","og_title":"D\u00eda Internacional de la eliminaci\u00f3n de la violencia contra la mujer 2018 - La Prensa Cristiana","og_description":"En el a\u00f1o 2009 ONU Mujeres design\u00f3 el 25 de noviembre de cada a\u00f1o para posicionar el tema de erradicar la violencia contra la mujer a nivel mundial, y anima a desarrollar actividades que cumplan con el prop\u00f3sito de sensibilizar la opini\u00f3n p\u00fablica respeto a esta problem\u00e1tica que a\u00fan no ha sido resuelta por los [&hellip;]","og_url":"https:\/\/laprensacristiana.com\/?p=4801","og_site_name":"La Prensa Cristiana","article_published_time":"2018-11-25T19:53:05+00:00","article_modified_time":"2019-02-13T06:57:50+00:00","og_image":[{"width":2560,"height":1428,"url":"https:\/\/laprensacristiana.com\/wp-content\/uploads\/2018\/11\/OPINION-RICARDO-SOSA-01-scaled.jpg","type":"image\/jpeg"}],"author":"EDITOR","twitter_card":"summary_large_image","twitter_misc":{"Escrito por":"EDITOR","Tiempo de lectura":"4 minutos"},"schema":{"@context":"https:\/\/schema.org","@graph":[{"@type":"WebPage","@id":"https:\/\/laprensacristiana.com\/?p=4801","url":"https:\/\/laprensacristiana.com\/?p=4801","name":"D\u00eda Internacional de la eliminaci\u00f3n de la violencia contra la mujer 2018 - La Prensa Cristiana","isPartOf":{"@id":"https:\/\/laprensacristiana.com\/#website"},"datePublished":"2018-11-25T19:53:05+00:00","dateModified":"2019-02-13T06:57:50+00:00","author":{"@id":"https:\/\/laprensacristiana.com\/#\/schema\/person\/3e7d82c6bfd6b1fa67010f8f7cd5256e"},"breadcrumb":{"@id":"https:\/\/laprensacristiana.com\/?p=4801#breadcrumb"},"inLanguage":"es","potentialAction":[{"@type":"ReadAction","target":["https:\/\/laprensacristiana.com\/?p=4801"]}]},{"@type":"BreadcrumbList","@id":"https:\/\/laprensacristiana.com\/?p=4801#breadcrumb","itemListElement":[{"@type":"ListItem","position":1,"name":"Portada","item":"https:\/\/laprensacristiana.com\/"},{"@type":"ListItem","position":2,"name":"D\u00eda Internacional de la eliminaci\u00f3n de la violencia contra la mujer 2018"}]},{"@type":"WebSite","@id":"https:\/\/laprensacristiana.com\/#website","url":"https:\/\/laprensacristiana.com\/","name":"La Prensa Cristiana","description":"Anunciando Las Buenas Nuevas","potentialAction":[{"@type":"SearchAction","target":{"@type":"EntryPoint","urlTemplate":"https:\/\/laprensacristiana.com\/?s={search_term_string}"},"query-input":"required name=search_term_string"}],"inLanguage":"es"},{"@type":"Person","@id":"https:\/\/laprensacristiana.com\/#\/schema\/person\/3e7d82c6bfd6b1fa67010f8f7cd5256e","name":"EDITOR","image":{"@type":"ImageObject","inLanguage":"es","@id":"https:\/\/laprensacristiana.com\/#\/schema\/person\/image\/","url":"https:\/\/secure.gravatar.com\/avatar\/72069dfb6c13772d9e8381e3638666d2?s=96&d=mm&r=g","contentUrl":"https:\/\/secure.gravatar.com\/avatar\/72069dfb6c13772d9e8381e3638666d2?s=96&d=mm&r=g","caption":"EDITOR"},"url":"https:\/\/laprensacristiana.com\/?author=3"}]}},"_links":{"self":[{"href":"https:\/\/laprensacristiana.com\/index.php?rest_route=\/wp\/v2\/posts\/4801"}],"collection":[{"href":"https:\/\/laprensacristiana.com\/index.php?rest_route=\/wp\/v2\/posts"}],"about":[{"href":"https:\/\/laprensacristiana.com\/index.php?rest_route=\/wp\/v2\/types\/post"}],"author":[{"embeddable":true,"href":"https:\/\/laprensacristiana.com\/index.php?rest_route=\/wp\/v2\/users\/3"}],"replies":[{"embeddable":true,"href":"https:\/\/laprensacristiana.com\/index.php?rest_route=%2Fwp%2Fv2%2Fcomments&post=4801"}],"version-history":[{"count":2,"href":"https:\/\/laprensacristiana.com\/index.php?rest_route=\/wp\/v2\/posts\/4801\/revisions"}],"predecessor-version":[{"id":5174,"href":"https:\/\/laprensacristiana.com\/index.php?rest_route=\/wp\/v2\/posts\/4801\/revisions\/5174"}],"wp:featuredmedia":[{"embeddable":true,"href":"https:\/\/laprensacristiana.com\/index.php?rest_route=\/wp\/v2\/media\/4802"}],"wp:attachment":[{"href":"https:\/\/laprensacristiana.com\/index.php?rest_route=%2Fwp%2Fv2%2Fmedia&parent=4801"}],"wp:term":[{"taxonomy":"category","embeddable":true,"href":"https:\/\/laprensacristiana.com\/index.php?rest_route=%2Fwp%2Fv2%2Fcategories&post=4801"},{"taxonomy":"post_tag","embeddable":true,"href":"https:\/\/laprensacristiana.com\/index.php?rest_route=%2Fwp%2Fv2%2Ftags&post=4801"}],"curies":[{"name":"wp","href":"https:\/\/api.w.org\/{rel}","templated":true}]}}