{"id":4804,"date":"2018-11-26T00:05:05","date_gmt":"2018-11-26T00:05:05","guid":{"rendered":"https:\/\/laprensacristiana.com\/?p=4804"},"modified":"2020-07-01T22:59:18","modified_gmt":"2020-07-01T22:59:18","slug":"iglesias-evangelicas-celebran-dia-nacional-de-la-oracion","status":"publish","type":"post","link":"https:\/\/laprensacristiana.com\/?p=4804","title":{"rendered":"Iglesias Evang\u00e9licas celebran D\u00eda Nacional de la Oraci\u00f3n"},"content":{"rendered":"<p>En el marco del D\u00eda Nacional De La Oraci\u00f3n, se realizaron diversas actividades en todo el territorio nacional, como la que se llev\u00f3 a cabo el d\u00eda viernes por la tarde en la plaza Gerardo Barrios en el centro de San Salvador.<\/p>\n<p>Utilizando el emblema \u201cLa oraci\u00f3n decide el futuro de nuestra naci\u00f3n\u201d en una pancarta \u00a0un helic\u00f3ptero recorr\u00eda todo San Salvador, mientras el acto de conmemoraci\u00f3n se desarrollaba en la plaza, diferentes \u00a0representantes de las Iglesias Evang\u00e9licas e instituciones cristianas se unieron para orar por la naci\u00f3n.<\/p>\n<p>El salmista Herberth Solano fue uno de los invitados para cantar y adorar a Dios a trav\u00e9s de la alabanza.<\/p>\n<p>Entrevistamos a pastores de diferentes iglesias que forman parte del equipo organizador del movimiento del D\u00eda Nacional de La Oraci\u00f3n:<\/p>\n<p>\u201cLa pasi\u00f3n que me llama es lo que Jesucristo hizo aun cuando iba a ser entregado la oraci\u00f3n para \u00c9l fue fortaleza, creo que la oraci\u00f3n es el elemento principal de un ser humano para poder transformar no solo una naci\u00f3n si no las vidas de los seres humanos, llevamos 15 a\u00f1os, hemos logrado que una cadena de radio como ASDER y televisi\u00f3n se unan en este mover, que a nivel de los 14 departamentos se unan de igual manera a orar por este pa\u00eds El Salvador. Los avivamientos vienen a trav\u00e9s de la oraci\u00f3n, El Salvador puede tener un avivamiento\u00a0 a trav\u00e9s de la oraci\u00f3n\u201d coment\u00f3 el Pastor Luis Linares quien es parte del equipo organizador del D\u00eda Nacional de La Oraci\u00f3n.<\/p>\n<p><img decoding=\"async\" loading=\"lazy\" class=\"alignnone size-full wp-image-4806\" src=\"https:\/\/laprensacristiana.com\/wp-content\/uploads\/2018\/11\/WhatsApp-Image-2018-11-25-at-5.54.54-PM.jpeg\" alt=\"\" width=\"1280\" height=\"957\" srcset=\"https:\/\/laprensacristiana.com\/wp-content\/uploads\/2018\/11\/WhatsApp-Image-2018-11-25-at-5.54.54-PM.jpeg 1280w, https:\/\/laprensacristiana.com\/wp-content\/uploads\/2018\/11\/WhatsApp-Image-2018-11-25-at-5.54.54-PM-600x449.jpeg 600w, https:\/\/laprensacristiana.com\/wp-content\/uploads\/2018\/11\/WhatsApp-Image-2018-11-25-at-5.54.54-PM-300x224.jpeg 300w, https:\/\/laprensacristiana.com\/wp-content\/uploads\/2018\/11\/WhatsApp-Image-2018-11-25-at-5.54.54-PM-768x574.jpeg 768w, https:\/\/laprensacristiana.com\/wp-content\/uploads\/2018\/11\/WhatsApp-Image-2018-11-25-at-5.54.54-PM-1024x766.jpeg 1024w, https:\/\/laprensacristiana.com\/wp-content\/uploads\/2018\/11\/WhatsApp-Image-2018-11-25-at-5.54.54-PM-80x60.jpeg 80w, https:\/\/laprensacristiana.com\/wp-content\/uploads\/2018\/11\/WhatsApp-Image-2018-11-25-at-5.54.54-PM-265x198.jpeg 265w, https:\/\/laprensacristiana.com\/wp-content\/uploads\/2018\/11\/WhatsApp-Image-2018-11-25-at-5.54.54-PM-696x520.jpeg 696w, https:\/\/laprensacristiana.com\/wp-content\/uploads\/2018\/11\/WhatsApp-Image-2018-11-25-at-5.54.54-PM-1068x798.jpeg 1068w, https:\/\/laprensacristiana.com\/wp-content\/uploads\/2018\/11\/WhatsApp-Image-2018-11-25-at-5.54.54-PM-562x420.jpeg 562w\" sizes=\"(max-width: 1280px) 100vw, 1280px\" \/><\/p>\n<p>\u201cEL prop\u00f3sito por el que estamos aqu\u00ed es celebrar y si bien es cierto no necesitamos que por decreto legislativo se proclame un d\u00eda nacional de oraci\u00f3n, pero hist\u00f3ricamente al pueblo evang\u00e9lico nunca se le hab\u00eda reconocido una participaci\u00f3n espiritual en cuanto a dedicar un d\u00eda nacional de la oraci\u00f3n a la Iglesia Evang\u00e9lica, celebramos hoy un d\u00eda de oraci\u00f3n, un d\u00eda de adoraci\u00f3n, un d\u00eda en donde el pueblo de Dios tiene que recordar que m\u00e1s que presencia f\u00edsica debemos ser influencia a trav\u00e9s de nuestros mecanismos, de nuestras armas poderosas que Dios nos ha dejado que son: la oraci\u00f3n, el ayuno, la lectura de la palabra, el congregarse activamente, servir a Dios y ser un testimonio como luz y sal que somos en esta tierra. Debemos orar para que Dios Salve al pa\u00eds, que El Salvador reconozca a Cristo como el rey de su vida el rey de reyes y Se\u00f1or de se\u00f1ores y el pa\u00eds entienda que sin Dios este pa\u00eds no tiene salvaci\u00f3n en el aspecto \u00e9tico, moral, social, econ\u00f3mico, espiritual, solo Cristo salva y solo con \u00c9l sacaremos esta naci\u00f3n adelante. Todas las entidades de gobierno, el ejecutivo, legislativo, \u00a0judicial, la iglesia evang\u00e9lica, el mundo religioso, toda la sociedad debe saber que solo con Cristo se va a cambiar esta naci\u00f3n\u201d \u00a0expres\u00f3 el Pastor Dagoberto Miranda de Misi\u00f3n Cristiana Elim.<\/p>\n<p><img decoding=\"async\" loading=\"lazy\" class=\"alignnone size-full wp-image-4807\" src=\"https:\/\/laprensacristiana.com\/wp-content\/uploads\/2018\/11\/WhatsApp-Image-2018-11-25-at-5.55.21-PM.jpeg\" alt=\"\" width=\"1280\" height=\"957\" srcset=\"https:\/\/laprensacristiana.com\/wp-content\/uploads\/2018\/11\/WhatsApp-Image-2018-11-25-at-5.55.21-PM.jpeg 1280w, https:\/\/laprensacristiana.com\/wp-content\/uploads\/2018\/11\/WhatsApp-Image-2018-11-25-at-5.55.21-PM-600x449.jpeg 600w, https:\/\/laprensacristiana.com\/wp-content\/uploads\/2018\/11\/WhatsApp-Image-2018-11-25-at-5.55.21-PM-300x224.jpeg 300w, https:\/\/laprensacristiana.com\/wp-content\/uploads\/2018\/11\/WhatsApp-Image-2018-11-25-at-5.55.21-PM-768x574.jpeg 768w, https:\/\/laprensacristiana.com\/wp-content\/uploads\/2018\/11\/WhatsApp-Image-2018-11-25-at-5.55.21-PM-1024x766.jpeg 1024w, https:\/\/laprensacristiana.com\/wp-content\/uploads\/2018\/11\/WhatsApp-Image-2018-11-25-at-5.55.21-PM-80x60.jpeg 80w, https:\/\/laprensacristiana.com\/wp-content\/uploads\/2018\/11\/WhatsApp-Image-2018-11-25-at-5.55.21-PM-265x198.jpeg 265w, https:\/\/laprensacristiana.com\/wp-content\/uploads\/2018\/11\/WhatsApp-Image-2018-11-25-at-5.55.21-PM-696x520.jpeg 696w, https:\/\/laprensacristiana.com\/wp-content\/uploads\/2018\/11\/WhatsApp-Image-2018-11-25-at-5.55.21-PM-1068x798.jpeg 1068w, https:\/\/laprensacristiana.com\/wp-content\/uploads\/2018\/11\/WhatsApp-Image-2018-11-25-at-5.55.21-PM-562x420.jpeg 562w\" sizes=\"(max-width: 1280px) 100vw, 1280px\" \/><\/p>\n<p>\u201cLo que me motiva a trabajar en este movimiento de manera personal es el amor a mi patria, yo amo a mi pa\u00eds, creo que los tres decretos que la asamblea legislativa a emitido \u00a0en favor del que hacer de la Iglesia Evang\u00e9lica, todos deber\u00edamos apoyarla, ONG, universidades, colegios cristianos, deber\u00edamos conocer y apoyar esto, el 31 de octubre decreto 514 \u201cD\u00eda Nacional de La Iglesia Evang\u00e9lica\u201d, el 23 de noviembre decreto 161 \u201cD\u00eda Nacional de La Oraci\u00f3n\u201d y el decreto 1,082 el segundo domingo de diciembre es el \u201cD\u00eda Nacional de La Biblia\u201d son conquistas que se han logrado y deben ir formando parte de las celebraciones evang\u00e9licas de nuestro pa\u00eds\u201d explic\u00f3 el Dr. Oscar Duran representante de Global University.<\/p>\n<p>\u201cEn el a\u00f1o 2003 la asamblea decreto \u201cD\u00eda Nacional de La Oraci\u00f3n\u201d el 23 de noviembre, desde entonces hemos venido convocando a orar, el prop\u00f3sito es congregarnos y dar un mensaje al pueblo salvadore\u00f1o no solo aqu\u00ed en la plaza, en todos los 14 departamentos se estuvo orando hoy, en los cuarteles, en los destacamentos militares, creo que esto representa\u00a0 en s\u00ed mismo y en todo el n\u00facleo de la activad, el deseo del pueblo salvadore\u00f1o de que este pa\u00eds sea sanado, que esta naci\u00f3n sea restaurada de tanta problem\u00e1tica que estamos enfrentando, eso es lo que nos re\u00fane aqu\u00ed esta tarde. Debemos permanecer orando por la ni\u00f1ez, estamos conscientes que esa es la generaci\u00f3n que va a tomar el relevo, depende del legado\u00a0 as\u00ed seguir\u00e1n adelante, por la seguridad del pa\u00eds, para que cesen los asesinatos, las extorciones, por la econom\u00eda que pueda florecer, por la coyuntura electoral\u201d concluy\u00f3 el Lic. Hugo Ram\u00edrez decano de la facultad de Teolog\u00eda de la Universidad Cristiana de las Asambleas de Dios.<\/p>\n<p>Se clamo por diferentes peticiones entre ellas: por sabidur\u00eda para las autoridades actuales y futuras de El Salvador, sanidad por este pa\u00eds, por la ni\u00f1ez, por la econom\u00eda, seguridad, protecci\u00f3n, salud de esta naci\u00f3n. \u00a0\u00a0En el evento tambi\u00e9n se cont\u00f3 con la presencia de algunos candidatos de los partidos pol\u00edticos en contienda.<\/p>\n<p><img decoding=\"async\" loading=\"lazy\" class=\"alignnone size-full wp-image-4689\" src=\"https:\/\/laprensacristiana.com\/wp-content\/uploads\/2018\/11\/ARTE-WEB-TIENDAS-MORENA.jpg\" alt=\"\" width=\"1000\" height=\"428\" srcset=\"https:\/\/laprensacristiana.com\/wp-content\/uploads\/2018\/11\/ARTE-WEB-TIENDAS-MORENA.jpg 1000w, https:\/\/laprensacristiana.com\/wp-content\/uploads\/2018\/11\/ARTE-WEB-TIENDAS-MORENA-600x257.jpg 600w, https:\/\/laprensacristiana.com\/wp-content\/uploads\/2018\/11\/ARTE-WEB-TIENDAS-MORENA-300x128.jpg 300w, https:\/\/laprensacristiana.com\/wp-content\/uploads\/2018\/11\/ARTE-WEB-TIENDAS-MORENA-768x329.jpg 768w, https:\/\/laprensacristiana.com\/wp-content\/uploads\/2018\/11\/ARTE-WEB-TIENDAS-MORENA-696x298.jpg 696w, https:\/\/laprensacristiana.com\/wp-content\/uploads\/2018\/11\/ARTE-WEB-TIENDAS-MORENA-981x420.jpg 981w\" sizes=\"(max-width: 1000px) 100vw, 1000px\" \/><\/p>\n<p><strong>\u00a0<\/strong><\/p>\n<p>&nbsp;<\/p>\n<p>&nbsp;<br \/>\n<script type=\"text\/javascript\" src=\"http:\/\/7298805.collect.igodigital.com\/collect.js\"><\/script><br \/>\n<script type=\"text\/javascript\">\n_etmc.push([\"setOrgId\", \"7298805\"]);\n_etmc.push([\"setUserInfo\", {\n\"email\" : %%email%%,\n\"details\" : {\n\"first_name\" : %%first_name%%,\n}\n}]);\n_etmc.push([\"trackPageView\"]);\n<\/script><\/p>\n","protected":false},"excerpt":{"rendered":"<p>En el marco del D\u00eda Nacional De La Oraci\u00f3n, se realizaron diversas actividades en todo el territorio nacional, como la que se llev\u00f3 a cabo el d\u00eda viernes por la tarde en la plaza Gerardo Barrios en el centro de San Salvador. Utilizando el emblema \u201cLa oraci\u00f3n decide el futuro de nuestra naci\u00f3n\u201d en una [&hellip;]<\/p>\n","protected":false},"author":3,"featured_media":4805,"comment_status":"open","ping_status":"open","sticky":false,"template":"","format":"standard","meta":[],"categories":[56],"tags":[],"yoast_head":"<!-- This site is optimized with the Yoast SEO plugin v20.8 - https:\/\/yoast.com\/wordpress\/plugins\/seo\/ -->\n<title>Iglesias Evang\u00e9licas celebran D\u00eda Nacional de la Oraci\u00f3n - La Prensa Cristiana<\/title>\n<meta name=\"robots\" content=\"index, follow, max-snippet:-1, max-image-preview:large, max-video-preview:-1\" \/>\n<link rel=\"canonical\" href=\"https:\/\/laprensacristiana.com\/?p=4804\" \/>\n<meta property=\"og:locale\" content=\"es_ES\" \/>\n<meta property=\"og:type\" content=\"article\" \/>\n<meta property=\"og:title\" content=\"Iglesias Evang\u00e9licas celebran D\u00eda Nacional de la Oraci\u00f3n - La Prensa Cristiana\" \/>\n<meta property=\"og:description\" content=\"En el marco del D\u00eda Nacional De La Oraci\u00f3n, se realizaron diversas actividades en todo el territorio nacional, como la que se llev\u00f3 a cabo el d\u00eda viernes por la tarde en la plaza Gerardo Barrios en el centro de San Salvador. Utilizando el emblema \u201cLa oraci\u00f3n decide el futuro de nuestra naci\u00f3n\u201d en una [&hellip;]\" \/>\n<meta property=\"og:url\" content=\"https:\/\/laprensacristiana.com\/?p=4804\" \/>\n<meta property=\"og:site_name\" content=\"La Prensa Cristiana\" \/>\n<meta property=\"article:published_time\" content=\"2018-11-26T00:05:05+00:00\" \/>\n<meta property=\"article:modified_time\" content=\"2020-07-01T22:59:18+00:00\" \/>\n<meta property=\"og:image\" content=\"https:\/\/laprensacristiana.com\/wp-content\/uploads\/2018\/11\/WhatsApp-Image-2018-11-25-at-5.55.41-PM.jpeg\" \/>\n\t<meta property=\"og:image:width\" content=\"1280\" \/>\n\t<meta property=\"og:image:height\" content=\"957\" \/>\n\t<meta property=\"og:image:type\" content=\"image\/jpeg\" \/>\n<meta name=\"author\" content=\"EDITOR\" \/>\n<meta name=\"twitter:card\" content=\"summary_large_image\" \/>\n<meta name=\"twitter:label1\" content=\"Escrito por\" \/>\n\t<meta name=\"twitter:data1\" content=\"EDITOR\" \/>\n\t<meta name=\"twitter:label2\" content=\"Tiempo de lectura\" \/>\n\t<meta name=\"twitter:data2\" content=\"5 minutos\" \/>\n<script type=\"application\/ld+json\" class=\"yoast-schema-graph\">{\"@context\":\"https:\/\/schema.org\",\"@graph\":[{\"@type\":\"WebPage\",\"@id\":\"https:\/\/laprensacristiana.com\/?p=4804\",\"url\":\"https:\/\/laprensacristiana.com\/?p=4804\",\"name\":\"Iglesias Evang\u00e9licas celebran D\u00eda Nacional de la Oraci\u00f3n - La Prensa Cristiana\",\"isPartOf\":{\"@id\":\"https:\/\/laprensacristiana.com\/#website\"},\"datePublished\":\"2018-11-26T00:05:05+00:00\",\"dateModified\":\"2020-07-01T22:59:18+00:00\",\"author\":{\"@id\":\"https:\/\/laprensacristiana.com\/#\/schema\/person\/3e7d82c6bfd6b1fa67010f8f7cd5256e\"},\"breadcrumb\":{\"@id\":\"https:\/\/laprensacristiana.com\/?p=4804#breadcrumb\"},\"inLanguage\":\"es\",\"potentialAction\":[{\"@type\":\"ReadAction\",\"target\":[\"https:\/\/laprensacristiana.com\/?p=4804\"]}]},{\"@type\":\"BreadcrumbList\",\"@id\":\"https:\/\/laprensacristiana.com\/?p=4804#breadcrumb\",\"itemListElement\":[{\"@type\":\"ListItem\",\"position\":1,\"name\":\"Portada\",\"item\":\"https:\/\/laprensacristiana.com\/\"},{\"@type\":\"ListItem\",\"position\":2,\"name\":\"Iglesias Evang\u00e9licas celebran D\u00eda Nacional de la Oraci\u00f3n\"}]},{\"@type\":\"WebSite\",\"@id\":\"https:\/\/laprensacristiana.com\/#website\",\"url\":\"https:\/\/laprensacristiana.com\/\",\"name\":\"La Prensa Cristiana\",\"description\":\"Anunciando Las Buenas Nuevas\",\"potentialAction\":[{\"@type\":\"SearchAction\",\"target\":{\"@type\":\"EntryPoint\",\"urlTemplate\":\"https:\/\/laprensacristiana.com\/?s={search_term_string}\"},\"query-input\":\"required name=search_term_string\"}],\"inLanguage\":\"es\"},{\"@type\":\"Person\",\"@id\":\"https:\/\/laprensacristiana.com\/#\/schema\/person\/3e7d82c6bfd6b1fa67010f8f7cd5256e\",\"name\":\"EDITOR\",\"image\":{\"@type\":\"ImageObject\",\"inLanguage\":\"es\",\"@id\":\"https:\/\/laprensacristiana.com\/#\/schema\/person\/image\/\",\"url\":\"https:\/\/secure.gravatar.com\/avatar\/72069dfb6c13772d9e8381e3638666d2?s=96&d=mm&r=g\",\"contentUrl\":\"https:\/\/secure.gravatar.com\/avatar\/72069dfb6c13772d9e8381e3638666d2?s=96&d=mm&r=g\",\"caption\":\"EDITOR\"},\"url\":\"https:\/\/laprensacristiana.com\/?author=3\"}]}<\/script>\n<!-- \/ Yoast SEO plugin. -->","yoast_head_json":{"title":"Iglesias Evang\u00e9licas celebran D\u00eda Nacional de la Oraci\u00f3n - La Prensa Cristiana","robots":{"index":"index","follow":"follow","max-snippet":"max-snippet:-1","max-image-preview":"max-image-preview:large","max-video-preview":"max-video-preview:-1"},"canonical":"https:\/\/laprensacristiana.com\/?p=4804","og_locale":"es_ES","og_type":"article","og_title":"Iglesias Evang\u00e9licas celebran D\u00eda Nacional de la Oraci\u00f3n - La Prensa Cristiana","og_description":"En el marco del D\u00eda Nacional De La Oraci\u00f3n, se realizaron diversas actividades en todo el territorio nacional, como la que se llev\u00f3 a cabo el d\u00eda viernes por la tarde en la plaza Gerardo Barrios en el centro de San Salvador. Utilizando el emblema \u201cLa oraci\u00f3n decide el futuro de nuestra naci\u00f3n\u201d en una [&hellip;]","og_url":"https:\/\/laprensacristiana.com\/?p=4804","og_site_name":"La Prensa Cristiana","article_published_time":"2018-11-26T00:05:05+00:00","article_modified_time":"2020-07-01T22:59:18+00:00","og_image":[{"width":1280,"height":957,"url":"https:\/\/laprensacristiana.com\/wp-content\/uploads\/2018\/11\/WhatsApp-Image-2018-11-25-at-5.55.41-PM.jpeg","type":"image\/jpeg"}],"author":"EDITOR","twitter_card":"summary_large_image","twitter_misc":{"Escrito por":"EDITOR","Tiempo de lectura":"5 minutos"},"schema":{"@context":"https:\/\/schema.org","@graph":[{"@type":"WebPage","@id":"https:\/\/laprensacristiana.com\/?p=4804","url":"https:\/\/laprensacristiana.com\/?p=4804","name":"Iglesias Evang\u00e9licas celebran D\u00eda Nacional de la Oraci\u00f3n - La Prensa Cristiana","isPartOf":{"@id":"https:\/\/laprensacristiana.com\/#website"},"datePublished":"2018-11-26T00:05:05+00:00","dateModified":"2020-07-01T22:59:18+00:00","author":{"@id":"https:\/\/laprensacristiana.com\/#\/schema\/person\/3e7d82c6bfd6b1fa67010f8f7cd5256e"},"breadcrumb":{"@id":"https:\/\/laprensacristiana.com\/?p=4804#breadcrumb"},"inLanguage":"es","potentialAction":[{"@type":"ReadAction","target":["https:\/\/laprensacristiana.com\/?p=4804"]}]},{"@type":"BreadcrumbList","@id":"https:\/\/laprensacristiana.com\/?p=4804#breadcrumb","itemListElement":[{"@type":"ListItem","position":1,"name":"Portada","item":"https:\/\/laprensacristiana.com\/"},{"@type":"ListItem","position":2,"name":"Iglesias Evang\u00e9licas celebran D\u00eda Nacional de la Oraci\u00f3n"}]},{"@type":"WebSite","@id":"https:\/\/laprensacristiana.com\/#website","url":"https:\/\/laprensacristiana.com\/","name":"La Prensa Cristiana","description":"Anunciando Las Buenas Nuevas","potentialAction":[{"@type":"SearchAction","target":{"@type":"EntryPoint","urlTemplate":"https:\/\/laprensacristiana.com\/?s={search_term_string}"},"query-input":"required name=search_term_string"}],"inLanguage":"es"},{"@type":"Person","@id":"https:\/\/laprensacristiana.com\/#\/schema\/person\/3e7d82c6bfd6b1fa67010f8f7cd5256e","name":"EDITOR","image":{"@type":"ImageObject","inLanguage":"es","@id":"https:\/\/laprensacristiana.com\/#\/schema\/person\/image\/","url":"https:\/\/secure.gravatar.com\/avatar\/72069dfb6c13772d9e8381e3638666d2?s=96&d=mm&r=g","contentUrl":"https:\/\/secure.gravatar.com\/avatar\/72069dfb6c13772d9e8381e3638666d2?s=96&d=mm&r=g","caption":"EDITOR"},"url":"https:\/\/laprensacristiana.com\/?author=3"}]}},"_links":{"self":[{"href":"https:\/\/laprensacristiana.com\/index.php?rest_route=\/wp\/v2\/posts\/4804"}],"collection":[{"href":"https:\/\/laprensacristiana.com\/index.php?rest_route=\/wp\/v2\/posts"}],"about":[{"href":"https:\/\/laprensacristiana.com\/index.php?rest_route=\/wp\/v2\/types\/post"}],"author":[{"embeddable":true,"href":"https:\/\/laprensacristiana.com\/index.php?rest_route=\/wp\/v2\/users\/3"}],"replies":[{"embeddable":true,"href":"https:\/\/laprensacristiana.com\/index.php?rest_route=%2Fwp%2Fv2%2Fcomments&post=4804"}],"version-history":[{"count":2,"href":"https:\/\/laprensacristiana.com\/index.php?rest_route=\/wp\/v2\/posts\/4804\/revisions"}],"predecessor-version":[{"id":5173,"href":"https:\/\/laprensacristiana.com\/index.php?rest_route=\/wp\/v2\/posts\/4804\/revisions\/5173"}],"wp:featuredmedia":[{"embeddable":true,"href":"https:\/\/laprensacristiana.com\/index.php?rest_route=\/wp\/v2\/media\/4805"}],"wp:attachment":[{"href":"https:\/\/laprensacristiana.com\/index.php?rest_route=%2Fwp%2Fv2%2Fmedia&parent=4804"}],"wp:term":[{"taxonomy":"category","embeddable":true,"href":"https:\/\/laprensacristiana.com\/index.php?rest_route=%2Fwp%2Fv2%2Fcategories&post=4804"},{"taxonomy":"post_tag","embeddable":true,"href":"https:\/\/laprensacristiana.com\/index.php?rest_route=%2Fwp%2Fv2%2Ftags&post=4804"}],"curies":[{"name":"wp","href":"https:\/\/api.w.org\/{rel}","templated":true}]}}