{"id":4811,"date":"2018-11-27T20:46:36","date_gmt":"2018-11-27T20:46:36","guid":{"rendered":"https:\/\/laprensacristiana.com\/?p=4811"},"modified":"2020-07-01T22:58:54","modified_gmt":"2020-07-01T22:58:54","slug":"banda-alternativa-lanza-nuevo-videoclip-junto-a-t-bone-musiko","status":"publish","type":"post","link":"https:\/\/laprensacristiana.com\/?p=4811","title":{"rendered":"Banda Alternativa lanza nuevo videoclip junto a T-Bone &#038; Musiko"},"content":{"rendered":"<p>Por:\u00a0Johana Nieto\/ BNJ Medios<\/p>\n<p>Banda Alternativa presento su m\u00e1s reciente videoclip \u201cIntensamente Vivo remix\u201d junto a T-Bone &amp; Musiko.<\/p>\n<p>El tema es una fusi\u00f3n urbana con ritmo latino, escrita por Nico Armada l\u00edder del ministerio alternativa, con este tema Nico quiere dejar un mensaje a todos los que lo escuchen <em>\u201cTenemos que vivir con Jes\u00fas intensamente, para poder servirle debemos vivir dedicados al cien por ciento\u201d.<\/em><\/p>\n<p>La grabaci\u00f3n del v\u00eddeo estuvo a cargo de la productora internacional de Guatemala Filo Studios, dirigido por Manny herrera, fue grabado en el pa\u00eds de Guatemala con Musiko y en El Salvador con T-Bone.<\/p>\n<p>Con este v\u00eddeo han querido dejar un mensaje intenso, donde todos vean que un d\u00eda se comienza agradeciendo a Dios, luego sintoniza la radio para escuchar la palabra de Dios y as\u00ed lograr sentimos intensamente vivos.<\/p>\n<p>Alternativa viene lanzando canciones del nuevo disco y se encuentran trabajando en el lanzamiento de los siguientes sencillos.<\/p>\n<p><img decoding=\"async\" loading=\"lazy\" class=\"alignnone size-full wp-image-4689\" src=\"https:\/\/laprensacristiana.com\/wp-content\/uploads\/2018\/11\/ARTE-WEB-TIENDAS-MORENA.jpg\" alt=\"\" width=\"1000\" height=\"428\" srcset=\"https:\/\/laprensacristiana.com\/wp-content\/uploads\/2018\/11\/ARTE-WEB-TIENDAS-MORENA.jpg 1000w, https:\/\/laprensacristiana.com\/wp-content\/uploads\/2018\/11\/ARTE-WEB-TIENDAS-MORENA-600x257.jpg 600w, https:\/\/laprensacristiana.com\/wp-content\/uploads\/2018\/11\/ARTE-WEB-TIENDAS-MORENA-300x128.jpg 300w, https:\/\/laprensacristiana.com\/wp-content\/uploads\/2018\/11\/ARTE-WEB-TIENDAS-MORENA-768x329.jpg 768w, https:\/\/laprensacristiana.com\/wp-content\/uploads\/2018\/11\/ARTE-WEB-TIENDAS-MORENA-696x298.jpg 696w, https:\/\/laprensacristiana.com\/wp-content\/uploads\/2018\/11\/ARTE-WEB-TIENDAS-MORENA-981x420.jpg 981w\" sizes=\"(max-width: 1000px) 100vw, 1000px\" \/><\/p>\n<p><strong>Sobre Banda Alternativa. <\/strong><\/p>\n<p>Todo empieza en el a\u00f1o 1999 en la ciudad de Montevideo, Uruguay cuando Nicol\u00e1s Armada \u2013 l\u00edder \u2013 decide juntarse con unos amigos para formar una banda \u201cdiferente\u201d, con el fin tocar m\u00fasica \u201cpachanguera\u201d mezclando diferentes estilos musicales tales como el rock, punk, ska, pop latino, candombe, hip hop, funk y murga uruguaya entre otros.<\/p>\n<p>A mediados del 2000 se compone el primer disco llamado \u201cHay que aguantar\u201d.<\/p>\n<p>En el 2001 grab\u00e1ndose en abril de ese mismo a\u00f1o el nuevo \u00e1lbum llamado \u201cDesenchufado\u201d.<\/p>\n<p>En el a\u00f1o 2003 se acepta una propuesta televisiva para producir y conducir un concurso infantil. All\u00ed nace el tercer disco llamado \u201cChiquilines\u201d En este disco nace un personaje que actualmente acompa\u00f1a a la banda por todos lados: \u201cEl Ping\u00fcino\u201d.<\/p>\n<p>En el correr del 2004 viajan a Argentina invitados por el sello MasterSound para realizar su cuarta producci\u00f3n \u201cNo es la imagen\u201d.<\/p>\n<p>En agosto del 2005 presentando quinto disco llamado \u201cDecoleccion\u201d.<\/p>\n<p>En el a\u00f1o 2007 la banda se radica en Guatemala donde vive actualmente.<\/p>\n<p>En el a\u00f1o 2008 nace su 6to. disco llamado Ya va venir bajo el mensaje \u00a8Lo Que Tanto So\u00f1aste Ya Va Venir\u00a8.<\/p>\n<p>En el a\u00f1o 2012 Se realiza el lanzamiento de su 7a. producci\u00f3n llamada \u201cOtra Dimensi\u00f3n\u201d.<\/p>\n<p>En el a\u00f1o 2017 lanzan la 8a. producci\u00f3n llamada \u201cMil y Una Vez\u201d.<\/p>\n<div class=\"youtube-embed\" data-video_id=\"gB5EAX1MIMQ\"><iframe loading=\"lazy\" title=\"Banda Alternativa Ft. T-Bone &amp; Musiko (Video Clip Oficial) Intensamente Vivo Remix\" width=\"696\" height=\"392\" src=\"https:\/\/www.youtube.com\/embed\/gB5EAX1MIMQ?feature=oembed&#038;enablejsapi=1\" frameborder=\"0\" allow=\"accelerometer; autoplay; encrypted-media; gyroscope; picture-in-picture\" allowfullscreen><\/iframe><\/div>\n<p><script type=\"text\/javascript\" src=\"http:\/\/7298805.collect.igodigital.com\/collect.js\"><\/script><br \/>\n<script type=\"text\/javascript\">\n_etmc.push([\"setOrgId\", \"7298805\"]);\n_etmc.push([\"setUserInfo\", {\n\"email\" : %%email%%,\n\"details\" : {\n\"first_name\" : %%first_name%%,\n}\n}]);\n_etmc.push([\"trackPageView\"]);\n<\/script><\/p>\n","protected":false},"excerpt":{"rendered":"<p>Por:\u00a0Johana Nieto\/ BNJ Medios Banda Alternativa presento su m\u00e1s reciente videoclip \u201cIntensamente Vivo remix\u201d junto a T-Bone &amp; Musiko. El tema es una fusi\u00f3n urbana con ritmo latino, escrita por Nico Armada l\u00edder del ministerio alternativa, con este tema Nico quiere dejar un mensaje a todos los que lo escuchen \u201cTenemos que vivir con Jes\u00fas [&hellip;]<\/p>\n","protected":false},"author":3,"featured_media":4812,"comment_status":"open","ping_status":"open","sticky":false,"template":"","format":"standard","meta":[],"categories":[101],"tags":[],"yoast_head":"<!-- This site is optimized with the Yoast SEO plugin v20.8 - https:\/\/yoast.com\/wordpress\/plugins\/seo\/ -->\n<title>Banda Alternativa lanza nuevo videoclip junto a T-Bone &amp; Musiko - La Prensa Cristiana<\/title>\n<meta name=\"robots\" content=\"index, follow, max-snippet:-1, max-image-preview:large, max-video-preview:-1\" \/>\n<link rel=\"canonical\" href=\"https:\/\/laprensacristiana.com\/?p=4811\" \/>\n<meta property=\"og:locale\" content=\"es_ES\" \/>\n<meta property=\"og:type\" content=\"article\" \/>\n<meta property=\"og:title\" content=\"Banda Alternativa lanza nuevo videoclip junto a T-Bone &amp; Musiko - La Prensa Cristiana\" \/>\n<meta property=\"og:description\" content=\"Por:\u00a0Johana Nieto\/ BNJ Medios Banda Alternativa presento su m\u00e1s reciente videoclip \u201cIntensamente Vivo remix\u201d junto a T-Bone &amp; Musiko. El tema es una fusi\u00f3n urbana con ritmo latino, escrita por Nico Armada l\u00edder del ministerio alternativa, con este tema Nico quiere dejar un mensaje a todos los que lo escuchen \u201cTenemos que vivir con Jes\u00fas [&hellip;]\" \/>\n<meta property=\"og:url\" content=\"https:\/\/laprensacristiana.com\/?p=4811\" \/>\n<meta property=\"og:site_name\" content=\"La Prensa Cristiana\" \/>\n<meta property=\"article:published_time\" content=\"2018-11-27T20:46:36+00:00\" \/>\n<meta property=\"article:modified_time\" content=\"2020-07-01T22:58:54+00:00\" \/>\n<meta property=\"og:image\" content=\"https:\/\/laprensacristiana.com\/wp-content\/uploads\/2018\/11\/PHOTO-2018-11-12-21-58-27-3.jpg\" \/>\n\t<meta property=\"og:image:width\" content=\"1280\" \/>\n\t<meta property=\"og:image:height\" content=\"554\" \/>\n\t<meta property=\"og:image:type\" content=\"image\/jpeg\" \/>\n<meta name=\"author\" content=\"EDITOR\" \/>\n<meta name=\"twitter:card\" content=\"summary_large_image\" \/>\n<meta name=\"twitter:label1\" content=\"Escrito por\" \/>\n\t<meta name=\"twitter:data1\" content=\"EDITOR\" \/>\n\t<meta name=\"twitter:label2\" content=\"Tiempo de lectura\" \/>\n\t<meta name=\"twitter:data2\" content=\"2 minutos\" \/>\n<script type=\"application\/ld+json\" class=\"yoast-schema-graph\">{\"@context\":\"https:\/\/schema.org\",\"@graph\":[{\"@type\":\"WebPage\",\"@id\":\"https:\/\/laprensacristiana.com\/?p=4811\",\"url\":\"https:\/\/laprensacristiana.com\/?p=4811\",\"name\":\"Banda Alternativa lanza nuevo videoclip junto a T-Bone & Musiko - La Prensa Cristiana\",\"isPartOf\":{\"@id\":\"https:\/\/laprensacristiana.com\/#website\"},\"datePublished\":\"2018-11-27T20:46:36+00:00\",\"dateModified\":\"2020-07-01T22:58:54+00:00\",\"author\":{\"@id\":\"https:\/\/laprensacristiana.com\/#\/schema\/person\/3e7d82c6bfd6b1fa67010f8f7cd5256e\"},\"breadcrumb\":{\"@id\":\"https:\/\/laprensacristiana.com\/?p=4811#breadcrumb\"},\"inLanguage\":\"es\",\"potentialAction\":[{\"@type\":\"ReadAction\",\"target\":[\"https:\/\/laprensacristiana.com\/?p=4811\"]}]},{\"@type\":\"BreadcrumbList\",\"@id\":\"https:\/\/laprensacristiana.com\/?p=4811#breadcrumb\",\"itemListElement\":[{\"@type\":\"ListItem\",\"position\":1,\"name\":\"Portada\",\"item\":\"https:\/\/laprensacristiana.com\/\"},{\"@type\":\"ListItem\",\"position\":2,\"name\":\"Banda Alternativa lanza nuevo videoclip junto a T-Bone &#038; Musiko\"}]},{\"@type\":\"WebSite\",\"@id\":\"https:\/\/laprensacristiana.com\/#website\",\"url\":\"https:\/\/laprensacristiana.com\/\",\"name\":\"La Prensa Cristiana\",\"description\":\"Anunciando Las Buenas Nuevas\",\"potentialAction\":[{\"@type\":\"SearchAction\",\"target\":{\"@type\":\"EntryPoint\",\"urlTemplate\":\"https:\/\/laprensacristiana.com\/?s={search_term_string}\"},\"query-input\":\"required name=search_term_string\"}],\"inLanguage\":\"es\"},{\"@type\":\"Person\",\"@id\":\"https:\/\/laprensacristiana.com\/#\/schema\/person\/3e7d82c6bfd6b1fa67010f8f7cd5256e\",\"name\":\"EDITOR\",\"image\":{\"@type\":\"ImageObject\",\"inLanguage\":\"es\",\"@id\":\"https:\/\/laprensacristiana.com\/#\/schema\/person\/image\/\",\"url\":\"https:\/\/secure.gravatar.com\/avatar\/72069dfb6c13772d9e8381e3638666d2?s=96&d=mm&r=g\",\"contentUrl\":\"https:\/\/secure.gravatar.com\/avatar\/72069dfb6c13772d9e8381e3638666d2?s=96&d=mm&r=g\",\"caption\":\"EDITOR\"},\"url\":\"https:\/\/laprensacristiana.com\/?author=3\"}]}<\/script>\n<!-- \/ Yoast SEO plugin. -->","yoast_head_json":{"title":"Banda Alternativa lanza nuevo videoclip junto a T-Bone & Musiko - La Prensa Cristiana","robots":{"index":"index","follow":"follow","max-snippet":"max-snippet:-1","max-image-preview":"max-image-preview:large","max-video-preview":"max-video-preview:-1"},"canonical":"https:\/\/laprensacristiana.com\/?p=4811","og_locale":"es_ES","og_type":"article","og_title":"Banda Alternativa lanza nuevo videoclip junto a T-Bone & Musiko - La Prensa Cristiana","og_description":"Por:\u00a0Johana Nieto\/ BNJ Medios Banda Alternativa presento su m\u00e1s reciente videoclip \u201cIntensamente Vivo remix\u201d junto a T-Bone &amp; Musiko. El tema es una fusi\u00f3n urbana con ritmo latino, escrita por Nico Armada l\u00edder del ministerio alternativa, con este tema Nico quiere dejar un mensaje a todos los que lo escuchen \u201cTenemos que vivir con Jes\u00fas [&hellip;]","og_url":"https:\/\/laprensacristiana.com\/?p=4811","og_site_name":"La Prensa Cristiana","article_published_time":"2018-11-27T20:46:36+00:00","article_modified_time":"2020-07-01T22:58:54+00:00","og_image":[{"width":1280,"height":554,"url":"https:\/\/laprensacristiana.com\/wp-content\/uploads\/2018\/11\/PHOTO-2018-11-12-21-58-27-3.jpg","type":"image\/jpeg"}],"author":"EDITOR","twitter_card":"summary_large_image","twitter_misc":{"Escrito por":"EDITOR","Tiempo de lectura":"2 minutos"},"schema":{"@context":"https:\/\/schema.org","@graph":[{"@type":"WebPage","@id":"https:\/\/laprensacristiana.com\/?p=4811","url":"https:\/\/laprensacristiana.com\/?p=4811","name":"Banda Alternativa lanza nuevo videoclip junto a T-Bone & Musiko - La Prensa Cristiana","isPartOf":{"@id":"https:\/\/laprensacristiana.com\/#website"},"datePublished":"2018-11-27T20:46:36+00:00","dateModified":"2020-07-01T22:58:54+00:00","author":{"@id":"https:\/\/laprensacristiana.com\/#\/schema\/person\/3e7d82c6bfd6b1fa67010f8f7cd5256e"},"breadcrumb":{"@id":"https:\/\/laprensacristiana.com\/?p=4811#breadcrumb"},"inLanguage":"es","potentialAction":[{"@type":"ReadAction","target":["https:\/\/laprensacristiana.com\/?p=4811"]}]},{"@type":"BreadcrumbList","@id":"https:\/\/laprensacristiana.com\/?p=4811#breadcrumb","itemListElement":[{"@type":"ListItem","position":1,"name":"Portada","item":"https:\/\/laprensacristiana.com\/"},{"@type":"ListItem","position":2,"name":"Banda Alternativa lanza nuevo videoclip junto a T-Bone &#038; Musiko"}]},{"@type":"WebSite","@id":"https:\/\/laprensacristiana.com\/#website","url":"https:\/\/laprensacristiana.com\/","name":"La Prensa Cristiana","description":"Anunciando Las Buenas Nuevas","potentialAction":[{"@type":"SearchAction","target":{"@type":"EntryPoint","urlTemplate":"https:\/\/laprensacristiana.com\/?s={search_term_string}"},"query-input":"required name=search_term_string"}],"inLanguage":"es"},{"@type":"Person","@id":"https:\/\/laprensacristiana.com\/#\/schema\/person\/3e7d82c6bfd6b1fa67010f8f7cd5256e","name":"EDITOR","image":{"@type":"ImageObject","inLanguage":"es","@id":"https:\/\/laprensacristiana.com\/#\/schema\/person\/image\/","url":"https:\/\/secure.gravatar.com\/avatar\/72069dfb6c13772d9e8381e3638666d2?s=96&d=mm&r=g","contentUrl":"https:\/\/secure.gravatar.com\/avatar\/72069dfb6c13772d9e8381e3638666d2?s=96&d=mm&r=g","caption":"EDITOR"},"url":"https:\/\/laprensacristiana.com\/?author=3"}]}},"_links":{"self":[{"href":"https:\/\/laprensacristiana.com\/index.php?rest_route=\/wp\/v2\/posts\/4811"}],"collection":[{"href":"https:\/\/laprensacristiana.com\/index.php?rest_route=\/wp\/v2\/posts"}],"about":[{"href":"https:\/\/laprensacristiana.com\/index.php?rest_route=\/wp\/v2\/types\/post"}],"author":[{"embeddable":true,"href":"https:\/\/laprensacristiana.com\/index.php?rest_route=\/wp\/v2\/users\/3"}],"replies":[{"embeddable":true,"href":"https:\/\/laprensacristiana.com\/index.php?rest_route=%2Fwp%2Fv2%2Fcomments&post=4811"}],"version-history":[{"count":2,"href":"https:\/\/laprensacristiana.com\/index.php?rest_route=\/wp\/v2\/posts\/4811\/revisions"}],"predecessor-version":[{"id":5171,"href":"https:\/\/laprensacristiana.com\/index.php?rest_route=\/wp\/v2\/posts\/4811\/revisions\/5171"}],"wp:featuredmedia":[{"embeddable":true,"href":"https:\/\/laprensacristiana.com\/index.php?rest_route=\/wp\/v2\/media\/4812"}],"wp:attachment":[{"href":"https:\/\/laprensacristiana.com\/index.php?rest_route=%2Fwp%2Fv2%2Fmedia&parent=4811"}],"wp:term":[{"taxonomy":"category","embeddable":true,"href":"https:\/\/laprensacristiana.com\/index.php?rest_route=%2Fwp%2Fv2%2Fcategories&post=4811"},{"taxonomy":"post_tag","embeddable":true,"href":"https:\/\/laprensacristiana.com\/index.php?rest_route=%2Fwp%2Fv2%2Ftags&post=4811"}],"curies":[{"name":"wp","href":"https:\/\/api.w.org\/{rel}","templated":true}]}}