{"id":4814,"date":"2018-11-27T21:26:24","date_gmt":"2018-11-27T21:26:24","guid":{"rendered":"https:\/\/laprensacristiana.com\/?p=4814"},"modified":"2020-07-01T22:58:35","modified_gmt":"2020-07-01T22:58:35","slug":"apesoy-celebro-el-dia-nacional-de-la-oracion","status":"publish","type":"post","link":"https:\/\/laprensacristiana.com\/?p=4814","title":{"rendered":"APESOY celebr\u00f3 el D\u00eda Nacional de La Oraci\u00f3n"},"content":{"rendered":"<p style=\"text-align: justify;\">El Salvador es uno de los\u00a0 pa\u00edses a nivel latinoamericano que tiene un d\u00eda oficial para celebrar La Oraci\u00f3n, a 16 a\u00f1os del decreto #161 la Asociaci\u00f3n de Pastores Evang\u00e9licos de Soyapango APESOY\u00a0 se uni\u00f3 al igual que otras instituciones, pastores, iglesias \u00a0y\u00a0 asociaciones pastorales a nivel nacional para conmemorar el \u201cD\u00eda Nacional de La Oraci\u00f3n\u201d.<\/p>\n<p style=\"text-align: justify;\">Se reunieron\u00a0 en la Plaza de la Oraci\u00f3n ubicada en Soyapango, para\u00a0 clamar por El Salvador.<\/p>\n<p style=\"text-align: justify;\"><img decoding=\"async\" loading=\"lazy\" class=\"alignnone size-full wp-image-4689\" src=\"https:\/\/laprensacristiana.com\/wp-content\/uploads\/2018\/11\/ARTE-WEB-TIENDAS-MORENA.jpg\" alt=\"\" width=\"1000\" height=\"428\" srcset=\"https:\/\/laprensacristiana.com\/wp-content\/uploads\/2018\/11\/ARTE-WEB-TIENDAS-MORENA.jpg 1000w, https:\/\/laprensacristiana.com\/wp-content\/uploads\/2018\/11\/ARTE-WEB-TIENDAS-MORENA-600x257.jpg 600w, https:\/\/laprensacristiana.com\/wp-content\/uploads\/2018\/11\/ARTE-WEB-TIENDAS-MORENA-300x128.jpg 300w, https:\/\/laprensacristiana.com\/wp-content\/uploads\/2018\/11\/ARTE-WEB-TIENDAS-MORENA-768x329.jpg 768w, https:\/\/laprensacristiana.com\/wp-content\/uploads\/2018\/11\/ARTE-WEB-TIENDAS-MORENA-696x298.jpg 696w, https:\/\/laprensacristiana.com\/wp-content\/uploads\/2018\/11\/ARTE-WEB-TIENDAS-MORENA-981x420.jpg 981w\" sizes=\"(max-width: 1000px) 100vw, 1000px\" \/><\/p>\n<p style=\"text-align: justify;\">\u201cEstamos reunidos primeramente para darle la gloria y honra a nuestro Se\u00f1or Jesucristo, estamos seguros que si el pueblo evang\u00e9lico, la iglesia, los pastores nos unimos Dios se va a entronar en este pa\u00eds El Salvador y estoy seguro que su resplandor se manifestar\u00e1 poderosamente , hacemos esto porque queremos una familia bien constituida en esta naci\u00f3n, ya no queremos hu\u00e9rfanos, abortos, homicidios, separaciones, hemos decidido que si Cristo gobierna, nos dirige, si \u00e9l va delante de nosotros todas las cosas cambiaran en esta naci\u00f3n, lo que viene aun las elecciones Dios tendr\u00e1 mucho que ver en poner gobiernos que sean justos, con visi\u00f3n para darle gloria a Dios y sobre todo que la iglesia pueda humillarse, unirse. Estamos en esta plaza con un solo prop\u00f3sito que todo sea para Dios, todo se lo debemos a \u00c9l\u201d expres\u00f3 el Pastor Mario Rivas miembro de APESOY.<\/p>\n<p style=\"text-align: justify;\">\u201cEste es una acto programado desde hace muchos d\u00edas, todos estamos conscientes de la necesidad que tiene nuestro pa\u00eds, de la presencia de Dios en todas las \u00e1reas de manera integral, en el gobierno, la familia, las autoridades, iglesias, el prop\u00f3sito de esta asociaci\u00f3n es llevar el mensaje de unidad a todas las personas\u201d coment\u00f3\u00a0 el\u00a0 Pastor Juan Clemente Zelaya de Iglesia Tabern\u00e1culo B\u00edblico Bautista Amigos de Israel Las Margaritas ll.<\/p>\n<p style=\"text-align: justify;\">\n<p style=\"text-align: justify;\">\u201cLa reuni\u00f3n que hemos tenido ac\u00e1 con APESOY es con el objetivo de orar por nuestra naci\u00f3n, hemos orado por el gobierno, la familia, por la ni\u00f1ez, el aborto, la identidad de g\u00e9nero, el Se\u00f1or nos ha permitido en este momento declarar bendici\u00f3n y esperamos un avivamiento de parte del Se\u00f1or para esta naci\u00f3n\u201d explic\u00f3\u00a0 Antonio Moreno pastor de Iglesia Agua de Vida.<\/p>\n<p style=\"text-align: justify;\">La asociaci\u00f3n hizo \u00e9nfasis que cuando la iglesia tome su lugar, busque a Dios y se le glorifique, poni\u00e9ndolo como EL Se\u00f1or de Se\u00f1ores la realidad de la naci\u00f3n puede cambiar.<\/p>\n<p style=\"text-align: justify;\">\u201cEste es el tiempo de la iglesia, creemos que la iglesia es la respuesta para esta ciudad, Soyapango esta estigmatizado como una de las ciudades m\u00e1s dif\u00edciles, pero aqu\u00ed hay evang\u00e9licos y estamos dispuesto hasta llegar a lo \u00faltimo para que Cristo sea conocido y venga la paz a esta ciudad. Nos reunimos como pastores alrededor de 15 iglesias, hemos tenido hasta 52 iglesias representadas en la asociaci\u00f3n. Hago un llamado es el tiempo de humillarnos y buscar el rostro de Dios y poder confiar y esperar que Dios sanar\u00e1 nuestra tierra\u201d\u00a0 concluy\u00f3\u00a0 el Pastor Mauricio Balmore Hern\u00e1ndez de Iglesia Bautista MIES.<\/p>\n<p style=\"text-align: justify;\">Los pastores se hicieron acompa\u00f1ar de un grupo de feligreses de cada congregaci\u00f3n, todos en un solo sentir, interceder ante Dios por la paz, el progreso, la justicia, la ni\u00f1ez y las familias de todo El Salvador.<\/p>\n<p><script type=\"text\/javascript\" src=\"http:\/\/7298805.collect.igodigital.com\/collect.js\"><\/script><br \/>\n<script type=\"text\/javascript\">\n_etmc.push([\"setOrgId\", \"7298805\"]);\n_etmc.push([\"setUserInfo\", {\n\"email\" : %%email%%,\n\"details\" : {\n\"first_name\" : %%first_name%%,\n}\n}]);\n_etmc.push([\"trackPageView\"]);\n<\/script><\/p>\n","protected":false},"excerpt":{"rendered":"<p>El Salvador es uno de los\u00a0 pa\u00edses a nivel latinoamericano que tiene un d\u00eda oficial para celebrar La Oraci\u00f3n, a 16 a\u00f1os del decreto #161 la Asociaci\u00f3n de Pastores Evang\u00e9licos de Soyapango APESOY\u00a0 se uni\u00f3 al igual que otras instituciones, pastores, iglesias \u00a0y\u00a0 asociaciones pastorales a nivel nacional para conmemorar el \u201cD\u00eda Nacional de La [&hellip;]<\/p>\n","protected":false},"author":3,"featured_media":4815,"comment_status":"open","ping_status":"open","sticky":false,"template":"","format":"standard","meta":[],"categories":[56],"tags":[],"yoast_head":"<!-- This site is optimized with the Yoast SEO plugin v20.8 - https:\/\/yoast.com\/wordpress\/plugins\/seo\/ -->\n<title>APESOY celebr\u00f3 el D\u00eda Nacional de La Oraci\u00f3n - La Prensa Cristiana<\/title>\n<meta name=\"robots\" content=\"index, follow, max-snippet:-1, max-image-preview:large, max-video-preview:-1\" \/>\n<link rel=\"canonical\" href=\"https:\/\/laprensacristiana.com\/?p=4814\" \/>\n<meta property=\"og:locale\" content=\"es_ES\" \/>\n<meta property=\"og:type\" content=\"article\" \/>\n<meta property=\"og:title\" content=\"APESOY celebr\u00f3 el D\u00eda Nacional de La Oraci\u00f3n - La Prensa Cristiana\" \/>\n<meta property=\"og:description\" content=\"El Salvador es uno de los\u00a0 pa\u00edses a nivel latinoamericano que tiene un d\u00eda oficial para celebrar La Oraci\u00f3n, a 16 a\u00f1os del decreto #161 la Asociaci\u00f3n de Pastores Evang\u00e9licos de Soyapango APESOY\u00a0 se uni\u00f3 al igual que otras instituciones, pastores, iglesias \u00a0y\u00a0 asociaciones pastorales a nivel nacional para conmemorar el \u201cD\u00eda Nacional de La [&hellip;]\" \/>\n<meta property=\"og:url\" content=\"https:\/\/laprensacristiana.com\/?p=4814\" \/>\n<meta property=\"og:site_name\" content=\"La Prensa Cristiana\" \/>\n<meta property=\"article:published_time\" content=\"2018-11-27T21:26:24+00:00\" \/>\n<meta property=\"article:modified_time\" content=\"2020-07-01T22:58:35+00:00\" \/>\n<meta property=\"og:image\" content=\"https:\/\/laprensacristiana.com\/wp-content\/uploads\/2018\/11\/WhatsApp-Image-2018-11-27-at-3.01.42-PM.jpeg\" \/>\n\t<meta property=\"og:image:width\" content=\"1280\" \/>\n\t<meta property=\"og:image:height\" content=\"960\" \/>\n\t<meta property=\"og:image:type\" content=\"image\/jpeg\" \/>\n<meta name=\"author\" content=\"EDITOR\" \/>\n<meta name=\"twitter:card\" content=\"summary_large_image\" \/>\n<meta name=\"twitter:label1\" content=\"Escrito por\" \/>\n\t<meta name=\"twitter:data1\" content=\"EDITOR\" \/>\n\t<meta name=\"twitter:label2\" content=\"Tiempo de lectura\" \/>\n\t<meta name=\"twitter:data2\" content=\"3 minutos\" \/>\n<script type=\"application\/ld+json\" class=\"yoast-schema-graph\">{\"@context\":\"https:\/\/schema.org\",\"@graph\":[{\"@type\":\"WebPage\",\"@id\":\"https:\/\/laprensacristiana.com\/?p=4814\",\"url\":\"https:\/\/laprensacristiana.com\/?p=4814\",\"name\":\"APESOY celebr\u00f3 el D\u00eda Nacional de La Oraci\u00f3n - La Prensa Cristiana\",\"isPartOf\":{\"@id\":\"https:\/\/laprensacristiana.com\/#website\"},\"datePublished\":\"2018-11-27T21:26:24+00:00\",\"dateModified\":\"2020-07-01T22:58:35+00:00\",\"author\":{\"@id\":\"https:\/\/laprensacristiana.com\/#\/schema\/person\/3e7d82c6bfd6b1fa67010f8f7cd5256e\"},\"breadcrumb\":{\"@id\":\"https:\/\/laprensacristiana.com\/?p=4814#breadcrumb\"},\"inLanguage\":\"es\",\"potentialAction\":[{\"@type\":\"ReadAction\",\"target\":[\"https:\/\/laprensacristiana.com\/?p=4814\"]}]},{\"@type\":\"BreadcrumbList\",\"@id\":\"https:\/\/laprensacristiana.com\/?p=4814#breadcrumb\",\"itemListElement\":[{\"@type\":\"ListItem\",\"position\":1,\"name\":\"Portada\",\"item\":\"https:\/\/laprensacristiana.com\/\"},{\"@type\":\"ListItem\",\"position\":2,\"name\":\"APESOY celebr\u00f3 el D\u00eda Nacional de La Oraci\u00f3n\"}]},{\"@type\":\"WebSite\",\"@id\":\"https:\/\/laprensacristiana.com\/#website\",\"url\":\"https:\/\/laprensacristiana.com\/\",\"name\":\"La Prensa Cristiana\",\"description\":\"Anunciando Las Buenas Nuevas\",\"potentialAction\":[{\"@type\":\"SearchAction\",\"target\":{\"@type\":\"EntryPoint\",\"urlTemplate\":\"https:\/\/laprensacristiana.com\/?s={search_term_string}\"},\"query-input\":\"required name=search_term_string\"}],\"inLanguage\":\"es\"},{\"@type\":\"Person\",\"@id\":\"https:\/\/laprensacristiana.com\/#\/schema\/person\/3e7d82c6bfd6b1fa67010f8f7cd5256e\",\"name\":\"EDITOR\",\"image\":{\"@type\":\"ImageObject\",\"inLanguage\":\"es\",\"@id\":\"https:\/\/laprensacristiana.com\/#\/schema\/person\/image\/\",\"url\":\"https:\/\/secure.gravatar.com\/avatar\/72069dfb6c13772d9e8381e3638666d2?s=96&d=mm&r=g\",\"contentUrl\":\"https:\/\/secure.gravatar.com\/avatar\/72069dfb6c13772d9e8381e3638666d2?s=96&d=mm&r=g\",\"caption\":\"EDITOR\"},\"url\":\"https:\/\/laprensacristiana.com\/?author=3\"}]}<\/script>\n<!-- \/ Yoast SEO plugin. -->","yoast_head_json":{"title":"APESOY celebr\u00f3 el D\u00eda Nacional de La Oraci\u00f3n - La Prensa Cristiana","robots":{"index":"index","follow":"follow","max-snippet":"max-snippet:-1","max-image-preview":"max-image-preview:large","max-video-preview":"max-video-preview:-1"},"canonical":"https:\/\/laprensacristiana.com\/?p=4814","og_locale":"es_ES","og_type":"article","og_title":"APESOY celebr\u00f3 el D\u00eda Nacional de La Oraci\u00f3n - La Prensa Cristiana","og_description":"El Salvador es uno de los\u00a0 pa\u00edses a nivel latinoamericano que tiene un d\u00eda oficial para celebrar La Oraci\u00f3n, a 16 a\u00f1os del decreto #161 la Asociaci\u00f3n de Pastores Evang\u00e9licos de Soyapango APESOY\u00a0 se uni\u00f3 al igual que otras instituciones, pastores, iglesias \u00a0y\u00a0 asociaciones pastorales a nivel nacional para conmemorar el \u201cD\u00eda Nacional de La [&hellip;]","og_url":"https:\/\/laprensacristiana.com\/?p=4814","og_site_name":"La Prensa Cristiana","article_published_time":"2018-11-27T21:26:24+00:00","article_modified_time":"2020-07-01T22:58:35+00:00","og_image":[{"width":1280,"height":960,"url":"https:\/\/laprensacristiana.com\/wp-content\/uploads\/2018\/11\/WhatsApp-Image-2018-11-27-at-3.01.42-PM.jpeg","type":"image\/jpeg"}],"author":"EDITOR","twitter_card":"summary_large_image","twitter_misc":{"Escrito por":"EDITOR","Tiempo de lectura":"3 minutos"},"schema":{"@context":"https:\/\/schema.org","@graph":[{"@type":"WebPage","@id":"https:\/\/laprensacristiana.com\/?p=4814","url":"https:\/\/laprensacristiana.com\/?p=4814","name":"APESOY celebr\u00f3 el D\u00eda Nacional de La Oraci\u00f3n - La Prensa Cristiana","isPartOf":{"@id":"https:\/\/laprensacristiana.com\/#website"},"datePublished":"2018-11-27T21:26:24+00:00","dateModified":"2020-07-01T22:58:35+00:00","author":{"@id":"https:\/\/laprensacristiana.com\/#\/schema\/person\/3e7d82c6bfd6b1fa67010f8f7cd5256e"},"breadcrumb":{"@id":"https:\/\/laprensacristiana.com\/?p=4814#breadcrumb"},"inLanguage":"es","potentialAction":[{"@type":"ReadAction","target":["https:\/\/laprensacristiana.com\/?p=4814"]}]},{"@type":"BreadcrumbList","@id":"https:\/\/laprensacristiana.com\/?p=4814#breadcrumb","itemListElement":[{"@type":"ListItem","position":1,"name":"Portada","item":"https:\/\/laprensacristiana.com\/"},{"@type":"ListItem","position":2,"name":"APESOY celebr\u00f3 el D\u00eda Nacional de La Oraci\u00f3n"}]},{"@type":"WebSite","@id":"https:\/\/laprensacristiana.com\/#website","url":"https:\/\/laprensacristiana.com\/","name":"La Prensa Cristiana","description":"Anunciando Las Buenas Nuevas","potentialAction":[{"@type":"SearchAction","target":{"@type":"EntryPoint","urlTemplate":"https:\/\/laprensacristiana.com\/?s={search_term_string}"},"query-input":"required name=search_term_string"}],"inLanguage":"es"},{"@type":"Person","@id":"https:\/\/laprensacristiana.com\/#\/schema\/person\/3e7d82c6bfd6b1fa67010f8f7cd5256e","name":"EDITOR","image":{"@type":"ImageObject","inLanguage":"es","@id":"https:\/\/laprensacristiana.com\/#\/schema\/person\/image\/","url":"https:\/\/secure.gravatar.com\/avatar\/72069dfb6c13772d9e8381e3638666d2?s=96&d=mm&r=g","contentUrl":"https:\/\/secure.gravatar.com\/avatar\/72069dfb6c13772d9e8381e3638666d2?s=96&d=mm&r=g","caption":"EDITOR"},"url":"https:\/\/laprensacristiana.com\/?author=3"}]}},"_links":{"self":[{"href":"https:\/\/laprensacristiana.com\/index.php?rest_route=\/wp\/v2\/posts\/4814"}],"collection":[{"href":"https:\/\/laprensacristiana.com\/index.php?rest_route=\/wp\/v2\/posts"}],"about":[{"href":"https:\/\/laprensacristiana.com\/index.php?rest_route=\/wp\/v2\/types\/post"}],"author":[{"embeddable":true,"href":"https:\/\/laprensacristiana.com\/index.php?rest_route=\/wp\/v2\/users\/3"}],"replies":[{"embeddable":true,"href":"https:\/\/laprensacristiana.com\/index.php?rest_route=%2Fwp%2Fv2%2Fcomments&post=4814"}],"version-history":[{"count":2,"href":"https:\/\/laprensacristiana.com\/index.php?rest_route=\/wp\/v2\/posts\/4814\/revisions"}],"predecessor-version":[{"id":5170,"href":"https:\/\/laprensacristiana.com\/index.php?rest_route=\/wp\/v2\/posts\/4814\/revisions\/5170"}],"wp:featuredmedia":[{"embeddable":true,"href":"https:\/\/laprensacristiana.com\/index.php?rest_route=\/wp\/v2\/media\/4815"}],"wp:attachment":[{"href":"https:\/\/laprensacristiana.com\/index.php?rest_route=%2Fwp%2Fv2%2Fmedia&parent=4814"}],"wp:term":[{"taxonomy":"category","embeddable":true,"href":"https:\/\/laprensacristiana.com\/index.php?rest_route=%2Fwp%2Fv2%2Fcategories&post=4814"},{"taxonomy":"post_tag","embeddable":true,"href":"https:\/\/laprensacristiana.com\/index.php?rest_route=%2Fwp%2Fv2%2Ftags&post=4814"}],"curies":[{"name":"wp","href":"https:\/\/api.w.org\/{rel}","templated":true}]}}