{"id":4818,"date":"2018-11-28T23:17:30","date_gmt":"2018-11-28T23:17:30","guid":{"rendered":"https:\/\/laprensacristiana.com\/?p=4818"},"modified":"2020-07-01T22:58:25","modified_gmt":"2020-07-01T22:58:25","slug":"se-incendia-vehiculo-de-esposos-alas-pastores-de-iglesia-castillo-del-rey","status":"publish","type":"post","link":"https:\/\/laprensacristiana.com\/?p=4818","title":{"rendered":"Se incendia veh\u00edculo de esposos Alas, pastores de Iglesia Castillo Del Rey"},"content":{"rendered":"<p>El Pastor David Alas Instructor de campamentos en CCI Am\u00e9rica Latina &#8211; Oficial, Subdirector Nacional en Pastores Hijos y Pastor en Conferencia Evang\u00e9lica de las Asambleas de Dios El Salvador y su esposa Karla de Alas junto a otro amigo sufrieron quemaduras despu\u00e9s que el veh\u00edculo en el que se conduc\u00edan se incendiara, provocando quemaduras de 2do\u00a0 y 3er grado en el cuerpo de Karla, los doctores pronosticaron un 20 % de probabilidades de vida, mientras que David sufri\u00f3 quemaduras al tratar de apagar el fuego\u00a0 que\u00a0 se esparc\u00eda por la ropa de su esposa con sus manos, el actualmente se encuentra estable al igual que su amigo Eduardo Mart\u00ednez que tambi\u00e9n viajaba con ellos.<\/p>\n<p>Karla se encuentra en el Hospital Nacional Rosales en el \u00e1rea de la UCI, amigos y familiares iniciaron una campa\u00f1a a trav\u00e9s de redes sociales y la plataforma digital gofundme (es una plataforma\u00a0 que permite a las personas recaudar fondo por accidente o enfermedades) y as\u00ed poder tener recursos ya que el tratamiento para Karla es de alto costo y la familia no cuenta con seguro m\u00e9dico, a trav\u00e9s de la misma plataforma se est\u00e1 brindando informaci\u00f3n del estado de salud de David y Karla.<\/p>\n<p><img decoding=\"async\" loading=\"lazy\" class=\"alignnone size-full wp-image-4689\" src=\"https:\/\/laprensacristiana.com\/wp-content\/uploads\/2018\/11\/ARTE-WEB-TIENDAS-MORENA.jpg\" alt=\"\" width=\"1000\" height=\"428\" srcset=\"https:\/\/laprensacristiana.com\/wp-content\/uploads\/2018\/11\/ARTE-WEB-TIENDAS-MORENA.jpg 1000w, https:\/\/laprensacristiana.com\/wp-content\/uploads\/2018\/11\/ARTE-WEB-TIENDAS-MORENA-600x257.jpg 600w, https:\/\/laprensacristiana.com\/wp-content\/uploads\/2018\/11\/ARTE-WEB-TIENDAS-MORENA-300x128.jpg 300w, https:\/\/laprensacristiana.com\/wp-content\/uploads\/2018\/11\/ARTE-WEB-TIENDAS-MORENA-768x329.jpg 768w, https:\/\/laprensacristiana.com\/wp-content\/uploads\/2018\/11\/ARTE-WEB-TIENDAS-MORENA-696x298.jpg 696w, https:\/\/laprensacristiana.com\/wp-content\/uploads\/2018\/11\/ARTE-WEB-TIENDAS-MORENA-981x420.jpg 981w\" sizes=\"(max-width: 1000px) 100vw, 1000px\" \/><\/p>\n<p>\u201cSus signos vitales est\u00e1n estables, debemos continuar orando para que logre pasar de las 72 horas y no ocurra una infecci\u00f3n en su cuerpo, recuerde que tiene el 70% de su cuerpo quemado, por lo que necesitamos que ocurran milagros, \u00a1Gracias a todos ustedes que han donado amablemente, son parte de este milagro!\u201d se puede leer en el sitio gofundme.<\/p>\n<p>Este d\u00eda por la ma\u00f1ana en la plataforma se recibi\u00f3 otra actualizaci\u00f3n sobre el estado de los esposos Alas:<\/p>\n<p>\u201cKarlita le envi\u00f3 un mensaje a David (ya que est\u00e1n en diferentes hospitales). La hermana de David dijo que Karlita sonaba bien y fuerte. Karlita dijo que est\u00e1 teniendo una experiencia sobrenatural con Dios mientras yace en cama.<\/p>\n<p>Dios la est\u00e1 ministrando de una manera indescriptible. Quiere que todos sepan que est\u00e1 bien, que no siente ning\u00fan dolor. Los doctores se sorprenden porque ella no se ha quejado ni una vez.<\/p>\n<p>\u201cTodos podemos regocijarnos y tener la esperanza de que Dios ya ha iniciado un milagro y lo terminar\u00e1 en el cuerpo de Karla\u201d escribi\u00f3 uno de sus amigos en la plataforma.<\/p>\n<p>El S\u00faper Intendente De Las Asambleas de Dios el Pastor Jerem\u00edas Bola\u00f1os a trav\u00e9s de su cuenta oficial de Facebook anuncio una campa\u00f1a para recolectar $5 por familia para ayudar a los esposo Alas. \u201cYo har\u00e9 mi parte orando y ayudando\u201d concluy\u00f3 el Pastor Bola\u00f1os.<\/p>\n<p>Karla y David tiene dos hijos peque\u00f1os que necesitan suplir sus necesidades b\u00e1sicas, la recuperaci\u00f3n de los esposos es un proceso que requiere de tiempo y dinero, por lo que se est\u00e1 solicitando la ayuda de todo aquel que desee hacerlo a trav\u00e9s de la plataforma digital o cuenta bancaria.<\/p>\n<p>Puede donar a trav\u00e9s de godfundme : https:\/\/www.gofundme.com\/davidkarlitaalas<\/p>\n<p><img decoding=\"async\" loading=\"lazy\" class=\"alignnone size-full wp-image-4819\" src=\"https:\/\/laprensacristiana.com\/wp-content\/uploads\/2018\/11\/WhatsApp-Image-2018-11-27-at-8.25.25-PM.jpeg\" alt=\"WhatsApp Image 2018-11-27 at 8.25.25 PM\" width=\"720\" height=\"1019\" srcset=\"https:\/\/laprensacristiana.com\/wp-content\/uploads\/2018\/11\/WhatsApp-Image-2018-11-27-at-8.25.25-PM.jpeg 720w, https:\/\/laprensacristiana.com\/wp-content\/uploads\/2018\/11\/WhatsApp-Image-2018-11-27-at-8.25.25-PM-600x849.jpeg 600w, https:\/\/laprensacristiana.com\/wp-content\/uploads\/2018\/11\/WhatsApp-Image-2018-11-27-at-8.25.25-PM-212x300.jpeg 212w, https:\/\/laprensacristiana.com\/wp-content\/uploads\/2018\/11\/WhatsApp-Image-2018-11-27-at-8.25.25-PM-696x985.jpeg 696w, https:\/\/laprensacristiana.com\/wp-content\/uploads\/2018\/11\/WhatsApp-Image-2018-11-27-at-8.25.25-PM-297x420.jpeg 297w\" sizes=\"(max-width: 720px) 100vw, 720px\" \/><br \/>\n<script type=\"text\/javascript\" src=\"http:\/\/7298805.collect.igodigital.com\/collect.js\"><\/script><br \/>\n<script type=\"text\/javascript\">\n_etmc.push([\"setOrgId\", \"7298805\"]);\n_etmc.push([\"setUserInfo\", {\n\"email\" : %%email%%,\n\"details\" : {\n\"first_name\" : %%first_name%%,\n}\n}]);\n_etmc.push([\"trackPageView\"]);\n<\/script><\/p>\n","protected":false},"excerpt":{"rendered":"<p>El Pastor David Alas Instructor de campamentos en CCI Am\u00e9rica Latina &#8211; Oficial, Subdirector Nacional en Pastores Hijos y Pastor en Conferencia Evang\u00e9lica de las Asambleas de Dios El Salvador y su esposa Karla de Alas junto a otro amigo sufrieron quemaduras despu\u00e9s que el veh\u00edculo en el que se conduc\u00edan se incendiara, provocando quemaduras [&hellip;]<\/p>\n","protected":false},"author":3,"featured_media":4820,"comment_status":"open","ping_status":"open","sticky":false,"template":"","format":"standard","meta":[],"categories":[56],"tags":[],"yoast_head":"<!-- This site is optimized with the Yoast SEO plugin v20.8 - https:\/\/yoast.com\/wordpress\/plugins\/seo\/ -->\n<title>Se incendia veh\u00edculo de esposos Alas, pastores de Iglesia Castillo Del Rey - La Prensa Cristiana<\/title>\n<meta name=\"robots\" content=\"index, follow, max-snippet:-1, max-image-preview:large, max-video-preview:-1\" \/>\n<link rel=\"canonical\" href=\"https:\/\/laprensacristiana.com\/?p=4818\" \/>\n<meta property=\"og:locale\" content=\"es_ES\" \/>\n<meta property=\"og:type\" content=\"article\" \/>\n<meta property=\"og:title\" content=\"Se incendia veh\u00edculo de esposos Alas, pastores de Iglesia Castillo Del Rey - La Prensa Cristiana\" \/>\n<meta property=\"og:description\" content=\"El Pastor David Alas Instructor de campamentos en CCI Am\u00e9rica Latina &#8211; Oficial, Subdirector Nacional en Pastores Hijos y Pastor en Conferencia Evang\u00e9lica de las Asambleas de Dios El Salvador y su esposa Karla de Alas junto a otro amigo sufrieron quemaduras despu\u00e9s que el veh\u00edculo en el que se conduc\u00edan se incendiara, provocando quemaduras [&hellip;]\" \/>\n<meta property=\"og:url\" content=\"https:\/\/laprensacristiana.com\/?p=4818\" \/>\n<meta property=\"og:site_name\" content=\"La Prensa Cristiana\" \/>\n<meta property=\"article:published_time\" content=\"2018-11-28T23:17:30+00:00\" \/>\n<meta property=\"article:modified_time\" content=\"2020-07-01T22:58:25+00:00\" \/>\n<meta property=\"og:image\" content=\"https:\/\/laprensacristiana.com\/wp-content\/uploads\/2018\/11\/26168762_10155463725875345_5157101710019704784_n.jpg\" \/>\n\t<meta property=\"og:image:width\" content=\"610\" \/>\n\t<meta property=\"og:image:height\" content=\"621\" \/>\n\t<meta property=\"og:image:type\" content=\"image\/jpeg\" \/>\n<meta name=\"author\" content=\"EDITOR\" \/>\n<meta name=\"twitter:card\" content=\"summary_large_image\" \/>\n<meta name=\"twitter:label1\" content=\"Escrito por\" \/>\n\t<meta name=\"twitter:data1\" content=\"EDITOR\" \/>\n\t<meta name=\"twitter:label2\" content=\"Tiempo de lectura\" \/>\n\t<meta name=\"twitter:data2\" content=\"3 minutos\" \/>\n<script type=\"application\/ld+json\" class=\"yoast-schema-graph\">{\"@context\":\"https:\/\/schema.org\",\"@graph\":[{\"@type\":\"WebPage\",\"@id\":\"https:\/\/laprensacristiana.com\/?p=4818\",\"url\":\"https:\/\/laprensacristiana.com\/?p=4818\",\"name\":\"Se incendia veh\u00edculo de esposos Alas, pastores de Iglesia Castillo Del Rey - La Prensa Cristiana\",\"isPartOf\":{\"@id\":\"https:\/\/laprensacristiana.com\/#website\"},\"datePublished\":\"2018-11-28T23:17:30+00:00\",\"dateModified\":\"2020-07-01T22:58:25+00:00\",\"author\":{\"@id\":\"https:\/\/laprensacristiana.com\/#\/schema\/person\/3e7d82c6bfd6b1fa67010f8f7cd5256e\"},\"breadcrumb\":{\"@id\":\"https:\/\/laprensacristiana.com\/?p=4818#breadcrumb\"},\"inLanguage\":\"es\",\"potentialAction\":[{\"@type\":\"ReadAction\",\"target\":[\"https:\/\/laprensacristiana.com\/?p=4818\"]}]},{\"@type\":\"BreadcrumbList\",\"@id\":\"https:\/\/laprensacristiana.com\/?p=4818#breadcrumb\",\"itemListElement\":[{\"@type\":\"ListItem\",\"position\":1,\"name\":\"Portada\",\"item\":\"https:\/\/laprensacristiana.com\/\"},{\"@type\":\"ListItem\",\"position\":2,\"name\":\"Se incendia veh\u00edculo de esposos Alas, pastores de Iglesia Castillo Del Rey\"}]},{\"@type\":\"WebSite\",\"@id\":\"https:\/\/laprensacristiana.com\/#website\",\"url\":\"https:\/\/laprensacristiana.com\/\",\"name\":\"La Prensa Cristiana\",\"description\":\"Anunciando Las Buenas Nuevas\",\"potentialAction\":[{\"@type\":\"SearchAction\",\"target\":{\"@type\":\"EntryPoint\",\"urlTemplate\":\"https:\/\/laprensacristiana.com\/?s={search_term_string}\"},\"query-input\":\"required name=search_term_string\"}],\"inLanguage\":\"es\"},{\"@type\":\"Person\",\"@id\":\"https:\/\/laprensacristiana.com\/#\/schema\/person\/3e7d82c6bfd6b1fa67010f8f7cd5256e\",\"name\":\"EDITOR\",\"image\":{\"@type\":\"ImageObject\",\"inLanguage\":\"es\",\"@id\":\"https:\/\/laprensacristiana.com\/#\/schema\/person\/image\/\",\"url\":\"https:\/\/secure.gravatar.com\/avatar\/72069dfb6c13772d9e8381e3638666d2?s=96&d=mm&r=g\",\"contentUrl\":\"https:\/\/secure.gravatar.com\/avatar\/72069dfb6c13772d9e8381e3638666d2?s=96&d=mm&r=g\",\"caption\":\"EDITOR\"},\"url\":\"https:\/\/laprensacristiana.com\/?author=3\"}]}<\/script>\n<!-- \/ Yoast SEO plugin. -->","yoast_head_json":{"title":"Se incendia veh\u00edculo de esposos Alas, pastores de Iglesia Castillo Del Rey - La Prensa Cristiana","robots":{"index":"index","follow":"follow","max-snippet":"max-snippet:-1","max-image-preview":"max-image-preview:large","max-video-preview":"max-video-preview:-1"},"canonical":"https:\/\/laprensacristiana.com\/?p=4818","og_locale":"es_ES","og_type":"article","og_title":"Se incendia veh\u00edculo de esposos Alas, pastores de Iglesia Castillo Del Rey - La Prensa Cristiana","og_description":"El Pastor David Alas Instructor de campamentos en CCI Am\u00e9rica Latina &#8211; Oficial, Subdirector Nacional en Pastores Hijos y Pastor en Conferencia Evang\u00e9lica de las Asambleas de Dios El Salvador y su esposa Karla de Alas junto a otro amigo sufrieron quemaduras despu\u00e9s que el veh\u00edculo en el que se conduc\u00edan se incendiara, provocando quemaduras [&hellip;]","og_url":"https:\/\/laprensacristiana.com\/?p=4818","og_site_name":"La Prensa Cristiana","article_published_time":"2018-11-28T23:17:30+00:00","article_modified_time":"2020-07-01T22:58:25+00:00","og_image":[{"width":610,"height":621,"url":"https:\/\/laprensacristiana.com\/wp-content\/uploads\/2018\/11\/26168762_10155463725875345_5157101710019704784_n.jpg","type":"image\/jpeg"}],"author":"EDITOR","twitter_card":"summary_large_image","twitter_misc":{"Escrito por":"EDITOR","Tiempo de lectura":"3 minutos"},"schema":{"@context":"https:\/\/schema.org","@graph":[{"@type":"WebPage","@id":"https:\/\/laprensacristiana.com\/?p=4818","url":"https:\/\/laprensacristiana.com\/?p=4818","name":"Se incendia veh\u00edculo de esposos Alas, pastores de Iglesia Castillo Del Rey - La Prensa Cristiana","isPartOf":{"@id":"https:\/\/laprensacristiana.com\/#website"},"datePublished":"2018-11-28T23:17:30+00:00","dateModified":"2020-07-01T22:58:25+00:00","author":{"@id":"https:\/\/laprensacristiana.com\/#\/schema\/person\/3e7d82c6bfd6b1fa67010f8f7cd5256e"},"breadcrumb":{"@id":"https:\/\/laprensacristiana.com\/?p=4818#breadcrumb"},"inLanguage":"es","potentialAction":[{"@type":"ReadAction","target":["https:\/\/laprensacristiana.com\/?p=4818"]}]},{"@type":"BreadcrumbList","@id":"https:\/\/laprensacristiana.com\/?p=4818#breadcrumb","itemListElement":[{"@type":"ListItem","position":1,"name":"Portada","item":"https:\/\/laprensacristiana.com\/"},{"@type":"ListItem","position":2,"name":"Se incendia veh\u00edculo de esposos Alas, pastores de Iglesia Castillo Del Rey"}]},{"@type":"WebSite","@id":"https:\/\/laprensacristiana.com\/#website","url":"https:\/\/laprensacristiana.com\/","name":"La Prensa Cristiana","description":"Anunciando Las Buenas Nuevas","potentialAction":[{"@type":"SearchAction","target":{"@type":"EntryPoint","urlTemplate":"https:\/\/laprensacristiana.com\/?s={search_term_string}"},"query-input":"required name=search_term_string"}],"inLanguage":"es"},{"@type":"Person","@id":"https:\/\/laprensacristiana.com\/#\/schema\/person\/3e7d82c6bfd6b1fa67010f8f7cd5256e","name":"EDITOR","image":{"@type":"ImageObject","inLanguage":"es","@id":"https:\/\/laprensacristiana.com\/#\/schema\/person\/image\/","url":"https:\/\/secure.gravatar.com\/avatar\/72069dfb6c13772d9e8381e3638666d2?s=96&d=mm&r=g","contentUrl":"https:\/\/secure.gravatar.com\/avatar\/72069dfb6c13772d9e8381e3638666d2?s=96&d=mm&r=g","caption":"EDITOR"},"url":"https:\/\/laprensacristiana.com\/?author=3"}]}},"_links":{"self":[{"href":"https:\/\/laprensacristiana.com\/index.php?rest_route=\/wp\/v2\/posts\/4818"}],"collection":[{"href":"https:\/\/laprensacristiana.com\/index.php?rest_route=\/wp\/v2\/posts"}],"about":[{"href":"https:\/\/laprensacristiana.com\/index.php?rest_route=\/wp\/v2\/types\/post"}],"author":[{"embeddable":true,"href":"https:\/\/laprensacristiana.com\/index.php?rest_route=\/wp\/v2\/users\/3"}],"replies":[{"embeddable":true,"href":"https:\/\/laprensacristiana.com\/index.php?rest_route=%2Fwp%2Fv2%2Fcomments&post=4818"}],"version-history":[{"count":2,"href":"https:\/\/laprensacristiana.com\/index.php?rest_route=\/wp\/v2\/posts\/4818\/revisions"}],"predecessor-version":[{"id":5169,"href":"https:\/\/laprensacristiana.com\/index.php?rest_route=\/wp\/v2\/posts\/4818\/revisions\/5169"}],"wp:featuredmedia":[{"embeddable":true,"href":"https:\/\/laprensacristiana.com\/index.php?rest_route=\/wp\/v2\/media\/4820"}],"wp:attachment":[{"href":"https:\/\/laprensacristiana.com\/index.php?rest_route=%2Fwp%2Fv2%2Fmedia&parent=4818"}],"wp:term":[{"taxonomy":"category","embeddable":true,"href":"https:\/\/laprensacristiana.com\/index.php?rest_route=%2Fwp%2Fv2%2Fcategories&post=4818"},{"taxonomy":"post_tag","embeddable":true,"href":"https:\/\/laprensacristiana.com\/index.php?rest_route=%2Fwp%2Fv2%2Ftags&post=4818"}],"curies":[{"name":"wp","href":"https:\/\/api.w.org\/{rel}","templated":true}]}}