{"id":4826,"date":"2018-11-30T15:28:25","date_gmt":"2018-11-30T15:28:25","guid":{"rendered":"https:\/\/laprensacristiana.com\/?p=4826"},"modified":"2019-02-13T06:56:31","modified_gmt":"2019-02-13T06:56:31","slug":"quiten-la-piedra-parte-ll","status":"publish","type":"post","link":"https:\/\/laprensacristiana.com\/?p=4826","title":{"rendered":"Quiten la piedra parte ll"},"content":{"rendered":"<p>Juan 11:39\u00a0 Jes\u00fas dijo: Quitad la piedra\u201d<\/p>\n<p>En el lugar hab\u00eda un olor a muerte. Un olor a dolor, llanto, tristeza y pesadumbre. Como siempre, entre los asistentes hab\u00eda unos que lloraban con sinceridad, otros con hipocres\u00eda y aun otros hab\u00edan ido a ver qu\u00e9 pasaba. Simples curiosos. La aglomeraci\u00f3n era numerosa. Dos mujeres han estado llorando desde hace un tiempo porque su hermanito hab\u00eda ca\u00eddo enfermo y al fin la parca hab\u00eda hecho su trabajo. Muri\u00f3. Hac\u00eda cuatro d\u00edas que estaba en una cueva envuelto en sudarios y bien asegurado para que las aves de rapi\u00f1a no profanaran su cad\u00e1ver.<\/p>\n<p>Dos mujeres lamentando la p\u00e9rdida de un ser querido. Dos mujeres que hab\u00edan confiado en que su Amigo a quien siempre serv\u00edan les habr\u00eda de ayudar a sanar a su querido hermano. Pero no sucedi\u00f3. No lleg\u00f3 a tiempo y ahora su hermano menor est\u00e1 encerrado en una tumba.<\/p>\n<p>Se perdieron la esperanza, el futuro de verlo crecer, los sue\u00f1os de verlo convertido en todo un hombre y de tener a alguien a quien abrazar cada ma\u00f1ana y besar mejillas para derramar en \u00e9l su amor y cari\u00f1o.<\/p>\n<p>Todo porque ahora esa tumba les arrebat\u00f3 todo su futuro. Su d\u00eda se convirti\u00f3 en noche y esa noche amenaza con alargarse para mucho tiempo. No hay consuelo que calme su angustia. No hay palabras que puedan sanar su quebrantado coraz\u00f3n.<\/p>\n<p>\u201cA menos, claro est\u00e1, Jes\u00fas, que t\u00fa puedas hacer algo aunque creemos que ya es demasiado tarde. Ya el a\u00f1o se est\u00e1 terminando y nuestro milagro no lleg\u00f3. Estamos terminando otra jornada y nuestro matrimonio no mejor\u00f3. Nuestros hijos se fueron del nido y ya no volvieron. Lo que el mundo\u00a0 llama fiesta nosotros le llamamos luto. Es tarde Jes\u00fas. Ya hiede. Nuestra vida ya no tiene aroma sino un ingrato olor a tragedia. El c\u00e1ncer ya no tiene regreso. La met\u00e1stasis ha avanzado tanto como nuestra noche y el amanecer est\u00e1 demasiado lejos. Nuestra hija se ha enamorado del muchacho equivocado y no quiere recapacitar. Nuestro hijo est\u00e1 metido en pandillas y no quiere nada contigo. Es tarde Jes\u00fas. Nuestra esperanza ya est\u00e1 en la tumba\u201d<\/p>\n<p>Pero Jes\u00fas dijo algo que hizo estremecer de miedo, de terror y de espanto a las huestes y potestades que lo observaban: \u201cQuitad la piedra\u201d.<\/p>\n<p>\u00bfPara qu\u00e9? \u00bfPara burlarte de nosotros? \u00bfPara hacernos vanas esperanzas? \u00bfPara hacernos creer que eres capaz de resucitar a un muerto de cuatro d\u00edas? \u00bfDe cuatro a\u00f1os? \u00bfDe cuatro d\u00e9cadas? \u00bfEs posible que no est\u00e9s bromeando con nuestro dolor, Jes\u00fas?<\/p>\n<p><img decoding=\"async\" loading=\"lazy\" class=\"alignnone size-full wp-image-4689\" src=\"https:\/\/laprensacristiana.com\/wp-content\/uploads\/2018\/11\/ARTE-WEB-TIENDAS-MORENA.jpg\" alt=\"\" width=\"1000\" height=\"428\" srcset=\"https:\/\/laprensacristiana.com\/wp-content\/uploads\/2018\/11\/ARTE-WEB-TIENDAS-MORENA.jpg 1000w, https:\/\/laprensacristiana.com\/wp-content\/uploads\/2018\/11\/ARTE-WEB-TIENDAS-MORENA-600x257.jpg 600w, https:\/\/laprensacristiana.com\/wp-content\/uploads\/2018\/11\/ARTE-WEB-TIENDAS-MORENA-300x128.jpg 300w, https:\/\/laprensacristiana.com\/wp-content\/uploads\/2018\/11\/ARTE-WEB-TIENDAS-MORENA-768x329.jpg 768w, https:\/\/laprensacristiana.com\/wp-content\/uploads\/2018\/11\/ARTE-WEB-TIENDAS-MORENA-696x298.jpg 696w, https:\/\/laprensacristiana.com\/wp-content\/uploads\/2018\/11\/ARTE-WEB-TIENDAS-MORENA-981x420.jpg 981w\" sizes=\"(max-width: 1000px) 100vw, 1000px\" \/><\/p>\n<p>Y el silencio de Jes\u00fas parece decir: \u201cQuiten la piedra. Yo lo resucito y ustedes lo desatan\u201d.<\/p>\n<p>Y eso es precisamente lo que deseo hacer con este escrito: Quitar piedras. Sin duda alg\u00fan lector estar\u00e1 encerrado en una tumba de incredulidad en estos momentos. Estar\u00e1 alguien encerrado en una cama de hospital en donde le han dicho que ya no hay nada que hacer. Un matrimonio que ha ido de mal en peor. Una familia que ha perdido la fe en Dios. Un pastor que ha sido lacerado por la traici\u00f3n de alguno de sus miembros m\u00e1s queridos. Hoy quiero quitar esas piedras que pesan tanto en el alma angustiada, queridos lectores. Hoy quiero obedecer a Jes\u00fas que me mand\u00f3 a liberar a los cautivos. A los cautivos de la enfermedad. De la incredulidad. A los heridos por la vida. Quiero quitar esas piedras que no les dejan disfrutar de su familia. De los besos de sus hijos y los abrazos de su c\u00f3nyuge.<\/p>\n<p>Quiero quitar las piedras que obstruyen su visi\u00f3n de la vida. Quiero quitar esas piedras que no le permiten realizar sus sue\u00f1os y proyectos porque la gente dice que usted no puede. Quiero quitar esas piedras que le estorban su paso por esta vida que puede llegar a ser hermosa, una vida que puede llegar a ser plet\u00f3rica de gozo y alegr\u00eda. Quiero quitar esas piedras que han ca\u00eddo sobre su matrimonio, su relaci\u00f3n familiar y laboral. Esa piedra que pesa tanto que usted no logra levantar su frente y dejar de caminar encorvado por los senderos de la esperanza.<\/p>\n<p>Jes\u00fas dio la orden: \u201cQuiten la piedra, yo lo resucito y ustedes lo desatan\u2026\u201d Permita entonces que Jes\u00fas haga su parte que es la m\u00e1s importante. Salga de esa tumba que lo mantiene encerrado en la soledad de la amargura, la enfermedad y la apat\u00eda. Salga a disfrutar del sol de la esperanza. De la luz que Jes\u00fas vino a traerle. De la vida abundante que nos ofrece cada d\u00eda que amanece. \u00a1Vamos! Escuche el consejo. Ya la piedra fue removida por la Palabra de Dios.<br \/>\n<script type=\"text\/javascript\" src=\"http:\/\/7298805.collect.igodigital.com\/collect.js\"><\/script><br \/>\n<script type=\"text\/javascript\">\n_etmc.push([\"setOrgId\", \"7298805\"]);\n_etmc.push([\"setUserInfo\", {\n\"email\" : %%email%%,\n\"details\" : {\n\"first_name\" : %%first_name%%,\n}\n}]);\n_etmc.push([\"trackPageView\"]);\n<\/script><\/p>\n","protected":false},"excerpt":{"rendered":"<p>Juan 11:39\u00a0 Jes\u00fas dijo: Quitad la piedra\u201d En el lugar hab\u00eda un olor a muerte. Un olor a dolor, llanto, tristeza y pesadumbre. Como siempre, entre los asistentes hab\u00eda unos que lloraban con sinceridad, otros con hipocres\u00eda y aun otros hab\u00edan ido a ver qu\u00e9 pasaba. Simples curiosos. La aglomeraci\u00f3n era numerosa. Dos mujeres han [&hellip;]<\/p>\n","protected":false},"author":3,"featured_media":4530,"comment_status":"open","ping_status":"open","sticky":false,"template":"","format":"standard","meta":[],"categories":[36],"tags":[],"yoast_head":"<!-- This site is optimized with the Yoast SEO plugin v20.8 - https:\/\/yoast.com\/wordpress\/plugins\/seo\/ -->\n<title>Quiten la piedra parte ll - La Prensa Cristiana<\/title>\n<meta name=\"robots\" content=\"index, follow, max-snippet:-1, max-image-preview:large, max-video-preview:-1\" \/>\n<link rel=\"canonical\" href=\"https:\/\/laprensacristiana.com\/?p=4826\" \/>\n<meta property=\"og:locale\" content=\"es_ES\" \/>\n<meta property=\"og:type\" content=\"article\" \/>\n<meta property=\"og:title\" content=\"Quiten la piedra parte ll - La Prensa Cristiana\" \/>\n<meta property=\"og:description\" content=\"Juan 11:39\u00a0 Jes\u00fas dijo: Quitad la piedra\u201d En el lugar hab\u00eda un olor a muerte. Un olor a dolor, llanto, tristeza y pesadumbre. Como siempre, entre los asistentes hab\u00eda unos que lloraban con sinceridad, otros con hipocres\u00eda y aun otros hab\u00edan ido a ver qu\u00e9 pasaba. Simples curiosos. La aglomeraci\u00f3n era numerosa. Dos mujeres han [&hellip;]\" \/>\n<meta property=\"og:url\" content=\"https:\/\/laprensacristiana.com\/?p=4826\" \/>\n<meta property=\"og:site_name\" content=\"La Prensa Cristiana\" \/>\n<meta property=\"article:published_time\" content=\"2018-11-30T15:28:25+00:00\" \/>\n<meta property=\"article:modified_time\" content=\"2019-02-13T06:56:31+00:00\" \/>\n<meta property=\"og:image\" content=\"https:\/\/laprensacristiana.com\/wp-content\/uploads\/2018\/10\/2017-11-23-PHOTO-00003245.jpg\" \/>\n\t<meta property=\"og:image:width\" content=\"1280\" \/>\n\t<meta property=\"og:image:height\" content=\"714\" \/>\n\t<meta property=\"og:image:type\" content=\"image\/jpeg\" \/>\n<meta name=\"author\" content=\"EDITOR\" \/>\n<meta name=\"twitter:card\" content=\"summary_large_image\" \/>\n<meta name=\"twitter:label1\" content=\"Escrito por\" \/>\n\t<meta name=\"twitter:data1\" content=\"EDITOR\" \/>\n\t<meta name=\"twitter:label2\" content=\"Tiempo de lectura\" \/>\n\t<meta name=\"twitter:data2\" content=\"4 minutos\" \/>\n<script type=\"application\/ld+json\" class=\"yoast-schema-graph\">{\"@context\":\"https:\/\/schema.org\",\"@graph\":[{\"@type\":\"WebPage\",\"@id\":\"https:\/\/laprensacristiana.com\/?p=4826\",\"url\":\"https:\/\/laprensacristiana.com\/?p=4826\",\"name\":\"Quiten la piedra parte ll - La Prensa Cristiana\",\"isPartOf\":{\"@id\":\"https:\/\/laprensacristiana.com\/#website\"},\"datePublished\":\"2018-11-30T15:28:25+00:00\",\"dateModified\":\"2019-02-13T06:56:31+00:00\",\"author\":{\"@id\":\"https:\/\/laprensacristiana.com\/#\/schema\/person\/3e7d82c6bfd6b1fa67010f8f7cd5256e\"},\"breadcrumb\":{\"@id\":\"https:\/\/laprensacristiana.com\/?p=4826#breadcrumb\"},\"inLanguage\":\"es\",\"potentialAction\":[{\"@type\":\"ReadAction\",\"target\":[\"https:\/\/laprensacristiana.com\/?p=4826\"]}]},{\"@type\":\"BreadcrumbList\",\"@id\":\"https:\/\/laprensacristiana.com\/?p=4826#breadcrumb\",\"itemListElement\":[{\"@type\":\"ListItem\",\"position\":1,\"name\":\"Portada\",\"item\":\"https:\/\/laprensacristiana.com\/\"},{\"@type\":\"ListItem\",\"position\":2,\"name\":\"Quiten la piedra parte ll\"}]},{\"@type\":\"WebSite\",\"@id\":\"https:\/\/laprensacristiana.com\/#website\",\"url\":\"https:\/\/laprensacristiana.com\/\",\"name\":\"La Prensa Cristiana\",\"description\":\"Anunciando Las Buenas Nuevas\",\"potentialAction\":[{\"@type\":\"SearchAction\",\"target\":{\"@type\":\"EntryPoint\",\"urlTemplate\":\"https:\/\/laprensacristiana.com\/?s={search_term_string}\"},\"query-input\":\"required name=search_term_string\"}],\"inLanguage\":\"es\"},{\"@type\":\"Person\",\"@id\":\"https:\/\/laprensacristiana.com\/#\/schema\/person\/3e7d82c6bfd6b1fa67010f8f7cd5256e\",\"name\":\"EDITOR\",\"image\":{\"@type\":\"ImageObject\",\"inLanguage\":\"es\",\"@id\":\"https:\/\/laprensacristiana.com\/#\/schema\/person\/image\/\",\"url\":\"https:\/\/secure.gravatar.com\/avatar\/72069dfb6c13772d9e8381e3638666d2?s=96&d=mm&r=g\",\"contentUrl\":\"https:\/\/secure.gravatar.com\/avatar\/72069dfb6c13772d9e8381e3638666d2?s=96&d=mm&r=g\",\"caption\":\"EDITOR\"},\"url\":\"https:\/\/laprensacristiana.com\/?author=3\"}]}<\/script>\n<!-- \/ Yoast SEO plugin. -->","yoast_head_json":{"title":"Quiten la piedra parte ll - La Prensa Cristiana","robots":{"index":"index","follow":"follow","max-snippet":"max-snippet:-1","max-image-preview":"max-image-preview:large","max-video-preview":"max-video-preview:-1"},"canonical":"https:\/\/laprensacristiana.com\/?p=4826","og_locale":"es_ES","og_type":"article","og_title":"Quiten la piedra parte ll - La Prensa Cristiana","og_description":"Juan 11:39\u00a0 Jes\u00fas dijo: Quitad la piedra\u201d En el lugar hab\u00eda un olor a muerte. Un olor a dolor, llanto, tristeza y pesadumbre. Como siempre, entre los asistentes hab\u00eda unos que lloraban con sinceridad, otros con hipocres\u00eda y aun otros hab\u00edan ido a ver qu\u00e9 pasaba. Simples curiosos. La aglomeraci\u00f3n era numerosa. Dos mujeres han [&hellip;]","og_url":"https:\/\/laprensacristiana.com\/?p=4826","og_site_name":"La Prensa Cristiana","article_published_time":"2018-11-30T15:28:25+00:00","article_modified_time":"2019-02-13T06:56:31+00:00","og_image":[{"width":1280,"height":714,"url":"https:\/\/laprensacristiana.com\/wp-content\/uploads\/2018\/10\/2017-11-23-PHOTO-00003245.jpg","type":"image\/jpeg"}],"author":"EDITOR","twitter_card":"summary_large_image","twitter_misc":{"Escrito por":"EDITOR","Tiempo de lectura":"4 minutos"},"schema":{"@context":"https:\/\/schema.org","@graph":[{"@type":"WebPage","@id":"https:\/\/laprensacristiana.com\/?p=4826","url":"https:\/\/laprensacristiana.com\/?p=4826","name":"Quiten la piedra parte ll - La Prensa Cristiana","isPartOf":{"@id":"https:\/\/laprensacristiana.com\/#website"},"datePublished":"2018-11-30T15:28:25+00:00","dateModified":"2019-02-13T06:56:31+00:00","author":{"@id":"https:\/\/laprensacristiana.com\/#\/schema\/person\/3e7d82c6bfd6b1fa67010f8f7cd5256e"},"breadcrumb":{"@id":"https:\/\/laprensacristiana.com\/?p=4826#breadcrumb"},"inLanguage":"es","potentialAction":[{"@type":"ReadAction","target":["https:\/\/laprensacristiana.com\/?p=4826"]}]},{"@type":"BreadcrumbList","@id":"https:\/\/laprensacristiana.com\/?p=4826#breadcrumb","itemListElement":[{"@type":"ListItem","position":1,"name":"Portada","item":"https:\/\/laprensacristiana.com\/"},{"@type":"ListItem","position":2,"name":"Quiten la piedra parte ll"}]},{"@type":"WebSite","@id":"https:\/\/laprensacristiana.com\/#website","url":"https:\/\/laprensacristiana.com\/","name":"La Prensa Cristiana","description":"Anunciando Las Buenas Nuevas","potentialAction":[{"@type":"SearchAction","target":{"@type":"EntryPoint","urlTemplate":"https:\/\/laprensacristiana.com\/?s={search_term_string}"},"query-input":"required name=search_term_string"}],"inLanguage":"es"},{"@type":"Person","@id":"https:\/\/laprensacristiana.com\/#\/schema\/person\/3e7d82c6bfd6b1fa67010f8f7cd5256e","name":"EDITOR","image":{"@type":"ImageObject","inLanguage":"es","@id":"https:\/\/laprensacristiana.com\/#\/schema\/person\/image\/","url":"https:\/\/secure.gravatar.com\/avatar\/72069dfb6c13772d9e8381e3638666d2?s=96&d=mm&r=g","contentUrl":"https:\/\/secure.gravatar.com\/avatar\/72069dfb6c13772d9e8381e3638666d2?s=96&d=mm&r=g","caption":"EDITOR"},"url":"https:\/\/laprensacristiana.com\/?author=3"}]}},"_links":{"self":[{"href":"https:\/\/laprensacristiana.com\/index.php?rest_route=\/wp\/v2\/posts\/4826"}],"collection":[{"href":"https:\/\/laprensacristiana.com\/index.php?rest_route=\/wp\/v2\/posts"}],"about":[{"href":"https:\/\/laprensacristiana.com\/index.php?rest_route=\/wp\/v2\/types\/post"}],"author":[{"embeddable":true,"href":"https:\/\/laprensacristiana.com\/index.php?rest_route=\/wp\/v2\/users\/3"}],"replies":[{"embeddable":true,"href":"https:\/\/laprensacristiana.com\/index.php?rest_route=%2Fwp%2Fv2%2Fcomments&post=4826"}],"version-history":[{"count":2,"href":"https:\/\/laprensacristiana.com\/index.php?rest_route=\/wp\/v2\/posts\/4826\/revisions"}],"predecessor-version":[{"id":5167,"href":"https:\/\/laprensacristiana.com\/index.php?rest_route=\/wp\/v2\/posts\/4826\/revisions\/5167"}],"wp:featuredmedia":[{"embeddable":true,"href":"https:\/\/laprensacristiana.com\/index.php?rest_route=\/wp\/v2\/media\/4530"}],"wp:attachment":[{"href":"https:\/\/laprensacristiana.com\/index.php?rest_route=%2Fwp%2Fv2%2Fmedia&parent=4826"}],"wp:term":[{"taxonomy":"category","embeddable":true,"href":"https:\/\/laprensacristiana.com\/index.php?rest_route=%2Fwp%2Fv2%2Fcategories&post=4826"},{"taxonomy":"post_tag","embeddable":true,"href":"https:\/\/laprensacristiana.com\/index.php?rest_route=%2Fwp%2Fv2%2Ftags&post=4826"}],"curies":[{"name":"wp","href":"https:\/\/api.w.org\/{rel}","templated":true}]}}