{"id":4828,"date":"2018-12-03T15:18:46","date_gmt":"2018-12-03T15:18:46","guid":{"rendered":"https:\/\/laprensacristiana.com\/?p=4828"},"modified":"2020-07-01T22:58:12","modified_gmt":"2020-07-01T22:58:12","slug":"quien-eres","status":"publish","type":"post","link":"https:\/\/laprensacristiana.com\/?p=4828","title":{"rendered":"\u00bfQui\u00e9n eres?"},"content":{"rendered":"<p>POR JULY DE SOSA<\/p>\n<p style=\"text-align: justify;\">Se dice de todos los que gozamos del privilegio de nacer vivos, seg\u00fan nuestra acta de nacimiento. Que a medida crecemos y desarrollamos, buscamos afirmar nuestra identidad, y de lo primero que echamos mano es a imitar comportamientos de conducta de personas a las que consideramos hero\u00ednas, por ser lo que nos gustar\u00eda llegar a ser. Preocupados por definir nuestro propio \u201cyo\u201d adoptamos diferentes tipos de comportamientos ajenos a nuestra propia personalidad con la que fuimos creados, por tal motivo, se dice que los humanos tenemos tres personalidades: Somos lo que nosotros mismos creemos de nosotros, somos lo que otros creen que somos, y somos la persona que Dios dise\u00f1o que fu\u00e9ramos.<\/p>\n<p style=\"text-align: justify;\"><img decoding=\"async\" loading=\"lazy\" class=\"alignnone size-full wp-image-4689\" src=\"https:\/\/laprensacristiana.com\/wp-content\/uploads\/2018\/11\/ARTE-WEB-TIENDAS-MORENA.jpg\" alt=\"\" width=\"1000\" height=\"428\" srcset=\"https:\/\/laprensacristiana.com\/wp-content\/uploads\/2018\/11\/ARTE-WEB-TIENDAS-MORENA.jpg 1000w, https:\/\/laprensacristiana.com\/wp-content\/uploads\/2018\/11\/ARTE-WEB-TIENDAS-MORENA-600x257.jpg 600w, https:\/\/laprensacristiana.com\/wp-content\/uploads\/2018\/11\/ARTE-WEB-TIENDAS-MORENA-300x128.jpg 300w, https:\/\/laprensacristiana.com\/wp-content\/uploads\/2018\/11\/ARTE-WEB-TIENDAS-MORENA-768x329.jpg 768w, https:\/\/laprensacristiana.com\/wp-content\/uploads\/2018\/11\/ARTE-WEB-TIENDAS-MORENA-696x298.jpg 696w, https:\/\/laprensacristiana.com\/wp-content\/uploads\/2018\/11\/ARTE-WEB-TIENDAS-MORENA-981x420.jpg 981w\" sizes=\"(max-width: 1000px) 100vw, 1000px\" \/><\/p>\n<p style=\"text-align: justify;\">Siendo la etapa de adolescencia, la m\u00e1s dif\u00edcil para entender qui\u00e9nes somos en realidad, debido a la transici\u00f3n que experimentamos de infancia a adultez. Y en algunos casos tal inseguridad acompa\u00f1a hasta la etapa de adulto mayor, y en el peor de los casos, la falta de identidad acompa\u00f1a hasta que nuestro tiempo de vida termina.<\/p>\n<p style=\"text-align: justify;\">Considerando esto se vuelve urgente e importante saber quienes somos y afirmar y defender nuestra propia identidad.<\/p>\n<p style=\"text-align: justify;\">\u00bfC\u00f3mo nos vemos? A menudo nos resulta dif\u00edcil describirnos a nosotros mismos, porque en ocasiones nos sentimos bien con lo que somos, pero en otras no, a causa de nuestro temperamento cambiante. \u00a0Lo que me parece decisivo en cuanto a lo que yo pienso de mi misma, si no logramos aceptarnos tal y como somos, no lograremos trabajar con \u00e9xito para superarnos cada d\u00eda. La falta de aceptaci\u00f3n y de compromiso propio por mejorar nuestra personalidad, puede llevarnos a caer en depresi\u00f3n (enfermedad del alma) El ap\u00f3stol Pablo describi\u00f3 esa parte de nuestra humanidad declarando: <strong>Porque no hago el bien que quiero, sino el mal que no quiero eso hago. Y si hago el mal que no quiero, ya no lo hago yo, sino el pecado que mora en m\u00ed. As\u00ed que, queriendo yo, hacer el bien, hallo esta ley: Que el mal esta en m\u00ed. (Romanos 7:19-25)<\/strong><\/p>\n<p style=\"text-align: justify;\">\u00a0\u00a0\u201cEL mal esta en nosotros\u201d recordemos que somos provenientes de Ad\u00e1n, y la desobediencia al plan de Dios para nuestra vida esta a flor de piel, en cada uno de nosotros, tanto en los que deseamos vivir reconciliados con Dios, como los que no. De cara a esta realidad, conviene aceptar la inclinaci\u00f3n a lo malo de nuestra humanidad, no, para acomodarnos, sino m\u00e1s bien para trabajar en ello dando la lucha a toda inclinaci\u00f3n de destrucci\u00f3n propia. Tales como vicios, pornograf\u00eda, fornicaci\u00f3n, adulterio, car\u00e1cter desenfrenado, y comportamientos semejantes a estos, que est\u00e1n ligados a la falta de identidad de quienes los practican.<\/p>\n<p style=\"text-align: justify;\">\u00bfQui\u00e9nes somos para los dem\u00e1s? Esta definici\u00f3n se vuelve a nuestro favor, porque la gente opinara de nosotros lo que les proyectamos, que no necesariamente es nuestra realidad de personalidad. Es por eso, que cuando estamos con nuestra pareja y amigos, nuestra pareja piensa que est\u00e1n hablando de dos personas diferentes porque nuestro comportamiento en casa a veces difiere mucho de nuestro comportamiento en p\u00fablico \u00bfIr\u00f3nico verdad? Porque se supone que desde el d\u00eda que elegimos pareja, elegimos al socio de nuestra vida; y es con \u00e9l o con ella, que somos \u201cuna sola carne\u201d por tanto nuestra pareja debe de recibir lo mejor de nosotros. Porque \u00bfQui\u00e9n da\u00f1ara su propia carne?<\/p>\n<p style=\"text-align: justify;\"><strong>\u00bfQui\u00e9nes somos para Dios? <\/strong>A diferencia de lo que deseamos proyectar de nosotros, a los dem\u00e1s para Dios no son v\u00e1lidas las im\u00e1genes apostadas. Para \u00e9l, somos, en nuestra humanidad, pobres pecadores, ni mejores ni peores que otros. Y en nuestro esp\u00edritu de creyentes, perdonados y justificados por la sangre de su hijo nuestro se\u00f1or Jesucristo. Herederos de un reino eterno.<\/p>\n<p style=\"text-align: justify;\">Sirva lo anterior para conocer tu verdadera identidad a afirmar y defender<strong>:<\/strong><\/p>\n<p style=\"text-align: justify;\"><strong>\u00a0<\/strong>En nuestra humanidad, todav\u00eda conservamos algo de nuestra antigua estirpe, nuestra alma inclinada hacer el mal, y nuestro cuerpo que muestra flaquezas por destrucci\u00f3n propia. Pero, para fortuna nuestra, dentro de esa humanidad llevamos ya camino recorrido vestidos del nuevo hombre que somos gracias al Esp\u00edritu Santo de Dios que habita en nosotros (Romanos 7:19)<\/p>\n<p style=\"text-align: justify;\"><strong>\u201cNo somos lo que deber\u00edamos ser, pero ya no somos los mismos de antes\u201d<\/strong><\/p>\n<p style=\"text-align: justify;\"><strong>\u00a1SHALOM!<\/strong><\/p>\n<p style=\"text-align: justify;\"><strong>\u00a0\u00a0\u00a0<\/strong><\/p>\n<p><script type=\"text\/javascript\" src=\"http:\/\/7298805.collect.igodigital.com\/collect.js\"><\/script><br \/>\n<script type=\"text\/javascript\">\n_etmc.push([\"setOrgId\", \"7298805\"]);\n_etmc.push([\"setUserInfo\", {\n\"email\" : %%email%%,\n\"details\" : {\n\"first_name\" : %%first_name%%,\n}\n}]);\n_etmc.push([\"trackPageView\"]);\n<\/script><\/p>\n","protected":false},"excerpt":{"rendered":"<p>POR JULY DE SOSA Se dice de todos los que gozamos del privilegio de nacer vivos, seg\u00fan nuestra acta de nacimiento. Que a medida crecemos y desarrollamos, buscamos afirmar nuestra identidad, y de lo primero que echamos mano es a imitar comportamientos de conducta de personas a las que consideramos hero\u00ednas, por ser lo que [&hellip;]<\/p>\n","protected":false},"author":3,"featured_media":4496,"comment_status":"open","ping_status":"open","sticky":false,"template":"","format":"standard","meta":[],"categories":[36],"tags":[],"yoast_head":"<!-- This site is optimized with the Yoast SEO plugin v20.8 - https:\/\/yoast.com\/wordpress\/plugins\/seo\/ -->\n<title>\u00bfQui\u00e9n eres? - La Prensa Cristiana<\/title>\n<meta name=\"robots\" content=\"index, follow, max-snippet:-1, max-image-preview:large, max-video-preview:-1\" \/>\n<link rel=\"canonical\" href=\"https:\/\/laprensacristiana.com\/?p=4828\" \/>\n<meta property=\"og:locale\" content=\"es_ES\" \/>\n<meta property=\"og:type\" content=\"article\" \/>\n<meta property=\"og:title\" content=\"\u00bfQui\u00e9n eres? - La Prensa Cristiana\" \/>\n<meta property=\"og:description\" content=\"POR JULY DE SOSA Se dice de todos los que gozamos del privilegio de nacer vivos, seg\u00fan nuestra acta de nacimiento. Que a medida crecemos y desarrollamos, buscamos afirmar nuestra identidad, y de lo primero que echamos mano es a imitar comportamientos de conducta de personas a las que consideramos hero\u00ednas, por ser lo que [&hellip;]\" \/>\n<meta property=\"og:url\" content=\"https:\/\/laprensacristiana.com\/?p=4828\" \/>\n<meta property=\"og:site_name\" content=\"La Prensa Cristiana\" \/>\n<meta property=\"article:published_time\" content=\"2018-12-03T15:18:46+00:00\" \/>\n<meta property=\"article:modified_time\" content=\"2020-07-01T22:58:12+00:00\" \/>\n<meta property=\"og:image\" content=\"https:\/\/laprensacristiana.com\/wp-content\/uploads\/2018\/10\/JULY-LPG-2017.jpg\" \/>\n\t<meta property=\"og:image:width\" content=\"1240\" \/>\n\t<meta property=\"og:image:height\" content=\"692\" \/>\n\t<meta property=\"og:image:type\" content=\"image\/jpeg\" \/>\n<meta name=\"author\" content=\"EDITOR\" \/>\n<meta name=\"twitter:card\" content=\"summary_large_image\" \/>\n<meta name=\"twitter:label1\" content=\"Escrito por\" \/>\n\t<meta name=\"twitter:data1\" content=\"EDITOR\" \/>\n\t<meta name=\"twitter:label2\" content=\"Tiempo de lectura\" \/>\n\t<meta name=\"twitter:data2\" content=\"4 minutos\" \/>\n<script type=\"application\/ld+json\" class=\"yoast-schema-graph\">{\"@context\":\"https:\/\/schema.org\",\"@graph\":[{\"@type\":\"WebPage\",\"@id\":\"https:\/\/laprensacristiana.com\/?p=4828\",\"url\":\"https:\/\/laprensacristiana.com\/?p=4828\",\"name\":\"\u00bfQui\u00e9n eres? - La Prensa Cristiana\",\"isPartOf\":{\"@id\":\"https:\/\/laprensacristiana.com\/#website\"},\"datePublished\":\"2018-12-03T15:18:46+00:00\",\"dateModified\":\"2020-07-01T22:58:12+00:00\",\"author\":{\"@id\":\"https:\/\/laprensacristiana.com\/#\/schema\/person\/3e7d82c6bfd6b1fa67010f8f7cd5256e\"},\"breadcrumb\":{\"@id\":\"https:\/\/laprensacristiana.com\/?p=4828#breadcrumb\"},\"inLanguage\":\"es\",\"potentialAction\":[{\"@type\":\"ReadAction\",\"target\":[\"https:\/\/laprensacristiana.com\/?p=4828\"]}]},{\"@type\":\"BreadcrumbList\",\"@id\":\"https:\/\/laprensacristiana.com\/?p=4828#breadcrumb\",\"itemListElement\":[{\"@type\":\"ListItem\",\"position\":1,\"name\":\"Portada\",\"item\":\"https:\/\/laprensacristiana.com\/\"},{\"@type\":\"ListItem\",\"position\":2,\"name\":\"\u00bfQui\u00e9n eres?\"}]},{\"@type\":\"WebSite\",\"@id\":\"https:\/\/laprensacristiana.com\/#website\",\"url\":\"https:\/\/laprensacristiana.com\/\",\"name\":\"La Prensa Cristiana\",\"description\":\"Anunciando Las Buenas Nuevas\",\"potentialAction\":[{\"@type\":\"SearchAction\",\"target\":{\"@type\":\"EntryPoint\",\"urlTemplate\":\"https:\/\/laprensacristiana.com\/?s={search_term_string}\"},\"query-input\":\"required name=search_term_string\"}],\"inLanguage\":\"es\"},{\"@type\":\"Person\",\"@id\":\"https:\/\/laprensacristiana.com\/#\/schema\/person\/3e7d82c6bfd6b1fa67010f8f7cd5256e\",\"name\":\"EDITOR\",\"image\":{\"@type\":\"ImageObject\",\"inLanguage\":\"es\",\"@id\":\"https:\/\/laprensacristiana.com\/#\/schema\/person\/image\/\",\"url\":\"https:\/\/secure.gravatar.com\/avatar\/72069dfb6c13772d9e8381e3638666d2?s=96&d=mm&r=g\",\"contentUrl\":\"https:\/\/secure.gravatar.com\/avatar\/72069dfb6c13772d9e8381e3638666d2?s=96&d=mm&r=g\",\"caption\":\"EDITOR\"},\"url\":\"https:\/\/laprensacristiana.com\/?author=3\"}]}<\/script>\n<!-- \/ Yoast SEO plugin. -->","yoast_head_json":{"title":"\u00bfQui\u00e9n eres? - La Prensa Cristiana","robots":{"index":"index","follow":"follow","max-snippet":"max-snippet:-1","max-image-preview":"max-image-preview:large","max-video-preview":"max-video-preview:-1"},"canonical":"https:\/\/laprensacristiana.com\/?p=4828","og_locale":"es_ES","og_type":"article","og_title":"\u00bfQui\u00e9n eres? - La Prensa Cristiana","og_description":"POR JULY DE SOSA Se dice de todos los que gozamos del privilegio de nacer vivos, seg\u00fan nuestra acta de nacimiento. Que a medida crecemos y desarrollamos, buscamos afirmar nuestra identidad, y de lo primero que echamos mano es a imitar comportamientos de conducta de personas a las que consideramos hero\u00ednas, por ser lo que [&hellip;]","og_url":"https:\/\/laprensacristiana.com\/?p=4828","og_site_name":"La Prensa Cristiana","article_published_time":"2018-12-03T15:18:46+00:00","article_modified_time":"2020-07-01T22:58:12+00:00","og_image":[{"width":1240,"height":692,"url":"https:\/\/laprensacristiana.com\/wp-content\/uploads\/2018\/10\/JULY-LPG-2017.jpg","type":"image\/jpeg"}],"author":"EDITOR","twitter_card":"summary_large_image","twitter_misc":{"Escrito por":"EDITOR","Tiempo de lectura":"4 minutos"},"schema":{"@context":"https:\/\/schema.org","@graph":[{"@type":"WebPage","@id":"https:\/\/laprensacristiana.com\/?p=4828","url":"https:\/\/laprensacristiana.com\/?p=4828","name":"\u00bfQui\u00e9n eres? - La Prensa Cristiana","isPartOf":{"@id":"https:\/\/laprensacristiana.com\/#website"},"datePublished":"2018-12-03T15:18:46+00:00","dateModified":"2020-07-01T22:58:12+00:00","author":{"@id":"https:\/\/laprensacristiana.com\/#\/schema\/person\/3e7d82c6bfd6b1fa67010f8f7cd5256e"},"breadcrumb":{"@id":"https:\/\/laprensacristiana.com\/?p=4828#breadcrumb"},"inLanguage":"es","potentialAction":[{"@type":"ReadAction","target":["https:\/\/laprensacristiana.com\/?p=4828"]}]},{"@type":"BreadcrumbList","@id":"https:\/\/laprensacristiana.com\/?p=4828#breadcrumb","itemListElement":[{"@type":"ListItem","position":1,"name":"Portada","item":"https:\/\/laprensacristiana.com\/"},{"@type":"ListItem","position":2,"name":"\u00bfQui\u00e9n eres?"}]},{"@type":"WebSite","@id":"https:\/\/laprensacristiana.com\/#website","url":"https:\/\/laprensacristiana.com\/","name":"La Prensa Cristiana","description":"Anunciando Las Buenas Nuevas","potentialAction":[{"@type":"SearchAction","target":{"@type":"EntryPoint","urlTemplate":"https:\/\/laprensacristiana.com\/?s={search_term_string}"},"query-input":"required name=search_term_string"}],"inLanguage":"es"},{"@type":"Person","@id":"https:\/\/laprensacristiana.com\/#\/schema\/person\/3e7d82c6bfd6b1fa67010f8f7cd5256e","name":"EDITOR","image":{"@type":"ImageObject","inLanguage":"es","@id":"https:\/\/laprensacristiana.com\/#\/schema\/person\/image\/","url":"https:\/\/secure.gravatar.com\/avatar\/72069dfb6c13772d9e8381e3638666d2?s=96&d=mm&r=g","contentUrl":"https:\/\/secure.gravatar.com\/avatar\/72069dfb6c13772d9e8381e3638666d2?s=96&d=mm&r=g","caption":"EDITOR"},"url":"https:\/\/laprensacristiana.com\/?author=3"}]}},"_links":{"self":[{"href":"https:\/\/laprensacristiana.com\/index.php?rest_route=\/wp\/v2\/posts\/4828"}],"collection":[{"href":"https:\/\/laprensacristiana.com\/index.php?rest_route=\/wp\/v2\/posts"}],"about":[{"href":"https:\/\/laprensacristiana.com\/index.php?rest_route=\/wp\/v2\/types\/post"}],"author":[{"embeddable":true,"href":"https:\/\/laprensacristiana.com\/index.php?rest_route=\/wp\/v2\/users\/3"}],"replies":[{"embeddable":true,"href":"https:\/\/laprensacristiana.com\/index.php?rest_route=%2Fwp%2Fv2%2Fcomments&post=4828"}],"version-history":[{"count":4,"href":"https:\/\/laprensacristiana.com\/index.php?rest_route=\/wp\/v2\/posts\/4828\/revisions"}],"predecessor-version":[{"id":5166,"href":"https:\/\/laprensacristiana.com\/index.php?rest_route=\/wp\/v2\/posts\/4828\/revisions\/5166"}],"wp:featuredmedia":[{"embeddable":true,"href":"https:\/\/laprensacristiana.com\/index.php?rest_route=\/wp\/v2\/media\/4496"}],"wp:attachment":[{"href":"https:\/\/laprensacristiana.com\/index.php?rest_route=%2Fwp%2Fv2%2Fmedia&parent=4828"}],"wp:term":[{"taxonomy":"category","embeddable":true,"href":"https:\/\/laprensacristiana.com\/index.php?rest_route=%2Fwp%2Fv2%2Fcategories&post=4828"},{"taxonomy":"post_tag","embeddable":true,"href":"https:\/\/laprensacristiana.com\/index.php?rest_route=%2Fwp%2Fv2%2Ftags&post=4828"}],"curies":[{"name":"wp","href":"https:\/\/api.w.org\/{rel}","templated":true}]}}