{"id":4833,"date":"2018-12-07T18:53:27","date_gmt":"2018-12-07T18:53:27","guid":{"rendered":"https:\/\/laprensacristiana.com\/?p=4833"},"modified":"2019-02-13T06:56:11","modified_gmt":"2019-02-13T06:56:11","slug":"tres-preguntas","status":"publish","type":"post","link":"https:\/\/laprensacristiana.com\/?p=4833","title":{"rendered":"TRES PREGUNTAS"},"content":{"rendered":"<p>G\u00e8n. 3:9 \u201cY el SE\u00d1OR Dios llam\u00f3 al hombre, y le dijo: \u00bfD\u00f3nde est\u00e1s?\u201d\u00a0 (1a. pregunta)<\/p>\n<p>Se han vertido r\u00edos de tinta escribiendo sobre el significado de esta pregunta. Se han predicado cientos de mensajes sobre este pasaje. Se han escrito estudios y bosquejos para los p\u00falpitos en donde se ha tocado este tema. Pero no termina de agotarse. Porque todos sabemos que la Escritura es un pozo sin fondo y que cada vez que le sacamos agua produce m\u00e1s y m\u00e1s y cada vez m\u00e1s fresca.<\/p>\n<p>El t\u00edtulo de este escrito lo dice todo. Son tres preguntas que Dios le hace a cada uno de los protagonistas de la historia de la ca\u00edda. Son tres preguntas que Dios ya conoce cuales son las respuestas. Todos lo sabemos. Para Dios no hay nada oculto. Es el hombre quien no conoce las respuestas. Pero como el principio gramatical lo ense\u00f1a, toda pregunta tiene una respuesta. Y la respuesta no es para Dios que ya la conoce. Es para nosotros los hombres que nos escondemos detr\u00e1s de los \u00e1rboles para no confrontar nuestra naturaleza pecaminosa.<\/p>\n<p>En esta pregunta, Dios quiere hacerle saber a Ad\u00e1n que no culpe a nadie m\u00e1s de su desastre moral. Que encuentre dentro de s\u00ed mismo respuesta a su ca\u00edda. No fue la invitaci\u00f3n de su esposa. Nadie peca sino de su propia concupiscencia. Nadie nos puede obligar a pecar contra\u00a0 Dios a menos que nosotros mismos lo deseemos.<\/p>\n<p>\u201c\u00bfDonde estas?\u201d no significa a ver si te encuentro. No. La pregunta es un poco m\u00e1s profunda y es la misma que nos hace a todos nosotros, pastores, l\u00ecderes de iglesias, asistentes a los cultos, ministros del altar. Es la misma pregunta que debemos responder los esposos que hemos fallado en nuestra fidelidad a nuestra pareja. Es la pregunta que debemos responder los padres que hemos abandonado a nuestros hijos a la ventura de la vida.<\/p>\n<p>\u00bfHasta d\u00f3nde has ca\u00eddo, Ad\u00e1n? \u00bfEn donde te encuentras despu\u00e9s de haber comido del fruto prohibido? \u00bfD\u00f2nde estas despu\u00e9s de haber disfrutado de esa relaci\u00f3n ad\u00faltera? \u00bfPor qu\u00e8 te escondes de M\u00ec? \u00bfAcaso te hice algo malo para que me tengas miedo, querido Ad\u00e1n? \u00bfDonde est\u00e1s? \u00bfPor qu\u00e8 no estas en d\u00f3nde siempre hab\u00edas estado? \u00bfQu\u00e8 te hizo esconderte de mi Presencia?<\/p>\n<p>Es algo que muchos de nosotros no sabemos responder. Y sucede lo mismo que en el Ed\u00e9n: le echamos la culpa a otras personas. \u201cEs que me qued\u00e9 sin trabajo, por eso me emborrach\u00e9. Es que mi esposa no me atiende, por eso me busque otra mujer. Es que no tengo t\u00edtulo, por eso no encuentro trabajo. Soy malhablado porque me obligan a usar esas palabrotas para hacerme respetar\u201d Una serie de pretextos para salir airosos. Pero todas esas respuestas son subterfugios. Nos escondemos en esos \u00e1rboles para justificar que alguien m\u00e1s tuvo la culpa para que hici\u00e9ramos lo que hicimos. Nosotros somos buenos. Los dem\u00e1s son los malos.<\/p>\n<p>Ad\u00e1n este escondido de Dios porque le fall\u00f3. As\u00ed de sencillo. Pec\u00f3 contra \u00c8l y ahora tiene miedo a su reacci\u00f3n sin darse cuenta que Dios es un Dios de amor. No de condenaci\u00f3n. La pregunta que nos hace, al igual que al primer hombre de la historia es para darnos la oportunidad de explicarle por qu\u00e8 estamos d\u00f3nde estamos.<\/p>\n<p><img decoding=\"async\" loading=\"lazy\" class=\"alignnone size-full wp-image-4689\" src=\"https:\/\/laprensacristiana.com\/wp-content\/uploads\/2018\/11\/ARTE-WEB-TIENDAS-MORENA.jpg\" alt=\"\" width=\"1000\" height=\"428\" srcset=\"https:\/\/laprensacristiana.com\/wp-content\/uploads\/2018\/11\/ARTE-WEB-TIENDAS-MORENA.jpg 1000w, https:\/\/laprensacristiana.com\/wp-content\/uploads\/2018\/11\/ARTE-WEB-TIENDAS-MORENA-600x257.jpg 600w, https:\/\/laprensacristiana.com\/wp-content\/uploads\/2018\/11\/ARTE-WEB-TIENDAS-MORENA-300x128.jpg 300w, https:\/\/laprensacristiana.com\/wp-content\/uploads\/2018\/11\/ARTE-WEB-TIENDAS-MORENA-768x329.jpg 768w, https:\/\/laprensacristiana.com\/wp-content\/uploads\/2018\/11\/ARTE-WEB-TIENDAS-MORENA-696x298.jpg 696w, https:\/\/laprensacristiana.com\/wp-content\/uploads\/2018\/11\/ARTE-WEB-TIENDAS-MORENA-981x420.jpg 981w\" sizes=\"(max-width: 1000px) 100vw, 1000px\" \/><\/p>\n<p>\u201cExpl\u00eccame, Ad\u00e1n, \u00bfPor qu\u00e8 est\u00e0s donde estas?\u201d.<\/p>\n<p>Esto nos lleva a otro nivel de comprensi\u00f3n de c\u00f3mo nos ama el Se\u00f1or. No levanta un dedo acusador para enviarnos fuera de su Presencia porque no fue Dios quien movi\u00f3 a Ad\u00e1n sino \u00e9l mismo se movi\u00f3 de d\u00f3nde deb\u00eda permanecer.<\/p>\n<p>La Bondad de nuestro Dios es tan grande que El espera que le expliquemos por qu\u00e8 hicimos esas cosas feas. Por qu\u00e8 nos dejamos llevar por el pecado que nos asedia. \u00bfAcaso no fue eso lo que hizo Pablo cuando \u00e9l mismo encontr\u00f3 la respuesta dentro de s\u00ed? \u201cEncuentro que el mal est\u00e1 dentro de m\u00ed, Se\u00f1or, que en mis miembros hay una batalla entre el bien y el mal\u201d. No era el imperio romano. No eran los jud\u00ecos. No era el evangelio. La causa de su decepci\u00f3n personal era por su misma condici\u00f3n de hombre. \u201cPero \u00a1gracias doy por Jesucristo! Ese es el final apote\u00f3sico que Pablo nos ense\u00f1a despu\u00e9s de haberse preguntado por qu\u00e8 hacia lo que lo avergonzaba.<\/p>\n<p>\u00bfY nosotros? \u00bfEstamos listos para darnos la respuesta a nuestras faltas?<br \/>\n<script type=\"text\/javascript\" src=\"http:\/\/7298805.collect.igodigital.com\/collect.js\"><\/script><br \/>\n<script type=\"text\/javascript\">\n_etmc.push([\"setOrgId\", \"7298805\"]);\n_etmc.push([\"setUserInfo\", {\n\"email\" : %%email%%,\n\"details\" : {\n\"first_name\" : %%first_name%%,\n}\n}]);\n_etmc.push([\"trackPageView\"]);\n<\/script><\/p>\n","protected":false},"excerpt":{"rendered":"<p>G\u00e8n. 3:9 \u201cY el SE\u00d1OR Dios llam\u00f3 al hombre, y le dijo: \u00bfD\u00f3nde est\u00e1s?\u201d\u00a0 (1a. pregunta) Se han vertido r\u00edos de tinta escribiendo sobre el significado de esta pregunta. Se han predicado cientos de mensajes sobre este pasaje. Se han escrito estudios y bosquejos para los p\u00falpitos en donde se ha tocado este tema. Pero [&hellip;]<\/p>\n","protected":false},"author":3,"featured_media":4530,"comment_status":"open","ping_status":"open","sticky":false,"template":"","format":"standard","meta":[],"categories":[36],"tags":[],"yoast_head":"<!-- This site is optimized with the Yoast SEO plugin v20.8 - https:\/\/yoast.com\/wordpress\/plugins\/seo\/ -->\n<title>TRES PREGUNTAS - La Prensa Cristiana<\/title>\n<meta name=\"robots\" content=\"index, follow, max-snippet:-1, max-image-preview:large, max-video-preview:-1\" \/>\n<link rel=\"canonical\" href=\"https:\/\/laprensacristiana.com\/?p=4833\" \/>\n<meta property=\"og:locale\" content=\"es_ES\" \/>\n<meta property=\"og:type\" content=\"article\" \/>\n<meta property=\"og:title\" content=\"TRES PREGUNTAS - La Prensa Cristiana\" \/>\n<meta property=\"og:description\" content=\"G\u00e8n. 3:9 \u201cY el SE\u00d1OR Dios llam\u00f3 al hombre, y le dijo: \u00bfD\u00f3nde est\u00e1s?\u201d\u00a0 (1a. pregunta) Se han vertido r\u00edos de tinta escribiendo sobre el significado de esta pregunta. Se han predicado cientos de mensajes sobre este pasaje. Se han escrito estudios y bosquejos para los p\u00falpitos en donde se ha tocado este tema. Pero [&hellip;]\" \/>\n<meta property=\"og:url\" content=\"https:\/\/laprensacristiana.com\/?p=4833\" \/>\n<meta property=\"og:site_name\" content=\"La Prensa Cristiana\" \/>\n<meta property=\"article:published_time\" content=\"2018-12-07T18:53:27+00:00\" \/>\n<meta property=\"article:modified_time\" content=\"2019-02-13T06:56:11+00:00\" \/>\n<meta property=\"og:image\" content=\"https:\/\/laprensacristiana.com\/wp-content\/uploads\/2018\/10\/2017-11-23-PHOTO-00003245.jpg\" \/>\n\t<meta property=\"og:image:width\" content=\"1280\" \/>\n\t<meta property=\"og:image:height\" content=\"714\" \/>\n\t<meta property=\"og:image:type\" content=\"image\/jpeg\" \/>\n<meta name=\"author\" content=\"EDITOR\" \/>\n<meta name=\"twitter:card\" content=\"summary_large_image\" \/>\n<meta name=\"twitter:label1\" content=\"Escrito por\" \/>\n\t<meta name=\"twitter:data1\" content=\"EDITOR\" \/>\n\t<meta name=\"twitter:label2\" content=\"Tiempo de lectura\" \/>\n\t<meta name=\"twitter:data2\" content=\"4 minutos\" \/>\n<script type=\"application\/ld+json\" class=\"yoast-schema-graph\">{\"@context\":\"https:\/\/schema.org\",\"@graph\":[{\"@type\":\"WebPage\",\"@id\":\"https:\/\/laprensacristiana.com\/?p=4833\",\"url\":\"https:\/\/laprensacristiana.com\/?p=4833\",\"name\":\"TRES PREGUNTAS - La Prensa Cristiana\",\"isPartOf\":{\"@id\":\"https:\/\/laprensacristiana.com\/#website\"},\"datePublished\":\"2018-12-07T18:53:27+00:00\",\"dateModified\":\"2019-02-13T06:56:11+00:00\",\"author\":{\"@id\":\"https:\/\/laprensacristiana.com\/#\/schema\/person\/3e7d82c6bfd6b1fa67010f8f7cd5256e\"},\"breadcrumb\":{\"@id\":\"https:\/\/laprensacristiana.com\/?p=4833#breadcrumb\"},\"inLanguage\":\"es\",\"potentialAction\":[{\"@type\":\"ReadAction\",\"target\":[\"https:\/\/laprensacristiana.com\/?p=4833\"]}]},{\"@type\":\"BreadcrumbList\",\"@id\":\"https:\/\/laprensacristiana.com\/?p=4833#breadcrumb\",\"itemListElement\":[{\"@type\":\"ListItem\",\"position\":1,\"name\":\"Portada\",\"item\":\"https:\/\/laprensacristiana.com\/\"},{\"@type\":\"ListItem\",\"position\":2,\"name\":\"TRES PREGUNTAS\"}]},{\"@type\":\"WebSite\",\"@id\":\"https:\/\/laprensacristiana.com\/#website\",\"url\":\"https:\/\/laprensacristiana.com\/\",\"name\":\"La Prensa Cristiana\",\"description\":\"Anunciando Las Buenas Nuevas\",\"potentialAction\":[{\"@type\":\"SearchAction\",\"target\":{\"@type\":\"EntryPoint\",\"urlTemplate\":\"https:\/\/laprensacristiana.com\/?s={search_term_string}\"},\"query-input\":\"required name=search_term_string\"}],\"inLanguage\":\"es\"},{\"@type\":\"Person\",\"@id\":\"https:\/\/laprensacristiana.com\/#\/schema\/person\/3e7d82c6bfd6b1fa67010f8f7cd5256e\",\"name\":\"EDITOR\",\"image\":{\"@type\":\"ImageObject\",\"inLanguage\":\"es\",\"@id\":\"https:\/\/laprensacristiana.com\/#\/schema\/person\/image\/\",\"url\":\"https:\/\/secure.gravatar.com\/avatar\/72069dfb6c13772d9e8381e3638666d2?s=96&d=mm&r=g\",\"contentUrl\":\"https:\/\/secure.gravatar.com\/avatar\/72069dfb6c13772d9e8381e3638666d2?s=96&d=mm&r=g\",\"caption\":\"EDITOR\"},\"url\":\"https:\/\/laprensacristiana.com\/?author=3\"}]}<\/script>\n<!-- \/ Yoast SEO plugin. -->","yoast_head_json":{"title":"TRES PREGUNTAS - La Prensa Cristiana","robots":{"index":"index","follow":"follow","max-snippet":"max-snippet:-1","max-image-preview":"max-image-preview:large","max-video-preview":"max-video-preview:-1"},"canonical":"https:\/\/laprensacristiana.com\/?p=4833","og_locale":"es_ES","og_type":"article","og_title":"TRES PREGUNTAS - La Prensa Cristiana","og_description":"G\u00e8n. 3:9 \u201cY el SE\u00d1OR Dios llam\u00f3 al hombre, y le dijo: \u00bfD\u00f3nde est\u00e1s?\u201d\u00a0 (1a. pregunta) Se han vertido r\u00edos de tinta escribiendo sobre el significado de esta pregunta. Se han predicado cientos de mensajes sobre este pasaje. Se han escrito estudios y bosquejos para los p\u00falpitos en donde se ha tocado este tema. Pero [&hellip;]","og_url":"https:\/\/laprensacristiana.com\/?p=4833","og_site_name":"La Prensa Cristiana","article_published_time":"2018-12-07T18:53:27+00:00","article_modified_time":"2019-02-13T06:56:11+00:00","og_image":[{"width":1280,"height":714,"url":"https:\/\/laprensacristiana.com\/wp-content\/uploads\/2018\/10\/2017-11-23-PHOTO-00003245.jpg","type":"image\/jpeg"}],"author":"EDITOR","twitter_card":"summary_large_image","twitter_misc":{"Escrito por":"EDITOR","Tiempo de lectura":"4 minutos"},"schema":{"@context":"https:\/\/schema.org","@graph":[{"@type":"WebPage","@id":"https:\/\/laprensacristiana.com\/?p=4833","url":"https:\/\/laprensacristiana.com\/?p=4833","name":"TRES PREGUNTAS - La Prensa Cristiana","isPartOf":{"@id":"https:\/\/laprensacristiana.com\/#website"},"datePublished":"2018-12-07T18:53:27+00:00","dateModified":"2019-02-13T06:56:11+00:00","author":{"@id":"https:\/\/laprensacristiana.com\/#\/schema\/person\/3e7d82c6bfd6b1fa67010f8f7cd5256e"},"breadcrumb":{"@id":"https:\/\/laprensacristiana.com\/?p=4833#breadcrumb"},"inLanguage":"es","potentialAction":[{"@type":"ReadAction","target":["https:\/\/laprensacristiana.com\/?p=4833"]}]},{"@type":"BreadcrumbList","@id":"https:\/\/laprensacristiana.com\/?p=4833#breadcrumb","itemListElement":[{"@type":"ListItem","position":1,"name":"Portada","item":"https:\/\/laprensacristiana.com\/"},{"@type":"ListItem","position":2,"name":"TRES PREGUNTAS"}]},{"@type":"WebSite","@id":"https:\/\/laprensacristiana.com\/#website","url":"https:\/\/laprensacristiana.com\/","name":"La Prensa Cristiana","description":"Anunciando Las Buenas Nuevas","potentialAction":[{"@type":"SearchAction","target":{"@type":"EntryPoint","urlTemplate":"https:\/\/laprensacristiana.com\/?s={search_term_string}"},"query-input":"required name=search_term_string"}],"inLanguage":"es"},{"@type":"Person","@id":"https:\/\/laprensacristiana.com\/#\/schema\/person\/3e7d82c6bfd6b1fa67010f8f7cd5256e","name":"EDITOR","image":{"@type":"ImageObject","inLanguage":"es","@id":"https:\/\/laprensacristiana.com\/#\/schema\/person\/image\/","url":"https:\/\/secure.gravatar.com\/avatar\/72069dfb6c13772d9e8381e3638666d2?s=96&d=mm&r=g","contentUrl":"https:\/\/secure.gravatar.com\/avatar\/72069dfb6c13772d9e8381e3638666d2?s=96&d=mm&r=g","caption":"EDITOR"},"url":"https:\/\/laprensacristiana.com\/?author=3"}]}},"_links":{"self":[{"href":"https:\/\/laprensacristiana.com\/index.php?rest_route=\/wp\/v2\/posts\/4833"}],"collection":[{"href":"https:\/\/laprensacristiana.com\/index.php?rest_route=\/wp\/v2\/posts"}],"about":[{"href":"https:\/\/laprensacristiana.com\/index.php?rest_route=\/wp\/v2\/types\/post"}],"author":[{"embeddable":true,"href":"https:\/\/laprensacristiana.com\/index.php?rest_route=\/wp\/v2\/users\/3"}],"replies":[{"embeddable":true,"href":"https:\/\/laprensacristiana.com\/index.php?rest_route=%2Fwp%2Fv2%2Fcomments&post=4833"}],"version-history":[{"count":3,"href":"https:\/\/laprensacristiana.com\/index.php?rest_route=\/wp\/v2\/posts\/4833\/revisions"}],"predecessor-version":[{"id":5164,"href":"https:\/\/laprensacristiana.com\/index.php?rest_route=\/wp\/v2\/posts\/4833\/revisions\/5164"}],"wp:featuredmedia":[{"embeddable":true,"href":"https:\/\/laprensacristiana.com\/index.php?rest_route=\/wp\/v2\/media\/4530"}],"wp:attachment":[{"href":"https:\/\/laprensacristiana.com\/index.php?rest_route=%2Fwp%2Fv2%2Fmedia&parent=4833"}],"wp:term":[{"taxonomy":"category","embeddable":true,"href":"https:\/\/laprensacristiana.com\/index.php?rest_route=%2Fwp%2Fv2%2Fcategories&post=4833"},{"taxonomy":"post_tag","embeddable":true,"href":"https:\/\/laprensacristiana.com\/index.php?rest_route=%2Fwp%2Fv2%2Ftags&post=4833"}],"curies":[{"name":"wp","href":"https:\/\/api.w.org\/{rel}","templated":true}]}}