{"id":4835,"date":"2018-12-09T15:47:32","date_gmt":"2018-12-09T15:47:32","guid":{"rendered":"https:\/\/laprensacristiana.com\/?p=4835"},"modified":"2020-07-01T22:57:56","modified_gmt":"2020-07-01T22:57:56","slug":"juventud-en-alto-riesgo-busca-de-dios","status":"publish","type":"post","link":"https:\/\/laprensacristiana.com\/?p=4835","title":{"rendered":"Juventud en alto riesgo busca de Dios"},"content":{"rendered":"<p style=\"text-align: justify;\">El pasado\u00a0 24 de noviembre se desarroll\u00f3 la conferencia POESIA en las instalaciones del Gimnasio Nacional \u201cJos\u00e9 Adolfo Pineda\u201d en San Salvador, m\u00e1s de 3,000 personas en su mayor\u00eda ni\u00f1os y j\u00f3venes se dieron cita para escuchar las diferentes ponencias de pastores e influencers invitados.<\/p>\n<p style=\"text-align: justify;\">Muchos j\u00f3venes recibieron a Jes\u00fas en su coraz\u00f3n, al ser impactados a trav\u00e9s de los mensajes y testimonios que escucharon. Los\u00a0 invitados especiales fueron: Salvador Castellanos comunicador y periodista, Ricky Esquivel pastor general de Iglesia CCI, Gio Barahona pastor de Iglesia Poes\u00eda y representante de Fundaci\u00f3n La R.E.D, Bryan Barcelona director y fundador de One Voice Student Missions.<\/p>\n<p style=\"text-align: justify;\"><img decoding=\"async\" loading=\"lazy\" class=\"alignnone size-full wp-image-4689\" src=\"https:\/\/laprensacristiana.com\/wp-content\/uploads\/2018\/11\/ARTE-WEB-TIENDAS-MORENA.jpg\" alt=\"\" width=\"1000\" height=\"428\" srcset=\"https:\/\/laprensacristiana.com\/wp-content\/uploads\/2018\/11\/ARTE-WEB-TIENDAS-MORENA.jpg 1000w, https:\/\/laprensacristiana.com\/wp-content\/uploads\/2018\/11\/ARTE-WEB-TIENDAS-MORENA-600x257.jpg 600w, https:\/\/laprensacristiana.com\/wp-content\/uploads\/2018\/11\/ARTE-WEB-TIENDAS-MORENA-300x128.jpg 300w, https:\/\/laprensacristiana.com\/wp-content\/uploads\/2018\/11\/ARTE-WEB-TIENDAS-MORENA-768x329.jpg 768w, https:\/\/laprensacristiana.com\/wp-content\/uploads\/2018\/11\/ARTE-WEB-TIENDAS-MORENA-696x298.jpg 696w, https:\/\/laprensacristiana.com\/wp-content\/uploads\/2018\/11\/ARTE-WEB-TIENDAS-MORENA-981x420.jpg 981w\" sizes=\"(max-width: 1000px) 100vw, 1000px\" \/><\/p>\n<p style=\"text-align: justify;\">La conferencia POESIA tambi\u00e9n cont\u00f3 con la participaci\u00f3n de influencers como Jacky Morales, Tania Villatoro, Thrazo quien fue el encargado de abrir la presentaci\u00f3n de Redimi2, los j\u00f3venes de SoyaCity no pudieron presentarse pero enviaron un saludo especial a todos los asistentes, los invitados compartieron experiencias de su paso por las escuelas y colegios en\u00a0 infancia y juventud, motivando a los oyentes a hacer la diferencia en sus centros escolares.<\/p>\n<p style=\"text-align: justify;\">Los encargados de las alabanzas fueron Thrazo, LION RFC, Poes\u00eda W. Por los boletos vendidos se pudo patrocinar a 1,500 j\u00f3venes de centros escolares en alta vulnerabilidad quienes pudieron escuchar el mensaje de Jes\u00fas de una manera estrat\u00e9gica.<\/p>\n<p style=\"text-align: justify;\">\u201cTuvimos un momento bastante emotivo, lleno de energ\u00eda, pude ver la alegr\u00eda y el gozo en sus caras, R.E.D es una organizaci\u00f3n que est\u00e1 haciendo algo por este pa\u00eds, por la juventud, las escuelas, quiz\u00e1s en donde muchos no est\u00e1n trabajando ellos han sabido colocarse, conferencia POESIA marca uno de los muchos eventos para aquellos que de verdad necesitan ser llenados del Esp\u00edritu Santo y llenarse de prop\u00f3sito en la vida, pudimos ver la gloria de Dios derramada en la vida de los j\u00f3venes\u201d expres\u00f3 Carlos Valle vocalista de LION RFC.<\/p>\n<p style=\"text-align: justify;\">El evento fue organizado por fundaci\u00f3n La R.E.D que es una organizaci\u00f3n sin fines de lucro, dedicada a la prevenci\u00f3n de violencia y al rescate de los valores enfocados en la ni\u00f1ez y la juventud, su objetivo principal se centra en impartir conferencias que impacten\u00a0 vidas y estas influyan en la toma de buenas decisiones en el d\u00eda a d\u00eda de los j\u00f3venes que las reciben.<\/p>\n<figure id=\"attachment_4836\" aria-describedby=\"caption-attachment-4836\" style=\"width: 960px\" class=\"wp-caption alignnone\"><img decoding=\"async\" loading=\"lazy\" class=\"size-full wp-image-4836\" src=\"https:\/\/laprensacristiana.com\/wp-content\/uploads\/2018\/12\/46863357_2411077932239787_799001270110126080_n.jpg\" alt=\"Gio Barahona \/ Fundador La R.E.D\" width=\"960\" height=\"960\" srcset=\"https:\/\/laprensacristiana.com\/wp-content\/uploads\/2018\/12\/46863357_2411077932239787_799001270110126080_n.jpg 960w, https:\/\/laprensacristiana.com\/wp-content\/uploads\/2018\/12\/46863357_2411077932239787_799001270110126080_n-300x300.jpg 300w, https:\/\/laprensacristiana.com\/wp-content\/uploads\/2018\/12\/46863357_2411077932239787_799001270110126080_n-100x100.jpg 100w, https:\/\/laprensacristiana.com\/wp-content\/uploads\/2018\/12\/46863357_2411077932239787_799001270110126080_n-600x600.jpg 600w, https:\/\/laprensacristiana.com\/wp-content\/uploads\/2018\/12\/46863357_2411077932239787_799001270110126080_n-150x150.jpg 150w, https:\/\/laprensacristiana.com\/wp-content\/uploads\/2018\/12\/46863357_2411077932239787_799001270110126080_n-768x768.jpg 768w, https:\/\/laprensacristiana.com\/wp-content\/uploads\/2018\/12\/46863357_2411077932239787_799001270110126080_n-696x696.jpg 696w, https:\/\/laprensacristiana.com\/wp-content\/uploads\/2018\/12\/46863357_2411077932239787_799001270110126080_n-420x420.jpg 420w\" sizes=\"(max-width: 960px) 100vw, 960px\" \/><figcaption id=\"caption-attachment-4836\" class=\"wp-caption-text\">Gio Barahona \/ Fundador La R.E.D<\/figcaption><\/figure>\n<p style=\"text-align: justify;\">\u201cEste es un evento sin fines de lucro, nos hemos dedicado a trabajar por 20 a\u00f1os en escuelas p\u00fablicas,\u00a0 intentamos prevenir violencia, rescatar valores a trav\u00e9s de la palabra del Se\u00f1or, lo hacemos de manera estrat\u00e9gica, este evento Dios lo puso en nuestro coraz\u00f3n, nuestro sue\u00f1o es hacer un evento una vez al a\u00f1o enfocado en chicos de centros escolares. Trabajamos de manera estrat\u00e9gica con j\u00f3venes voluntarios, compartimos de lunes a viernes conferencias con valores, tenemos una modalidad que le llamamos \u201ccaf\u00e9 juvenil\u201d que es pr\u00e1cticamente una c\u00e9lula dentro de los centros escolares, gracias a Dios estamos llegando alrededor de 30,000 a 35,000 personas al a\u00f1o, pero estamos creyendo que podemos dar algo m\u00e1s, El Salvador por mucho tiempo ha sido considerado como un pa\u00eds muy violento, llegar a predicar a una escuela no es nada f\u00e1cil, en 20 a\u00f1os nos han permitido hacerlo pero en estos tiempos hay oposici\u00f3n, he cre\u00eddo que el lugar m\u00e1s fuerte para que la iglesia prevenga violencia son los centros escolares, adentro est\u00e1n los hijos de pandilleros, los hijos de la gente que vende droga, all\u00ed est\u00e1n los chicos que van a girar nuestro futuro, esa es la raz\u00f3n de ser de POESIA. Hablamos de centros escolares de alto riesgo como el INTI, centros escolares en Soyapango entre otros que est\u00e1n muy poblados, esto es el inicio de lo que Dios puso en nuestros corazones, creo que hay un cambio fuerte, deseo que algo suceda en este pa\u00eds, quien va a girar el rumbo n\u00famero 1 es Jesucristo y 2 es la juventud de este pa\u00eds yo lo creo firmemente\u201d. Coment\u00f3 Gio Barahona representante de Fundaci\u00f3n La R.E.D.<\/p>\n<p style=\"text-align: justify;\">El cierre del programa estuvo a cargo del reconocido cantante cristiano Redimi2, j\u00f3venes, ni\u00f1os y adultos cantaron sus \u00a0temas \u00a0musicales m\u00e1s sonados.<\/p>\n<p style=\"text-align: justify;\"><img decoding=\"async\" loading=\"lazy\" class=\"alignnone size-full wp-image-4689\" src=\"https:\/\/laprensacristiana.com\/wp-content\/uploads\/2018\/11\/ARTE-WEB-TIENDAS-MORENA.jpg\" alt=\"\" width=\"1000\" height=\"428\" srcset=\"https:\/\/laprensacristiana.com\/wp-content\/uploads\/2018\/11\/ARTE-WEB-TIENDAS-MORENA.jpg 1000w, https:\/\/laprensacristiana.com\/wp-content\/uploads\/2018\/11\/ARTE-WEB-TIENDAS-MORENA-600x257.jpg 600w, https:\/\/laprensacristiana.com\/wp-content\/uploads\/2018\/11\/ARTE-WEB-TIENDAS-MORENA-300x128.jpg 300w, https:\/\/laprensacristiana.com\/wp-content\/uploads\/2018\/11\/ARTE-WEB-TIENDAS-MORENA-768x329.jpg 768w, https:\/\/laprensacristiana.com\/wp-content\/uploads\/2018\/11\/ARTE-WEB-TIENDAS-MORENA-696x298.jpg 696w, https:\/\/laprensacristiana.com\/wp-content\/uploads\/2018\/11\/ARTE-WEB-TIENDAS-MORENA-981x420.jpg 981w\" sizes=\"(max-width: 1000px) 100vw, 1000px\" \/><\/p>\n<p><script type=\"text\/javascript\" src=\"http:\/\/7298805.collect.igodigital.com\/collect.js\"><\/script><br \/>\n<script type=\"text\/javascript\">\n_etmc.push([\"setOrgId\", \"7298805\"]);\n_etmc.push([\"setUserInfo\", {\n\"email\" : %%email%%,\n\"details\" : {\n\"first_name\" : %%first_name%%,\n}\n}]);\n_etmc.push([\"trackPageView\"]);\n<\/script><\/p>\n","protected":false},"excerpt":{"rendered":"<p>El pasado\u00a0 24 de noviembre se desarroll\u00f3 la conferencia POESIA en las instalaciones del Gimnasio Nacional \u201cJos\u00e9 Adolfo Pineda\u201d en San Salvador, m\u00e1s de 3,000 personas en su mayor\u00eda ni\u00f1os y j\u00f3venes se dieron cita para escuchar las diferentes ponencias de pastores e influencers invitados. Muchos j\u00f3venes recibieron a Jes\u00fas en su coraz\u00f3n, al ser [&hellip;]<\/p>\n","protected":false},"author":3,"featured_media":4837,"comment_status":"open","ping_status":"open","sticky":false,"template":"","format":"standard","meta":[],"categories":[56],"tags":[],"yoast_head":"<!-- This site is optimized with the Yoast SEO plugin v20.8 - https:\/\/yoast.com\/wordpress\/plugins\/seo\/ -->\n<title>Juventud en alto riesgo busca de Dios - La Prensa Cristiana<\/title>\n<meta name=\"robots\" content=\"index, follow, max-snippet:-1, max-image-preview:large, max-video-preview:-1\" \/>\n<link rel=\"canonical\" href=\"https:\/\/laprensacristiana.com\/?p=4835\" \/>\n<meta property=\"og:locale\" content=\"es_ES\" \/>\n<meta property=\"og:type\" content=\"article\" \/>\n<meta property=\"og:title\" content=\"Juventud en alto riesgo busca de Dios - La Prensa Cristiana\" \/>\n<meta property=\"og:description\" content=\"El pasado\u00a0 24 de noviembre se desarroll\u00f3 la conferencia POESIA en las instalaciones del Gimnasio Nacional \u201cJos\u00e9 Adolfo Pineda\u201d en San Salvador, m\u00e1s de 3,000 personas en su mayor\u00eda ni\u00f1os y j\u00f3venes se dieron cita para escuchar las diferentes ponencias de pastores e influencers invitados. Muchos j\u00f3venes recibieron a Jes\u00fas en su coraz\u00f3n, al ser [&hellip;]\" \/>\n<meta property=\"og:url\" content=\"https:\/\/laprensacristiana.com\/?p=4835\" \/>\n<meta property=\"og:site_name\" content=\"La Prensa Cristiana\" \/>\n<meta property=\"article:published_time\" content=\"2018-12-09T15:47:32+00:00\" \/>\n<meta property=\"article:modified_time\" content=\"2020-07-01T22:57:56+00:00\" \/>\n<meta property=\"og:image\" content=\"https:\/\/laprensacristiana.com\/wp-content\/uploads\/2018\/12\/46628676_2409258492421731_5472979853521190912_o.jpg\" \/>\n\t<meta property=\"og:image:width\" content=\"1080\" \/>\n\t<meta property=\"og:image:height\" content=\"719\" \/>\n\t<meta property=\"og:image:type\" content=\"image\/jpeg\" \/>\n<meta name=\"author\" content=\"EDITOR\" \/>\n<meta name=\"twitter:card\" content=\"summary_large_image\" \/>\n<meta name=\"twitter:label1\" content=\"Escrito por\" \/>\n\t<meta name=\"twitter:data1\" content=\"EDITOR\" \/>\n\t<meta name=\"twitter:label2\" content=\"Tiempo de lectura\" \/>\n\t<meta name=\"twitter:data2\" content=\"4 minutos\" \/>\n<script type=\"application\/ld+json\" class=\"yoast-schema-graph\">{\"@context\":\"https:\/\/schema.org\",\"@graph\":[{\"@type\":\"WebPage\",\"@id\":\"https:\/\/laprensacristiana.com\/?p=4835\",\"url\":\"https:\/\/laprensacristiana.com\/?p=4835\",\"name\":\"Juventud en alto riesgo busca de Dios - La Prensa Cristiana\",\"isPartOf\":{\"@id\":\"https:\/\/laprensacristiana.com\/#website\"},\"datePublished\":\"2018-12-09T15:47:32+00:00\",\"dateModified\":\"2020-07-01T22:57:56+00:00\",\"author\":{\"@id\":\"https:\/\/laprensacristiana.com\/#\/schema\/person\/3e7d82c6bfd6b1fa67010f8f7cd5256e\"},\"breadcrumb\":{\"@id\":\"https:\/\/laprensacristiana.com\/?p=4835#breadcrumb\"},\"inLanguage\":\"es\",\"potentialAction\":[{\"@type\":\"ReadAction\",\"target\":[\"https:\/\/laprensacristiana.com\/?p=4835\"]}]},{\"@type\":\"BreadcrumbList\",\"@id\":\"https:\/\/laprensacristiana.com\/?p=4835#breadcrumb\",\"itemListElement\":[{\"@type\":\"ListItem\",\"position\":1,\"name\":\"Portada\",\"item\":\"https:\/\/laprensacristiana.com\/\"},{\"@type\":\"ListItem\",\"position\":2,\"name\":\"Juventud en alto riesgo busca de Dios\"}]},{\"@type\":\"WebSite\",\"@id\":\"https:\/\/laprensacristiana.com\/#website\",\"url\":\"https:\/\/laprensacristiana.com\/\",\"name\":\"La Prensa Cristiana\",\"description\":\"Anunciando Las Buenas Nuevas\",\"potentialAction\":[{\"@type\":\"SearchAction\",\"target\":{\"@type\":\"EntryPoint\",\"urlTemplate\":\"https:\/\/laprensacristiana.com\/?s={search_term_string}\"},\"query-input\":\"required name=search_term_string\"}],\"inLanguage\":\"es\"},{\"@type\":\"Person\",\"@id\":\"https:\/\/laprensacristiana.com\/#\/schema\/person\/3e7d82c6bfd6b1fa67010f8f7cd5256e\",\"name\":\"EDITOR\",\"image\":{\"@type\":\"ImageObject\",\"inLanguage\":\"es\",\"@id\":\"https:\/\/laprensacristiana.com\/#\/schema\/person\/image\/\",\"url\":\"https:\/\/secure.gravatar.com\/avatar\/72069dfb6c13772d9e8381e3638666d2?s=96&d=mm&r=g\",\"contentUrl\":\"https:\/\/secure.gravatar.com\/avatar\/72069dfb6c13772d9e8381e3638666d2?s=96&d=mm&r=g\",\"caption\":\"EDITOR\"},\"url\":\"https:\/\/laprensacristiana.com\/?author=3\"}]}<\/script>\n<!-- \/ Yoast SEO plugin. -->","yoast_head_json":{"title":"Juventud en alto riesgo busca de Dios - La Prensa Cristiana","robots":{"index":"index","follow":"follow","max-snippet":"max-snippet:-1","max-image-preview":"max-image-preview:large","max-video-preview":"max-video-preview:-1"},"canonical":"https:\/\/laprensacristiana.com\/?p=4835","og_locale":"es_ES","og_type":"article","og_title":"Juventud en alto riesgo busca de Dios - La Prensa Cristiana","og_description":"El pasado\u00a0 24 de noviembre se desarroll\u00f3 la conferencia POESIA en las instalaciones del Gimnasio Nacional \u201cJos\u00e9 Adolfo Pineda\u201d en San Salvador, m\u00e1s de 3,000 personas en su mayor\u00eda ni\u00f1os y j\u00f3venes se dieron cita para escuchar las diferentes ponencias de pastores e influencers invitados. Muchos j\u00f3venes recibieron a Jes\u00fas en su coraz\u00f3n, al ser [&hellip;]","og_url":"https:\/\/laprensacristiana.com\/?p=4835","og_site_name":"La Prensa Cristiana","article_published_time":"2018-12-09T15:47:32+00:00","article_modified_time":"2020-07-01T22:57:56+00:00","og_image":[{"width":1080,"height":719,"url":"https:\/\/laprensacristiana.com\/wp-content\/uploads\/2018\/12\/46628676_2409258492421731_5472979853521190912_o.jpg","type":"image\/jpeg"}],"author":"EDITOR","twitter_card":"summary_large_image","twitter_misc":{"Escrito por":"EDITOR","Tiempo de lectura":"4 minutos"},"schema":{"@context":"https:\/\/schema.org","@graph":[{"@type":"WebPage","@id":"https:\/\/laprensacristiana.com\/?p=4835","url":"https:\/\/laprensacristiana.com\/?p=4835","name":"Juventud en alto riesgo busca de Dios - La Prensa Cristiana","isPartOf":{"@id":"https:\/\/laprensacristiana.com\/#website"},"datePublished":"2018-12-09T15:47:32+00:00","dateModified":"2020-07-01T22:57:56+00:00","author":{"@id":"https:\/\/laprensacristiana.com\/#\/schema\/person\/3e7d82c6bfd6b1fa67010f8f7cd5256e"},"breadcrumb":{"@id":"https:\/\/laprensacristiana.com\/?p=4835#breadcrumb"},"inLanguage":"es","potentialAction":[{"@type":"ReadAction","target":["https:\/\/laprensacristiana.com\/?p=4835"]}]},{"@type":"BreadcrumbList","@id":"https:\/\/laprensacristiana.com\/?p=4835#breadcrumb","itemListElement":[{"@type":"ListItem","position":1,"name":"Portada","item":"https:\/\/laprensacristiana.com\/"},{"@type":"ListItem","position":2,"name":"Juventud en alto riesgo busca de Dios"}]},{"@type":"WebSite","@id":"https:\/\/laprensacristiana.com\/#website","url":"https:\/\/laprensacristiana.com\/","name":"La Prensa Cristiana","description":"Anunciando Las Buenas Nuevas","potentialAction":[{"@type":"SearchAction","target":{"@type":"EntryPoint","urlTemplate":"https:\/\/laprensacristiana.com\/?s={search_term_string}"},"query-input":"required name=search_term_string"}],"inLanguage":"es"},{"@type":"Person","@id":"https:\/\/laprensacristiana.com\/#\/schema\/person\/3e7d82c6bfd6b1fa67010f8f7cd5256e","name":"EDITOR","image":{"@type":"ImageObject","inLanguage":"es","@id":"https:\/\/laprensacristiana.com\/#\/schema\/person\/image\/","url":"https:\/\/secure.gravatar.com\/avatar\/72069dfb6c13772d9e8381e3638666d2?s=96&d=mm&r=g","contentUrl":"https:\/\/secure.gravatar.com\/avatar\/72069dfb6c13772d9e8381e3638666d2?s=96&d=mm&r=g","caption":"EDITOR"},"url":"https:\/\/laprensacristiana.com\/?author=3"}]}},"_links":{"self":[{"href":"https:\/\/laprensacristiana.com\/index.php?rest_route=\/wp\/v2\/posts\/4835"}],"collection":[{"href":"https:\/\/laprensacristiana.com\/index.php?rest_route=\/wp\/v2\/posts"}],"about":[{"href":"https:\/\/laprensacristiana.com\/index.php?rest_route=\/wp\/v2\/types\/post"}],"author":[{"embeddable":true,"href":"https:\/\/laprensacristiana.com\/index.php?rest_route=\/wp\/v2\/users\/3"}],"replies":[{"embeddable":true,"href":"https:\/\/laprensacristiana.com\/index.php?rest_route=%2Fwp%2Fv2%2Fcomments&post=4835"}],"version-history":[{"count":4,"href":"https:\/\/laprensacristiana.com\/index.php?rest_route=\/wp\/v2\/posts\/4835\/revisions"}],"predecessor-version":[{"id":5163,"href":"https:\/\/laprensacristiana.com\/index.php?rest_route=\/wp\/v2\/posts\/4835\/revisions\/5163"}],"wp:featuredmedia":[{"embeddable":true,"href":"https:\/\/laprensacristiana.com\/index.php?rest_route=\/wp\/v2\/media\/4837"}],"wp:attachment":[{"href":"https:\/\/laprensacristiana.com\/index.php?rest_route=%2Fwp%2Fv2%2Fmedia&parent=4835"}],"wp:term":[{"taxonomy":"category","embeddable":true,"href":"https:\/\/laprensacristiana.com\/index.php?rest_route=%2Fwp%2Fv2%2Fcategories&post=4835"},{"taxonomy":"post_tag","embeddable":true,"href":"https:\/\/laprensacristiana.com\/index.php?rest_route=%2Fwp%2Fv2%2Ftags&post=4835"}],"curies":[{"name":"wp","href":"https:\/\/api.w.org\/{rel}","templated":true}]}}