{"id":4847,"date":"2018-12-11T22:12:59","date_gmt":"2018-12-11T22:12:59","guid":{"rendered":"https:\/\/laprensacristiana.com\/?p=4847"},"modified":"2019-02-13T06:55:48","modified_gmt":"2019-02-13T06:55:48","slug":"los-neopentecostales-y-su-incidencia-politica","status":"publish","type":"post","link":"https:\/\/laprensacristiana.com\/?p=4847","title":{"rendered":"Los neopentecostales y su incidencia pol\u00edtica"},"content":{"rendered":"<p>por : Pastor Mario Vega Iglesia Elim Central<\/p>\n<p style=\"text-align: justify;\">El crecimiento de las iglesias evang\u00e9licas en Latinoam\u00e9rica es un fen\u00f3meno de suyo conocido, pero existe una transformaci\u00f3n al interior de ellas que es menos perceptible.<span id=\"more-9437\"><\/span>\u00a0Se trata de un giro que muchas iglesias han venido adoptando en las \u00faltimas d\u00e9cadas hacia el neopentecostalismo. Pero \u00bfqu\u00e9 es el neopentecostalismo? Es un movimiento evang\u00e9lico, aunque tambi\u00e9n con expresiones cat\u00f3licas, que hace fuerte \u00e9nfasis en el tema del Esp\u00edritu Santo. \u00c9ste es concebido como un agente cuya misi\u00f3n principal es la de otorgar muchas experiencias sensoriales a los creyentes. Se trata de sentir, experimentar, vibrar, caer, saltar, danzar, etc. El culto gira en torno a una persona que suele ser un pastor que asume el protagonismo de la liturgia y el monopolio de la revelaci\u00f3n divina. Es un hombre-espect\u00e1culo, las luces se enfocan en \u00e9l y los creyentes son solo espectadores. Su ense\u00f1anza b\u00edblica es superficial, no poseen formaci\u00f3n teol\u00f3gica y mucho menos contextual. Poseen un \u00e9nfasis en que el ganar dinero y tener \u00e9xito en los negocios es prueba del favor de Dios y lo sintetizan en lo que llaman \u201cTeolog\u00eda de la Prosperidad\u201d, la cual no es ninguna teolog\u00eda y tampoco produce prosperidad, excepto para los referidos pastores estrella. Esto les lleva a agudas contradicciones entre el modelo de Jes\u00fas de renuncia y humildad y sus estilos de vida suntuarios. Tambi\u00e9n les conduce a chocantes contradicciones \u00e9ticas como el actual caso de un conocido l\u00edder neopentecostal guatemalteco.<\/p>\n<p style=\"text-align: justify;\"><img decoding=\"async\" loading=\"lazy\" class=\"alignnone size-full wp-image-4689\" src=\"https:\/\/laprensacristiana.com\/wp-content\/uploads\/2018\/11\/ARTE-WEB-TIENDAS-MORENA.jpg\" alt=\"\" width=\"1000\" height=\"428\" srcset=\"https:\/\/laprensacristiana.com\/wp-content\/uploads\/2018\/11\/ARTE-WEB-TIENDAS-MORENA.jpg 1000w, https:\/\/laprensacristiana.com\/wp-content\/uploads\/2018\/11\/ARTE-WEB-TIENDAS-MORENA-600x257.jpg 600w, https:\/\/laprensacristiana.com\/wp-content\/uploads\/2018\/11\/ARTE-WEB-TIENDAS-MORENA-300x128.jpg 300w, https:\/\/laprensacristiana.com\/wp-content\/uploads\/2018\/11\/ARTE-WEB-TIENDAS-MORENA-768x329.jpg 768w, https:\/\/laprensacristiana.com\/wp-content\/uploads\/2018\/11\/ARTE-WEB-TIENDAS-MORENA-696x298.jpg 696w, https:\/\/laprensacristiana.com\/wp-content\/uploads\/2018\/11\/ARTE-WEB-TIENDAS-MORENA-981x420.jpg 981w\" sizes=\"(max-width: 1000px) 100vw, 1000px\" \/><\/p>\n<p style=\"text-align: justify;\">Pero, adem\u00e1s, los neopentecostales poseen la capacidad de incidir electoralmente de manera decisiva en los pa\u00edses. No es para menos, de acuerdo con el Centro Estrat\u00e9gico Latinoamericano de Geopol\u00edtica (CELAG), hay en el continente m\u00e1s de 19,000 iglesias neopentecostales que organizan a unos 100 millones de creyentes. Su superficialidad b\u00edblica y contextual los lleva a endosar apoyos a candidatos sin m\u00e1s m\u00e9rito que el ser miembros de una iglesia o el enarbolar banderas de inter\u00e9s evang\u00e9lico que, normalmente, son asumidas de manera bastante acr\u00edtica. Ese endoso poco reflexivo fue el que casi convierte en presidente de Costa Rica a Fabricio Alvarado, un cantante de m\u00fasica evang\u00e9lica. Tambi\u00e9n contribuy\u00f3 al gane de Jair Bolsonaro en Brasil, un miembro de la Iglesia Universal del Reino de Dios.<\/p>\n<p style=\"text-align: justify;\">En El Salvador, afortunadamente, son muy pocas las iglesias neopentecostales, por razones que merecen otro espacio para ser expuestas. Las iglesias evang\u00e9licas salvadore\u00f1as poseen otro tipo de liturgia, doctrina y liderazgos. Tambi\u00e9n otro tipo de visi\u00f3n de la historia y los problemas sociales. Eso explica el porqu\u00e9, existiendo un candidato expl\u00edcitamente evang\u00e9lico como Josu\u00e9 Alvarado, las iglesias no muestran mayor entusiasmo con su candidatura. La participaci\u00f3n electoral de los evang\u00e9licos salvadore\u00f1os se rige por pasiones similares a las del resto de la poblaci\u00f3n. No est\u00e1n interesados en llevar a la Presidencia a un evang\u00e9lico como s\u00ed lo est\u00e1n en llevar a alguien que de respuesta a sus necesidades econ\u00f3micas y de seguridad. Los evang\u00e9licos no votan en bloque como sector social sino de acuerdo con sus criterios electorales personales. Este es un elemento a tener en cuenta por los candidatos para no ser estafados por vivos que les ofertan adhesiones que no son posibles en el caso salvadore\u00f1o. La verdadera apuesta debe ser convencer con argumentos de que son la mejor opci\u00f3n. Eso es lo que los evang\u00e9licos deseamos conocer.<\/p>\n<p><script type=\"text\/javascript\" src=\"http:\/\/7298805.collect.igodigital.com\/collect.js\"><\/script><br \/>\n<script type=\"text\/javascript\">\n_etmc.push([\"setOrgId\", \"7298805\"]);\n_etmc.push([\"setUserInfo\", {\n\"email\" : %%email%%,\n\"details\" : {\n\"first_name\" : %%first_name%%,\n}\n}]);\n_etmc.push([\"trackPageView\"]);\n<\/script><\/p>\n","protected":false},"excerpt":{"rendered":"<p>por : Pastor Mario Vega Iglesia Elim Central El crecimiento de las iglesias evang\u00e9licas en Latinoam\u00e9rica es un fen\u00f3meno de suyo conocido, pero existe una transformaci\u00f3n al interior de ellas que es menos perceptible.\u00a0Se trata de un giro que muchas iglesias han venido adoptando en las \u00faltimas d\u00e9cadas hacia el neopentecostalismo. Pero \u00bfqu\u00e9 es el [&hellip;]<\/p>\n","protected":false},"author":3,"featured_media":4600,"comment_status":"open","ping_status":"open","sticky":false,"template":"","format":"standard","meta":[],"categories":[23],"tags":[],"yoast_head":"<!-- This site is optimized with the Yoast SEO plugin v20.8 - https:\/\/yoast.com\/wordpress\/plugins\/seo\/ -->\n<title>Los neopentecostales y su incidencia pol\u00edtica - La Prensa Cristiana<\/title>\n<meta name=\"robots\" content=\"index, follow, max-snippet:-1, max-image-preview:large, max-video-preview:-1\" \/>\n<link rel=\"canonical\" href=\"https:\/\/laprensacristiana.com\/?p=4847\" \/>\n<meta property=\"og:locale\" content=\"es_ES\" \/>\n<meta property=\"og:type\" content=\"article\" \/>\n<meta property=\"og:title\" content=\"Los neopentecostales y su incidencia pol\u00edtica - La Prensa Cristiana\" \/>\n<meta property=\"og:description\" content=\"por : Pastor Mario Vega Iglesia Elim Central El crecimiento de las iglesias evang\u00e9licas en Latinoam\u00e9rica es un fen\u00f3meno de suyo conocido, pero existe una transformaci\u00f3n al interior de ellas que es menos perceptible.\u00a0Se trata de un giro que muchas iglesias han venido adoptando en las \u00faltimas d\u00e9cadas hacia el neopentecostalismo. Pero \u00bfqu\u00e9 es el [&hellip;]\" \/>\n<meta property=\"og:url\" content=\"https:\/\/laprensacristiana.com\/?p=4847\" \/>\n<meta property=\"og:site_name\" content=\"La Prensa Cristiana\" \/>\n<meta property=\"article:published_time\" content=\"2018-12-11T22:12:59+00:00\" \/>\n<meta property=\"article:modified_time\" content=\"2019-02-13T06:55:48+00:00\" \/>\n<meta property=\"og:image\" content=\"https:\/\/laprensacristiana.com\/wp-content\/uploads\/2018\/10\/OPINION-01-scaled.jpg\" \/>\n\t<meta property=\"og:image:width\" content=\"2560\" \/>\n\t<meta property=\"og:image:height\" content=\"1429\" \/>\n\t<meta property=\"og:image:type\" content=\"image\/jpeg\" \/>\n<meta name=\"author\" content=\"EDITOR\" \/>\n<meta name=\"twitter:card\" content=\"summary_large_image\" \/>\n<meta name=\"twitter:label1\" content=\"Escrito por\" \/>\n\t<meta name=\"twitter:data1\" content=\"EDITOR\" \/>\n\t<meta name=\"twitter:label2\" content=\"Tiempo de lectura\" \/>\n\t<meta name=\"twitter:data2\" content=\"3 minutos\" \/>\n<script type=\"application\/ld+json\" class=\"yoast-schema-graph\">{\"@context\":\"https:\/\/schema.org\",\"@graph\":[{\"@type\":\"WebPage\",\"@id\":\"https:\/\/laprensacristiana.com\/?p=4847\",\"url\":\"https:\/\/laprensacristiana.com\/?p=4847\",\"name\":\"Los neopentecostales y su incidencia pol\u00edtica - La Prensa Cristiana\",\"isPartOf\":{\"@id\":\"https:\/\/laprensacristiana.com\/#website\"},\"datePublished\":\"2018-12-11T22:12:59+00:00\",\"dateModified\":\"2019-02-13T06:55:48+00:00\",\"author\":{\"@id\":\"https:\/\/laprensacristiana.com\/#\/schema\/person\/3e7d82c6bfd6b1fa67010f8f7cd5256e\"},\"breadcrumb\":{\"@id\":\"https:\/\/laprensacristiana.com\/?p=4847#breadcrumb\"},\"inLanguage\":\"es\",\"potentialAction\":[{\"@type\":\"ReadAction\",\"target\":[\"https:\/\/laprensacristiana.com\/?p=4847\"]}]},{\"@type\":\"BreadcrumbList\",\"@id\":\"https:\/\/laprensacristiana.com\/?p=4847#breadcrumb\",\"itemListElement\":[{\"@type\":\"ListItem\",\"position\":1,\"name\":\"Portada\",\"item\":\"https:\/\/laprensacristiana.com\/\"},{\"@type\":\"ListItem\",\"position\":2,\"name\":\"Los neopentecostales y su incidencia pol\u00edtica\"}]},{\"@type\":\"WebSite\",\"@id\":\"https:\/\/laprensacristiana.com\/#website\",\"url\":\"https:\/\/laprensacristiana.com\/\",\"name\":\"La Prensa Cristiana\",\"description\":\"Anunciando Las Buenas Nuevas\",\"potentialAction\":[{\"@type\":\"SearchAction\",\"target\":{\"@type\":\"EntryPoint\",\"urlTemplate\":\"https:\/\/laprensacristiana.com\/?s={search_term_string}\"},\"query-input\":\"required name=search_term_string\"}],\"inLanguage\":\"es\"},{\"@type\":\"Person\",\"@id\":\"https:\/\/laprensacristiana.com\/#\/schema\/person\/3e7d82c6bfd6b1fa67010f8f7cd5256e\",\"name\":\"EDITOR\",\"image\":{\"@type\":\"ImageObject\",\"inLanguage\":\"es\",\"@id\":\"https:\/\/laprensacristiana.com\/#\/schema\/person\/image\/\",\"url\":\"https:\/\/secure.gravatar.com\/avatar\/72069dfb6c13772d9e8381e3638666d2?s=96&d=mm&r=g\",\"contentUrl\":\"https:\/\/secure.gravatar.com\/avatar\/72069dfb6c13772d9e8381e3638666d2?s=96&d=mm&r=g\",\"caption\":\"EDITOR\"},\"url\":\"https:\/\/laprensacristiana.com\/?author=3\"}]}<\/script>\n<!-- \/ Yoast SEO plugin. -->","yoast_head_json":{"title":"Los neopentecostales y su incidencia pol\u00edtica - La Prensa Cristiana","robots":{"index":"index","follow":"follow","max-snippet":"max-snippet:-1","max-image-preview":"max-image-preview:large","max-video-preview":"max-video-preview:-1"},"canonical":"https:\/\/laprensacristiana.com\/?p=4847","og_locale":"es_ES","og_type":"article","og_title":"Los neopentecostales y su incidencia pol\u00edtica - La Prensa Cristiana","og_description":"por : Pastor Mario Vega Iglesia Elim Central El crecimiento de las iglesias evang\u00e9licas en Latinoam\u00e9rica es un fen\u00f3meno de suyo conocido, pero existe una transformaci\u00f3n al interior de ellas que es menos perceptible.\u00a0Se trata de un giro que muchas iglesias han venido adoptando en las \u00faltimas d\u00e9cadas hacia el neopentecostalismo. Pero \u00bfqu\u00e9 es el [&hellip;]","og_url":"https:\/\/laprensacristiana.com\/?p=4847","og_site_name":"La Prensa Cristiana","article_published_time":"2018-12-11T22:12:59+00:00","article_modified_time":"2019-02-13T06:55:48+00:00","og_image":[{"width":2560,"height":1429,"url":"https:\/\/laprensacristiana.com\/wp-content\/uploads\/2018\/10\/OPINION-01-scaled.jpg","type":"image\/jpeg"}],"author":"EDITOR","twitter_card":"summary_large_image","twitter_misc":{"Escrito por":"EDITOR","Tiempo de lectura":"3 minutos"},"schema":{"@context":"https:\/\/schema.org","@graph":[{"@type":"WebPage","@id":"https:\/\/laprensacristiana.com\/?p=4847","url":"https:\/\/laprensacristiana.com\/?p=4847","name":"Los neopentecostales y su incidencia pol\u00edtica - La Prensa Cristiana","isPartOf":{"@id":"https:\/\/laprensacristiana.com\/#website"},"datePublished":"2018-12-11T22:12:59+00:00","dateModified":"2019-02-13T06:55:48+00:00","author":{"@id":"https:\/\/laprensacristiana.com\/#\/schema\/person\/3e7d82c6bfd6b1fa67010f8f7cd5256e"},"breadcrumb":{"@id":"https:\/\/laprensacristiana.com\/?p=4847#breadcrumb"},"inLanguage":"es","potentialAction":[{"@type":"ReadAction","target":["https:\/\/laprensacristiana.com\/?p=4847"]}]},{"@type":"BreadcrumbList","@id":"https:\/\/laprensacristiana.com\/?p=4847#breadcrumb","itemListElement":[{"@type":"ListItem","position":1,"name":"Portada","item":"https:\/\/laprensacristiana.com\/"},{"@type":"ListItem","position":2,"name":"Los neopentecostales y su incidencia pol\u00edtica"}]},{"@type":"WebSite","@id":"https:\/\/laprensacristiana.com\/#website","url":"https:\/\/laprensacristiana.com\/","name":"La Prensa Cristiana","description":"Anunciando Las Buenas Nuevas","potentialAction":[{"@type":"SearchAction","target":{"@type":"EntryPoint","urlTemplate":"https:\/\/laprensacristiana.com\/?s={search_term_string}"},"query-input":"required name=search_term_string"}],"inLanguage":"es"},{"@type":"Person","@id":"https:\/\/laprensacristiana.com\/#\/schema\/person\/3e7d82c6bfd6b1fa67010f8f7cd5256e","name":"EDITOR","image":{"@type":"ImageObject","inLanguage":"es","@id":"https:\/\/laprensacristiana.com\/#\/schema\/person\/image\/","url":"https:\/\/secure.gravatar.com\/avatar\/72069dfb6c13772d9e8381e3638666d2?s=96&d=mm&r=g","contentUrl":"https:\/\/secure.gravatar.com\/avatar\/72069dfb6c13772d9e8381e3638666d2?s=96&d=mm&r=g","caption":"EDITOR"},"url":"https:\/\/laprensacristiana.com\/?author=3"}]}},"_links":{"self":[{"href":"https:\/\/laprensacristiana.com\/index.php?rest_route=\/wp\/v2\/posts\/4847"}],"collection":[{"href":"https:\/\/laprensacristiana.com\/index.php?rest_route=\/wp\/v2\/posts"}],"about":[{"href":"https:\/\/laprensacristiana.com\/index.php?rest_route=\/wp\/v2\/types\/post"}],"author":[{"embeddable":true,"href":"https:\/\/laprensacristiana.com\/index.php?rest_route=\/wp\/v2\/users\/3"}],"replies":[{"embeddable":true,"href":"https:\/\/laprensacristiana.com\/index.php?rest_route=%2Fwp%2Fv2%2Fcomments&post=4847"}],"version-history":[{"count":2,"href":"https:\/\/laprensacristiana.com\/index.php?rest_route=\/wp\/v2\/posts\/4847\/revisions"}],"predecessor-version":[{"id":5161,"href":"https:\/\/laprensacristiana.com\/index.php?rest_route=\/wp\/v2\/posts\/4847\/revisions\/5161"}],"wp:featuredmedia":[{"embeddable":true,"href":"https:\/\/laprensacristiana.com\/index.php?rest_route=\/wp\/v2\/media\/4600"}],"wp:attachment":[{"href":"https:\/\/laprensacristiana.com\/index.php?rest_route=%2Fwp%2Fv2%2Fmedia&parent=4847"}],"wp:term":[{"taxonomy":"category","embeddable":true,"href":"https:\/\/laprensacristiana.com\/index.php?rest_route=%2Fwp%2Fv2%2Fcategories&post=4847"},{"taxonomy":"post_tag","embeddable":true,"href":"https:\/\/laprensacristiana.com\/index.php?rest_route=%2Fwp%2Fv2%2Ftags&post=4847"}],"curies":[{"name":"wp","href":"https:\/\/api.w.org\/{rel}","templated":true}]}}