{"id":4849,"date":"2018-12-12T16:26:03","date_gmt":"2018-12-12T16:26:03","guid":{"rendered":"https:\/\/laprensacristiana.com\/?p=4849"},"modified":"2020-07-01T22:57:43","modified_gmt":"2020-07-01T22:57:43","slug":"creados-para-ser-amados","status":"publish","type":"post","link":"https:\/\/laprensacristiana.com\/?p=4849","title":{"rendered":"Creados para ser amados"},"content":{"rendered":"<p><b>POR JULY DE SOSA\u00a0<\/b><\/p>\n<p style=\"text-align: justify;\">Resulta f\u00e1cil dejar de sentir el amor de Dios con nosotros, cuando centramos nuestra atenci\u00f3n en el dolor. Jes\u00fas mismo experimento esto en la cruz; azotado y adolorido, hasta lo sumo alrededor de la hora novena exclam\u00f3 a gran voz diciendo: \u201cELI, ELI,\u201d \u00bfSABACTANI? Esto es: DIOS MIO, DIOS M\u00cdO, \u00bfPORQUE ME HAS ABANDONADO? Si Jes\u00fas perdi\u00f3 de vista a su padre, en medio de su dolor, \u00bfcu\u00e1nto m\u00e1s nosotros? perdemos f\u00e1cilmente la percepci\u00f3n del amor de Dios en tiempos de angustia. Sin embargo, la diferencia entre Jes\u00fas y nosotros, aun en ese estado, fue la plena confianza en su padre. El no se aferr\u00f3 a su sensaci\u00f3n de abandono, sino m\u00e1s bien la supero, mientras el tiempo en su cuerpo humano expiraba, us\u00f3 sus \u00faltimas fuerzas y soplo de vida, para clamar a gran voz,<\/p>\n<p style=\"text-align: justify;\"><strong>\u201cPadre en tus manos encomiendo mi Esp\u00edritu\u201d<\/strong><\/p>\n<p style=\"text-align: justify;\">Debido a nuestra naturaleza humana, concebimos como normal que una carga fuerte de frustraci\u00f3n producto de enojo, ansiedad o dolor, ponga duda en nuestro coraz\u00f3n y razonamiento, acerca del amor de Dios y de su cuidado para con cada uno de nosotros. Pasando por alto el hecho que fuimos creados por las manos de un Dios de amor y por amor. Dios est\u00e1 siempre presente en cada circunstancia por dif\u00edcil que sea como la p\u00e9rdida de un ser querido, desempleo, enfermedad, o cualquier situaci\u00f3n que desnude nuestra fragilidad humana, Dios siempre est\u00e1 all\u00ed, en todo tiempo est\u00e1 presente. Somos nosotros mismos quienes nos alejamos de \u00e9l, cuando voluntariamente escogemos ver las circunstancias que nos rodean, en vez de permanecer confiados en su amor y en la libertad que Jes\u00fas conquisto para todo aquel que en \u00e9l crea.\u00a0 El dolor tiene el poder para cortarnos las alas e interrumpir vuelo, la palabra de Dios dice de nosotros que somos como la luz de la aurora y vamos de aumento en aumento. Por esto considero importante estar consientes en todo tiempo del amor de Dios que deber\u00eda de ser para todos, la fuerza que nos permita avanzar en libertad. Recordando que su existencia no se limita a la mejor versi\u00f3n de lo que cada uno tenga de \u00e9l. Dios es m\u00e1s que eso, m\u00e1s alto de lo que podamos pensar. EL es ilimitado, pleno y perpetuo, \u00a1extraordinariamente maravilloso! Y desea tener una relaci\u00f3n personal con cada uno de nosotros, alimentando nuestra confianza en \u00e9l, de la misma manera como Jes\u00fas ense\u00f1o a hacerlo; cuando en su estado humano dependiente y limitado, confiaba en que Dios el padre estaba en \u00e9l, para sanar a los enfermos y resucitar muertos, convertir agua en vino, o multiplicar peces y panes y dem\u00e1s milagros que realizo. Cuando los creyentes, vivimos consientes del poder que habita en nosotros (<strong>Romanos 8:11<\/strong>) permanecemos confiados, y solo entonces entendemos el significado que tiene el haber sido creados a su imagen.<\/p>\n<p style=\"text-align: justify;\"><img decoding=\"async\" loading=\"lazy\" class=\"alignnone size-full wp-image-4689\" src=\"https:\/\/laprensacristiana.com\/wp-content\/uploads\/2018\/11\/ARTE-WEB-TIENDAS-MORENA.jpg\" alt=\"\" width=\"1000\" height=\"428\" srcset=\"https:\/\/laprensacristiana.com\/wp-content\/uploads\/2018\/11\/ARTE-WEB-TIENDAS-MORENA.jpg 1000w, https:\/\/laprensacristiana.com\/wp-content\/uploads\/2018\/11\/ARTE-WEB-TIENDAS-MORENA-600x257.jpg 600w, https:\/\/laprensacristiana.com\/wp-content\/uploads\/2018\/11\/ARTE-WEB-TIENDAS-MORENA-300x128.jpg 300w, https:\/\/laprensacristiana.com\/wp-content\/uploads\/2018\/11\/ARTE-WEB-TIENDAS-MORENA-768x329.jpg 768w, https:\/\/laprensacristiana.com\/wp-content\/uploads\/2018\/11\/ARTE-WEB-TIENDAS-MORENA-696x298.jpg 696w, https:\/\/laprensacristiana.com\/wp-content\/uploads\/2018\/11\/ARTE-WEB-TIENDAS-MORENA-981x420.jpg 981w\" sizes=\"(max-width: 1000px) 100vw, 1000px\" \/><\/p>\n<p style=\"text-align: justify;\">No se detenga en su dolor, siga avanzando consiente de que usted y yo, fuimos creados para ser amados en todo tiempo<strong>\u2026 Con todo yo me alegrare en Jehov\u00e1 y me gozar\u00e9 en el Dios de m\u00ed salvaci\u00f3n. (Habacuc 3:17-19)<\/strong><\/p>\n<p><script type=\"text\/javascript\" src=\"http:\/\/7298805.collect.igodigital.com\/collect.js\"><\/script><br \/>\n<script type=\"text\/javascript\">\n_etmc.push([\"setOrgId\", \"7298805\"]);\n_etmc.push([\"setUserInfo\", {\n\"email\" : %%email%%,\n\"details\" : {\n\"first_name\" : %%first_name%%,\n}\n}]);\n_etmc.push([\"trackPageView\"]);\n<\/script><\/p>\n","protected":false},"excerpt":{"rendered":"<p>POR JULY DE SOSA\u00a0 Resulta f\u00e1cil dejar de sentir el amor de Dios con nosotros, cuando centramos nuestra atenci\u00f3n en el dolor. Jes\u00fas mismo experimento esto en la cruz; azotado y adolorido, hasta lo sumo alrededor de la hora novena exclam\u00f3 a gran voz diciendo: \u201cELI, ELI,\u201d \u00bfSABACTANI? Esto es: DIOS MIO, DIOS M\u00cdO, \u00bfPORQUE [&hellip;]<\/p>\n","protected":false},"author":3,"featured_media":4496,"comment_status":"open","ping_status":"open","sticky":false,"template":"","format":"standard","meta":[],"categories":[26],"tags":[],"yoast_head":"<!-- This site is optimized with the Yoast SEO plugin v20.8 - https:\/\/yoast.com\/wordpress\/plugins\/seo\/ -->\n<title>Creados para ser amados - La Prensa Cristiana<\/title>\n<meta name=\"robots\" content=\"index, follow, max-snippet:-1, max-image-preview:large, max-video-preview:-1\" \/>\n<link rel=\"canonical\" href=\"https:\/\/laprensacristiana.com\/?p=4849\" \/>\n<meta property=\"og:locale\" content=\"es_ES\" \/>\n<meta property=\"og:type\" content=\"article\" \/>\n<meta property=\"og:title\" content=\"Creados para ser amados - La Prensa Cristiana\" \/>\n<meta property=\"og:description\" content=\"POR JULY DE SOSA\u00a0 Resulta f\u00e1cil dejar de sentir el amor de Dios con nosotros, cuando centramos nuestra atenci\u00f3n en el dolor. Jes\u00fas mismo experimento esto en la cruz; azotado y adolorido, hasta lo sumo alrededor de la hora novena exclam\u00f3 a gran voz diciendo: \u201cELI, ELI,\u201d \u00bfSABACTANI? Esto es: DIOS MIO, DIOS M\u00cdO, \u00bfPORQUE [&hellip;]\" \/>\n<meta property=\"og:url\" content=\"https:\/\/laprensacristiana.com\/?p=4849\" \/>\n<meta property=\"og:site_name\" content=\"La Prensa Cristiana\" \/>\n<meta property=\"article:published_time\" content=\"2018-12-12T16:26:03+00:00\" \/>\n<meta property=\"article:modified_time\" content=\"2020-07-01T22:57:43+00:00\" \/>\n<meta property=\"og:image\" content=\"https:\/\/laprensacristiana.com\/wp-content\/uploads\/2018\/10\/JULY-LPG-2017.jpg\" \/>\n\t<meta property=\"og:image:width\" content=\"1240\" \/>\n\t<meta property=\"og:image:height\" content=\"692\" \/>\n\t<meta property=\"og:image:type\" content=\"image\/jpeg\" \/>\n<meta name=\"author\" content=\"EDITOR\" \/>\n<meta name=\"twitter:card\" content=\"summary_large_image\" \/>\n<meta name=\"twitter:label1\" content=\"Escrito por\" \/>\n\t<meta name=\"twitter:data1\" content=\"EDITOR\" \/>\n\t<meta name=\"twitter:label2\" content=\"Tiempo de lectura\" \/>\n\t<meta name=\"twitter:data2\" content=\"3 minutos\" \/>\n<script type=\"application\/ld+json\" class=\"yoast-schema-graph\">{\"@context\":\"https:\/\/schema.org\",\"@graph\":[{\"@type\":\"WebPage\",\"@id\":\"https:\/\/laprensacristiana.com\/?p=4849\",\"url\":\"https:\/\/laprensacristiana.com\/?p=4849\",\"name\":\"Creados para ser amados - La Prensa Cristiana\",\"isPartOf\":{\"@id\":\"https:\/\/laprensacristiana.com\/#website\"},\"datePublished\":\"2018-12-12T16:26:03+00:00\",\"dateModified\":\"2020-07-01T22:57:43+00:00\",\"author\":{\"@id\":\"https:\/\/laprensacristiana.com\/#\/schema\/person\/3e7d82c6bfd6b1fa67010f8f7cd5256e\"},\"breadcrumb\":{\"@id\":\"https:\/\/laprensacristiana.com\/?p=4849#breadcrumb\"},\"inLanguage\":\"es\",\"potentialAction\":[{\"@type\":\"ReadAction\",\"target\":[\"https:\/\/laprensacristiana.com\/?p=4849\"]}]},{\"@type\":\"BreadcrumbList\",\"@id\":\"https:\/\/laprensacristiana.com\/?p=4849#breadcrumb\",\"itemListElement\":[{\"@type\":\"ListItem\",\"position\":1,\"name\":\"Portada\",\"item\":\"https:\/\/laprensacristiana.com\/\"},{\"@type\":\"ListItem\",\"position\":2,\"name\":\"Creados para ser amados\"}]},{\"@type\":\"WebSite\",\"@id\":\"https:\/\/laprensacristiana.com\/#website\",\"url\":\"https:\/\/laprensacristiana.com\/\",\"name\":\"La Prensa Cristiana\",\"description\":\"Anunciando Las Buenas Nuevas\",\"potentialAction\":[{\"@type\":\"SearchAction\",\"target\":{\"@type\":\"EntryPoint\",\"urlTemplate\":\"https:\/\/laprensacristiana.com\/?s={search_term_string}\"},\"query-input\":\"required name=search_term_string\"}],\"inLanguage\":\"es\"},{\"@type\":\"Person\",\"@id\":\"https:\/\/laprensacristiana.com\/#\/schema\/person\/3e7d82c6bfd6b1fa67010f8f7cd5256e\",\"name\":\"EDITOR\",\"image\":{\"@type\":\"ImageObject\",\"inLanguage\":\"es\",\"@id\":\"https:\/\/laprensacristiana.com\/#\/schema\/person\/image\/\",\"url\":\"https:\/\/secure.gravatar.com\/avatar\/72069dfb6c13772d9e8381e3638666d2?s=96&d=mm&r=g\",\"contentUrl\":\"https:\/\/secure.gravatar.com\/avatar\/72069dfb6c13772d9e8381e3638666d2?s=96&d=mm&r=g\",\"caption\":\"EDITOR\"},\"url\":\"https:\/\/laprensacristiana.com\/?author=3\"}]}<\/script>\n<!-- \/ Yoast SEO plugin. -->","yoast_head_json":{"title":"Creados para ser amados - La Prensa Cristiana","robots":{"index":"index","follow":"follow","max-snippet":"max-snippet:-1","max-image-preview":"max-image-preview:large","max-video-preview":"max-video-preview:-1"},"canonical":"https:\/\/laprensacristiana.com\/?p=4849","og_locale":"es_ES","og_type":"article","og_title":"Creados para ser amados - La Prensa Cristiana","og_description":"POR JULY DE SOSA\u00a0 Resulta f\u00e1cil dejar de sentir el amor de Dios con nosotros, cuando centramos nuestra atenci\u00f3n en el dolor. Jes\u00fas mismo experimento esto en la cruz; azotado y adolorido, hasta lo sumo alrededor de la hora novena exclam\u00f3 a gran voz diciendo: \u201cELI, ELI,\u201d \u00bfSABACTANI? Esto es: DIOS MIO, DIOS M\u00cdO, \u00bfPORQUE [&hellip;]","og_url":"https:\/\/laprensacristiana.com\/?p=4849","og_site_name":"La Prensa Cristiana","article_published_time":"2018-12-12T16:26:03+00:00","article_modified_time":"2020-07-01T22:57:43+00:00","og_image":[{"width":1240,"height":692,"url":"https:\/\/laprensacristiana.com\/wp-content\/uploads\/2018\/10\/JULY-LPG-2017.jpg","type":"image\/jpeg"}],"author":"EDITOR","twitter_card":"summary_large_image","twitter_misc":{"Escrito por":"EDITOR","Tiempo de lectura":"3 minutos"},"schema":{"@context":"https:\/\/schema.org","@graph":[{"@type":"WebPage","@id":"https:\/\/laprensacristiana.com\/?p=4849","url":"https:\/\/laprensacristiana.com\/?p=4849","name":"Creados para ser amados - La Prensa Cristiana","isPartOf":{"@id":"https:\/\/laprensacristiana.com\/#website"},"datePublished":"2018-12-12T16:26:03+00:00","dateModified":"2020-07-01T22:57:43+00:00","author":{"@id":"https:\/\/laprensacristiana.com\/#\/schema\/person\/3e7d82c6bfd6b1fa67010f8f7cd5256e"},"breadcrumb":{"@id":"https:\/\/laprensacristiana.com\/?p=4849#breadcrumb"},"inLanguage":"es","potentialAction":[{"@type":"ReadAction","target":["https:\/\/laprensacristiana.com\/?p=4849"]}]},{"@type":"BreadcrumbList","@id":"https:\/\/laprensacristiana.com\/?p=4849#breadcrumb","itemListElement":[{"@type":"ListItem","position":1,"name":"Portada","item":"https:\/\/laprensacristiana.com\/"},{"@type":"ListItem","position":2,"name":"Creados para ser amados"}]},{"@type":"WebSite","@id":"https:\/\/laprensacristiana.com\/#website","url":"https:\/\/laprensacristiana.com\/","name":"La Prensa Cristiana","description":"Anunciando Las Buenas Nuevas","potentialAction":[{"@type":"SearchAction","target":{"@type":"EntryPoint","urlTemplate":"https:\/\/laprensacristiana.com\/?s={search_term_string}"},"query-input":"required name=search_term_string"}],"inLanguage":"es"},{"@type":"Person","@id":"https:\/\/laprensacristiana.com\/#\/schema\/person\/3e7d82c6bfd6b1fa67010f8f7cd5256e","name":"EDITOR","image":{"@type":"ImageObject","inLanguage":"es","@id":"https:\/\/laprensacristiana.com\/#\/schema\/person\/image\/","url":"https:\/\/secure.gravatar.com\/avatar\/72069dfb6c13772d9e8381e3638666d2?s=96&d=mm&r=g","contentUrl":"https:\/\/secure.gravatar.com\/avatar\/72069dfb6c13772d9e8381e3638666d2?s=96&d=mm&r=g","caption":"EDITOR"},"url":"https:\/\/laprensacristiana.com\/?author=3"}]}},"_links":{"self":[{"href":"https:\/\/laprensacristiana.com\/index.php?rest_route=\/wp\/v2\/posts\/4849"}],"collection":[{"href":"https:\/\/laprensacristiana.com\/index.php?rest_route=\/wp\/v2\/posts"}],"about":[{"href":"https:\/\/laprensacristiana.com\/index.php?rest_route=\/wp\/v2\/types\/post"}],"author":[{"embeddable":true,"href":"https:\/\/laprensacristiana.com\/index.php?rest_route=\/wp\/v2\/users\/3"}],"replies":[{"embeddable":true,"href":"https:\/\/laprensacristiana.com\/index.php?rest_route=%2Fwp%2Fv2%2Fcomments&post=4849"}],"version-history":[{"count":3,"href":"https:\/\/laprensacristiana.com\/index.php?rest_route=\/wp\/v2\/posts\/4849\/revisions"}],"predecessor-version":[{"id":5160,"href":"https:\/\/laprensacristiana.com\/index.php?rest_route=\/wp\/v2\/posts\/4849\/revisions\/5160"}],"wp:featuredmedia":[{"embeddable":true,"href":"https:\/\/laprensacristiana.com\/index.php?rest_route=\/wp\/v2\/media\/4496"}],"wp:attachment":[{"href":"https:\/\/laprensacristiana.com\/index.php?rest_route=%2Fwp%2Fv2%2Fmedia&parent=4849"}],"wp:term":[{"taxonomy":"category","embeddable":true,"href":"https:\/\/laprensacristiana.com\/index.php?rest_route=%2Fwp%2Fv2%2Fcategories&post=4849"},{"taxonomy":"post_tag","embeddable":true,"href":"https:\/\/laprensacristiana.com\/index.php?rest_route=%2Fwp%2Fv2%2Ftags&post=4849"}],"curies":[{"name":"wp","href":"https:\/\/api.w.org\/{rel}","templated":true}]}}