{"id":4856,"date":"2018-12-14T19:14:18","date_gmt":"2018-12-14T19:14:18","guid":{"rendered":"https:\/\/laprensacristiana.com\/?p=4856"},"modified":"2020-07-01T22:55:57","modified_gmt":"2020-07-01T22:55:57","slug":"se-mide-a-la-iglesia-en-la-misma-linea-que-los-bares","status":"publish","type":"post","link":"https:\/\/laprensacristiana.com\/?p=4856","title":{"rendered":"\u00bfSe mide a la iglesia en la misma l\u00ednea que los bares para regular sonido?"},"content":{"rendered":"<p>A lo largo de los a\u00f1os muchas han sido las personas que han expresado su molestia por el \u201cEscandaloso\u201d ruido que seg\u00fan la poblaci\u00f3n generan las iglesias evang\u00e9licas. Han sido varias las denuncias que se han llevado a las alcald\u00edas municipales en torno a este tema.<\/p>\n<p>En marzo del a\u00f1o 2016 una noticia a nivel internacional dio mucho de que hablar, una iglesia en Argentina Fue llevada a juicio y sancionada con un monto de $8,000 a pagar a una mujer por causar da\u00f1os en su sistema auditivo debido a los \u201cruidos molestos\u201d durante 10 a\u00f1os.<\/p>\n<p>El Salvador no es la excepci\u00f3n, en cada colonia y comunidad hay una iglesia incrustada, un porcentaje de residentes externa su molestia ante el sonido que emite la iglesia, mientras para otros pasa desapercibido.<\/p>\n<p><img decoding=\"async\" loading=\"lazy\" class=\"alignnone size-full wp-image-4689\" src=\"https:\/\/laprensacristiana.com\/wp-content\/uploads\/2018\/11\/ARTE-WEB-TIENDAS-MORENA.jpg\" alt=\"\" width=\"1000\" height=\"428\" srcset=\"https:\/\/laprensacristiana.com\/wp-content\/uploads\/2018\/11\/ARTE-WEB-TIENDAS-MORENA.jpg 1000w, https:\/\/laprensacristiana.com\/wp-content\/uploads\/2018\/11\/ARTE-WEB-TIENDAS-MORENA-600x257.jpg 600w, https:\/\/laprensacristiana.com\/wp-content\/uploads\/2018\/11\/ARTE-WEB-TIENDAS-MORENA-300x128.jpg 300w, https:\/\/laprensacristiana.com\/wp-content\/uploads\/2018\/11\/ARTE-WEB-TIENDAS-MORENA-768x329.jpg 768w, https:\/\/laprensacristiana.com\/wp-content\/uploads\/2018\/11\/ARTE-WEB-TIENDAS-MORENA-696x298.jpg 696w, https:\/\/laprensacristiana.com\/wp-content\/uploads\/2018\/11\/ARTE-WEB-TIENDAS-MORENA-981x420.jpg 981w\" sizes=\"(max-width: 1000px) 100vw, 1000px\" \/><\/p>\n<p>El pasado mi\u00e9rcoles 12 de diciembre se llevaron a votaci\u00f3n a la Asamblea Legislativa de El Salvador las reformas a ley contravencional que proh\u00edben ruidos excesivos que perturben la tranquilidad p\u00fablica.<\/p>\n<p>Con 55 votos a favor el pleno legislativo aprob\u00f3 las reformas, con la enmienda, el referido art\u00edculo establece que est\u00e1 prohibido \u201crealizar ruidos mayores a los 50 decibeles que perturben la tranquilidad de las personas, cerca de hospitales, centros educativos de cualquier nivel p\u00fablico o privado, servicios de emergencia, zonas residenciales y otras que no est\u00e9n catalogadas como zonas comerciales, religiosas o actos oficiales. La medici\u00f3n de decibeles ha de realizarse desde el lugar de emisi\u00f3n del ruido en cuesti\u00f3n\u2026\u201d<\/p>\n<p>Por lo que las municipalidades encargadas de aplicar dicha normativa pueden sancionar cuando se perturbe el descanso, la convivencia o la tranquilidad p\u00fablica con ruidos de alto volumen, persistentemente o reiterado en horas nocturnas, ya sea a trav\u00e9s de parlantes, perifoneo, instrumentos o similares que superen el par\u00e1metro permitido.<\/p>\n<p>La moci\u00f3n para que se incluya en las sanciones el ruido excesivo, fue presentada por la diputada Cristina Cornejo (FMLN), con base a lo que establece el art\u00edculo 2 de la Constituci\u00f3n de la Rep\u00fablica que reconoce y garantiza a toda persona el derecho a la intimidad personal y familiar.<\/p>\n<p>Entrevistamos al Pastor Nery Figueroa de Iglesia Hosanna referente a este tema:<\/p>\n<p>\u00bfAhora que legalmente se proporcionaran multas al incumplir esta reforma que medidas debe tomar la iglesia?<\/p>\n<p>La Iglesia debe ser respetuosa de las leyes si es que pretende ser modelo en la sociedad. No podemos ponernos a discutir por este tipo de leyes.<\/p>\n<p>La Iglesia deber\u00e1 ser prudente e ingeniosa para la realizaci\u00f3n de sus reuniones. Deber\u00eda auto regularse para no tener que enfrentar multas. A nadie le hace mal regular el volumen de sus equipos de sonido.<\/p>\n<p>En mi opini\u00f3n las vigilias deber\u00edan ser mejor organizadas para no perturbar a quienes duermen en sus casas. No es cantado a todo pulm\u00f3n a horas de la madrugada que alcanzaremos a los perdidos. Eso se hace con discipulado m\u00e1s personalizado.<\/p>\n<p>\u00bfPodr\u00eda decirse que esta reforma viola la libertad de expresi\u00f3n o \u00a0est\u00e1 limitando el funcionamiento de la iglesia evang\u00e9lica?<\/p>\n<p>En mi opini\u00f3n no se viola la libertad de expresi\u00f3n, porque no se est\u00e1 prohibiendo nada, s\u00f3lo se regula el nivel de volumen que debe tener una reuni\u00f3n o evento con el fin de no perturbar a quienes no participan del mismo. No se necesitan vol\u00famenes exagerados para predicar o adorar al Se\u00f1or.<\/p>\n<p>La misi\u00f3n de la Iglesia no se limita al volumen de sus equipos de sonido, eso ser\u00eda un reduccionismo absurdo. Se puede hacer misi\u00f3n y predicar el Reino de Dios \u00a1incluso sin aparatos de sonido! La Iglesia debe trabajar con lo que tiene. Su fuerza depende del Esp\u00edritu, no del volumen de sus equipos electr\u00f3nicos.<\/p>\n<p>Nadie ha dicho que no usen equipos de sonido o que no prediquen o canten, s\u00f3lo se regula el volumen con el que se debe hacer.<\/p>\n<p>\u00bfSe mide a la iglesia en la misma l\u00ednea que los bares, restaurantes, que llegan a altas horas de la noche funcionando?<\/p>\n<p>Este para m\u00ed es el verdadero problema. Los se\u00f1ores legisladores que con tanta prontitud aprueban regular el sonido de las iglesias parecen estar dormidos a la hora de regular el esc\u00e1ndalo que provocan los centros de perdici\u00f3n como bares y discotecas.<\/p>\n<p>Aqu\u00ed es donde la doble moral se deja ver. Yo no estoy en contra de que se regule el volumen y se vele por la paz y armon\u00eda de la sociedad; lo que molesta es que se quieran hacer los duros con las iglesias y al mismo tiempo sean blandos con cantinas de mala reputaci\u00f3n y bailes de mala muerte.<\/p>\n<p>El ruido excesivo es da\u00f1ino venga de donde venga. Pero los negocios de mala reputaci\u00f3n tienen la agravante de da\u00f1ar los o\u00eddos y los valores de la sociedad. Quiz\u00e1s una iglesia perturbe por su ruido, pero no por el objetivo que se busca. Esa es la diferencia. Concluy\u00f3 el Pastor Figueroa.<\/p>\n<p>&nbsp;<br \/>\n<script type=\"text\/javascript\" src=\"http:\/\/7298805.collect.igodigital.com\/collect.js\"><\/script><br \/>\n<script type=\"text\/javascript\">\n_etmc.push([\"setOrgId\", \"7298805\"]);\n_etmc.push([\"setUserInfo\", {\n\"email\" : %%email%%,\n\"details\" : {\n\"first_name\" : %%first_name%%,\n}\n}]);\n_etmc.push([\"trackPageView\"]);\n<\/script><\/p>\n","protected":false},"excerpt":{"rendered":"<p>A lo largo de los a\u00f1os muchas han sido las personas que han expresado su molestia por el \u201cEscandaloso\u201d ruido que seg\u00fan la poblaci\u00f3n generan las iglesias evang\u00e9licas. Han sido varias las denuncias que se han llevado a las alcald\u00edas municipales en torno a este tema. En marzo del a\u00f1o 2016 una noticia a nivel [&hellip;]<\/p>\n","protected":false},"author":3,"featured_media":4857,"comment_status":"open","ping_status":"open","sticky":false,"template":"","format":"standard","meta":[],"categories":[56],"tags":[],"yoast_head":"<!-- This site is optimized with the Yoast SEO plugin v20.8 - https:\/\/yoast.com\/wordpress\/plugins\/seo\/ -->\n<title>\u00bfSe mide a la iglesia en la misma l\u00ednea que los bares para regular sonido? - La Prensa Cristiana<\/title>\n<meta name=\"robots\" content=\"index, follow, max-snippet:-1, max-image-preview:large, max-video-preview:-1\" \/>\n<link rel=\"canonical\" href=\"https:\/\/laprensacristiana.com\/?p=4856\" \/>\n<meta property=\"og:locale\" content=\"es_ES\" \/>\n<meta property=\"og:type\" content=\"article\" \/>\n<meta property=\"og:title\" content=\"\u00bfSe mide a la iglesia en la misma l\u00ednea que los bares para regular sonido? - La Prensa Cristiana\" \/>\n<meta property=\"og:description\" content=\"A lo largo de los a\u00f1os muchas han sido las personas que han expresado su molestia por el \u201cEscandaloso\u201d ruido que seg\u00fan la poblaci\u00f3n generan las iglesias evang\u00e9licas. Han sido varias las denuncias que se han llevado a las alcald\u00edas municipales en torno a este tema. En marzo del a\u00f1o 2016 una noticia a nivel [&hellip;]\" \/>\n<meta property=\"og:url\" content=\"https:\/\/laprensacristiana.com\/?p=4856\" \/>\n<meta property=\"og:site_name\" content=\"La Prensa Cristiana\" \/>\n<meta property=\"article:published_time\" content=\"2018-12-14T19:14:18+00:00\" \/>\n<meta property=\"article:modified_time\" content=\"2020-07-01T22:55:57+00:00\" \/>\n<meta property=\"og:image\" content=\"https:\/\/laprensacristiana.com\/wp-content\/uploads\/2018\/12\/48378501_10155733839456666_821118599337869312_n.png\" \/>\n\t<meta property=\"og:image:width\" content=\"960\" \/>\n\t<meta property=\"og:image:height\" content=\"538\" \/>\n\t<meta property=\"og:image:type\" content=\"image\/png\" \/>\n<meta name=\"author\" content=\"EDITOR\" \/>\n<meta name=\"twitter:card\" content=\"summary_large_image\" \/>\n<meta name=\"twitter:label1\" content=\"Escrito por\" \/>\n\t<meta name=\"twitter:data1\" content=\"EDITOR\" \/>\n\t<meta name=\"twitter:label2\" content=\"Tiempo de lectura\" \/>\n\t<meta name=\"twitter:data2\" content=\"4 minutos\" \/>\n<script type=\"application\/ld+json\" class=\"yoast-schema-graph\">{\"@context\":\"https:\/\/schema.org\",\"@graph\":[{\"@type\":\"WebPage\",\"@id\":\"https:\/\/laprensacristiana.com\/?p=4856\",\"url\":\"https:\/\/laprensacristiana.com\/?p=4856\",\"name\":\"\u00bfSe mide a la iglesia en la misma l\u00ednea que los bares para regular sonido? - La Prensa Cristiana\",\"isPartOf\":{\"@id\":\"https:\/\/laprensacristiana.com\/#website\"},\"datePublished\":\"2018-12-14T19:14:18+00:00\",\"dateModified\":\"2020-07-01T22:55:57+00:00\",\"author\":{\"@id\":\"https:\/\/laprensacristiana.com\/#\/schema\/person\/3e7d82c6bfd6b1fa67010f8f7cd5256e\"},\"breadcrumb\":{\"@id\":\"https:\/\/laprensacristiana.com\/?p=4856#breadcrumb\"},\"inLanguage\":\"es\",\"potentialAction\":[{\"@type\":\"ReadAction\",\"target\":[\"https:\/\/laprensacristiana.com\/?p=4856\"]}]},{\"@type\":\"BreadcrumbList\",\"@id\":\"https:\/\/laprensacristiana.com\/?p=4856#breadcrumb\",\"itemListElement\":[{\"@type\":\"ListItem\",\"position\":1,\"name\":\"Portada\",\"item\":\"https:\/\/laprensacristiana.com\/\"},{\"@type\":\"ListItem\",\"position\":2,\"name\":\"\u00bfSe mide a la iglesia en la misma l\u00ednea que los bares para regular sonido?\"}]},{\"@type\":\"WebSite\",\"@id\":\"https:\/\/laprensacristiana.com\/#website\",\"url\":\"https:\/\/laprensacristiana.com\/\",\"name\":\"La Prensa Cristiana\",\"description\":\"Anunciando Las Buenas Nuevas\",\"potentialAction\":[{\"@type\":\"SearchAction\",\"target\":{\"@type\":\"EntryPoint\",\"urlTemplate\":\"https:\/\/laprensacristiana.com\/?s={search_term_string}\"},\"query-input\":\"required name=search_term_string\"}],\"inLanguage\":\"es\"},{\"@type\":\"Person\",\"@id\":\"https:\/\/laprensacristiana.com\/#\/schema\/person\/3e7d82c6bfd6b1fa67010f8f7cd5256e\",\"name\":\"EDITOR\",\"image\":{\"@type\":\"ImageObject\",\"inLanguage\":\"es\",\"@id\":\"https:\/\/laprensacristiana.com\/#\/schema\/person\/image\/\",\"url\":\"https:\/\/secure.gravatar.com\/avatar\/72069dfb6c13772d9e8381e3638666d2?s=96&d=mm&r=g\",\"contentUrl\":\"https:\/\/secure.gravatar.com\/avatar\/72069dfb6c13772d9e8381e3638666d2?s=96&d=mm&r=g\",\"caption\":\"EDITOR\"},\"url\":\"https:\/\/laprensacristiana.com\/?author=3\"}]}<\/script>\n<!-- \/ Yoast SEO plugin. -->","yoast_head_json":{"title":"\u00bfSe mide a la iglesia en la misma l\u00ednea que los bares para regular sonido? - La Prensa Cristiana","robots":{"index":"index","follow":"follow","max-snippet":"max-snippet:-1","max-image-preview":"max-image-preview:large","max-video-preview":"max-video-preview:-1"},"canonical":"https:\/\/laprensacristiana.com\/?p=4856","og_locale":"es_ES","og_type":"article","og_title":"\u00bfSe mide a la iglesia en la misma l\u00ednea que los bares para regular sonido? - La Prensa Cristiana","og_description":"A lo largo de los a\u00f1os muchas han sido las personas que han expresado su molestia por el \u201cEscandaloso\u201d ruido que seg\u00fan la poblaci\u00f3n generan las iglesias evang\u00e9licas. Han sido varias las denuncias que se han llevado a las alcald\u00edas municipales en torno a este tema. En marzo del a\u00f1o 2016 una noticia a nivel [&hellip;]","og_url":"https:\/\/laprensacristiana.com\/?p=4856","og_site_name":"La Prensa Cristiana","article_published_time":"2018-12-14T19:14:18+00:00","article_modified_time":"2020-07-01T22:55:57+00:00","og_image":[{"width":960,"height":538,"url":"https:\/\/laprensacristiana.com\/wp-content\/uploads\/2018\/12\/48378501_10155733839456666_821118599337869312_n.png","type":"image\/png"}],"author":"EDITOR","twitter_card":"summary_large_image","twitter_misc":{"Escrito por":"EDITOR","Tiempo de lectura":"4 minutos"},"schema":{"@context":"https:\/\/schema.org","@graph":[{"@type":"WebPage","@id":"https:\/\/laprensacristiana.com\/?p=4856","url":"https:\/\/laprensacristiana.com\/?p=4856","name":"\u00bfSe mide a la iglesia en la misma l\u00ednea que los bares para regular sonido? - La Prensa Cristiana","isPartOf":{"@id":"https:\/\/laprensacristiana.com\/#website"},"datePublished":"2018-12-14T19:14:18+00:00","dateModified":"2020-07-01T22:55:57+00:00","author":{"@id":"https:\/\/laprensacristiana.com\/#\/schema\/person\/3e7d82c6bfd6b1fa67010f8f7cd5256e"},"breadcrumb":{"@id":"https:\/\/laprensacristiana.com\/?p=4856#breadcrumb"},"inLanguage":"es","potentialAction":[{"@type":"ReadAction","target":["https:\/\/laprensacristiana.com\/?p=4856"]}]},{"@type":"BreadcrumbList","@id":"https:\/\/laprensacristiana.com\/?p=4856#breadcrumb","itemListElement":[{"@type":"ListItem","position":1,"name":"Portada","item":"https:\/\/laprensacristiana.com\/"},{"@type":"ListItem","position":2,"name":"\u00bfSe mide a la iglesia en la misma l\u00ednea que los bares para regular sonido?"}]},{"@type":"WebSite","@id":"https:\/\/laprensacristiana.com\/#website","url":"https:\/\/laprensacristiana.com\/","name":"La Prensa Cristiana","description":"Anunciando Las Buenas Nuevas","potentialAction":[{"@type":"SearchAction","target":{"@type":"EntryPoint","urlTemplate":"https:\/\/laprensacristiana.com\/?s={search_term_string}"},"query-input":"required name=search_term_string"}],"inLanguage":"es"},{"@type":"Person","@id":"https:\/\/laprensacristiana.com\/#\/schema\/person\/3e7d82c6bfd6b1fa67010f8f7cd5256e","name":"EDITOR","image":{"@type":"ImageObject","inLanguage":"es","@id":"https:\/\/laprensacristiana.com\/#\/schema\/person\/image\/","url":"https:\/\/secure.gravatar.com\/avatar\/72069dfb6c13772d9e8381e3638666d2?s=96&d=mm&r=g","contentUrl":"https:\/\/secure.gravatar.com\/avatar\/72069dfb6c13772d9e8381e3638666d2?s=96&d=mm&r=g","caption":"EDITOR"},"url":"https:\/\/laprensacristiana.com\/?author=3"}]}},"_links":{"self":[{"href":"https:\/\/laprensacristiana.com\/index.php?rest_route=\/wp\/v2\/posts\/4856"}],"collection":[{"href":"https:\/\/laprensacristiana.com\/index.php?rest_route=\/wp\/v2\/posts"}],"about":[{"href":"https:\/\/laprensacristiana.com\/index.php?rest_route=\/wp\/v2\/types\/post"}],"author":[{"embeddable":true,"href":"https:\/\/laprensacristiana.com\/index.php?rest_route=\/wp\/v2\/users\/3"}],"replies":[{"embeddable":true,"href":"https:\/\/laprensacristiana.com\/index.php?rest_route=%2Fwp%2Fv2%2Fcomments&post=4856"}],"version-history":[{"count":5,"href":"https:\/\/laprensacristiana.com\/index.php?rest_route=\/wp\/v2\/posts\/4856\/revisions"}],"predecessor-version":[{"id":5158,"href":"https:\/\/laprensacristiana.com\/index.php?rest_route=\/wp\/v2\/posts\/4856\/revisions\/5158"}],"wp:featuredmedia":[{"embeddable":true,"href":"https:\/\/laprensacristiana.com\/index.php?rest_route=\/wp\/v2\/media\/4857"}],"wp:attachment":[{"href":"https:\/\/laprensacristiana.com\/index.php?rest_route=%2Fwp%2Fv2%2Fmedia&parent=4856"}],"wp:term":[{"taxonomy":"category","embeddable":true,"href":"https:\/\/laprensacristiana.com\/index.php?rest_route=%2Fwp%2Fv2%2Fcategories&post=4856"},{"taxonomy":"post_tag","embeddable":true,"href":"https:\/\/laprensacristiana.com\/index.php?rest_route=%2Fwp%2Fv2%2Ftags&post=4856"}],"curies":[{"name":"wp","href":"https:\/\/api.w.org\/{rel}","templated":true}]}}