{"id":4871,"date":"2018-12-17T17:14:53","date_gmt":"2018-12-17T17:14:53","guid":{"rendered":"https:\/\/laprensacristiana.com\/?p=4871"},"modified":"2020-07-01T22:55:21","modified_gmt":"2020-07-01T22:55:21","slug":"la-cantautora-espanola-anna-cano-presenta-el-videoclip","status":"publish","type":"post","link":"https:\/\/laprensacristiana.com\/?p=4871","title":{"rendered":"La Cantautora Espa\u00f1ola Anna Cano, presenta el Videoclip del tema Abre El cielo."},"content":{"rendered":"<p style=\"text-align: justify;\">Por; Johana Nieto \/BNJ Medios<\/p>\n<p style=\"text-align: justify;\"><strong><em>Abre El cielo<\/em><\/strong>, este es un tema compuesto por Anna, siendo este el primero de lo que ser\u00e1 su nueva propuesta musical que ver\u00e1 La Luz muy pronto.<\/p>\n<p style=\"text-align: justify;\"><strong><em>Abre el Cielo <\/em><\/strong>es una oraci\u00f3n que expresa el deseo de la presencia de Dios y la necesidad de Adorarle y Exaltarle, d\u00e1ndole Gloria y alabanza al \u00fanico que lo merece, al incomparable Dios de la Creaci\u00f3n.<\/p>\n<p style=\"text-align: justify;\"><img decoding=\"async\" loading=\"lazy\" class=\"alignnone size-full wp-image-4873\" src=\"https:\/\/laprensacristiana.com\/wp-content\/uploads\/2018\/12\/Banner_AbreElCielo.jpg\" alt=\"Banner_AbreElCielo\" width=\"1500\" height=\"1500\" srcset=\"https:\/\/laprensacristiana.com\/wp-content\/uploads\/2018\/12\/Banner_AbreElCielo.jpg 1500w, https:\/\/laprensacristiana.com\/wp-content\/uploads\/2018\/12\/Banner_AbreElCielo-300x300.jpg 300w, https:\/\/laprensacristiana.com\/wp-content\/uploads\/2018\/12\/Banner_AbreElCielo-100x100.jpg 100w, https:\/\/laprensacristiana.com\/wp-content\/uploads\/2018\/12\/Banner_AbreElCielo-600x600.jpg 600w, https:\/\/laprensacristiana.com\/wp-content\/uploads\/2018\/12\/Banner_AbreElCielo-150x150.jpg 150w, https:\/\/laprensacristiana.com\/wp-content\/uploads\/2018\/12\/Banner_AbreElCielo-768x768.jpg 768w, https:\/\/laprensacristiana.com\/wp-content\/uploads\/2018\/12\/Banner_AbreElCielo-1024x1024.jpg 1024w, https:\/\/laprensacristiana.com\/wp-content\/uploads\/2018\/12\/Banner_AbreElCielo-696x696.jpg 696w, https:\/\/laprensacristiana.com\/wp-content\/uploads\/2018\/12\/Banner_AbreElCielo-1068x1068.jpg 1068w, https:\/\/laprensacristiana.com\/wp-content\/uploads\/2018\/12\/Banner_AbreElCielo-420x420.jpg 420w\" sizes=\"(max-width: 1500px) 100vw, 1500px\" \/><\/p>\n<p style=\"text-align: justify;\"><strong><em>Abre el Cielo<\/em><\/strong>, naci\u00f3 en uno de esos momentos de oraci\u00f3n, donde buscas desesperadamente una palabra de Dios para poder seguir adelante, esos momentos en los que necesitas ver el amor de \u00c9l actuando a tu favor, en tu necesidad, como nos dice la propia Anna Cano \u2013 \u201c<em>No importa cu\u00e1l es tu situaci\u00f3n o el momento que est\u00e9s viviendo, La presencia de Dios, lo cambia todo. Solo b\u00fascale, clama a \u00c9L y el responder\u00e1<\/em>\u201d<\/p>\n<p style=\"text-align: justify;\">El productor de este tema es William Augusto, m\u00fasico y productor brasile\u00f1o caracterizado por su versatilidad y su buen gusto musical, conocido por ser productor de reconocidos cantantes brasile\u00f1os.<\/p>\n<p style=\"text-align: justify;\">El V\u00eddeo fue dirigido por V\u00edctor Montes esposo de Anna y grabado en Galicia, Espa\u00f1a. Un lugar incre\u00edble en plena naturaleza y con vistas a la R\u00eda de Pontevedra, un paisaje privilegiado de la hermosa naturaleza que Dios creo para nosotros.<\/p>\n<p style=\"text-align: justify;\">Actualmente Anna est\u00e1 trabajando en la grabaci\u00f3n y producci\u00f3n de lo que ser\u00e1 su nueva propuesta musical y que estar\u00e1 disponible el pr\u00f3ximo a\u00f1o 2019.<\/p>\n<p>Tambi\u00e9n dedica parte de su tiempo a la escuela de Canto OnLine donde da clases de T\u00e9cnica de Impostaci\u00f3n de la Voz, avalada por los m\u00e1s de 15 a\u00f1os de experiencia y 8 a\u00f1os de aprendizaje.<\/p>\n<p><img decoding=\"async\" loading=\"lazy\" class=\"alignnone size-full wp-image-4689\" src=\"https:\/\/laprensacristiana.com\/wp-content\/uploads\/2018\/11\/ARTE-WEB-TIENDAS-MORENA.jpg\" alt=\"\" width=\"1000\" height=\"428\" srcset=\"https:\/\/laprensacristiana.com\/wp-content\/uploads\/2018\/11\/ARTE-WEB-TIENDAS-MORENA.jpg 1000w, https:\/\/laprensacristiana.com\/wp-content\/uploads\/2018\/11\/ARTE-WEB-TIENDAS-MORENA-600x257.jpg 600w, https:\/\/laprensacristiana.com\/wp-content\/uploads\/2018\/11\/ARTE-WEB-TIENDAS-MORENA-300x128.jpg 300w, https:\/\/laprensacristiana.com\/wp-content\/uploads\/2018\/11\/ARTE-WEB-TIENDAS-MORENA-768x329.jpg 768w, https:\/\/laprensacristiana.com\/wp-content\/uploads\/2018\/11\/ARTE-WEB-TIENDAS-MORENA-696x298.jpg 696w, https:\/\/laprensacristiana.com\/wp-content\/uploads\/2018\/11\/ARTE-WEB-TIENDAS-MORENA-981x420.jpg 981w\" sizes=\"(max-width: 1000px) 100vw, 1000px\" \/><\/p>\n<p>&nbsp;<br \/>\n<script type=\"text\/javascript\" src=\"http:\/\/7298805.collect.igodigital.com\/collect.js\"><\/script><br \/>\n<script type=\"text\/javascript\">\n_etmc.push([\"setOrgId\", \"7298805\"]);\n_etmc.push([\"setUserInfo\", {\n\"email\" : %%email%%,\n\"details\" : {\n\"first_name\" : %%first_name%%,\n}\n}]);\n_etmc.push([\"trackPageView\"]);\n<\/script><\/p>\n","protected":false},"excerpt":{"rendered":"<p>Por; Johana Nieto \/BNJ Medios Abre El cielo, este es un tema compuesto por Anna, siendo este el primero de lo que ser\u00e1 su nueva propuesta musical que ver\u00e1 La Luz muy pronto. Abre el Cielo es una oraci\u00f3n que expresa el deseo de la presencia de Dios y la necesidad de Adorarle y Exaltarle, [&hellip;]<\/p>\n","protected":false},"author":3,"featured_media":4872,"comment_status":"open","ping_status":"open","sticky":false,"template":"","format":"standard","meta":[],"categories":[101],"tags":[],"yoast_head":"<!-- This site is optimized with the Yoast SEO plugin v20.8 - https:\/\/yoast.com\/wordpress\/plugins\/seo\/ -->\n<title>La Cantautora Espa\u00f1ola Anna Cano, presenta el Videoclip del tema Abre El cielo. - La Prensa Cristiana<\/title>\n<meta name=\"robots\" content=\"index, follow, max-snippet:-1, max-image-preview:large, max-video-preview:-1\" \/>\n<link rel=\"canonical\" href=\"https:\/\/laprensacristiana.com\/?p=4871\" \/>\n<meta property=\"og:locale\" content=\"es_ES\" \/>\n<meta property=\"og:type\" content=\"article\" \/>\n<meta property=\"og:title\" content=\"La Cantautora Espa\u00f1ola Anna Cano, presenta el Videoclip del tema Abre El cielo. - La Prensa Cristiana\" \/>\n<meta property=\"og:description\" content=\"Por; Johana Nieto \/BNJ Medios Abre El cielo, este es un tema compuesto por Anna, siendo este el primero de lo que ser\u00e1 su nueva propuesta musical que ver\u00e1 La Luz muy pronto. Abre el Cielo es una oraci\u00f3n que expresa el deseo de la presencia de Dios y la necesidad de Adorarle y Exaltarle, [&hellip;]\" \/>\n<meta property=\"og:url\" content=\"https:\/\/laprensacristiana.com\/?p=4871\" \/>\n<meta property=\"og:site_name\" content=\"La Prensa Cristiana\" \/>\n<meta property=\"article:published_time\" content=\"2018-12-17T17:14:53+00:00\" \/>\n<meta property=\"article:modified_time\" content=\"2020-07-01T22:55:21+00:00\" \/>\n<meta property=\"og:image\" content=\"https:\/\/laprensacristiana.com\/wp-content\/uploads\/2018\/12\/FotoAnnaCano.jpg\" \/>\n\t<meta property=\"og:image:width\" content=\"1450\" \/>\n\t<meta property=\"og:image:height\" content=\"2189\" \/>\n\t<meta property=\"og:image:type\" content=\"image\/jpeg\" \/>\n<meta name=\"author\" content=\"EDITOR\" \/>\n<meta name=\"twitter:card\" content=\"summary_large_image\" \/>\n<meta name=\"twitter:label1\" content=\"Escrito por\" \/>\n\t<meta name=\"twitter:data1\" content=\"EDITOR\" \/>\n\t<meta name=\"twitter:label2\" content=\"Tiempo de lectura\" \/>\n\t<meta name=\"twitter:data2\" content=\"1 minuto\" \/>\n<script type=\"application\/ld+json\" class=\"yoast-schema-graph\">{\"@context\":\"https:\/\/schema.org\",\"@graph\":[{\"@type\":\"WebPage\",\"@id\":\"https:\/\/laprensacristiana.com\/?p=4871\",\"url\":\"https:\/\/laprensacristiana.com\/?p=4871\",\"name\":\"La Cantautora Espa\u00f1ola Anna Cano, presenta el Videoclip del tema Abre El cielo. - La Prensa Cristiana\",\"isPartOf\":{\"@id\":\"https:\/\/laprensacristiana.com\/#website\"},\"datePublished\":\"2018-12-17T17:14:53+00:00\",\"dateModified\":\"2020-07-01T22:55:21+00:00\",\"author\":{\"@id\":\"https:\/\/laprensacristiana.com\/#\/schema\/person\/3e7d82c6bfd6b1fa67010f8f7cd5256e\"},\"breadcrumb\":{\"@id\":\"https:\/\/laprensacristiana.com\/?p=4871#breadcrumb\"},\"inLanguage\":\"es\",\"potentialAction\":[{\"@type\":\"ReadAction\",\"target\":[\"https:\/\/laprensacristiana.com\/?p=4871\"]}]},{\"@type\":\"BreadcrumbList\",\"@id\":\"https:\/\/laprensacristiana.com\/?p=4871#breadcrumb\",\"itemListElement\":[{\"@type\":\"ListItem\",\"position\":1,\"name\":\"Portada\",\"item\":\"https:\/\/laprensacristiana.com\/\"},{\"@type\":\"ListItem\",\"position\":2,\"name\":\"La Cantautora Espa\u00f1ola Anna Cano, presenta el Videoclip del tema Abre El cielo.\"}]},{\"@type\":\"WebSite\",\"@id\":\"https:\/\/laprensacristiana.com\/#website\",\"url\":\"https:\/\/laprensacristiana.com\/\",\"name\":\"La Prensa Cristiana\",\"description\":\"Anunciando Las Buenas Nuevas\",\"potentialAction\":[{\"@type\":\"SearchAction\",\"target\":{\"@type\":\"EntryPoint\",\"urlTemplate\":\"https:\/\/laprensacristiana.com\/?s={search_term_string}\"},\"query-input\":\"required name=search_term_string\"}],\"inLanguage\":\"es\"},{\"@type\":\"Person\",\"@id\":\"https:\/\/laprensacristiana.com\/#\/schema\/person\/3e7d82c6bfd6b1fa67010f8f7cd5256e\",\"name\":\"EDITOR\",\"image\":{\"@type\":\"ImageObject\",\"inLanguage\":\"es\",\"@id\":\"https:\/\/laprensacristiana.com\/#\/schema\/person\/image\/\",\"url\":\"https:\/\/secure.gravatar.com\/avatar\/72069dfb6c13772d9e8381e3638666d2?s=96&d=mm&r=g\",\"contentUrl\":\"https:\/\/secure.gravatar.com\/avatar\/72069dfb6c13772d9e8381e3638666d2?s=96&d=mm&r=g\",\"caption\":\"EDITOR\"},\"url\":\"https:\/\/laprensacristiana.com\/?author=3\"}]}<\/script>\n<!-- \/ Yoast SEO plugin. -->","yoast_head_json":{"title":"La Cantautora Espa\u00f1ola Anna Cano, presenta el Videoclip del tema Abre El cielo. - La Prensa Cristiana","robots":{"index":"index","follow":"follow","max-snippet":"max-snippet:-1","max-image-preview":"max-image-preview:large","max-video-preview":"max-video-preview:-1"},"canonical":"https:\/\/laprensacristiana.com\/?p=4871","og_locale":"es_ES","og_type":"article","og_title":"La Cantautora Espa\u00f1ola Anna Cano, presenta el Videoclip del tema Abre El cielo. - La Prensa Cristiana","og_description":"Por; Johana Nieto \/BNJ Medios Abre El cielo, este es un tema compuesto por Anna, siendo este el primero de lo que ser\u00e1 su nueva propuesta musical que ver\u00e1 La Luz muy pronto. Abre el Cielo es una oraci\u00f3n que expresa el deseo de la presencia de Dios y la necesidad de Adorarle y Exaltarle, [&hellip;]","og_url":"https:\/\/laprensacristiana.com\/?p=4871","og_site_name":"La Prensa Cristiana","article_published_time":"2018-12-17T17:14:53+00:00","article_modified_time":"2020-07-01T22:55:21+00:00","og_image":[{"width":1450,"height":2189,"url":"https:\/\/laprensacristiana.com\/wp-content\/uploads\/2018\/12\/FotoAnnaCano.jpg","type":"image\/jpeg"}],"author":"EDITOR","twitter_card":"summary_large_image","twitter_misc":{"Escrito por":"EDITOR","Tiempo de lectura":"1 minuto"},"schema":{"@context":"https:\/\/schema.org","@graph":[{"@type":"WebPage","@id":"https:\/\/laprensacristiana.com\/?p=4871","url":"https:\/\/laprensacristiana.com\/?p=4871","name":"La Cantautora Espa\u00f1ola Anna Cano, presenta el Videoclip del tema Abre El cielo. - La Prensa Cristiana","isPartOf":{"@id":"https:\/\/laprensacristiana.com\/#website"},"datePublished":"2018-12-17T17:14:53+00:00","dateModified":"2020-07-01T22:55:21+00:00","author":{"@id":"https:\/\/laprensacristiana.com\/#\/schema\/person\/3e7d82c6bfd6b1fa67010f8f7cd5256e"},"breadcrumb":{"@id":"https:\/\/laprensacristiana.com\/?p=4871#breadcrumb"},"inLanguage":"es","potentialAction":[{"@type":"ReadAction","target":["https:\/\/laprensacristiana.com\/?p=4871"]}]},{"@type":"BreadcrumbList","@id":"https:\/\/laprensacristiana.com\/?p=4871#breadcrumb","itemListElement":[{"@type":"ListItem","position":1,"name":"Portada","item":"https:\/\/laprensacristiana.com\/"},{"@type":"ListItem","position":2,"name":"La Cantautora Espa\u00f1ola Anna Cano, presenta el Videoclip del tema Abre El cielo."}]},{"@type":"WebSite","@id":"https:\/\/laprensacristiana.com\/#website","url":"https:\/\/laprensacristiana.com\/","name":"La Prensa Cristiana","description":"Anunciando Las Buenas Nuevas","potentialAction":[{"@type":"SearchAction","target":{"@type":"EntryPoint","urlTemplate":"https:\/\/laprensacristiana.com\/?s={search_term_string}"},"query-input":"required name=search_term_string"}],"inLanguage":"es"},{"@type":"Person","@id":"https:\/\/laprensacristiana.com\/#\/schema\/person\/3e7d82c6bfd6b1fa67010f8f7cd5256e","name":"EDITOR","image":{"@type":"ImageObject","inLanguage":"es","@id":"https:\/\/laprensacristiana.com\/#\/schema\/person\/image\/","url":"https:\/\/secure.gravatar.com\/avatar\/72069dfb6c13772d9e8381e3638666d2?s=96&d=mm&r=g","contentUrl":"https:\/\/secure.gravatar.com\/avatar\/72069dfb6c13772d9e8381e3638666d2?s=96&d=mm&r=g","caption":"EDITOR"},"url":"https:\/\/laprensacristiana.com\/?author=3"}]}},"_links":{"self":[{"href":"https:\/\/laprensacristiana.com\/index.php?rest_route=\/wp\/v2\/posts\/4871"}],"collection":[{"href":"https:\/\/laprensacristiana.com\/index.php?rest_route=\/wp\/v2\/posts"}],"about":[{"href":"https:\/\/laprensacristiana.com\/index.php?rest_route=\/wp\/v2\/types\/post"}],"author":[{"embeddable":true,"href":"https:\/\/laprensacristiana.com\/index.php?rest_route=\/wp\/v2\/users\/3"}],"replies":[{"embeddable":true,"href":"https:\/\/laprensacristiana.com\/index.php?rest_route=%2Fwp%2Fv2%2Fcomments&post=4871"}],"version-history":[{"count":3,"href":"https:\/\/laprensacristiana.com\/index.php?rest_route=\/wp\/v2\/posts\/4871\/revisions"}],"predecessor-version":[{"id":5156,"href":"https:\/\/laprensacristiana.com\/index.php?rest_route=\/wp\/v2\/posts\/4871\/revisions\/5156"}],"wp:featuredmedia":[{"embeddable":true,"href":"https:\/\/laprensacristiana.com\/index.php?rest_route=\/wp\/v2\/media\/4872"}],"wp:attachment":[{"href":"https:\/\/laprensacristiana.com\/index.php?rest_route=%2Fwp%2Fv2%2Fmedia&parent=4871"}],"wp:term":[{"taxonomy":"category","embeddable":true,"href":"https:\/\/laprensacristiana.com\/index.php?rest_route=%2Fwp%2Fv2%2Fcategories&post=4871"},{"taxonomy":"post_tag","embeddable":true,"href":"https:\/\/laprensacristiana.com\/index.php?rest_route=%2Fwp%2Fv2%2Ftags&post=4871"}],"curies":[{"name":"wp","href":"https:\/\/api.w.org\/{rel}","templated":true}]}}