{"id":4882,"date":"2018-12-25T18:48:35","date_gmt":"2018-12-25T18:48:35","guid":{"rendered":"https:\/\/laprensacristiana.com\/?p=4882"},"modified":"2019-02-13T06:54:21","modified_gmt":"2019-02-13T06:54:21","slug":"la-respuesta-a-un-corazon-violento-el-evangelio","status":"publish","type":"post","link":"https:\/\/laprensacristiana.com\/?p=4882","title":{"rendered":"La respuesta a un coraz\u00f3n violento: el evangelio"},"content":{"rendered":"<p><strong>Por: Pastor Javier Dominguez Iglesia Gracia Sobre Gracia <\/strong><\/p>\n<p style=\"text-align: justify;\">La sociedad salvadore\u00f1a est\u00e1 llena de diferentes manifestaciones de violencia: bullyng , ciberacoso, violencia al conducir, violencia en el lenguaje, abuso y violencia intrafamiliar, abusos laborales, agresividad en las redes sociales, memes, sarcasmo, propaganda negra, entre otras muchas expresiones.<\/p>\n<p style=\"text-align: justify;\">Nuestra sociedad celebra la violencia. Es a la vez un flagelo y un \u00eddolo cultural. Las pel\u00edculas, series de televisi\u00f3n y los videojuegos que contienen violencia son los m\u00e1s exitosos. Los h\u00e9roes de nuestro mundo son los fuertes, los que se burlan, los que matan m\u00e1s en una pel\u00edcula de acci\u00f3n, los que pelean mejor y someten a los dem\u00e1s.<\/p>\n<p style=\"text-align: justify;\">Otra forma de violencia es la que ejercen los grupos y movimientos que exigen legitimar como derechos sus expresiones de lujuria y desenfreno, como los que abogan por la legalizaci\u00f3n del matrimonio entre personas del mismo sexo, el aborto, la pedofilia, las personas transg\u00e9nero; entre otras perversiones a las que actualmente se les llama \u201cderechos humanos\u201d. Todas tienen algo en com\u00fan: son reclamados como derechos y para hacerlo se hace uso de la violencia.<\/p>\n<p style=\"text-align: justify;\">La violencia ocurre en cualquier estrato social, ambiente o zona geogr\u00e1fica. La ejercen hombres y mujeres, j\u00f3venes, ni\u00f1os, autoridades, empleados\u2026no es es exclusiva de un grupo humano. Esto se debe a que la violencia no es generada externamente, sino que surge en el coraz\u00f3n. \u00a0Lo que vemos en la sociedad no es m\u00e1s que la expresi\u00f3n colectiva de la maldad y el pecado en el coraz\u00f3n de los individuos.<\/p>\n<p style=\"text-align: justify;\">La maldad genera pasiones, deseos perversos que quieren ser satisfechos, y el medio para satisfacerlos es la violencia. La violencia es el medio, el origen es la maldad. Por eso dice Santiago<em> 4:1-2 \u00bfDe d\u00f3nde vienen las guerras y los conflictos entre vosotros? \u00bfNo vienen de vuestras pasiones que combaten en vuestros miembros? 2 Codici\u00e1is y no ten\u00e9is, por eso comet\u00e9is homicidio. Sois envidiosos y no pod\u00e9is obtener, por eso combat\u00eds y hac\u00e9is guerra<\/em>.<\/p>\n<p style=\"text-align: justify;\">Ante esta realidad social como iglesia tenemos una enorme responsabilidad: vencer el mal con el bien. <em>Rom 12:21 No seas vencido por el mal, sino vence con el bien el ma<\/em>l. En lugar de lidiar con nuestro propio dolor, como es el caso de la venganza o la resignaci\u00f3n, debemos trabajar por vencer la maldad en nuestra sociedad.<\/p>\n<p style=\"text-align: justify;\"><strong>\u00bfC\u00f3mo vencer la maldad con el bien?<\/strong><\/p>\n<p style=\"text-align: justify;\"><strong>Ama a los violentados:<\/strong> invol\u00facrate con la salud mental, f\u00edsica, emocional y espiritual de los que sufren violencia. Estamos llamados a hablar, amar y asistir a las personas que sufren. No huyamos de los violentados.<\/p>\n<p style=\"text-align: justify;\"><strong>Proclama el evangelio con paciencia y gracia:<\/strong> No\u00e9 predic\u00f3 la justicia de Dios a un mundo lleno de violencia. Jon\u00e1s predic\u00f3 el arrepentimiento a una ciudad perversa. Jes\u00fas trajo la gracia y la verdad a un mundo lleno de maldad; predic\u00f3 a pecadores, y acusado de comer con ellos le cost\u00f3 la vida. Como miembros de su iglesia estamos llamados a hacer disc\u00edpulos. \u00a0Recordemos que detr\u00e1s de todo acto de violencia hay maldad, y que dentro de toda persona violenta hay un coraz\u00f3n malo que necesita ser reemplazado; y el\u00a0 \u00fanico que puede transformar el coraz\u00f3n humano es Jesucristo. Solo \u00c9l puede redimir a un coraz\u00f3n violento.<\/p>\n<p style=\"text-align: justify;\"><strong>\u00a0<\/strong><strong>Permanece en Jes\u00fas: <\/strong>cuando sufras violencia en tu colonia, en tu trabajo, dentro de tu familia: permanece en Jes\u00fas. Dios te ha amado y te ama. No solo te salva sino que te sostiene.<\/p>\n<p style=\"text-align: justify;\"><strong>Si has ejercido alg\u00fan acto de violencia, arrepi\u00e9ntete<\/strong>, ac\u00e9rcate con confianza a Dios, \u00c9l te ha perdonado. <em>\u201cNinguna<\/em> <em>condenaci\u00f3n hay para los que est\u00e1n en Cristo Jes\u00fas\u201d<\/em><\/p>\n<p style=\"text-align: justify;\">Procura una vida justa que adorne tu proclamaci\u00f3n del evangelio. Una sociedad violenta no solo necesita o\u00edr el evangelio, sino verlo en tus acciones. El evangelio no solo se oye, se observa. Los violentos necesitan ver la efectividad del evangelio. Perdona al que te ofende, aunque no vuelvas a confiar, perdona, y procura la paz. <em>1Ts 5:22 absteneos de toda forma de mal.<\/em><\/p>\n<p><script type=\"text\/javascript\" src=\"http:\/\/7298805.collect.igodigital.com\/collect.js\"><\/script><br \/>\n<script type=\"text\/javascript\">\n_etmc.push([\"setOrgId\", \"7298805\"]);\n_etmc.push([\"setUserInfo\", {\n\"email\" : %%email%%,\n\"details\" : {\n\"first_name\" : %%first_name%%,\n}\n}]);\n_etmc.push([\"trackPageView\"]);\n<\/script><\/p>\n","protected":false},"excerpt":{"rendered":"<p>Por: Pastor Javier Dominguez Iglesia Gracia Sobre Gracia La sociedad salvadore\u00f1a est\u00e1 llena de diferentes manifestaciones de violencia: bullyng , ciberacoso, violencia al conducir, violencia en el lenguaje, abuso y violencia intrafamiliar, abusos laborales, agresividad en las redes sociales, memes, sarcasmo, propaganda negra, entre otras muchas expresiones. Nuestra sociedad celebra la violencia. Es a la [&hellip;]<\/p>\n","protected":false},"author":3,"featured_media":4883,"comment_status":"open","ping_status":"open","sticky":false,"template":"","format":"standard","meta":[],"categories":[23],"tags":[],"yoast_head":"<!-- This site is optimized with the Yoast SEO plugin v20.8 - https:\/\/yoast.com\/wordpress\/plugins\/seo\/ -->\n<title>La respuesta a un coraz\u00f3n violento: el evangelio - La Prensa Cristiana<\/title>\n<meta name=\"robots\" content=\"index, follow, max-snippet:-1, max-image-preview:large, max-video-preview:-1\" \/>\n<link rel=\"canonical\" href=\"https:\/\/laprensacristiana.com\/?p=4882\" \/>\n<meta property=\"og:locale\" content=\"es_ES\" \/>\n<meta property=\"og:type\" content=\"article\" \/>\n<meta property=\"og:title\" content=\"La respuesta a un coraz\u00f3n violento: el evangelio - La Prensa Cristiana\" \/>\n<meta property=\"og:description\" content=\"Por: Pastor Javier Dominguez Iglesia Gracia Sobre Gracia La sociedad salvadore\u00f1a est\u00e1 llena de diferentes manifestaciones de violencia: bullyng , ciberacoso, violencia al conducir, violencia en el lenguaje, abuso y violencia intrafamiliar, abusos laborales, agresividad en las redes sociales, memes, sarcasmo, propaganda negra, entre otras muchas expresiones. Nuestra sociedad celebra la violencia. Es a la [&hellip;]\" \/>\n<meta property=\"og:url\" content=\"https:\/\/laprensacristiana.com\/?p=4882\" \/>\n<meta property=\"og:site_name\" content=\"La Prensa Cristiana\" \/>\n<meta property=\"article:published_time\" content=\"2018-12-25T18:48:35+00:00\" \/>\n<meta property=\"article:modified_time\" content=\"2019-02-13T06:54:21+00:00\" \/>\n<meta property=\"og:image\" content=\"https:\/\/laprensacristiana.com\/wp-content\/uploads\/2018\/12\/OPINION-PASTOR-DOMINGUEZ-01-scaled.jpg\" \/>\n\t<meta property=\"og:image:width\" content=\"2560\" \/>\n\t<meta property=\"og:image:height\" content=\"1429\" \/>\n\t<meta property=\"og:image:type\" content=\"image\/jpeg\" \/>\n<meta name=\"author\" content=\"EDITOR\" \/>\n<meta name=\"twitter:card\" content=\"summary_large_image\" \/>\n<meta name=\"twitter:label1\" content=\"Escrito por\" \/>\n\t<meta name=\"twitter:data1\" content=\"EDITOR\" \/>\n\t<meta name=\"twitter:label2\" content=\"Tiempo de lectura\" \/>\n\t<meta name=\"twitter:data2\" content=\"3 minutos\" \/>\n<script type=\"application\/ld+json\" class=\"yoast-schema-graph\">{\"@context\":\"https:\/\/schema.org\",\"@graph\":[{\"@type\":\"WebPage\",\"@id\":\"https:\/\/laprensacristiana.com\/?p=4882\",\"url\":\"https:\/\/laprensacristiana.com\/?p=4882\",\"name\":\"La respuesta a un coraz\u00f3n violento: el evangelio - La Prensa Cristiana\",\"isPartOf\":{\"@id\":\"https:\/\/laprensacristiana.com\/#website\"},\"datePublished\":\"2018-12-25T18:48:35+00:00\",\"dateModified\":\"2019-02-13T06:54:21+00:00\",\"author\":{\"@id\":\"https:\/\/laprensacristiana.com\/#\/schema\/person\/3e7d82c6bfd6b1fa67010f8f7cd5256e\"},\"breadcrumb\":{\"@id\":\"https:\/\/laprensacristiana.com\/?p=4882#breadcrumb\"},\"inLanguage\":\"es\",\"potentialAction\":[{\"@type\":\"ReadAction\",\"target\":[\"https:\/\/laprensacristiana.com\/?p=4882\"]}]},{\"@type\":\"BreadcrumbList\",\"@id\":\"https:\/\/laprensacristiana.com\/?p=4882#breadcrumb\",\"itemListElement\":[{\"@type\":\"ListItem\",\"position\":1,\"name\":\"Portada\",\"item\":\"https:\/\/laprensacristiana.com\/\"},{\"@type\":\"ListItem\",\"position\":2,\"name\":\"La respuesta a un coraz\u00f3n violento: el evangelio\"}]},{\"@type\":\"WebSite\",\"@id\":\"https:\/\/laprensacristiana.com\/#website\",\"url\":\"https:\/\/laprensacristiana.com\/\",\"name\":\"La Prensa Cristiana\",\"description\":\"Anunciando Las Buenas Nuevas\",\"potentialAction\":[{\"@type\":\"SearchAction\",\"target\":{\"@type\":\"EntryPoint\",\"urlTemplate\":\"https:\/\/laprensacristiana.com\/?s={search_term_string}\"},\"query-input\":\"required name=search_term_string\"}],\"inLanguage\":\"es\"},{\"@type\":\"Person\",\"@id\":\"https:\/\/laprensacristiana.com\/#\/schema\/person\/3e7d82c6bfd6b1fa67010f8f7cd5256e\",\"name\":\"EDITOR\",\"image\":{\"@type\":\"ImageObject\",\"inLanguage\":\"es\",\"@id\":\"https:\/\/laprensacristiana.com\/#\/schema\/person\/image\/\",\"url\":\"https:\/\/secure.gravatar.com\/avatar\/72069dfb6c13772d9e8381e3638666d2?s=96&d=mm&r=g\",\"contentUrl\":\"https:\/\/secure.gravatar.com\/avatar\/72069dfb6c13772d9e8381e3638666d2?s=96&d=mm&r=g\",\"caption\":\"EDITOR\"},\"url\":\"https:\/\/laprensacristiana.com\/?author=3\"}]}<\/script>\n<!-- \/ Yoast SEO plugin. -->","yoast_head_json":{"title":"La respuesta a un coraz\u00f3n violento: el evangelio - La Prensa Cristiana","robots":{"index":"index","follow":"follow","max-snippet":"max-snippet:-1","max-image-preview":"max-image-preview:large","max-video-preview":"max-video-preview:-1"},"canonical":"https:\/\/laprensacristiana.com\/?p=4882","og_locale":"es_ES","og_type":"article","og_title":"La respuesta a un coraz\u00f3n violento: el evangelio - La Prensa Cristiana","og_description":"Por: Pastor Javier Dominguez Iglesia Gracia Sobre Gracia La sociedad salvadore\u00f1a est\u00e1 llena de diferentes manifestaciones de violencia: bullyng , ciberacoso, violencia al conducir, violencia en el lenguaje, abuso y violencia intrafamiliar, abusos laborales, agresividad en las redes sociales, memes, sarcasmo, propaganda negra, entre otras muchas expresiones. Nuestra sociedad celebra la violencia. Es a la [&hellip;]","og_url":"https:\/\/laprensacristiana.com\/?p=4882","og_site_name":"La Prensa Cristiana","article_published_time":"2018-12-25T18:48:35+00:00","article_modified_time":"2019-02-13T06:54:21+00:00","og_image":[{"width":2560,"height":1429,"url":"https:\/\/laprensacristiana.com\/wp-content\/uploads\/2018\/12\/OPINION-PASTOR-DOMINGUEZ-01-scaled.jpg","type":"image\/jpeg"}],"author":"EDITOR","twitter_card":"summary_large_image","twitter_misc":{"Escrito por":"EDITOR","Tiempo de lectura":"3 minutos"},"schema":{"@context":"https:\/\/schema.org","@graph":[{"@type":"WebPage","@id":"https:\/\/laprensacristiana.com\/?p=4882","url":"https:\/\/laprensacristiana.com\/?p=4882","name":"La respuesta a un coraz\u00f3n violento: el evangelio - La Prensa Cristiana","isPartOf":{"@id":"https:\/\/laprensacristiana.com\/#website"},"datePublished":"2018-12-25T18:48:35+00:00","dateModified":"2019-02-13T06:54:21+00:00","author":{"@id":"https:\/\/laprensacristiana.com\/#\/schema\/person\/3e7d82c6bfd6b1fa67010f8f7cd5256e"},"breadcrumb":{"@id":"https:\/\/laprensacristiana.com\/?p=4882#breadcrumb"},"inLanguage":"es","potentialAction":[{"@type":"ReadAction","target":["https:\/\/laprensacristiana.com\/?p=4882"]}]},{"@type":"BreadcrumbList","@id":"https:\/\/laprensacristiana.com\/?p=4882#breadcrumb","itemListElement":[{"@type":"ListItem","position":1,"name":"Portada","item":"https:\/\/laprensacristiana.com\/"},{"@type":"ListItem","position":2,"name":"La respuesta a un coraz\u00f3n violento: el evangelio"}]},{"@type":"WebSite","@id":"https:\/\/laprensacristiana.com\/#website","url":"https:\/\/laprensacristiana.com\/","name":"La Prensa Cristiana","description":"Anunciando Las Buenas Nuevas","potentialAction":[{"@type":"SearchAction","target":{"@type":"EntryPoint","urlTemplate":"https:\/\/laprensacristiana.com\/?s={search_term_string}"},"query-input":"required name=search_term_string"}],"inLanguage":"es"},{"@type":"Person","@id":"https:\/\/laprensacristiana.com\/#\/schema\/person\/3e7d82c6bfd6b1fa67010f8f7cd5256e","name":"EDITOR","image":{"@type":"ImageObject","inLanguage":"es","@id":"https:\/\/laprensacristiana.com\/#\/schema\/person\/image\/","url":"https:\/\/secure.gravatar.com\/avatar\/72069dfb6c13772d9e8381e3638666d2?s=96&d=mm&r=g","contentUrl":"https:\/\/secure.gravatar.com\/avatar\/72069dfb6c13772d9e8381e3638666d2?s=96&d=mm&r=g","caption":"EDITOR"},"url":"https:\/\/laprensacristiana.com\/?author=3"}]}},"_links":{"self":[{"href":"https:\/\/laprensacristiana.com\/index.php?rest_route=\/wp\/v2\/posts\/4882"}],"collection":[{"href":"https:\/\/laprensacristiana.com\/index.php?rest_route=\/wp\/v2\/posts"}],"about":[{"href":"https:\/\/laprensacristiana.com\/index.php?rest_route=\/wp\/v2\/types\/post"}],"author":[{"embeddable":true,"href":"https:\/\/laprensacristiana.com\/index.php?rest_route=\/wp\/v2\/users\/3"}],"replies":[{"embeddable":true,"href":"https:\/\/laprensacristiana.com\/index.php?rest_route=%2Fwp%2Fv2%2Fcomments&post=4882"}],"version-history":[{"count":2,"href":"https:\/\/laprensacristiana.com\/index.php?rest_route=\/wp\/v2\/posts\/4882\/revisions"}],"predecessor-version":[{"id":5154,"href":"https:\/\/laprensacristiana.com\/index.php?rest_route=\/wp\/v2\/posts\/4882\/revisions\/5154"}],"wp:featuredmedia":[{"embeddable":true,"href":"https:\/\/laprensacristiana.com\/index.php?rest_route=\/wp\/v2\/media\/4883"}],"wp:attachment":[{"href":"https:\/\/laprensacristiana.com\/index.php?rest_route=%2Fwp%2Fv2%2Fmedia&parent=4882"}],"wp:term":[{"taxonomy":"category","embeddable":true,"href":"https:\/\/laprensacristiana.com\/index.php?rest_route=%2Fwp%2Fv2%2Fcategories&post=4882"},{"taxonomy":"post_tag","embeddable":true,"href":"https:\/\/laprensacristiana.com\/index.php?rest_route=%2Fwp%2Fv2%2Ftags&post=4882"}],"curies":[{"name":"wp","href":"https:\/\/api.w.org\/{rel}","templated":true}]}}