{"id":4889,"date":"2018-12-26T18:48:35","date_gmt":"2018-12-26T18:48:35","guid":{"rendered":"https:\/\/laprensacristiana.com\/?p=4889"},"modified":"2019-02-13T06:54:08","modified_gmt":"2019-02-13T06:54:08","slug":"y-una-pregunta-para-cain","status":"publish","type":"post","link":"https:\/\/laprensacristiana.com\/?p=4889","title":{"rendered":"Y\u2026 Una pregunta para Ca\u00edn"},"content":{"rendered":"<p>G\u00e9nesis 4:9 \u201cEntonces el SE\u00d1OR dijo a Ca\u00edn: \u00bfD\u00f3nde est\u00e1 tu hermano Abel? Y \u00e9l respondi\u00f3: No s\u00e9. \u00bfSoy yo acaso guardi\u00e1n de mi hermano?\u201d<\/p>\n<p>Dios siempre nos pregunta por algo o por alguien. No lo dudemos. Tenemos que darle cuenta de lo que hagamos. Bien o mal. Y esto es para todos. Cristianos o no.\u00a0 Creyentes o incr\u00e9dulos.<\/p>\n<p>Soy guatemalteco. Hace unos veinte y pico de a\u00f1os que vinimos con mi esposa a este pa\u00eds por instrucciones del Se\u00f1or a ejercer un ministerio de ayuda a matrimonios. Empezamos a buscar una congregaci\u00f3n para escuchar la Palabra del Se\u00f1or como cualquier cristiano que sabe que no debe dejar de congregarse. Visitamos varias Iglesias y en ninguna de ellas el Se\u00f1or nos confirm\u00f3 que deb\u00edamos quedarnos para ser miembros. En algunas porque ni caso nos hicieron. En otras porque los pastores no se interesaron en nosotros como visitantes. Eran tiempos del fin del conflicto b\u00e9lico que hab\u00eda da\u00f1ado esta sociedad.<\/p>\n<p>Pero lo que marc\u00f3 mi vida como extranjero fue un episodio doloroso que nos sucedi\u00f3 en una de esas congregaciones que visitamos para buscar un pastor que nos alimentara. Estuvimos una ma\u00f1ana de domingo escuchando y participando del servicio y nos sentimos bien con mi esposa. Cantamos, oramos, ofrendamos e hicimos toda la parafernalia de esa congregaci\u00f3n. Al final del servicio un servidor se me acerc\u00f3 y al o\u00eddo me dijo que el pastor general quer\u00eda hablar conmigo en su oficina. Sin p\u00e9rdida de tiempo le dije a mi esposa que me esperara en la puerta de salida que solo iba a atender el llamado del pastor. Cuando llegu\u00e9 a su oficina, delante de otro oficial el pastor, sin invitarme a tomar asiento, me dijo con una franqueza escalofriante: \u201cPor favor, hermano, estoy enterado que usted es guatemalteco. Le pido que se vaya de mi iglesia porque ustedes, los chapines, me ponen erizo\u201d.<\/p>\n<p>Sent\u00ed una punzada en mi interior y las l\u00e1grimas de dolor y tristeza amenazaban con aflorar de mis ojos. Baj\u00e9 la cabeza en actitud de humildad, sal\u00ed despu\u00e9s de unos segundos de silencio en donde ni el oficial que fue testigo de esa advertencia dijo nada, ped\u00ed permiso al pastor para retirarme y me reun\u00ed con mi esposa en la puerta principal. Las mujeres, que tienen un instinto especial para saber cu\u00e1ndo nos sucede algo, inmediatamente intuy\u00f3 que algo malo hab\u00eda pasado en aquella oficina. Me lo pregunt\u00f3 y le cont\u00e9 el doloroso episodio. Nos fuimos a casa a lamernos nuestras heridas y nos quedamos un tiempo sin saber a d\u00f3nde ir y tener un pastor que nos bendijera con la Palabra de Dios\u2026<\/p>\n<p>Ahora que estoy escribiendo esta serie de tres preguntas que Dios hace en G\u00e9nesis recuerdo aquel episodio. Y sinceramente no quiero que Dios me las haga a m\u00ed cuando yo est\u00e9 en su presencia.<\/p>\n<p>Ca\u00edn ha matado a su hermano. Asunto de celos. Asunto de sacrificio o de baja autoestima. No lo s\u00e9 muy bien. Pero ha cometido un pecado muy grande. Y eso es lo que hacemos muchos pastores. Eso nos hizo aquel pastor que a\u00f1os despu\u00e9s se cruzaron nuestros caminos y tuvimos que compartir privilegios en un mismo p\u00falpito a donde fuimos invitados a predicar. \u00c9l tuvo que bajar la vista quiz\u00e1 al recordar que estaba junto a un chap\u00edn que lo pon\u00eda erizo y tuvo que predicar frente a ese estorbo que era yo.<\/p>\n<p>Hay esposos que abusan de la mujer que los ha acompa\u00f1ado por a\u00f1os y al final de su desarrollo profesional las desprecian. Para ellos es esta pregunta: \u201c\u00bfD\u00f3nde est\u00e1 tu hermana?<\/p>\n<p>La pregunta es para aquellos hombres que se aprovechan de la ternura, el amor y el cuidado inherente en toda mujer para pisotearlas, ultrajarlas y luego dejarlas tiradas en mitad de la vida por irse a otros brazos. Un d\u00eda escuchar\u00e1n la pregunta: \u00bfD\u00f3nde est\u00e1 tu hermana?<\/p>\n<p><img decoding=\"async\" loading=\"lazy\" class=\"alignnone size-full wp-image-4689\" src=\"https:\/\/laprensacristiana.com\/wp-content\/uploads\/2018\/11\/ARTE-WEB-TIENDAS-MORENA.jpg\" alt=\"\" width=\"1000\" height=\"428\" srcset=\"https:\/\/laprensacristiana.com\/wp-content\/uploads\/2018\/11\/ARTE-WEB-TIENDAS-MORENA.jpg 1000w, https:\/\/laprensacristiana.com\/wp-content\/uploads\/2018\/11\/ARTE-WEB-TIENDAS-MORENA-600x257.jpg 600w, https:\/\/laprensacristiana.com\/wp-content\/uploads\/2018\/11\/ARTE-WEB-TIENDAS-MORENA-300x128.jpg 300w, https:\/\/laprensacristiana.com\/wp-content\/uploads\/2018\/11\/ARTE-WEB-TIENDAS-MORENA-768x329.jpg 768w, https:\/\/laprensacristiana.com\/wp-content\/uploads\/2018\/11\/ARTE-WEB-TIENDAS-MORENA-696x298.jpg 696w, https:\/\/laprensacristiana.com\/wp-content\/uploads\/2018\/11\/ARTE-WEB-TIENDAS-MORENA-981x420.jpg 981w\" sizes=\"(max-width: 1000px) 100vw, 1000px\" \/><\/p>\n<p>Tambi\u00e9n es para aquellos hijos que han dejado a sus padres a la deriva. Que despu\u00e9s de haber estado en sus brazos, siendo alimentados, cuidados y nutridos dan la vuelta y los dejan en su vejez. Para ellos tambi\u00e9n es la pregunta: \u00bfD\u00f3nde est\u00e1n tus padres?<\/p>\n<p>Y qu\u00e9 decir de las ovejas que despu\u00e9s de estar bajo el cuidado de un pastor pidiendo oraciones, protecci\u00f3n, cobertura y bendiciones, un d\u00eda se cansan de ellos, dan la vuelta y sin decir adi\u00f3s y sin ninguna explicaci\u00f3n abandonan la congregaci\u00f3n dejando preguntas sin respuestas. Para ellos tambi\u00e9n ser\u00e1 hecha la pregunta: \u201c\u00bfD\u00f3nde est\u00e1 tu hermano el pastor?<\/p>\n<p>Tengamos cuidado de no herir, abandonar y apu\u00f1alar corazones que nada tienen que ver con nuestros conflictos internos. Con nuestros problemas no resueltos. Con nuestros traumas emocionales. Las preguntas de Dios siguen vigentes porque aunque no nos guste, somos responsables los unos de los otros. \u201cPastor, \u00bfd\u00f3nde est\u00e1 tu hermano, el otro pastor?<\/p>\n<p>&nbsp;<\/p>\n<p>&nbsp;<\/p>\n<p>&nbsp;<br \/>\n<script type=\"text\/javascript\" src=\"http:\/\/7298805.collect.igodigital.com\/collect.js\"><\/script><br \/>\n<script type=\"text\/javascript\">\n_etmc.push([\"setOrgId\", \"7298805\"]);\n_etmc.push([\"setUserInfo\", {\n\"email\" : %%email%%,\n\"details\" : {\n\"first_name\" : %%first_name%%,\n}\n}]);\n_etmc.push([\"trackPageView\"]);\n<\/script><\/p>\n","protected":false},"excerpt":{"rendered":"<p>G\u00e9nesis 4:9 \u201cEntonces el SE\u00d1OR dijo a Ca\u00edn: \u00bfD\u00f3nde est\u00e1 tu hermano Abel? Y \u00e9l respondi\u00f3: No s\u00e9. \u00bfSoy yo acaso guardi\u00e1n de mi hermano?\u201d Dios siempre nos pregunta por algo o por alguien. No lo dudemos. Tenemos que darle cuenta de lo que hagamos. Bien o mal. Y esto es para todos. Cristianos o [&hellip;]<\/p>\n","protected":false},"author":3,"featured_media":4530,"comment_status":"open","ping_status":"open","sticky":false,"template":"","format":"standard","meta":[],"categories":[36],"tags":[],"yoast_head":"<!-- This site is optimized with the Yoast SEO plugin v20.8 - https:\/\/yoast.com\/wordpress\/plugins\/seo\/ -->\n<title>Y\u2026 Una pregunta para Ca\u00edn - La Prensa Cristiana<\/title>\n<meta name=\"robots\" content=\"index, follow, max-snippet:-1, max-image-preview:large, max-video-preview:-1\" \/>\n<link rel=\"canonical\" href=\"https:\/\/laprensacristiana.com\/?p=4889\" \/>\n<meta property=\"og:locale\" content=\"es_ES\" \/>\n<meta property=\"og:type\" content=\"article\" \/>\n<meta property=\"og:title\" content=\"Y\u2026 Una pregunta para Ca\u00edn - La Prensa Cristiana\" \/>\n<meta property=\"og:description\" content=\"G\u00e9nesis 4:9 \u201cEntonces el SE\u00d1OR dijo a Ca\u00edn: \u00bfD\u00f3nde est\u00e1 tu hermano Abel? Y \u00e9l respondi\u00f3: No s\u00e9. \u00bfSoy yo acaso guardi\u00e1n de mi hermano?\u201d Dios siempre nos pregunta por algo o por alguien. No lo dudemos. Tenemos que darle cuenta de lo que hagamos. Bien o mal. Y esto es para todos. Cristianos o [&hellip;]\" \/>\n<meta property=\"og:url\" content=\"https:\/\/laprensacristiana.com\/?p=4889\" \/>\n<meta property=\"og:site_name\" content=\"La Prensa Cristiana\" \/>\n<meta property=\"article:published_time\" content=\"2018-12-26T18:48:35+00:00\" \/>\n<meta property=\"article:modified_time\" content=\"2019-02-13T06:54:08+00:00\" \/>\n<meta property=\"og:image\" content=\"https:\/\/laprensacristiana.com\/wp-content\/uploads\/2018\/10\/2017-11-23-PHOTO-00003245.jpg\" \/>\n\t<meta property=\"og:image:width\" content=\"1280\" \/>\n\t<meta property=\"og:image:height\" content=\"714\" \/>\n\t<meta property=\"og:image:type\" content=\"image\/jpeg\" \/>\n<meta name=\"author\" content=\"EDITOR\" \/>\n<meta name=\"twitter:card\" content=\"summary_large_image\" \/>\n<meta name=\"twitter:label1\" content=\"Escrito por\" \/>\n\t<meta name=\"twitter:data1\" content=\"EDITOR\" \/>\n\t<meta name=\"twitter:label2\" content=\"Tiempo de lectura\" \/>\n\t<meta name=\"twitter:data2\" content=\"4 minutos\" \/>\n<script type=\"application\/ld+json\" class=\"yoast-schema-graph\">{\"@context\":\"https:\/\/schema.org\",\"@graph\":[{\"@type\":\"WebPage\",\"@id\":\"https:\/\/laprensacristiana.com\/?p=4889\",\"url\":\"https:\/\/laprensacristiana.com\/?p=4889\",\"name\":\"Y\u2026 Una pregunta para Ca\u00edn - La Prensa Cristiana\",\"isPartOf\":{\"@id\":\"https:\/\/laprensacristiana.com\/#website\"},\"datePublished\":\"2018-12-26T18:48:35+00:00\",\"dateModified\":\"2019-02-13T06:54:08+00:00\",\"author\":{\"@id\":\"https:\/\/laprensacristiana.com\/#\/schema\/person\/3e7d82c6bfd6b1fa67010f8f7cd5256e\"},\"breadcrumb\":{\"@id\":\"https:\/\/laprensacristiana.com\/?p=4889#breadcrumb\"},\"inLanguage\":\"es\",\"potentialAction\":[{\"@type\":\"ReadAction\",\"target\":[\"https:\/\/laprensacristiana.com\/?p=4889\"]}]},{\"@type\":\"BreadcrumbList\",\"@id\":\"https:\/\/laprensacristiana.com\/?p=4889#breadcrumb\",\"itemListElement\":[{\"@type\":\"ListItem\",\"position\":1,\"name\":\"Portada\",\"item\":\"https:\/\/laprensacristiana.com\/\"},{\"@type\":\"ListItem\",\"position\":2,\"name\":\"Y\u2026 Una pregunta para Ca\u00edn\"}]},{\"@type\":\"WebSite\",\"@id\":\"https:\/\/laprensacristiana.com\/#website\",\"url\":\"https:\/\/laprensacristiana.com\/\",\"name\":\"La Prensa Cristiana\",\"description\":\"Anunciando Las Buenas Nuevas\",\"potentialAction\":[{\"@type\":\"SearchAction\",\"target\":{\"@type\":\"EntryPoint\",\"urlTemplate\":\"https:\/\/laprensacristiana.com\/?s={search_term_string}\"},\"query-input\":\"required name=search_term_string\"}],\"inLanguage\":\"es\"},{\"@type\":\"Person\",\"@id\":\"https:\/\/laprensacristiana.com\/#\/schema\/person\/3e7d82c6bfd6b1fa67010f8f7cd5256e\",\"name\":\"EDITOR\",\"image\":{\"@type\":\"ImageObject\",\"inLanguage\":\"es\",\"@id\":\"https:\/\/laprensacristiana.com\/#\/schema\/person\/image\/\",\"url\":\"https:\/\/secure.gravatar.com\/avatar\/72069dfb6c13772d9e8381e3638666d2?s=96&d=mm&r=g\",\"contentUrl\":\"https:\/\/secure.gravatar.com\/avatar\/72069dfb6c13772d9e8381e3638666d2?s=96&d=mm&r=g\",\"caption\":\"EDITOR\"},\"url\":\"https:\/\/laprensacristiana.com\/?author=3\"}]}<\/script>\n<!-- \/ Yoast SEO plugin. -->","yoast_head_json":{"title":"Y\u2026 Una pregunta para Ca\u00edn - La Prensa Cristiana","robots":{"index":"index","follow":"follow","max-snippet":"max-snippet:-1","max-image-preview":"max-image-preview:large","max-video-preview":"max-video-preview:-1"},"canonical":"https:\/\/laprensacristiana.com\/?p=4889","og_locale":"es_ES","og_type":"article","og_title":"Y\u2026 Una pregunta para Ca\u00edn - La Prensa Cristiana","og_description":"G\u00e9nesis 4:9 \u201cEntonces el SE\u00d1OR dijo a Ca\u00edn: \u00bfD\u00f3nde est\u00e1 tu hermano Abel? Y \u00e9l respondi\u00f3: No s\u00e9. \u00bfSoy yo acaso guardi\u00e1n de mi hermano?\u201d Dios siempre nos pregunta por algo o por alguien. No lo dudemos. Tenemos que darle cuenta de lo que hagamos. Bien o mal. Y esto es para todos. Cristianos o [&hellip;]","og_url":"https:\/\/laprensacristiana.com\/?p=4889","og_site_name":"La Prensa Cristiana","article_published_time":"2018-12-26T18:48:35+00:00","article_modified_time":"2019-02-13T06:54:08+00:00","og_image":[{"width":1280,"height":714,"url":"https:\/\/laprensacristiana.com\/wp-content\/uploads\/2018\/10\/2017-11-23-PHOTO-00003245.jpg","type":"image\/jpeg"}],"author":"EDITOR","twitter_card":"summary_large_image","twitter_misc":{"Escrito por":"EDITOR","Tiempo de lectura":"4 minutos"},"schema":{"@context":"https:\/\/schema.org","@graph":[{"@type":"WebPage","@id":"https:\/\/laprensacristiana.com\/?p=4889","url":"https:\/\/laprensacristiana.com\/?p=4889","name":"Y\u2026 Una pregunta para Ca\u00edn - La Prensa Cristiana","isPartOf":{"@id":"https:\/\/laprensacristiana.com\/#website"},"datePublished":"2018-12-26T18:48:35+00:00","dateModified":"2019-02-13T06:54:08+00:00","author":{"@id":"https:\/\/laprensacristiana.com\/#\/schema\/person\/3e7d82c6bfd6b1fa67010f8f7cd5256e"},"breadcrumb":{"@id":"https:\/\/laprensacristiana.com\/?p=4889#breadcrumb"},"inLanguage":"es","potentialAction":[{"@type":"ReadAction","target":["https:\/\/laprensacristiana.com\/?p=4889"]}]},{"@type":"BreadcrumbList","@id":"https:\/\/laprensacristiana.com\/?p=4889#breadcrumb","itemListElement":[{"@type":"ListItem","position":1,"name":"Portada","item":"https:\/\/laprensacristiana.com\/"},{"@type":"ListItem","position":2,"name":"Y\u2026 Una pregunta para Ca\u00edn"}]},{"@type":"WebSite","@id":"https:\/\/laprensacristiana.com\/#website","url":"https:\/\/laprensacristiana.com\/","name":"La Prensa Cristiana","description":"Anunciando Las Buenas Nuevas","potentialAction":[{"@type":"SearchAction","target":{"@type":"EntryPoint","urlTemplate":"https:\/\/laprensacristiana.com\/?s={search_term_string}"},"query-input":"required name=search_term_string"}],"inLanguage":"es"},{"@type":"Person","@id":"https:\/\/laprensacristiana.com\/#\/schema\/person\/3e7d82c6bfd6b1fa67010f8f7cd5256e","name":"EDITOR","image":{"@type":"ImageObject","inLanguage":"es","@id":"https:\/\/laprensacristiana.com\/#\/schema\/person\/image\/","url":"https:\/\/secure.gravatar.com\/avatar\/72069dfb6c13772d9e8381e3638666d2?s=96&d=mm&r=g","contentUrl":"https:\/\/secure.gravatar.com\/avatar\/72069dfb6c13772d9e8381e3638666d2?s=96&d=mm&r=g","caption":"EDITOR"},"url":"https:\/\/laprensacristiana.com\/?author=3"}]}},"_links":{"self":[{"href":"https:\/\/laprensacristiana.com\/index.php?rest_route=\/wp\/v2\/posts\/4889"}],"collection":[{"href":"https:\/\/laprensacristiana.com\/index.php?rest_route=\/wp\/v2\/posts"}],"about":[{"href":"https:\/\/laprensacristiana.com\/index.php?rest_route=\/wp\/v2\/types\/post"}],"author":[{"embeddable":true,"href":"https:\/\/laprensacristiana.com\/index.php?rest_route=\/wp\/v2\/users\/3"}],"replies":[{"embeddable":true,"href":"https:\/\/laprensacristiana.com\/index.php?rest_route=%2Fwp%2Fv2%2Fcomments&post=4889"}],"version-history":[{"count":2,"href":"https:\/\/laprensacristiana.com\/index.php?rest_route=\/wp\/v2\/posts\/4889\/revisions"}],"predecessor-version":[{"id":5152,"href":"https:\/\/laprensacristiana.com\/index.php?rest_route=\/wp\/v2\/posts\/4889\/revisions\/5152"}],"wp:featuredmedia":[{"embeddable":true,"href":"https:\/\/laprensacristiana.com\/index.php?rest_route=\/wp\/v2\/media\/4530"}],"wp:attachment":[{"href":"https:\/\/laprensacristiana.com\/index.php?rest_route=%2Fwp%2Fv2%2Fmedia&parent=4889"}],"wp:term":[{"taxonomy":"category","embeddable":true,"href":"https:\/\/laprensacristiana.com\/index.php?rest_route=%2Fwp%2Fv2%2Fcategories&post=4889"},{"taxonomy":"post_tag","embeddable":true,"href":"https:\/\/laprensacristiana.com\/index.php?rest_route=%2Fwp%2Fv2%2Ftags&post=4889"}],"curies":[{"name":"wp","href":"https:\/\/api.w.org\/{rel}","templated":true}]}}