{"id":4891,"date":"2018-12-26T21:17:54","date_gmt":"2018-12-26T21:17:54","guid":{"rendered":"https:\/\/laprensacristiana.com\/?p=4891"},"modified":"2019-02-13T06:54:02","modified_gmt":"2019-02-13T06:54:02","slug":"diciembre-el-mes-de-la-biblia","status":"publish","type":"post","link":"https:\/\/laprensacristiana.com\/?p=4891","title":{"rendered":"Diciembre, el mes de la Biblia"},"content":{"rendered":"<div class=\"_2cuy _3dgx _2vxa\">Por Pastor Mario Vega Iglesia Elim Central El Salvador<\/div>\n<div class=\"_2cuy _3dgx _2vxa\">Por decreto legislativo el segundo domingo del mes de diciembre ha sido declarado el D\u00eda Nacional de la Biblia en El Salvador. Tal decreto es parte de los hechos ins\u00f3litos que acompa\u00f1an a la Biblia desde hace milenios. Fue el primer libro en ser impreso al inventarse la imprenta y tambi\u00e9n el primero en salir del planeta y ser le\u00eddo la primera vez que el ser humano orbit\u00f3 la luna en la misi\u00f3n Apolo 8. Por cierto, tal acci\u00f3n le vali\u00f3 a la NASA una demanda legal de inconstitucionalidad que, posteriormente, fue desestimada por la Corte Suprema de Justicia estadounidense. Desde que Gutenberg la imprimi\u00f3 nunca ha dejado de ser el libro m\u00e1s impreso de la humanidad. Solamente en los \u00faltimos 50 a\u00f1os se han vendido un estimado de 3,900 millones de ejemplares. El siguiente libro m\u00e1s impreso, <span class=\"_4yxp\">Las citas del presidente Mao Tse-Tung<\/span> (m\u00e1s conocido como <span class=\"_4yxp\">El libro rojo <\/span>de Mao) le sigue en un distante segundo lugar con 820 millones de ejemplares, a\u00fan cuando su lectura era una obligatoriedad en las escuelas chinas.<\/div>\n<div class=\"_2cuy _3dgx _2vxa\"><\/div>\n<div class=\"_2cuy _3dgx _2vxa\">Como resultado de la Tercera Revoluci\u00f3n Industrial la difusi\u00f3n de la Biblia ha adquirido nuevas dimensiones. Quiz\u00e1 el ejemplo m\u00e1s notable sea el de YouVersion, una aplicaci\u00f3n gratuita que opera sobre la mayor parte de sistemas operativos. Se lanz\u00f3 en 2008 con solo 15 Biblias en dos idiomas. En la actualidad ofrece m\u00e1s de 1,800 versiones en m\u00e1s de 1,250 idiomas; impensable hace unos a\u00f1os portar en el bolsillo tal cantidad de traducciones y versiones con tanta comodidad y accesibilidad. La aplicaci\u00f3n ha sido instalada 350 millones de veces desde su creaci\u00f3n y, al igual que otras plataformas, permite llevar un registro exacto del tipo de uso que se le da. 2018 es el a\u00f1o de mayor cantidad de conexiones con la Biblia que realizaron los usuarios de YouVersion: un total de 27,200 millones de cap\u00edtulos le\u00eddos, 4,200 millones de cap\u00edtulos reproducidos en formato de audio, 1,700 millones de resaltados, marcadores y notas creadas.<\/div>\n<div class=\"_2cuy _3dgx _2vxa\"><\/div>\n<div class=\"_2cuy _3dgx _2vxa\">En el Museo de la Biblia, en la ciudad de Washington D.C., se encuentra un \u00e1rea en donde se dispone de pantallas t\u00e1ctiles en forma de mesas en las que se puede ver en tiempo real el uso que las personas hacen de la Biblia en YouVersion en el planeta. Hay elementos curiosos como, por ejemplo, identificar cu\u00e1l es la palabra m\u00e1s buscada en cada pa\u00eds. En la mayor parte de pa\u00edses las palabras m\u00e1s buscadas suelen ser: \u00abamor\u00bb, \u00absalvaci\u00f3n\u00bb, \u00abfortaleza\u00bb, en ese orden. Pero en el caso de El Salvador se da el hecho curioso de que la palabra m\u00e1s buscada en la Biblia es \u00aboscuridad\u00bb. L\u00f3gicamente, debe entenderse que la raz\u00f3n de buscar la palabra \u00aboscuridad\u00bb no es la de una predilecci\u00f3n por lo l\u00f3brego, por el contrario, es parte de una b\u00fasqueda para salir de ella. La experiencia de milenios es que el leer o escuchar las Escrituras tiene el poder de cambiar a las personas y, al cambiar las personas, cambian sus entornos sociales. Con esta tecnolog\u00eda se estimula a la presente generaci\u00f3n a convertirse en la gente m\u00e1s comprometida con la Biblia en la historia. En un mundo en el que cada persona pueda en forma inmediata involucrarse con la palabra de Dios en su propio idioma se puede esperar que m\u00e1s hechos positivos ocurran. Nada de esto hab\u00eda sido posible en el pasado, pero ahora, no solo es posible sino que ya est\u00e1 al alcance de cientos de millones.<\/div>\n<div class=\"_2cuy _3dgx _2vxa\"><\/div>\n<div class=\"_2cuy _3dgx _2vxa\"><\/div>\n<div class=\"_2cuy _3dgx _2vxa\"><img decoding=\"async\" loading=\"lazy\" class=\"alignnone size-full wp-image-4689\" src=\"https:\/\/laprensacristiana.com\/wp-content\/uploads\/2018\/11\/ARTE-WEB-TIENDAS-MORENA.jpg\" alt=\"\" width=\"1000\" height=\"428\" srcset=\"https:\/\/laprensacristiana.com\/wp-content\/uploads\/2018\/11\/ARTE-WEB-TIENDAS-MORENA.jpg 1000w, https:\/\/laprensacristiana.com\/wp-content\/uploads\/2018\/11\/ARTE-WEB-TIENDAS-MORENA-600x257.jpg 600w, https:\/\/laprensacristiana.com\/wp-content\/uploads\/2018\/11\/ARTE-WEB-TIENDAS-MORENA-300x128.jpg 300w, https:\/\/laprensacristiana.com\/wp-content\/uploads\/2018\/11\/ARTE-WEB-TIENDAS-MORENA-768x329.jpg 768w, https:\/\/laprensacristiana.com\/wp-content\/uploads\/2018\/11\/ARTE-WEB-TIENDAS-MORENA-696x298.jpg 696w, https:\/\/laprensacristiana.com\/wp-content\/uploads\/2018\/11\/ARTE-WEB-TIENDAS-MORENA-981x420.jpg 981w\" sizes=\"(max-width: 1000px) 100vw, 1000px\" \/><\/div>\n<p><script type=\"text\/javascript\" src=\"http:\/\/7298805.collect.igodigital.com\/collect.js\"><\/script><br \/>\n<script type=\"text\/javascript\">\n_etmc.push([\"setOrgId\", \"7298805\"]);\n_etmc.push([\"setUserInfo\", {\n\"email\" : %%email%%,\n\"details\" : {\n\"first_name\" : %%first_name%%,\n}\n}]);\n_etmc.push([\"trackPageView\"]);\n<\/script><\/p>\n","protected":false},"excerpt":{"rendered":"<p>Por Pastor Mario Vega Iglesia Elim Central El Salvador Por decreto legislativo el segundo domingo del mes de diciembre ha sido declarado el D\u00eda Nacional de la Biblia en El Salvador. Tal decreto es parte de los hechos ins\u00f3litos que acompa\u00f1an a la Biblia desde hace milenios. Fue el primer libro en ser impreso al [&hellip;]<\/p>\n","protected":false},"author":3,"featured_media":4600,"comment_status":"open","ping_status":"open","sticky":false,"template":"","format":"standard","meta":[],"categories":[23],"tags":[],"yoast_head":"<!-- This site is optimized with the Yoast SEO plugin v20.8 - https:\/\/yoast.com\/wordpress\/plugins\/seo\/ -->\n<title>Diciembre, el mes de la Biblia - La Prensa Cristiana<\/title>\n<meta name=\"robots\" content=\"index, follow, max-snippet:-1, max-image-preview:large, max-video-preview:-1\" \/>\n<link rel=\"canonical\" href=\"https:\/\/laprensacristiana.com\/?p=4891\" \/>\n<meta property=\"og:locale\" content=\"es_ES\" \/>\n<meta property=\"og:type\" content=\"article\" \/>\n<meta property=\"og:title\" content=\"Diciembre, el mes de la Biblia - La Prensa Cristiana\" \/>\n<meta property=\"og:description\" content=\"Por Pastor Mario Vega Iglesia Elim Central El Salvador Por decreto legislativo el segundo domingo del mes de diciembre ha sido declarado el D\u00eda Nacional de la Biblia en El Salvador. Tal decreto es parte de los hechos ins\u00f3litos que acompa\u00f1an a la Biblia desde hace milenios. Fue el primer libro en ser impreso al [&hellip;]\" \/>\n<meta property=\"og:url\" content=\"https:\/\/laprensacristiana.com\/?p=4891\" \/>\n<meta property=\"og:site_name\" content=\"La Prensa Cristiana\" \/>\n<meta property=\"article:published_time\" content=\"2018-12-26T21:17:54+00:00\" \/>\n<meta property=\"article:modified_time\" content=\"2019-02-13T06:54:02+00:00\" \/>\n<meta property=\"og:image\" content=\"https:\/\/laprensacristiana.com\/wp-content\/uploads\/2018\/10\/OPINION-01-scaled.jpg\" \/>\n\t<meta property=\"og:image:width\" content=\"2560\" \/>\n\t<meta property=\"og:image:height\" content=\"1429\" \/>\n\t<meta property=\"og:image:type\" content=\"image\/jpeg\" \/>\n<meta name=\"author\" content=\"EDITOR\" \/>\n<meta name=\"twitter:card\" content=\"summary_large_image\" \/>\n<meta name=\"twitter:label1\" content=\"Escrito por\" \/>\n\t<meta name=\"twitter:data1\" content=\"EDITOR\" \/>\n\t<meta name=\"twitter:label2\" content=\"Tiempo de lectura\" \/>\n\t<meta name=\"twitter:data2\" content=\"3 minutos\" \/>\n<script type=\"application\/ld+json\" class=\"yoast-schema-graph\">{\"@context\":\"https:\/\/schema.org\",\"@graph\":[{\"@type\":\"WebPage\",\"@id\":\"https:\/\/laprensacristiana.com\/?p=4891\",\"url\":\"https:\/\/laprensacristiana.com\/?p=4891\",\"name\":\"Diciembre, el mes de la Biblia - La Prensa Cristiana\",\"isPartOf\":{\"@id\":\"https:\/\/laprensacristiana.com\/#website\"},\"datePublished\":\"2018-12-26T21:17:54+00:00\",\"dateModified\":\"2019-02-13T06:54:02+00:00\",\"author\":{\"@id\":\"https:\/\/laprensacristiana.com\/#\/schema\/person\/3e7d82c6bfd6b1fa67010f8f7cd5256e\"},\"breadcrumb\":{\"@id\":\"https:\/\/laprensacristiana.com\/?p=4891#breadcrumb\"},\"inLanguage\":\"es\",\"potentialAction\":[{\"@type\":\"ReadAction\",\"target\":[\"https:\/\/laprensacristiana.com\/?p=4891\"]}]},{\"@type\":\"BreadcrumbList\",\"@id\":\"https:\/\/laprensacristiana.com\/?p=4891#breadcrumb\",\"itemListElement\":[{\"@type\":\"ListItem\",\"position\":1,\"name\":\"Portada\",\"item\":\"https:\/\/laprensacristiana.com\/\"},{\"@type\":\"ListItem\",\"position\":2,\"name\":\"Diciembre, el mes de la Biblia\"}]},{\"@type\":\"WebSite\",\"@id\":\"https:\/\/laprensacristiana.com\/#website\",\"url\":\"https:\/\/laprensacristiana.com\/\",\"name\":\"La Prensa Cristiana\",\"description\":\"Anunciando Las Buenas Nuevas\",\"potentialAction\":[{\"@type\":\"SearchAction\",\"target\":{\"@type\":\"EntryPoint\",\"urlTemplate\":\"https:\/\/laprensacristiana.com\/?s={search_term_string}\"},\"query-input\":\"required name=search_term_string\"}],\"inLanguage\":\"es\"},{\"@type\":\"Person\",\"@id\":\"https:\/\/laprensacristiana.com\/#\/schema\/person\/3e7d82c6bfd6b1fa67010f8f7cd5256e\",\"name\":\"EDITOR\",\"image\":{\"@type\":\"ImageObject\",\"inLanguage\":\"es\",\"@id\":\"https:\/\/laprensacristiana.com\/#\/schema\/person\/image\/\",\"url\":\"https:\/\/secure.gravatar.com\/avatar\/72069dfb6c13772d9e8381e3638666d2?s=96&d=mm&r=g\",\"contentUrl\":\"https:\/\/secure.gravatar.com\/avatar\/72069dfb6c13772d9e8381e3638666d2?s=96&d=mm&r=g\",\"caption\":\"EDITOR\"},\"url\":\"https:\/\/laprensacristiana.com\/?author=3\"}]}<\/script>\n<!-- \/ Yoast SEO plugin. -->","yoast_head_json":{"title":"Diciembre, el mes de la Biblia - La Prensa Cristiana","robots":{"index":"index","follow":"follow","max-snippet":"max-snippet:-1","max-image-preview":"max-image-preview:large","max-video-preview":"max-video-preview:-1"},"canonical":"https:\/\/laprensacristiana.com\/?p=4891","og_locale":"es_ES","og_type":"article","og_title":"Diciembre, el mes de la Biblia - La Prensa Cristiana","og_description":"Por Pastor Mario Vega Iglesia Elim Central El Salvador Por decreto legislativo el segundo domingo del mes de diciembre ha sido declarado el D\u00eda Nacional de la Biblia en El Salvador. Tal decreto es parte de los hechos ins\u00f3litos que acompa\u00f1an a la Biblia desde hace milenios. Fue el primer libro en ser impreso al [&hellip;]","og_url":"https:\/\/laprensacristiana.com\/?p=4891","og_site_name":"La Prensa Cristiana","article_published_time":"2018-12-26T21:17:54+00:00","article_modified_time":"2019-02-13T06:54:02+00:00","og_image":[{"width":2560,"height":1429,"url":"https:\/\/laprensacristiana.com\/wp-content\/uploads\/2018\/10\/OPINION-01-scaled.jpg","type":"image\/jpeg"}],"author":"EDITOR","twitter_card":"summary_large_image","twitter_misc":{"Escrito por":"EDITOR","Tiempo de lectura":"3 minutos"},"schema":{"@context":"https:\/\/schema.org","@graph":[{"@type":"WebPage","@id":"https:\/\/laprensacristiana.com\/?p=4891","url":"https:\/\/laprensacristiana.com\/?p=4891","name":"Diciembre, el mes de la Biblia - La Prensa Cristiana","isPartOf":{"@id":"https:\/\/laprensacristiana.com\/#website"},"datePublished":"2018-12-26T21:17:54+00:00","dateModified":"2019-02-13T06:54:02+00:00","author":{"@id":"https:\/\/laprensacristiana.com\/#\/schema\/person\/3e7d82c6bfd6b1fa67010f8f7cd5256e"},"breadcrumb":{"@id":"https:\/\/laprensacristiana.com\/?p=4891#breadcrumb"},"inLanguage":"es","potentialAction":[{"@type":"ReadAction","target":["https:\/\/laprensacristiana.com\/?p=4891"]}]},{"@type":"BreadcrumbList","@id":"https:\/\/laprensacristiana.com\/?p=4891#breadcrumb","itemListElement":[{"@type":"ListItem","position":1,"name":"Portada","item":"https:\/\/laprensacristiana.com\/"},{"@type":"ListItem","position":2,"name":"Diciembre, el mes de la Biblia"}]},{"@type":"WebSite","@id":"https:\/\/laprensacristiana.com\/#website","url":"https:\/\/laprensacristiana.com\/","name":"La Prensa Cristiana","description":"Anunciando Las Buenas Nuevas","potentialAction":[{"@type":"SearchAction","target":{"@type":"EntryPoint","urlTemplate":"https:\/\/laprensacristiana.com\/?s={search_term_string}"},"query-input":"required name=search_term_string"}],"inLanguage":"es"},{"@type":"Person","@id":"https:\/\/laprensacristiana.com\/#\/schema\/person\/3e7d82c6bfd6b1fa67010f8f7cd5256e","name":"EDITOR","image":{"@type":"ImageObject","inLanguage":"es","@id":"https:\/\/laprensacristiana.com\/#\/schema\/person\/image\/","url":"https:\/\/secure.gravatar.com\/avatar\/72069dfb6c13772d9e8381e3638666d2?s=96&d=mm&r=g","contentUrl":"https:\/\/secure.gravatar.com\/avatar\/72069dfb6c13772d9e8381e3638666d2?s=96&d=mm&r=g","caption":"EDITOR"},"url":"https:\/\/laprensacristiana.com\/?author=3"}]}},"_links":{"self":[{"href":"https:\/\/laprensacristiana.com\/index.php?rest_route=\/wp\/v2\/posts\/4891"}],"collection":[{"href":"https:\/\/laprensacristiana.com\/index.php?rest_route=\/wp\/v2\/posts"}],"about":[{"href":"https:\/\/laprensacristiana.com\/index.php?rest_route=\/wp\/v2\/types\/post"}],"author":[{"embeddable":true,"href":"https:\/\/laprensacristiana.com\/index.php?rest_route=\/wp\/v2\/users\/3"}],"replies":[{"embeddable":true,"href":"https:\/\/laprensacristiana.com\/index.php?rest_route=%2Fwp%2Fv2%2Fcomments&post=4891"}],"version-history":[{"count":4,"href":"https:\/\/laprensacristiana.com\/index.php?rest_route=\/wp\/v2\/posts\/4891\/revisions"}],"predecessor-version":[{"id":5151,"href":"https:\/\/laprensacristiana.com\/index.php?rest_route=\/wp\/v2\/posts\/4891\/revisions\/5151"}],"wp:featuredmedia":[{"embeddable":true,"href":"https:\/\/laprensacristiana.com\/index.php?rest_route=\/wp\/v2\/media\/4600"}],"wp:attachment":[{"href":"https:\/\/laprensacristiana.com\/index.php?rest_route=%2Fwp%2Fv2%2Fmedia&parent=4891"}],"wp:term":[{"taxonomy":"category","embeddable":true,"href":"https:\/\/laprensacristiana.com\/index.php?rest_route=%2Fwp%2Fv2%2Fcategories&post=4891"},{"taxonomy":"post_tag","embeddable":true,"href":"https:\/\/laprensacristiana.com\/index.php?rest_route=%2Fwp%2Fv2%2Ftags&post=4891"}],"curies":[{"name":"wp","href":"https:\/\/api.w.org\/{rel}","templated":true}]}}