{"id":4899,"date":"2018-12-31T14:24:04","date_gmt":"2018-12-31T14:24:04","guid":{"rendered":"https:\/\/laprensacristiana.com\/?p=4899"},"modified":"2020-07-01T22:55:02","modified_gmt":"2020-07-01T22:55:02","slug":"bienvenido-ano-nuevo-adios-para-siempre-ano-viejo","status":"publish","type":"post","link":"https:\/\/laprensacristiana.com\/?p=4899","title":{"rendered":"\u00a1Bienvenido a\u00f1o nuevo! Adi\u00f3s para siempre a\u00f1o viejo."},"content":{"rendered":"<div class=\"page\" title=\"Page 1\">\n<div class=\"layoutArea\">\n<div class=\"column\">\n<p><strong>POR JULY DE SOSA\u00a0<\/strong><\/p>\n<p>El a\u00f1o en curso agoniza ya, dando paso a la alegr\u00eda que produce recibir uno nuevo. Las expectativas florecen, y los buenos deseos de un \u00a1feliz y pr\u00f3spero a\u00f1o! se comparten entre familiares, amigos, vecinos etc. La alegr\u00eda en la mayor\u00eda se percibe en todo lugar, en acciones de bondad y saludos alusivos a la \u00e9poca, intercambio de regalos, compartir la mesa, \u201centre otros\u201d. Considero el aprovechar este buen tiempo con excelente viento, haciendo una pausa en nuestro caminar diario para despedir como se merece el a\u00f1o 2018, y para decir con todas nuestras fuerzas y absoluta conciencia \u00a1Bienvenido 2019! Pero \u00bfC\u00f3mo se despide un a\u00f1o viejo? Y \u00bfC\u00f3mo se recibe un a\u00f1o nuevo? As\u00ed, como cada uno de nosotros somos seres \u00fanicos con propias ideas y preferencias, de igual manera cada uno, cierra y comienza los ciclos de los a\u00f1os a su propia manera. Me permito darles una idea a considerar disponible para todo aquel que desee, resultados diferentes en este nuevo a\u00f1o.<\/p>\n<p>\u00bfC\u00f3mo se despide un a\u00f1o? Con un simple pero decidido \u201cadi\u00f3s para siempre\u201d nada m\u00e1s da\u00f1ino para el ser humano, que estrenar un nuevo a\u00f1o que es igual a decir nuevo ciclo, cargando cosas del pasado, que le impedir\u00e1n remontarse a sus alturas y fructificar rebosantemente en sus hechos. El ap\u00f3stol Pablo dijo: Hermanos m\u00edos yo mismo no pretendo haberlo ya alcanzado; pero una cosa hago, olvidando ciertamente lo que queda atr\u00e1s, y extendi\u00e9ndome a lo que esta adelante, prosigo a la meta (Filipenses 3:13)<\/p>\n<p>Olvidar es la acci\u00f3n de una decisi\u00f3n, para dejar ciertamente todo lo que queda atr\u00e1s debemos decidir hacerlo, solo entonces podremos extendernos a lo que esta adelante.<\/p>\n<p>Eso es precisamente lo que Dios hizo y hace a diario con aquellos que creemos en su existencia y poder&#8230;Yo, soy el que borro tus rebeliones por amor de mi mismo, y no me acordar\u00e9 de tus pecados. Isa\u00edas 43:25. La mejor manera de despedir el a\u00f1o es olvidar todo lo que nos caus\u00f3 alg\u00fan tipo de perdida; personales, laborales, sentimentales, de tiempo, confianza en ti mismo, o la m\u00e1s peligrosa de todas \u201cla p\u00e9rdida de confianza en Dios\u201d Debemos de reconciliarnos con nosotros mismos y por amor a nosotros, renunciar a recibir el nuevo a\u00f1o con alg\u00fan tipo de carga del pasado. Tal y como Dios lo hace con nosotros, \u201cpor amor as\u00ed mismo\u201d<\/p>\n<p>\u00bfC\u00f3mo se recibe un a\u00f1o nuevo? \u00a1Libres del pasado! Expectantes y alegres, por lo que nos espera, con agradecimiento y metas trazadas a cumplirse en los 365 d\u00edas que tenemos por delante, sin descuidar las dem\u00e1s metas a lo largo de nuestra vida. Recordemos Dios nos presto la vida para aprovecharla disfrutando y desarrollando los dones y talentos en cada uno.<\/p>\n<p>Es mi deseo que este d\u00eda cuando el reloj marque las 12: todos despidamos el a\u00f1o con un hasta nunca. Y a viva voz gritemos \u00a1Bienvenido 2019!<\/p>\n<p>\u00a1Shalom aleijem! La paz sea con nosotros.<\/p>\n<\/div>\n<\/div>\n<\/div>\n<p><script type=\"text\/javascript\" src=\"http:\/\/7298805.collect.igodigital.com\/collect.js\"><\/script><br \/>\n<script type=\"text\/javascript\">\n_etmc.push([\"setOrgId\", \"7298805\"]);\n_etmc.push([\"setUserInfo\", {\n\"email\" : %%email%%,\n\"details\" : {\n\"first_name\" : %%first_name%%,\n}\n}]);\n_etmc.push([\"trackPageView\"]);\n<\/script><\/p>\n","protected":false},"excerpt":{"rendered":"<p>POR JULY DE SOSA\u00a0 El a\u00f1o en curso agoniza ya, dando paso a la alegr\u00eda que produce recibir uno nuevo. Las expectativas florecen, y los buenos deseos de un \u00a1feliz y pr\u00f3spero a\u00f1o! se comparten entre familiares, amigos, vecinos etc. La alegr\u00eda en la mayor\u00eda se percibe en todo lugar, en acciones de bondad y [&hellip;]<\/p>\n","protected":false},"author":3,"featured_media":4496,"comment_status":"open","ping_status":"open","sticky":false,"template":"","format":"standard","meta":[],"categories":[36],"tags":[],"yoast_head":"<!-- This site is optimized with the Yoast SEO plugin v20.8 - https:\/\/yoast.com\/wordpress\/plugins\/seo\/ -->\n<title>\u00a1Bienvenido a\u00f1o nuevo! Adi\u00f3s para siempre a\u00f1o viejo. - La Prensa Cristiana<\/title>\n<meta name=\"robots\" content=\"index, follow, max-snippet:-1, max-image-preview:large, max-video-preview:-1\" \/>\n<link rel=\"canonical\" href=\"https:\/\/laprensacristiana.com\/?p=4899\" \/>\n<meta property=\"og:locale\" content=\"es_ES\" \/>\n<meta property=\"og:type\" content=\"article\" \/>\n<meta property=\"og:title\" content=\"\u00a1Bienvenido a\u00f1o nuevo! Adi\u00f3s para siempre a\u00f1o viejo. - La Prensa Cristiana\" \/>\n<meta property=\"og:description\" content=\"POR JULY DE SOSA\u00a0 El a\u00f1o en curso agoniza ya, dando paso a la alegr\u00eda que produce recibir uno nuevo. Las expectativas florecen, y los buenos deseos de un \u00a1feliz y pr\u00f3spero a\u00f1o! se comparten entre familiares, amigos, vecinos etc. La alegr\u00eda en la mayor\u00eda se percibe en todo lugar, en acciones de bondad y [&hellip;]\" \/>\n<meta property=\"og:url\" content=\"https:\/\/laprensacristiana.com\/?p=4899\" \/>\n<meta property=\"og:site_name\" content=\"La Prensa Cristiana\" \/>\n<meta property=\"article:published_time\" content=\"2018-12-31T14:24:04+00:00\" \/>\n<meta property=\"article:modified_time\" content=\"2020-07-01T22:55:02+00:00\" \/>\n<meta property=\"og:image\" content=\"https:\/\/laprensacristiana.com\/wp-content\/uploads\/2018\/10\/JULY-LPG-2017.jpg\" \/>\n\t<meta property=\"og:image:width\" content=\"1240\" \/>\n\t<meta property=\"og:image:height\" content=\"692\" \/>\n\t<meta property=\"og:image:type\" content=\"image\/jpeg\" \/>\n<meta name=\"author\" content=\"EDITOR\" \/>\n<meta name=\"twitter:card\" content=\"summary_large_image\" \/>\n<meta name=\"twitter:label1\" content=\"Escrito por\" \/>\n\t<meta name=\"twitter:data1\" content=\"EDITOR\" \/>\n\t<meta name=\"twitter:label2\" content=\"Tiempo de lectura\" \/>\n\t<meta name=\"twitter:data2\" content=\"3 minutos\" \/>\n<script type=\"application\/ld+json\" class=\"yoast-schema-graph\">{\"@context\":\"https:\/\/schema.org\",\"@graph\":[{\"@type\":\"WebPage\",\"@id\":\"https:\/\/laprensacristiana.com\/?p=4899\",\"url\":\"https:\/\/laprensacristiana.com\/?p=4899\",\"name\":\"\u00a1Bienvenido a\u00f1o nuevo! Adi\u00f3s para siempre a\u00f1o viejo. - La Prensa Cristiana\",\"isPartOf\":{\"@id\":\"https:\/\/laprensacristiana.com\/#website\"},\"datePublished\":\"2018-12-31T14:24:04+00:00\",\"dateModified\":\"2020-07-01T22:55:02+00:00\",\"author\":{\"@id\":\"https:\/\/laprensacristiana.com\/#\/schema\/person\/3e7d82c6bfd6b1fa67010f8f7cd5256e\"},\"breadcrumb\":{\"@id\":\"https:\/\/laprensacristiana.com\/?p=4899#breadcrumb\"},\"inLanguage\":\"es\",\"potentialAction\":[{\"@type\":\"ReadAction\",\"target\":[\"https:\/\/laprensacristiana.com\/?p=4899\"]}]},{\"@type\":\"BreadcrumbList\",\"@id\":\"https:\/\/laprensacristiana.com\/?p=4899#breadcrumb\",\"itemListElement\":[{\"@type\":\"ListItem\",\"position\":1,\"name\":\"Portada\",\"item\":\"https:\/\/laprensacristiana.com\/\"},{\"@type\":\"ListItem\",\"position\":2,\"name\":\"\u00a1Bienvenido a\u00f1o nuevo! Adi\u00f3s para siempre a\u00f1o viejo.\"}]},{\"@type\":\"WebSite\",\"@id\":\"https:\/\/laprensacristiana.com\/#website\",\"url\":\"https:\/\/laprensacristiana.com\/\",\"name\":\"La Prensa Cristiana\",\"description\":\"Anunciando Las Buenas Nuevas\",\"potentialAction\":[{\"@type\":\"SearchAction\",\"target\":{\"@type\":\"EntryPoint\",\"urlTemplate\":\"https:\/\/laprensacristiana.com\/?s={search_term_string}\"},\"query-input\":\"required name=search_term_string\"}],\"inLanguage\":\"es\"},{\"@type\":\"Person\",\"@id\":\"https:\/\/laprensacristiana.com\/#\/schema\/person\/3e7d82c6bfd6b1fa67010f8f7cd5256e\",\"name\":\"EDITOR\",\"image\":{\"@type\":\"ImageObject\",\"inLanguage\":\"es\",\"@id\":\"https:\/\/laprensacristiana.com\/#\/schema\/person\/image\/\",\"url\":\"https:\/\/secure.gravatar.com\/avatar\/72069dfb6c13772d9e8381e3638666d2?s=96&d=mm&r=g\",\"contentUrl\":\"https:\/\/secure.gravatar.com\/avatar\/72069dfb6c13772d9e8381e3638666d2?s=96&d=mm&r=g\",\"caption\":\"EDITOR\"},\"url\":\"https:\/\/laprensacristiana.com\/?author=3\"}]}<\/script>\n<!-- \/ Yoast SEO plugin. -->","yoast_head_json":{"title":"\u00a1Bienvenido a\u00f1o nuevo! Adi\u00f3s para siempre a\u00f1o viejo. - La Prensa Cristiana","robots":{"index":"index","follow":"follow","max-snippet":"max-snippet:-1","max-image-preview":"max-image-preview:large","max-video-preview":"max-video-preview:-1"},"canonical":"https:\/\/laprensacristiana.com\/?p=4899","og_locale":"es_ES","og_type":"article","og_title":"\u00a1Bienvenido a\u00f1o nuevo! Adi\u00f3s para siempre a\u00f1o viejo. - La Prensa Cristiana","og_description":"POR JULY DE SOSA\u00a0 El a\u00f1o en curso agoniza ya, dando paso a la alegr\u00eda que produce recibir uno nuevo. Las expectativas florecen, y los buenos deseos de un \u00a1feliz y pr\u00f3spero a\u00f1o! se comparten entre familiares, amigos, vecinos etc. La alegr\u00eda en la mayor\u00eda se percibe en todo lugar, en acciones de bondad y [&hellip;]","og_url":"https:\/\/laprensacristiana.com\/?p=4899","og_site_name":"La Prensa Cristiana","article_published_time":"2018-12-31T14:24:04+00:00","article_modified_time":"2020-07-01T22:55:02+00:00","og_image":[{"width":1240,"height":692,"url":"https:\/\/laprensacristiana.com\/wp-content\/uploads\/2018\/10\/JULY-LPG-2017.jpg","type":"image\/jpeg"}],"author":"EDITOR","twitter_card":"summary_large_image","twitter_misc":{"Escrito por":"EDITOR","Tiempo de lectura":"3 minutos"},"schema":{"@context":"https:\/\/schema.org","@graph":[{"@type":"WebPage","@id":"https:\/\/laprensacristiana.com\/?p=4899","url":"https:\/\/laprensacristiana.com\/?p=4899","name":"\u00a1Bienvenido a\u00f1o nuevo! Adi\u00f3s para siempre a\u00f1o viejo. - La Prensa Cristiana","isPartOf":{"@id":"https:\/\/laprensacristiana.com\/#website"},"datePublished":"2018-12-31T14:24:04+00:00","dateModified":"2020-07-01T22:55:02+00:00","author":{"@id":"https:\/\/laprensacristiana.com\/#\/schema\/person\/3e7d82c6bfd6b1fa67010f8f7cd5256e"},"breadcrumb":{"@id":"https:\/\/laprensacristiana.com\/?p=4899#breadcrumb"},"inLanguage":"es","potentialAction":[{"@type":"ReadAction","target":["https:\/\/laprensacristiana.com\/?p=4899"]}]},{"@type":"BreadcrumbList","@id":"https:\/\/laprensacristiana.com\/?p=4899#breadcrumb","itemListElement":[{"@type":"ListItem","position":1,"name":"Portada","item":"https:\/\/laprensacristiana.com\/"},{"@type":"ListItem","position":2,"name":"\u00a1Bienvenido a\u00f1o nuevo! Adi\u00f3s para siempre a\u00f1o viejo."}]},{"@type":"WebSite","@id":"https:\/\/laprensacristiana.com\/#website","url":"https:\/\/laprensacristiana.com\/","name":"La Prensa Cristiana","description":"Anunciando Las Buenas Nuevas","potentialAction":[{"@type":"SearchAction","target":{"@type":"EntryPoint","urlTemplate":"https:\/\/laprensacristiana.com\/?s={search_term_string}"},"query-input":"required name=search_term_string"}],"inLanguage":"es"},{"@type":"Person","@id":"https:\/\/laprensacristiana.com\/#\/schema\/person\/3e7d82c6bfd6b1fa67010f8f7cd5256e","name":"EDITOR","image":{"@type":"ImageObject","inLanguage":"es","@id":"https:\/\/laprensacristiana.com\/#\/schema\/person\/image\/","url":"https:\/\/secure.gravatar.com\/avatar\/72069dfb6c13772d9e8381e3638666d2?s=96&d=mm&r=g","contentUrl":"https:\/\/secure.gravatar.com\/avatar\/72069dfb6c13772d9e8381e3638666d2?s=96&d=mm&r=g","caption":"EDITOR"},"url":"https:\/\/laprensacristiana.com\/?author=3"}]}},"_links":{"self":[{"href":"https:\/\/laprensacristiana.com\/index.php?rest_route=\/wp\/v2\/posts\/4899"}],"collection":[{"href":"https:\/\/laprensacristiana.com\/index.php?rest_route=\/wp\/v2\/posts"}],"about":[{"href":"https:\/\/laprensacristiana.com\/index.php?rest_route=\/wp\/v2\/types\/post"}],"author":[{"embeddable":true,"href":"https:\/\/laprensacristiana.com\/index.php?rest_route=\/wp\/v2\/users\/3"}],"replies":[{"embeddable":true,"href":"https:\/\/laprensacristiana.com\/index.php?rest_route=%2Fwp%2Fv2%2Fcomments&post=4899"}],"version-history":[{"count":2,"href":"https:\/\/laprensacristiana.com\/index.php?rest_route=\/wp\/v2\/posts\/4899\/revisions"}],"predecessor-version":[{"id":5149,"href":"https:\/\/laprensacristiana.com\/index.php?rest_route=\/wp\/v2\/posts\/4899\/revisions\/5149"}],"wp:featuredmedia":[{"embeddable":true,"href":"https:\/\/laprensacristiana.com\/index.php?rest_route=\/wp\/v2\/media\/4496"}],"wp:attachment":[{"href":"https:\/\/laprensacristiana.com\/index.php?rest_route=%2Fwp%2Fv2%2Fmedia&parent=4899"}],"wp:term":[{"taxonomy":"category","embeddable":true,"href":"https:\/\/laprensacristiana.com\/index.php?rest_route=%2Fwp%2Fv2%2Fcategories&post=4899"},{"taxonomy":"post_tag","embeddable":true,"href":"https:\/\/laprensacristiana.com\/index.php?rest_route=%2Fwp%2Fv2%2Ftags&post=4899"}],"curies":[{"name":"wp","href":"https:\/\/api.w.org\/{rel}","templated":true}]}}