{"id":4911,"date":"2019-01-04T19:36:29","date_gmt":"2019-01-04T19:36:29","guid":{"rendered":"https:\/\/laprensacristiana.com\/?p=4911"},"modified":"2020-07-01T22:54:34","modified_gmt":"2020-07-01T22:54:34","slug":"ministra-de-brasil-los-ninos-visten-de-azul-y-las-ninas-de-rosa","status":"publish","type":"post","link":"https:\/\/laprensacristiana.com\/?p=4911","title":{"rendered":"Ministra de Brasil \u201cLos ni\u00f1os visten de azul y las ni\u00f1as de rosa\u201d"},"content":{"rendered":"<p>Damares Regina Alves es la actual ministra de mujer, derechos humanos y familia durante el gobierno reci\u00e9n electo de Jair Bolsonaro en Brasil. Alves es una abogada, educadora y Pastora Evang\u00e9lica, trabaj\u00f3 en Iglesia Internacional del Evangelio Cuadrangular y posteriormente en la Iglesia Bautista de la Lagoinha. Tiene un recorrido en diferentes cargos dentro de la pol\u00edtica.<\/p>\n<p style=\"text-align: justify;\">La ministra ha causado revuelo en Brasil por sus declaraciones que hizo referente a la ideolog\u00eda de g\u00e9nero, desde la campa\u00f1a ella centro su postura referente a este tema, en un v\u00eddeo publicado en redes sociales ella declara una nueva era en Brasil: \u00a1Atenci\u00f3n, Atenci\u00f3n! \u00a0\u201cLos ni\u00f1os visten de azul y las ni\u00f1as visten de rosa\u201d expresa efusivamente en el v\u00eddeo la ministra Alves. Luego explic\u00f3 que us\u00f3 una met\u00e1fora contra la ideolog\u00eda de g\u00e9nero pero los ni\u00f1os y las ni\u00f1as pueden vestir como les parezca.<\/p>\n<p style=\"text-align: justify;\"><span style=\"color: #000000;\">\u00abMe siento en casa, con los defensores de la familia, de la vida y de los derechos humanos\u00bb<\/span><\/p>\n<p style=\"text-align: justify;\"><span style=\"color: #000000;\">\u00abEl Estado es laico, pero esta ministra es terriblemente cristiana. Creo en los designios de Dios\u00bb declar\u00f3 Alves durante la ceremonia de toma de posesi\u00f3n en Brasil.<\/span><\/p>\n<p style=\"text-align: justify;\">Tambi\u00e9n declar\u00f3 que favorecer\u00e1n la vida desde la concepci\u00f3n \u201cen lo que depende del gobierno no habr\u00e1 m\u00e1s sangre inocente derramada\u201d sostuvo.<\/p>\n<p style=\"text-align: justify;\">Reafirm\u00f3 tambi\u00e9n la promesa del presidente de combatir el \u201cadoctrinamiento ideol\u00f3gico\u201d de ni\u00f1os y adolescentes, seg\u00fan Damares tendr\u00e1n acceso a la verdad y ser\u00e1n libres.<\/p>\n<p style=\"text-align: justify;\">Muchas personas y artistas han protestado a trav\u00e9s de sus redes sociales por las declaraciones difundidas en el v\u00eddeo.<\/p>\n<div class=\"youtube-embed\" data-video_id=\"cpQPPlmNMUM\"><iframe loading=\"lazy\" title=\"Damares Alves \u00e9 flagrada em v\u00eddeo pol\u00eamico\" width=\"696\" height=\"522\" src=\"https:\/\/www.youtube.com\/embed\/cpQPPlmNMUM?feature=oembed&#038;enablejsapi=1\" frameborder=\"0\" allow=\"accelerometer; autoplay; encrypted-media; gyroscope; picture-in-picture\" allowfullscreen><\/iframe><\/div>\n<p><script type=\"text\/javascript\" src=\"http:\/\/7298805.collect.igodigital.com\/collect.js\"><\/script><br \/>\n<script type=\"text\/javascript\">\n_etmc.push([\"setOrgId\", \"7298805\"]);\n_etmc.push([\"setUserInfo\", {\n\"email\" : %%email%%,\n\"details\" : {\n\"first_name\" : %%first_name%%,\n}\n}]);\n_etmc.push([\"trackPageView\"]);\n<\/script><\/p>\n","protected":false},"excerpt":{"rendered":"<p>Damares Regina Alves es la actual ministra de mujer, derechos humanos y familia durante el gobierno reci\u00e9n electo de Jair Bolsonaro en Brasil. Alves es una abogada, educadora y Pastora Evang\u00e9lica, trabaj\u00f3 en Iglesia Internacional del Evangelio Cuadrangular y posteriormente en la Iglesia Bautista de la Lagoinha. Tiene un recorrido en diferentes cargos dentro de [&hellip;]<\/p>\n","protected":false},"author":3,"featured_media":4914,"comment_status":"open","ping_status":"open","sticky":false,"template":"","format":"standard","meta":[],"categories":[56],"tags":[],"yoast_head":"<!-- This site is optimized with the Yoast SEO plugin v20.8 - https:\/\/yoast.com\/wordpress\/plugins\/seo\/ -->\n<title>Ministra de Brasil \u201cLos ni\u00f1os visten de azul y las ni\u00f1as de rosa\u201d - La Prensa Cristiana<\/title>\n<meta name=\"robots\" content=\"index, follow, max-snippet:-1, max-image-preview:large, max-video-preview:-1\" \/>\n<link rel=\"canonical\" href=\"https:\/\/laprensacristiana.com\/?p=4911\" \/>\n<meta property=\"og:locale\" content=\"es_ES\" \/>\n<meta property=\"og:type\" content=\"article\" \/>\n<meta property=\"og:title\" content=\"Ministra de Brasil \u201cLos ni\u00f1os visten de azul y las ni\u00f1as de rosa\u201d - La Prensa Cristiana\" \/>\n<meta property=\"og:description\" content=\"Damares Regina Alves es la actual ministra de mujer, derechos humanos y familia durante el gobierno reci\u00e9n electo de Jair Bolsonaro en Brasil. Alves es una abogada, educadora y Pastora Evang\u00e9lica, trabaj\u00f3 en Iglesia Internacional del Evangelio Cuadrangular y posteriormente en la Iglesia Bautista de la Lagoinha. Tiene un recorrido en diferentes cargos dentro de [&hellip;]\" \/>\n<meta property=\"og:url\" content=\"https:\/\/laprensacristiana.com\/?p=4911\" \/>\n<meta property=\"og:site_name\" content=\"La Prensa Cristiana\" \/>\n<meta property=\"article:published_time\" content=\"2019-01-04T19:36:29+00:00\" \/>\n<meta property=\"article:modified_time\" content=\"2020-07-01T22:54:34+00:00\" \/>\n<meta property=\"og:image\" content=\"https:\/\/laprensacristiana.com\/wp-content\/uploads\/2019\/01\/damares1.jpg\" \/>\n\t<meta property=\"og:image:width\" content=\"619\" \/>\n\t<meta property=\"og:image:height\" content=\"534\" \/>\n\t<meta property=\"og:image:type\" content=\"image\/jpeg\" \/>\n<meta name=\"author\" content=\"EDITOR\" \/>\n<meta name=\"twitter:card\" content=\"summary_large_image\" \/>\n<meta name=\"twitter:label1\" content=\"Escrito por\" \/>\n\t<meta name=\"twitter:data1\" content=\"EDITOR\" \/>\n\t<meta name=\"twitter:label2\" content=\"Tiempo de lectura\" \/>\n\t<meta name=\"twitter:data2\" content=\"1 minuto\" \/>\n<script type=\"application\/ld+json\" class=\"yoast-schema-graph\">{\"@context\":\"https:\/\/schema.org\",\"@graph\":[{\"@type\":\"WebPage\",\"@id\":\"https:\/\/laprensacristiana.com\/?p=4911\",\"url\":\"https:\/\/laprensacristiana.com\/?p=4911\",\"name\":\"Ministra de Brasil \u201cLos ni\u00f1os visten de azul y las ni\u00f1as de rosa\u201d - La Prensa Cristiana\",\"isPartOf\":{\"@id\":\"https:\/\/laprensacristiana.com\/#website\"},\"datePublished\":\"2019-01-04T19:36:29+00:00\",\"dateModified\":\"2020-07-01T22:54:34+00:00\",\"author\":{\"@id\":\"https:\/\/laprensacristiana.com\/#\/schema\/person\/3e7d82c6bfd6b1fa67010f8f7cd5256e\"},\"breadcrumb\":{\"@id\":\"https:\/\/laprensacristiana.com\/?p=4911#breadcrumb\"},\"inLanguage\":\"es\",\"potentialAction\":[{\"@type\":\"ReadAction\",\"target\":[\"https:\/\/laprensacristiana.com\/?p=4911\"]}]},{\"@type\":\"BreadcrumbList\",\"@id\":\"https:\/\/laprensacristiana.com\/?p=4911#breadcrumb\",\"itemListElement\":[{\"@type\":\"ListItem\",\"position\":1,\"name\":\"Portada\",\"item\":\"https:\/\/laprensacristiana.com\/\"},{\"@type\":\"ListItem\",\"position\":2,\"name\":\"Ministra de Brasil \u201cLos ni\u00f1os visten de azul y las ni\u00f1as de rosa\u201d\"}]},{\"@type\":\"WebSite\",\"@id\":\"https:\/\/laprensacristiana.com\/#website\",\"url\":\"https:\/\/laprensacristiana.com\/\",\"name\":\"La Prensa Cristiana\",\"description\":\"Anunciando Las Buenas Nuevas\",\"potentialAction\":[{\"@type\":\"SearchAction\",\"target\":{\"@type\":\"EntryPoint\",\"urlTemplate\":\"https:\/\/laprensacristiana.com\/?s={search_term_string}\"},\"query-input\":\"required name=search_term_string\"}],\"inLanguage\":\"es\"},{\"@type\":\"Person\",\"@id\":\"https:\/\/laprensacristiana.com\/#\/schema\/person\/3e7d82c6bfd6b1fa67010f8f7cd5256e\",\"name\":\"EDITOR\",\"image\":{\"@type\":\"ImageObject\",\"inLanguage\":\"es\",\"@id\":\"https:\/\/laprensacristiana.com\/#\/schema\/person\/image\/\",\"url\":\"https:\/\/secure.gravatar.com\/avatar\/72069dfb6c13772d9e8381e3638666d2?s=96&d=mm&r=g\",\"contentUrl\":\"https:\/\/secure.gravatar.com\/avatar\/72069dfb6c13772d9e8381e3638666d2?s=96&d=mm&r=g\",\"caption\":\"EDITOR\"},\"url\":\"https:\/\/laprensacristiana.com\/?author=3\"}]}<\/script>\n<!-- \/ Yoast SEO plugin. -->","yoast_head_json":{"title":"Ministra de Brasil \u201cLos ni\u00f1os visten de azul y las ni\u00f1as de rosa\u201d - La Prensa Cristiana","robots":{"index":"index","follow":"follow","max-snippet":"max-snippet:-1","max-image-preview":"max-image-preview:large","max-video-preview":"max-video-preview:-1"},"canonical":"https:\/\/laprensacristiana.com\/?p=4911","og_locale":"es_ES","og_type":"article","og_title":"Ministra de Brasil \u201cLos ni\u00f1os visten de azul y las ni\u00f1as de rosa\u201d - La Prensa Cristiana","og_description":"Damares Regina Alves es la actual ministra de mujer, derechos humanos y familia durante el gobierno reci\u00e9n electo de Jair Bolsonaro en Brasil. Alves es una abogada, educadora y Pastora Evang\u00e9lica, trabaj\u00f3 en Iglesia Internacional del Evangelio Cuadrangular y posteriormente en la Iglesia Bautista de la Lagoinha. Tiene un recorrido en diferentes cargos dentro de [&hellip;]","og_url":"https:\/\/laprensacristiana.com\/?p=4911","og_site_name":"La Prensa Cristiana","article_published_time":"2019-01-04T19:36:29+00:00","article_modified_time":"2020-07-01T22:54:34+00:00","og_image":[{"width":619,"height":534,"url":"https:\/\/laprensacristiana.com\/wp-content\/uploads\/2019\/01\/damares1.jpg","type":"image\/jpeg"}],"author":"EDITOR","twitter_card":"summary_large_image","twitter_misc":{"Escrito por":"EDITOR","Tiempo de lectura":"1 minuto"},"schema":{"@context":"https:\/\/schema.org","@graph":[{"@type":"WebPage","@id":"https:\/\/laprensacristiana.com\/?p=4911","url":"https:\/\/laprensacristiana.com\/?p=4911","name":"Ministra de Brasil \u201cLos ni\u00f1os visten de azul y las ni\u00f1as de rosa\u201d - La Prensa Cristiana","isPartOf":{"@id":"https:\/\/laprensacristiana.com\/#website"},"datePublished":"2019-01-04T19:36:29+00:00","dateModified":"2020-07-01T22:54:34+00:00","author":{"@id":"https:\/\/laprensacristiana.com\/#\/schema\/person\/3e7d82c6bfd6b1fa67010f8f7cd5256e"},"breadcrumb":{"@id":"https:\/\/laprensacristiana.com\/?p=4911#breadcrumb"},"inLanguage":"es","potentialAction":[{"@type":"ReadAction","target":["https:\/\/laprensacristiana.com\/?p=4911"]}]},{"@type":"BreadcrumbList","@id":"https:\/\/laprensacristiana.com\/?p=4911#breadcrumb","itemListElement":[{"@type":"ListItem","position":1,"name":"Portada","item":"https:\/\/laprensacristiana.com\/"},{"@type":"ListItem","position":2,"name":"Ministra de Brasil \u201cLos ni\u00f1os visten de azul y las ni\u00f1as de rosa\u201d"}]},{"@type":"WebSite","@id":"https:\/\/laprensacristiana.com\/#website","url":"https:\/\/laprensacristiana.com\/","name":"La Prensa Cristiana","description":"Anunciando Las Buenas Nuevas","potentialAction":[{"@type":"SearchAction","target":{"@type":"EntryPoint","urlTemplate":"https:\/\/laprensacristiana.com\/?s={search_term_string}"},"query-input":"required name=search_term_string"}],"inLanguage":"es"},{"@type":"Person","@id":"https:\/\/laprensacristiana.com\/#\/schema\/person\/3e7d82c6bfd6b1fa67010f8f7cd5256e","name":"EDITOR","image":{"@type":"ImageObject","inLanguage":"es","@id":"https:\/\/laprensacristiana.com\/#\/schema\/person\/image\/","url":"https:\/\/secure.gravatar.com\/avatar\/72069dfb6c13772d9e8381e3638666d2?s=96&d=mm&r=g","contentUrl":"https:\/\/secure.gravatar.com\/avatar\/72069dfb6c13772d9e8381e3638666d2?s=96&d=mm&r=g","caption":"EDITOR"},"url":"https:\/\/laprensacristiana.com\/?author=3"}]}},"_links":{"self":[{"href":"https:\/\/laprensacristiana.com\/index.php?rest_route=\/wp\/v2\/posts\/4911"}],"collection":[{"href":"https:\/\/laprensacristiana.com\/index.php?rest_route=\/wp\/v2\/posts"}],"about":[{"href":"https:\/\/laprensacristiana.com\/index.php?rest_route=\/wp\/v2\/types\/post"}],"author":[{"embeddable":true,"href":"https:\/\/laprensacristiana.com\/index.php?rest_route=\/wp\/v2\/users\/3"}],"replies":[{"embeddable":true,"href":"https:\/\/laprensacristiana.com\/index.php?rest_route=%2Fwp%2Fv2%2Fcomments&post=4911"}],"version-history":[{"count":2,"href":"https:\/\/laprensacristiana.com\/index.php?rest_route=\/wp\/v2\/posts\/4911\/revisions"}],"predecessor-version":[{"id":5145,"href":"https:\/\/laprensacristiana.com\/index.php?rest_route=\/wp\/v2\/posts\/4911\/revisions\/5145"}],"wp:featuredmedia":[{"embeddable":true,"href":"https:\/\/laprensacristiana.com\/index.php?rest_route=\/wp\/v2\/media\/4914"}],"wp:attachment":[{"href":"https:\/\/laprensacristiana.com\/index.php?rest_route=%2Fwp%2Fv2%2Fmedia&parent=4911"}],"wp:term":[{"taxonomy":"category","embeddable":true,"href":"https:\/\/laprensacristiana.com\/index.php?rest_route=%2Fwp%2Fv2%2Fcategories&post=4911"},{"taxonomy":"post_tag","embeddable":true,"href":"https:\/\/laprensacristiana.com\/index.php?rest_route=%2Fwp%2Fv2%2Ftags&post=4911"}],"curies":[{"name":"wp","href":"https:\/\/api.w.org\/{rel}","templated":true}]}}