{"id":4916,"date":"2019-01-04T23:23:43","date_gmt":"2019-01-04T23:23:43","guid":{"rendered":"https:\/\/laprensacristiana.com\/?p=4916"},"modified":"2019-02-13T06:52:40","modified_gmt":"2019-02-13T06:52:40","slug":"que-provoca-la-violencia","status":"publish","type":"post","link":"https:\/\/laprensacristiana.com\/?p=4916","title":{"rendered":"\u00bfQu\u00e9 provoca la violencia?"},"content":{"rendered":"<p>La violencia se ha tratado de explicar desde la biolog\u00eda, la sociolog\u00eda, la criminolog\u00eda y la psicolog\u00eda. Pero esos enfoques no siempre dan raz\u00f3n de todos los comportamientos violentos y terminan por recomendar la transdisciplinariedad. Al elaborar una teor\u00eda sobre la violencia se pretende obtener una explicaci\u00f3n valedera para todos los casos. El logro de la universalidad est\u00e1 reservado para pensadores brillantes, aquellos que poseen la capacidad de descubrir tras lo casual y ca\u00f3tico los principios objetivos sin cuya comprensi\u00f3n no ser\u00eda posible desplegar una actividad pr\u00e1ctica y consciente que remedie el drama de la violencia. Huelga decir que son pocas las personas que lo logran. Uno de ellos es el fil\u00f3sofo franc\u00e9s Ren\u00e9 Girard, quien parte de la tradici\u00f3n filos\u00f3fica-psicoanal\u00edtica que afirma que el deseo es una de las fuerzas m\u00e1s estructuradoras del ser humano. Es un deseo que se caracteriza por ser ilimitado y estar orientado a la totalidad de los objetos. Pero siendo el deseo com\u00fan a las personas, a causa de su indeterminaci\u00f3n, no saben c\u00f3mo desear sino que aprenden a desear imitando el deseo de los otros.<\/p>\n<p>En los ni\u00f1os se puede observar lo dicho ya que por muchos juguetes que un ni\u00f1o posea lo que m\u00e1s desear\u00e1 ser\u00e1 el juguete de otro ni\u00f1o, dando as\u00ed paso a la rivalidad. Quiere el juguete solo para \u00e9l y eso implica excluir al otro. Es as\u00ed como el despojo cobra sentido. Pero sucede que las cosas son m\u00e1s complejas pues tambi\u00e9n hay otros ni\u00f1os que desean el mismo juguete, con lo cual se origina un conflicto de todos contra todos. A partir de all\u00ed, las cosas est\u00e1n dadas para que la situaci\u00f3n de rivalidad-exclusi\u00f3n se supere cuando todos se unen contra uno, al que convierten en v\u00edctima acus\u00e1ndolo de querer el objeto \u00fanicamente para s\u00ed, cuando en realidad se trata de despojarlo de lo que le pertenece. Al unirse contra la v\u00edctima el grupo logra un m\u00ednimo de paz entre ellos. As\u00ed, las sociedades viven creando constantemente nuevas v\u00edctimas o chivos expiatorios. La culpa siempre la tienen otros: el presidente, la polic\u00eda, los pandilleros, la globalizaci\u00f3n, los ignorantes, los partidos pol\u00edticos. No se debe olvidar que el chivo expiatorio es solamente un recurso para ocultar la violencia propia, pero que no la elimina, porque todo sigue rivalizando entre s\u00ed. Es una violencia latente cuyo control es fr\u00e1gil y que puede manifestarse a la primera oportunidad en aquellos que se sienten perjudicados y buscan compensaciones.<\/p>\n<p>De acuerdo con Girard, la soluci\u00f3n a la violencia en una persona vendr\u00e1 por asegurar a cada ni\u00f1o la oportunidad de tener su pelota, su helado, su casa, su agua, sus cuadernos y la posibilidad de ir a la escuela. En la medida que la soluci\u00f3n se siga viendo individual no provocar\u00e1 un temor excesivo. Ser\u00e1 un asunto de caridad asistencial. Por el contrario, cuando se reconoce que son las estructuras sociales las que despojan a los ni\u00f1os de sus deseos, las cosas se complican. Quienes dominan y controlan el tener se sentir\u00e1n m\u00e1s seguros cuanto con mayor dureza apliquen las leyes contra los marginales. De ese modo consiguen olvidar que son ellos los causantes de una situaci\u00f3n de violencia permanente. La violencia se resuelve con una sociedad m\u00e1s cooperativa y participativa. El camino m\u00e1s corto y seguro es una educaci\u00f3n cr\u00edtica y accesible para todos, que permita a las personas civilizarse, socializar valores y aprender a no crear chivos expiatorios sino a asumir ellas mismas la tarea de construcci\u00f3n de una sociedad en la que todos puedan tener cabida.<\/p>\n<p>&nbsp;<\/p>\n<p><script type=\"text\/javascript\" src=\"http:\/\/7298805.collect.igodigital.com\/collect.js\"><\/script><br \/>\n<script type=\"text\/javascript\">\n_etmc.push([\"setOrgId\", \"7298805\"]);\n_etmc.push([\"setUserInfo\", {\n\"email\" : %%email%%,\n\"details\" : {\n\"first_name\" : %%first_name%%,\n}\n}]);\n_etmc.push([\"trackPageView\"]);\n<\/script><\/p>\n","protected":false},"excerpt":{"rendered":"<p>La violencia se ha tratado de explicar desde la biolog\u00eda, la sociolog\u00eda, la criminolog\u00eda y la psicolog\u00eda. Pero esos enfoques no siempre dan raz\u00f3n de todos los comportamientos violentos y terminan por recomendar la transdisciplinariedad. Al elaborar una teor\u00eda sobre la violencia se pretende obtener una explicaci\u00f3n valedera para todos los casos. El logro de [&hellip;]<\/p>\n","protected":false},"author":3,"featured_media":4600,"comment_status":"open","ping_status":"open","sticky":false,"template":"","format":"standard","meta":[],"categories":[23],"tags":[],"yoast_head":"<!-- This site is optimized with the Yoast SEO plugin v20.8 - https:\/\/yoast.com\/wordpress\/plugins\/seo\/ -->\n<title>\u00bfQu\u00e9 provoca la violencia? - La Prensa Cristiana<\/title>\n<meta name=\"robots\" content=\"index, follow, max-snippet:-1, max-image-preview:large, max-video-preview:-1\" \/>\n<link rel=\"canonical\" href=\"https:\/\/laprensacristiana.com\/?p=4916\" \/>\n<meta property=\"og:locale\" content=\"es_ES\" \/>\n<meta property=\"og:type\" content=\"article\" \/>\n<meta property=\"og:title\" content=\"\u00bfQu\u00e9 provoca la violencia? - La Prensa Cristiana\" \/>\n<meta property=\"og:description\" content=\"La violencia se ha tratado de explicar desde la biolog\u00eda, la sociolog\u00eda, la criminolog\u00eda y la psicolog\u00eda. Pero esos enfoques no siempre dan raz\u00f3n de todos los comportamientos violentos y terminan por recomendar la transdisciplinariedad. Al elaborar una teor\u00eda sobre la violencia se pretende obtener una explicaci\u00f3n valedera para todos los casos. El logro de [&hellip;]\" \/>\n<meta property=\"og:url\" content=\"https:\/\/laprensacristiana.com\/?p=4916\" \/>\n<meta property=\"og:site_name\" content=\"La Prensa Cristiana\" \/>\n<meta property=\"article:published_time\" content=\"2019-01-04T23:23:43+00:00\" \/>\n<meta property=\"article:modified_time\" content=\"2019-02-13T06:52:40+00:00\" \/>\n<meta property=\"og:image\" content=\"https:\/\/laprensacristiana.com\/wp-content\/uploads\/2018\/10\/OPINION-01-scaled.jpg\" \/>\n\t<meta property=\"og:image:width\" content=\"2560\" \/>\n\t<meta property=\"og:image:height\" content=\"1429\" \/>\n\t<meta property=\"og:image:type\" content=\"image\/jpeg\" \/>\n<meta name=\"author\" content=\"EDITOR\" \/>\n<meta name=\"twitter:card\" content=\"summary_large_image\" \/>\n<meta name=\"twitter:label1\" content=\"Escrito por\" \/>\n\t<meta name=\"twitter:data1\" content=\"EDITOR\" \/>\n\t<meta name=\"twitter:label2\" content=\"Tiempo de lectura\" \/>\n\t<meta name=\"twitter:data2\" content=\"3 minutos\" \/>\n<script type=\"application\/ld+json\" class=\"yoast-schema-graph\">{\"@context\":\"https:\/\/schema.org\",\"@graph\":[{\"@type\":\"WebPage\",\"@id\":\"https:\/\/laprensacristiana.com\/?p=4916\",\"url\":\"https:\/\/laprensacristiana.com\/?p=4916\",\"name\":\"\u00bfQu\u00e9 provoca la violencia? - La Prensa Cristiana\",\"isPartOf\":{\"@id\":\"https:\/\/laprensacristiana.com\/#website\"},\"datePublished\":\"2019-01-04T23:23:43+00:00\",\"dateModified\":\"2019-02-13T06:52:40+00:00\",\"author\":{\"@id\":\"https:\/\/laprensacristiana.com\/#\/schema\/person\/3e7d82c6bfd6b1fa67010f8f7cd5256e\"},\"breadcrumb\":{\"@id\":\"https:\/\/laprensacristiana.com\/?p=4916#breadcrumb\"},\"inLanguage\":\"es\",\"potentialAction\":[{\"@type\":\"ReadAction\",\"target\":[\"https:\/\/laprensacristiana.com\/?p=4916\"]}]},{\"@type\":\"BreadcrumbList\",\"@id\":\"https:\/\/laprensacristiana.com\/?p=4916#breadcrumb\",\"itemListElement\":[{\"@type\":\"ListItem\",\"position\":1,\"name\":\"Portada\",\"item\":\"https:\/\/laprensacristiana.com\/\"},{\"@type\":\"ListItem\",\"position\":2,\"name\":\"\u00bfQu\u00e9 provoca la violencia?\"}]},{\"@type\":\"WebSite\",\"@id\":\"https:\/\/laprensacristiana.com\/#website\",\"url\":\"https:\/\/laprensacristiana.com\/\",\"name\":\"La Prensa Cristiana\",\"description\":\"Anunciando Las Buenas Nuevas\",\"potentialAction\":[{\"@type\":\"SearchAction\",\"target\":{\"@type\":\"EntryPoint\",\"urlTemplate\":\"https:\/\/laprensacristiana.com\/?s={search_term_string}\"},\"query-input\":\"required name=search_term_string\"}],\"inLanguage\":\"es\"},{\"@type\":\"Person\",\"@id\":\"https:\/\/laprensacristiana.com\/#\/schema\/person\/3e7d82c6bfd6b1fa67010f8f7cd5256e\",\"name\":\"EDITOR\",\"image\":{\"@type\":\"ImageObject\",\"inLanguage\":\"es\",\"@id\":\"https:\/\/laprensacristiana.com\/#\/schema\/person\/image\/\",\"url\":\"https:\/\/secure.gravatar.com\/avatar\/72069dfb6c13772d9e8381e3638666d2?s=96&d=mm&r=g\",\"contentUrl\":\"https:\/\/secure.gravatar.com\/avatar\/72069dfb6c13772d9e8381e3638666d2?s=96&d=mm&r=g\",\"caption\":\"EDITOR\"},\"url\":\"https:\/\/laprensacristiana.com\/?author=3\"}]}<\/script>\n<!-- \/ Yoast SEO plugin. -->","yoast_head_json":{"title":"\u00bfQu\u00e9 provoca la violencia? - La Prensa Cristiana","robots":{"index":"index","follow":"follow","max-snippet":"max-snippet:-1","max-image-preview":"max-image-preview:large","max-video-preview":"max-video-preview:-1"},"canonical":"https:\/\/laprensacristiana.com\/?p=4916","og_locale":"es_ES","og_type":"article","og_title":"\u00bfQu\u00e9 provoca la violencia? - La Prensa Cristiana","og_description":"La violencia se ha tratado de explicar desde la biolog\u00eda, la sociolog\u00eda, la criminolog\u00eda y la psicolog\u00eda. Pero esos enfoques no siempre dan raz\u00f3n de todos los comportamientos violentos y terminan por recomendar la transdisciplinariedad. Al elaborar una teor\u00eda sobre la violencia se pretende obtener una explicaci\u00f3n valedera para todos los casos. El logro de [&hellip;]","og_url":"https:\/\/laprensacristiana.com\/?p=4916","og_site_name":"La Prensa Cristiana","article_published_time":"2019-01-04T23:23:43+00:00","article_modified_time":"2019-02-13T06:52:40+00:00","og_image":[{"width":2560,"height":1429,"url":"https:\/\/laprensacristiana.com\/wp-content\/uploads\/2018\/10\/OPINION-01-scaled.jpg","type":"image\/jpeg"}],"author":"EDITOR","twitter_card":"summary_large_image","twitter_misc":{"Escrito por":"EDITOR","Tiempo de lectura":"3 minutos"},"schema":{"@context":"https:\/\/schema.org","@graph":[{"@type":"WebPage","@id":"https:\/\/laprensacristiana.com\/?p=4916","url":"https:\/\/laprensacristiana.com\/?p=4916","name":"\u00bfQu\u00e9 provoca la violencia? - La Prensa Cristiana","isPartOf":{"@id":"https:\/\/laprensacristiana.com\/#website"},"datePublished":"2019-01-04T23:23:43+00:00","dateModified":"2019-02-13T06:52:40+00:00","author":{"@id":"https:\/\/laprensacristiana.com\/#\/schema\/person\/3e7d82c6bfd6b1fa67010f8f7cd5256e"},"breadcrumb":{"@id":"https:\/\/laprensacristiana.com\/?p=4916#breadcrumb"},"inLanguage":"es","potentialAction":[{"@type":"ReadAction","target":["https:\/\/laprensacristiana.com\/?p=4916"]}]},{"@type":"BreadcrumbList","@id":"https:\/\/laprensacristiana.com\/?p=4916#breadcrumb","itemListElement":[{"@type":"ListItem","position":1,"name":"Portada","item":"https:\/\/laprensacristiana.com\/"},{"@type":"ListItem","position":2,"name":"\u00bfQu\u00e9 provoca la violencia?"}]},{"@type":"WebSite","@id":"https:\/\/laprensacristiana.com\/#website","url":"https:\/\/laprensacristiana.com\/","name":"La Prensa Cristiana","description":"Anunciando Las Buenas Nuevas","potentialAction":[{"@type":"SearchAction","target":{"@type":"EntryPoint","urlTemplate":"https:\/\/laprensacristiana.com\/?s={search_term_string}"},"query-input":"required name=search_term_string"}],"inLanguage":"es"},{"@type":"Person","@id":"https:\/\/laprensacristiana.com\/#\/schema\/person\/3e7d82c6bfd6b1fa67010f8f7cd5256e","name":"EDITOR","image":{"@type":"ImageObject","inLanguage":"es","@id":"https:\/\/laprensacristiana.com\/#\/schema\/person\/image\/","url":"https:\/\/secure.gravatar.com\/avatar\/72069dfb6c13772d9e8381e3638666d2?s=96&d=mm&r=g","contentUrl":"https:\/\/secure.gravatar.com\/avatar\/72069dfb6c13772d9e8381e3638666d2?s=96&d=mm&r=g","caption":"EDITOR"},"url":"https:\/\/laprensacristiana.com\/?author=3"}]}},"_links":{"self":[{"href":"https:\/\/laprensacristiana.com\/index.php?rest_route=\/wp\/v2\/posts\/4916"}],"collection":[{"href":"https:\/\/laprensacristiana.com\/index.php?rest_route=\/wp\/v2\/posts"}],"about":[{"href":"https:\/\/laprensacristiana.com\/index.php?rest_route=\/wp\/v2\/types\/post"}],"author":[{"embeddable":true,"href":"https:\/\/laprensacristiana.com\/index.php?rest_route=\/wp\/v2\/users\/3"}],"replies":[{"embeddable":true,"href":"https:\/\/laprensacristiana.com\/index.php?rest_route=%2Fwp%2Fv2%2Fcomments&post=4916"}],"version-history":[{"count":2,"href":"https:\/\/laprensacristiana.com\/index.php?rest_route=\/wp\/v2\/posts\/4916\/revisions"}],"predecessor-version":[{"id":5144,"href":"https:\/\/laprensacristiana.com\/index.php?rest_route=\/wp\/v2\/posts\/4916\/revisions\/5144"}],"wp:featuredmedia":[{"embeddable":true,"href":"https:\/\/laprensacristiana.com\/index.php?rest_route=\/wp\/v2\/media\/4600"}],"wp:attachment":[{"href":"https:\/\/laprensacristiana.com\/index.php?rest_route=%2Fwp%2Fv2%2Fmedia&parent=4916"}],"wp:term":[{"taxonomy":"category","embeddable":true,"href":"https:\/\/laprensacristiana.com\/index.php?rest_route=%2Fwp%2Fv2%2Fcategories&post=4916"},{"taxonomy":"post_tag","embeddable":true,"href":"https:\/\/laprensacristiana.com\/index.php?rest_route=%2Fwp%2Fv2%2Ftags&post=4916"}],"curies":[{"name":"wp","href":"https:\/\/api.w.org\/{rel}","templated":true}]}}