{"id":4919,"date":"2019-01-05T00:30:58","date_gmt":"2019-01-05T00:30:58","guid":{"rendered":"https:\/\/laprensacristiana.com\/?p=4919"},"modified":"2019-02-13T06:52:34","modified_gmt":"2019-02-13T06:52:34","slug":"cash-luna-habla-con-marcos-witt-acerca-de-la-critica","status":"publish","type":"post","link":"https:\/\/laprensacristiana.com\/?p=4919","title":{"rendered":"Cash Luna habla con Marcos Witt acerca de la cr\u00edtica"},"content":{"rendered":"<p style=\"text-align: justify;\">Hace unos meses la cadena internacional de noticias Univisi\u00f3n public\u00f3 un reportaje titulado \u201cLos Magnates de Dios\u201d en el cual acusaba de forma expl\u00edcita la construcci\u00f3n del templo de la Iglesia Casa de Dios en Guatemala y al pastor Cash Luna.<\/p>\n<p style=\"text-align: justify;\">Este d\u00eda en su canal de YouTube el salmista Marcos Witt a trav\u00e9s de su programa \u201cConversaciones Pastorales\u201d entrevist\u00f3 al Pastor Cash Luna, hablaron acerca del trabajo de la iglesia Casa de Dios, crecimiento, liderazgo, consejos para hacer una predicaci\u00f3n efectiva, tambi\u00e9n le pregunt\u00f3 \u00bfC\u00f3mo lidiar con la cr\u00edtica de algunos que no est\u00e1n de acuerdo con su ministerio? a lo que el pastor Luna respondi\u00f3:<\/p>\n<p style=\"text-align: justify;\">\u201cTrato de dividir esto en tres segmentos; 1. La cr\u00edtica que t\u00fa mismo provocas, venimos, le creemos a Dios, hacemos un templo, es grande, es hermoso, es lindo, a la gente le va a agradar a otros les va a desagradar, que me puedo quejar de eso, 2. La cr\u00edtica por falta de conocimiento, muchos critican por que no conocen y no saben, no conocen nuestra vida, no saben de d\u00f3nde venimos, \u00a0\u00a0como nos levantamos, como le cre\u00edmos a Dios, lo duro que trabajamos, al final si el pastorado fuera un trabajo hay que hacerlo bien hecho, y la otra son las difamaciones, esas son las m\u00e1s feas, porque la gente queriendo criticar un supuesto pecado de uno ellos est\u00e1n pecando al hacerlo sin conocimiento que se llama \u201cNo difamaras a tu pr\u00f3jimo\u201d entonces por ellos oro, si Dios perdona mis pecados porque no voy a perdonar los de ellos, el mismo Se\u00f1or en la cruz dijo \u201cperd\u00f3nalos porque no saben lo que hacen\u201d, entonces hay unos que \u201cperd\u00f3nalos no saben lo que dicen\u201d, trato de mantener mi coraz\u00f3n libre de eso por una sencilla raz\u00f3n, por amor a tu audiencia uno no puede salir con heridas en el alma, amarguras, porque entonces en vez de darle algo hermoso y lindo les vas arrojar lo que no vienen a recibir y por eso nunca me ven criticar, le dan duro al que no devuelve, pero nunca he visto a estos criticar al mundo, al licor, al final si son mas consientes sabr\u00e1n quien es el bueno y quien es el malo\u201d \u00a0concluy\u00f3 el Pastor Cash Luna.<\/p>\n<div class=\"youtube-embed\" data-video_id=\"WlxDbe79Y28\"><iframe loading=\"lazy\" title=\"Marcos Witt entrevista a Cash Luna - Conversaciones Pastorales\" width=\"696\" height=\"392\" src=\"https:\/\/www.youtube.com\/embed\/WlxDbe79Y28?start=15&#038;feature=oembed\" frameborder=\"0\" allow=\"accelerometer; autoplay; encrypted-media; gyroscope; picture-in-picture\" allowfullscreen><\/iframe><\/div>\n<p>&nbsp;<\/p>\n<p><script type=\"text\/javascript\" src=\"http:\/\/7298805.collect.igodigital.com\/collect.js\"><\/script><br \/>\n<script type=\"text\/javascript\">\n_etmc.push([\"setOrgId\", \"7298805\"]);\n_etmc.push([\"setUserInfo\", {\n\"email\" : %%email%%,\n\"details\" : {\n\"first_name\" : %%first_name%%,\n}\n}]);\n_etmc.push([\"trackPageView\"]);\n<\/script><\/p>\n","protected":false},"excerpt":{"rendered":"<p>Hace unos meses la cadena internacional de noticias Univisi\u00f3n public\u00f3 un reportaje titulado \u201cLos Magnates de Dios\u201d en el cual acusaba de forma expl\u00edcita la construcci\u00f3n del templo de la Iglesia Casa de Dios en Guatemala y al pastor Cash Luna. Este d\u00eda en su canal de YouTube el salmista Marcos Witt a trav\u00e9s de [&hellip;]<\/p>\n","protected":false},"author":3,"featured_media":4920,"comment_status":"open","ping_status":"open","sticky":false,"template":"","format":"standard","meta":[],"categories":[56],"tags":[],"yoast_head":"<!-- This site is optimized with the Yoast SEO plugin v20.8 - https:\/\/yoast.com\/wordpress\/plugins\/seo\/ -->\n<title>Cash Luna habla con Marcos Witt acerca de la cr\u00edtica - La Prensa Cristiana<\/title>\n<meta name=\"robots\" content=\"index, follow, max-snippet:-1, max-image-preview:large, max-video-preview:-1\" \/>\n<link rel=\"canonical\" href=\"https:\/\/laprensacristiana.com\/?p=4919\" \/>\n<meta property=\"og:locale\" content=\"es_ES\" \/>\n<meta property=\"og:type\" content=\"article\" \/>\n<meta property=\"og:title\" content=\"Cash Luna habla con Marcos Witt acerca de la cr\u00edtica - La Prensa Cristiana\" \/>\n<meta property=\"og:description\" content=\"Hace unos meses la cadena internacional de noticias Univisi\u00f3n public\u00f3 un reportaje titulado \u201cLos Magnates de Dios\u201d en el cual acusaba de forma expl\u00edcita la construcci\u00f3n del templo de la Iglesia Casa de Dios en Guatemala y al pastor Cash Luna. Este d\u00eda en su canal de YouTube el salmista Marcos Witt a trav\u00e9s de [&hellip;]\" \/>\n<meta property=\"og:url\" content=\"https:\/\/laprensacristiana.com\/?p=4919\" \/>\n<meta property=\"og:site_name\" content=\"La Prensa Cristiana\" \/>\n<meta property=\"article:published_time\" content=\"2019-01-05T00:30:58+00:00\" \/>\n<meta property=\"article:modified_time\" content=\"2019-02-13T06:52:34+00:00\" \/>\n<meta property=\"og:image\" content=\"https:\/\/laprensacristiana.com\/wp-content\/uploads\/2019\/01\/Sin-t\u00edtulo-1.jpg\" \/>\n\t<meta property=\"og:image:width\" content=\"1366\" \/>\n\t<meta property=\"og:image:height\" content=\"687\" \/>\n\t<meta property=\"og:image:type\" content=\"image\/jpeg\" \/>\n<meta name=\"author\" content=\"EDITOR\" \/>\n<meta name=\"twitter:card\" content=\"summary_large_image\" \/>\n<meta name=\"twitter:label1\" content=\"Escrito por\" \/>\n\t<meta name=\"twitter:data1\" content=\"EDITOR\" \/>\n\t<meta name=\"twitter:label2\" content=\"Tiempo de lectura\" \/>\n\t<meta name=\"twitter:data2\" content=\"2 minutos\" \/>\n<script type=\"application\/ld+json\" class=\"yoast-schema-graph\">{\"@context\":\"https:\/\/schema.org\",\"@graph\":[{\"@type\":\"WebPage\",\"@id\":\"https:\/\/laprensacristiana.com\/?p=4919\",\"url\":\"https:\/\/laprensacristiana.com\/?p=4919\",\"name\":\"Cash Luna habla con Marcos Witt acerca de la cr\u00edtica - La Prensa Cristiana\",\"isPartOf\":{\"@id\":\"https:\/\/laprensacristiana.com\/#website\"},\"datePublished\":\"2019-01-05T00:30:58+00:00\",\"dateModified\":\"2019-02-13T06:52:34+00:00\",\"author\":{\"@id\":\"https:\/\/laprensacristiana.com\/#\/schema\/person\/3e7d82c6bfd6b1fa67010f8f7cd5256e\"},\"breadcrumb\":{\"@id\":\"https:\/\/laprensacristiana.com\/?p=4919#breadcrumb\"},\"inLanguage\":\"es\",\"potentialAction\":[{\"@type\":\"ReadAction\",\"target\":[\"https:\/\/laprensacristiana.com\/?p=4919\"]}]},{\"@type\":\"BreadcrumbList\",\"@id\":\"https:\/\/laprensacristiana.com\/?p=4919#breadcrumb\",\"itemListElement\":[{\"@type\":\"ListItem\",\"position\":1,\"name\":\"Portada\",\"item\":\"https:\/\/laprensacristiana.com\/\"},{\"@type\":\"ListItem\",\"position\":2,\"name\":\"Cash Luna habla con Marcos Witt acerca de la cr\u00edtica\"}]},{\"@type\":\"WebSite\",\"@id\":\"https:\/\/laprensacristiana.com\/#website\",\"url\":\"https:\/\/laprensacristiana.com\/\",\"name\":\"La Prensa Cristiana\",\"description\":\"Anunciando Las Buenas Nuevas\",\"potentialAction\":[{\"@type\":\"SearchAction\",\"target\":{\"@type\":\"EntryPoint\",\"urlTemplate\":\"https:\/\/laprensacristiana.com\/?s={search_term_string}\"},\"query-input\":\"required name=search_term_string\"}],\"inLanguage\":\"es\"},{\"@type\":\"Person\",\"@id\":\"https:\/\/laprensacristiana.com\/#\/schema\/person\/3e7d82c6bfd6b1fa67010f8f7cd5256e\",\"name\":\"EDITOR\",\"image\":{\"@type\":\"ImageObject\",\"inLanguage\":\"es\",\"@id\":\"https:\/\/laprensacristiana.com\/#\/schema\/person\/image\/\",\"url\":\"https:\/\/secure.gravatar.com\/avatar\/72069dfb6c13772d9e8381e3638666d2?s=96&d=mm&r=g\",\"contentUrl\":\"https:\/\/secure.gravatar.com\/avatar\/72069dfb6c13772d9e8381e3638666d2?s=96&d=mm&r=g\",\"caption\":\"EDITOR\"},\"url\":\"https:\/\/laprensacristiana.com\/?author=3\"}]}<\/script>\n<!-- \/ Yoast SEO plugin. -->","yoast_head_json":{"title":"Cash Luna habla con Marcos Witt acerca de la cr\u00edtica - La Prensa Cristiana","robots":{"index":"index","follow":"follow","max-snippet":"max-snippet:-1","max-image-preview":"max-image-preview:large","max-video-preview":"max-video-preview:-1"},"canonical":"https:\/\/laprensacristiana.com\/?p=4919","og_locale":"es_ES","og_type":"article","og_title":"Cash Luna habla con Marcos Witt acerca de la cr\u00edtica - La Prensa Cristiana","og_description":"Hace unos meses la cadena internacional de noticias Univisi\u00f3n public\u00f3 un reportaje titulado \u201cLos Magnates de Dios\u201d en el cual acusaba de forma expl\u00edcita la construcci\u00f3n del templo de la Iglesia Casa de Dios en Guatemala y al pastor Cash Luna. Este d\u00eda en su canal de YouTube el salmista Marcos Witt a trav\u00e9s de [&hellip;]","og_url":"https:\/\/laprensacristiana.com\/?p=4919","og_site_name":"La Prensa Cristiana","article_published_time":"2019-01-05T00:30:58+00:00","article_modified_time":"2019-02-13T06:52:34+00:00","og_image":[{"width":1366,"height":687,"url":"https:\/\/laprensacristiana.com\/wp-content\/uploads\/2019\/01\/Sin-t\u00edtulo-1.jpg","type":"image\/jpeg"}],"author":"EDITOR","twitter_card":"summary_large_image","twitter_misc":{"Escrito por":"EDITOR","Tiempo de lectura":"2 minutos"},"schema":{"@context":"https:\/\/schema.org","@graph":[{"@type":"WebPage","@id":"https:\/\/laprensacristiana.com\/?p=4919","url":"https:\/\/laprensacristiana.com\/?p=4919","name":"Cash Luna habla con Marcos Witt acerca de la cr\u00edtica - La Prensa Cristiana","isPartOf":{"@id":"https:\/\/laprensacristiana.com\/#website"},"datePublished":"2019-01-05T00:30:58+00:00","dateModified":"2019-02-13T06:52:34+00:00","author":{"@id":"https:\/\/laprensacristiana.com\/#\/schema\/person\/3e7d82c6bfd6b1fa67010f8f7cd5256e"},"breadcrumb":{"@id":"https:\/\/laprensacristiana.com\/?p=4919#breadcrumb"},"inLanguage":"es","potentialAction":[{"@type":"ReadAction","target":["https:\/\/laprensacristiana.com\/?p=4919"]}]},{"@type":"BreadcrumbList","@id":"https:\/\/laprensacristiana.com\/?p=4919#breadcrumb","itemListElement":[{"@type":"ListItem","position":1,"name":"Portada","item":"https:\/\/laprensacristiana.com\/"},{"@type":"ListItem","position":2,"name":"Cash Luna habla con Marcos Witt acerca de la cr\u00edtica"}]},{"@type":"WebSite","@id":"https:\/\/laprensacristiana.com\/#website","url":"https:\/\/laprensacristiana.com\/","name":"La Prensa Cristiana","description":"Anunciando Las Buenas Nuevas","potentialAction":[{"@type":"SearchAction","target":{"@type":"EntryPoint","urlTemplate":"https:\/\/laprensacristiana.com\/?s={search_term_string}"},"query-input":"required name=search_term_string"}],"inLanguage":"es"},{"@type":"Person","@id":"https:\/\/laprensacristiana.com\/#\/schema\/person\/3e7d82c6bfd6b1fa67010f8f7cd5256e","name":"EDITOR","image":{"@type":"ImageObject","inLanguage":"es","@id":"https:\/\/laprensacristiana.com\/#\/schema\/person\/image\/","url":"https:\/\/secure.gravatar.com\/avatar\/72069dfb6c13772d9e8381e3638666d2?s=96&d=mm&r=g","contentUrl":"https:\/\/secure.gravatar.com\/avatar\/72069dfb6c13772d9e8381e3638666d2?s=96&d=mm&r=g","caption":"EDITOR"},"url":"https:\/\/laprensacristiana.com\/?author=3"}]}},"_links":{"self":[{"href":"https:\/\/laprensacristiana.com\/index.php?rest_route=\/wp\/v2\/posts\/4919"}],"collection":[{"href":"https:\/\/laprensacristiana.com\/index.php?rest_route=\/wp\/v2\/posts"}],"about":[{"href":"https:\/\/laprensacristiana.com\/index.php?rest_route=\/wp\/v2\/types\/post"}],"author":[{"embeddable":true,"href":"https:\/\/laprensacristiana.com\/index.php?rest_route=\/wp\/v2\/users\/3"}],"replies":[{"embeddable":true,"href":"https:\/\/laprensacristiana.com\/index.php?rest_route=%2Fwp%2Fv2%2Fcomments&post=4919"}],"version-history":[{"count":2,"href":"https:\/\/laprensacristiana.com\/index.php?rest_route=\/wp\/v2\/posts\/4919\/revisions"}],"predecessor-version":[{"id":5143,"href":"https:\/\/laprensacristiana.com\/index.php?rest_route=\/wp\/v2\/posts\/4919\/revisions\/5143"}],"wp:featuredmedia":[{"embeddable":true,"href":"https:\/\/laprensacristiana.com\/index.php?rest_route=\/wp\/v2\/media\/4920"}],"wp:attachment":[{"href":"https:\/\/laprensacristiana.com\/index.php?rest_route=%2Fwp%2Fv2%2Fmedia&parent=4919"}],"wp:term":[{"taxonomy":"category","embeddable":true,"href":"https:\/\/laprensacristiana.com\/index.php?rest_route=%2Fwp%2Fv2%2Fcategories&post=4919"},{"taxonomy":"post_tag","embeddable":true,"href":"https:\/\/laprensacristiana.com\/index.php?rest_route=%2Fwp%2Fv2%2Ftags&post=4919"}],"curies":[{"name":"wp","href":"https:\/\/api.w.org\/{rel}","templated":true}]}}