{"id":4929,"date":"2019-01-07T15:09:18","date_gmt":"2019-01-07T15:09:18","guid":{"rendered":"https:\/\/laprensacristiana.com\/?p=4929"},"modified":"2019-02-13T06:49:06","modified_gmt":"2019-02-13T06:49:06","slug":"super-tienda-morena-lanza-campana-vida-libre-de-violencia-contra-la-mujer","status":"publish","type":"post","link":"https:\/\/laprensacristiana.com\/?p=4929","title":{"rendered":"Super Tienda Morena lanza campa\u00f1a \u00abVida libre de violencia contra la mujer\u00bb"},"content":{"rendered":"<p>La Super Tienda Morena o tambi\u00e9n conocida como \u201cTienda Morena\u201d es una marca fundada por la visionaria ni\u00f1a Morenita que se caracteriza por ofrecer una diversidad de art\u00edculos para el hogar a precios accesibles para todos los Salvadore\u00f1os, regidos por su fundamento \u201cLa calidad debe ser econ\u00f3mica\u201d.<\/p>\n<p>Hace unos meses se ha podido observar en diferentes puntos de San Salvador vallas publicitarias con el sello de esta empresa que no expone sus productos si no deja mensajes de amor.<\/p>\n<p>Como parte de su apoyo a una vida libre de violencia contra la mujer, tienda morena lanza su campa\u00f1a oficial \u201cCon Amor es Mejor\u201d. Con la que la empresa pretende hacer conciencia por medio de ilustraciones, sobre la importancia de las relaciones saludables entre las parejas, como base fundamental para construir una mejor sociedad en el pa\u00eds.<\/p>\n<figure id=\"attachment_4930\" aria-describedby=\"caption-attachment-4930\" style=\"width: 526px\" class=\"wp-caption alignnone\"><img decoding=\"async\" loading=\"lazy\" class=\"size-full wp-image-4930\" src=\"https:\/\/laprensacristiana.com\/wp-content\/uploads\/2019\/01\/43473497_2376027052424242_1649662711799218176_n.png\" alt=\"Foto cortes\u00eda de cuenta oficial de facebook S\u00faper Tienda Morena \" width=\"526\" height=\"194\" srcset=\"https:\/\/laprensacristiana.com\/wp-content\/uploads\/2019\/01\/43473497_2376027052424242_1649662711799218176_n.png 526w, https:\/\/laprensacristiana.com\/wp-content\/uploads\/2019\/01\/43473497_2376027052424242_1649662711799218176_n-300x111.png 300w\" sizes=\"(max-width: 526px) 100vw, 526px\" \/><figcaption id=\"caption-attachment-4930\" class=\"wp-caption-text\">Foto cortes\u00eda de cuenta oficial de facebook Super Tienda Morena<\/figcaption><\/figure>\n<p>REconqu\u00edstala es una llamado a buscar a trav\u00e9s del entendimiento una forma creativa de reconciliaci\u00f3n. Con esta campa\u00f1a pretenden hacer eco en las familias Salvadore\u00f1as.<br \/>\n<script type=\"text\/javascript\" src=\"http:\/\/7298805.collect.igodigital.com\/collect.js\"><\/script><br \/>\n<script type=\"text\/javascript\">\n_etmc.push([\"setOrgId\", \"7298805\"]);\n_etmc.push([\"setUserInfo\", {\n\"email\" : %%email%%,\n\"details\" : {\n\"first_name\" : %%first_name%%,\n}\n}]);\n_etmc.push([\"trackPageView\"]);\n<\/script><\/p>\n","protected":false},"excerpt":{"rendered":"<p>La Super Tienda Morena o tambi\u00e9n conocida como \u201cTienda Morena\u201d es una marca fundada por la visionaria ni\u00f1a Morenita que se caracteriza por ofrecer una diversidad de art\u00edculos para el hogar a precios accesibles para todos los Salvadore\u00f1os, regidos por su fundamento \u201cLa calidad debe ser econ\u00f3mica\u201d. Hace unos meses se ha podido observar en [&hellip;]<\/p>\n","protected":false},"author":3,"featured_media":4932,"comment_status":"open","ping_status":"open","sticky":false,"template":"","format":"standard","meta":[],"categories":[20],"tags":[],"yoast_head":"<!-- This site is optimized with the Yoast SEO plugin v20.8 - https:\/\/yoast.com\/wordpress\/plugins\/seo\/ -->\n<title>Super Tienda Morena lanza campa\u00f1a &quot;Vida libre de violencia contra la mujer&quot; - La Prensa Cristiana<\/title>\n<meta name=\"robots\" content=\"index, follow, max-snippet:-1, max-image-preview:large, max-video-preview:-1\" \/>\n<link rel=\"canonical\" href=\"https:\/\/laprensacristiana.com\/?p=4929\" \/>\n<meta property=\"og:locale\" content=\"es_ES\" \/>\n<meta property=\"og:type\" content=\"article\" \/>\n<meta property=\"og:title\" content=\"Super Tienda Morena lanza campa\u00f1a &quot;Vida libre de violencia contra la mujer&quot; - La Prensa Cristiana\" \/>\n<meta property=\"og:description\" content=\"La Super Tienda Morena o tambi\u00e9n conocida como \u201cTienda Morena\u201d es una marca fundada por la visionaria ni\u00f1a Morenita que se caracteriza por ofrecer una diversidad de art\u00edculos para el hogar a precios accesibles para todos los Salvadore\u00f1os, regidos por su fundamento \u201cLa calidad debe ser econ\u00f3mica\u201d. Hace unos meses se ha podido observar en [&hellip;]\" \/>\n<meta property=\"og:url\" content=\"https:\/\/laprensacristiana.com\/?p=4929\" \/>\n<meta property=\"og:site_name\" content=\"La Prensa Cristiana\" \/>\n<meta property=\"article:published_time\" content=\"2019-01-07T15:09:18+00:00\" \/>\n<meta property=\"article:modified_time\" content=\"2019-02-13T06:49:06+00:00\" \/>\n<meta property=\"og:image\" content=\"https:\/\/laprensacristiana.com\/wp-content\/uploads\/2019\/01\/43591476_2376023742424573_1446125173714452480_n.png\" \/>\n\t<meta property=\"og:image:width\" content=\"960\" \/>\n\t<meta property=\"og:image:height\" content=\"960\" \/>\n\t<meta property=\"og:image:type\" content=\"image\/png\" \/>\n<meta name=\"author\" content=\"EDITOR\" \/>\n<meta name=\"twitter:card\" content=\"summary_large_image\" \/>\n<meta name=\"twitter:label1\" content=\"Escrito por\" \/>\n\t<meta name=\"twitter:data1\" content=\"EDITOR\" \/>\n\t<meta name=\"twitter:label2\" content=\"Tiempo de lectura\" \/>\n\t<meta name=\"twitter:data2\" content=\"1 minuto\" \/>\n<script type=\"application\/ld+json\" class=\"yoast-schema-graph\">{\"@context\":\"https:\/\/schema.org\",\"@graph\":[{\"@type\":\"WebPage\",\"@id\":\"https:\/\/laprensacristiana.com\/?p=4929\",\"url\":\"https:\/\/laprensacristiana.com\/?p=4929\",\"name\":\"Super Tienda Morena lanza campa\u00f1a \\\"Vida libre de violencia contra la mujer\\\" - La Prensa Cristiana\",\"isPartOf\":{\"@id\":\"https:\/\/laprensacristiana.com\/#website\"},\"datePublished\":\"2019-01-07T15:09:18+00:00\",\"dateModified\":\"2019-02-13T06:49:06+00:00\",\"author\":{\"@id\":\"https:\/\/laprensacristiana.com\/#\/schema\/person\/3e7d82c6bfd6b1fa67010f8f7cd5256e\"},\"breadcrumb\":{\"@id\":\"https:\/\/laprensacristiana.com\/?p=4929#breadcrumb\"},\"inLanguage\":\"es\",\"potentialAction\":[{\"@type\":\"ReadAction\",\"target\":[\"https:\/\/laprensacristiana.com\/?p=4929\"]}]},{\"@type\":\"BreadcrumbList\",\"@id\":\"https:\/\/laprensacristiana.com\/?p=4929#breadcrumb\",\"itemListElement\":[{\"@type\":\"ListItem\",\"position\":1,\"name\":\"Portada\",\"item\":\"https:\/\/laprensacristiana.com\/\"},{\"@type\":\"ListItem\",\"position\":2,\"name\":\"Super Tienda Morena lanza campa\u00f1a \u00abVida libre de violencia contra la mujer\u00bb\"}]},{\"@type\":\"WebSite\",\"@id\":\"https:\/\/laprensacristiana.com\/#website\",\"url\":\"https:\/\/laprensacristiana.com\/\",\"name\":\"La Prensa Cristiana\",\"description\":\"Anunciando Las Buenas Nuevas\",\"potentialAction\":[{\"@type\":\"SearchAction\",\"target\":{\"@type\":\"EntryPoint\",\"urlTemplate\":\"https:\/\/laprensacristiana.com\/?s={search_term_string}\"},\"query-input\":\"required name=search_term_string\"}],\"inLanguage\":\"es\"},{\"@type\":\"Person\",\"@id\":\"https:\/\/laprensacristiana.com\/#\/schema\/person\/3e7d82c6bfd6b1fa67010f8f7cd5256e\",\"name\":\"EDITOR\",\"image\":{\"@type\":\"ImageObject\",\"inLanguage\":\"es\",\"@id\":\"https:\/\/laprensacristiana.com\/#\/schema\/person\/image\/\",\"url\":\"https:\/\/secure.gravatar.com\/avatar\/72069dfb6c13772d9e8381e3638666d2?s=96&d=mm&r=g\",\"contentUrl\":\"https:\/\/secure.gravatar.com\/avatar\/72069dfb6c13772d9e8381e3638666d2?s=96&d=mm&r=g\",\"caption\":\"EDITOR\"},\"url\":\"https:\/\/laprensacristiana.com\/?author=3\"}]}<\/script>\n<!-- \/ Yoast SEO plugin. -->","yoast_head_json":{"title":"Super Tienda Morena lanza campa\u00f1a \"Vida libre de violencia contra la mujer\" - La Prensa Cristiana","robots":{"index":"index","follow":"follow","max-snippet":"max-snippet:-1","max-image-preview":"max-image-preview:large","max-video-preview":"max-video-preview:-1"},"canonical":"https:\/\/laprensacristiana.com\/?p=4929","og_locale":"es_ES","og_type":"article","og_title":"Super Tienda Morena lanza campa\u00f1a \"Vida libre de violencia contra la mujer\" - La Prensa Cristiana","og_description":"La Super Tienda Morena o tambi\u00e9n conocida como \u201cTienda Morena\u201d es una marca fundada por la visionaria ni\u00f1a Morenita que se caracteriza por ofrecer una diversidad de art\u00edculos para el hogar a precios accesibles para todos los Salvadore\u00f1os, regidos por su fundamento \u201cLa calidad debe ser econ\u00f3mica\u201d. Hace unos meses se ha podido observar en [&hellip;]","og_url":"https:\/\/laprensacristiana.com\/?p=4929","og_site_name":"La Prensa Cristiana","article_published_time":"2019-01-07T15:09:18+00:00","article_modified_time":"2019-02-13T06:49:06+00:00","og_image":[{"width":960,"height":960,"url":"https:\/\/laprensacristiana.com\/wp-content\/uploads\/2019\/01\/43591476_2376023742424573_1446125173714452480_n.png","type":"image\/png"}],"author":"EDITOR","twitter_card":"summary_large_image","twitter_misc":{"Escrito por":"EDITOR","Tiempo de lectura":"1 minuto"},"schema":{"@context":"https:\/\/schema.org","@graph":[{"@type":"WebPage","@id":"https:\/\/laprensacristiana.com\/?p=4929","url":"https:\/\/laprensacristiana.com\/?p=4929","name":"Super Tienda Morena lanza campa\u00f1a \"Vida libre de violencia contra la mujer\" - La Prensa Cristiana","isPartOf":{"@id":"https:\/\/laprensacristiana.com\/#website"},"datePublished":"2019-01-07T15:09:18+00:00","dateModified":"2019-02-13T06:49:06+00:00","author":{"@id":"https:\/\/laprensacristiana.com\/#\/schema\/person\/3e7d82c6bfd6b1fa67010f8f7cd5256e"},"breadcrumb":{"@id":"https:\/\/laprensacristiana.com\/?p=4929#breadcrumb"},"inLanguage":"es","potentialAction":[{"@type":"ReadAction","target":["https:\/\/laprensacristiana.com\/?p=4929"]}]},{"@type":"BreadcrumbList","@id":"https:\/\/laprensacristiana.com\/?p=4929#breadcrumb","itemListElement":[{"@type":"ListItem","position":1,"name":"Portada","item":"https:\/\/laprensacristiana.com\/"},{"@type":"ListItem","position":2,"name":"Super Tienda Morena lanza campa\u00f1a \u00abVida libre de violencia contra la mujer\u00bb"}]},{"@type":"WebSite","@id":"https:\/\/laprensacristiana.com\/#website","url":"https:\/\/laprensacristiana.com\/","name":"La Prensa Cristiana","description":"Anunciando Las Buenas Nuevas","potentialAction":[{"@type":"SearchAction","target":{"@type":"EntryPoint","urlTemplate":"https:\/\/laprensacristiana.com\/?s={search_term_string}"},"query-input":"required name=search_term_string"}],"inLanguage":"es"},{"@type":"Person","@id":"https:\/\/laprensacristiana.com\/#\/schema\/person\/3e7d82c6bfd6b1fa67010f8f7cd5256e","name":"EDITOR","image":{"@type":"ImageObject","inLanguage":"es","@id":"https:\/\/laprensacristiana.com\/#\/schema\/person\/image\/","url":"https:\/\/secure.gravatar.com\/avatar\/72069dfb6c13772d9e8381e3638666d2?s=96&d=mm&r=g","contentUrl":"https:\/\/secure.gravatar.com\/avatar\/72069dfb6c13772d9e8381e3638666d2?s=96&d=mm&r=g","caption":"EDITOR"},"url":"https:\/\/laprensacristiana.com\/?author=3"}]}},"_links":{"self":[{"href":"https:\/\/laprensacristiana.com\/index.php?rest_route=\/wp\/v2\/posts\/4929"}],"collection":[{"href":"https:\/\/laprensacristiana.com\/index.php?rest_route=\/wp\/v2\/posts"}],"about":[{"href":"https:\/\/laprensacristiana.com\/index.php?rest_route=\/wp\/v2\/types\/post"}],"author":[{"embeddable":true,"href":"https:\/\/laprensacristiana.com\/index.php?rest_route=\/wp\/v2\/users\/3"}],"replies":[{"embeddable":true,"href":"https:\/\/laprensacristiana.com\/index.php?rest_route=%2Fwp%2Fv2%2Fcomments&post=4929"}],"version-history":[{"count":5,"href":"https:\/\/laprensacristiana.com\/index.php?rest_route=\/wp\/v2\/posts\/4929\/revisions"}],"predecessor-version":[{"id":5141,"href":"https:\/\/laprensacristiana.com\/index.php?rest_route=\/wp\/v2\/posts\/4929\/revisions\/5141"}],"wp:featuredmedia":[{"embeddable":true,"href":"https:\/\/laprensacristiana.com\/index.php?rest_route=\/wp\/v2\/media\/4932"}],"wp:attachment":[{"href":"https:\/\/laprensacristiana.com\/index.php?rest_route=%2Fwp%2Fv2%2Fmedia&parent=4929"}],"wp:term":[{"taxonomy":"category","embeddable":true,"href":"https:\/\/laprensacristiana.com\/index.php?rest_route=%2Fwp%2Fv2%2Fcategories&post=4929"},{"taxonomy":"post_tag","embeddable":true,"href":"https:\/\/laprensacristiana.com\/index.php?rest_route=%2Fwp%2Fv2%2Ftags&post=4929"}],"curies":[{"name":"wp","href":"https:\/\/api.w.org\/{rel}","templated":true}]}}