{"id":4936,"date":"2019-01-07T18:20:39","date_gmt":"2019-01-07T18:20:39","guid":{"rendered":"https:\/\/laprensacristiana.com\/?p=4936"},"modified":"2020-07-01T22:54:08","modified_gmt":"2020-07-01T22:54:08","slug":"banda-proezas-el-salvador-lanza-su-segundo-sencillo-haremos-proezas","status":"publish","type":"post","link":"https:\/\/laprensacristiana.com\/?p=4936","title":{"rendered":"Banda Proezas &#8211; El Salvador lanza su segundo sencillo \u201cHaremos Proezas\u201d"},"content":{"rendered":"<p>\u201cHaremos Proezas\u201d es el t\u00edtulo del segundo sencillo del ministerio salvadore\u00f1o Proezas, el cual fue lanzado en YouTube con un video lyric el pasado 28 de diciembre de 2018.<\/p>\n<p>Esta canci\u00f3n nace en el a\u00f1o 2018, mientras conversaban con su familia sobre la celebraci\u00f3n de los 5 a\u00f1os de ministerio, en junio del mismo a\u00f1o se contactaron con el productor \u201cTito\u201d para poner en marcha este proyecto.<\/p>\n<p>\u201cHaremos Proezas\u201d es una canci\u00f3n de gratitud, que da gloria y honra a Dios por lo que \u00c9l ha hecho y al mismo tiempo declara que en su nombre se puede hacer Proezas.<\/p>\n<p>Con dicha canci\u00f3n la banda conmemora los cinco a\u00f1os como Misi\u00f3n Cristiana Proezas &#8211; Ebenezer, iglesia a la cual pertenece la banda.<\/p>\n<p>\u201c\u00a1Cantemos al Se\u00f1or un c\u00e1ntico nuevo por las proezas que ha realizado! \u00a1Con su diestra, con su santo brazo, ha alcanzado la victoria!\u201d<\/p>\n<p>Salmos 98:1 RVC<\/p>\n<p>La letra de la canci\u00f3n est\u00e1 a cargo de Jonathan Tamacas, la producci\u00f3n la realizo el ya conocido Roberto \u201cTito\u201d Mart\u00ednez productor musical, el video lo realizo \u00a0Motion por Carlos Jonathan Hern\u00e1ndez.<\/p>\n<div class=\"youtube-embed\" data-video_id=\"QQVtOCloE8M\"><iframe loading=\"lazy\" title=\"Proezas - Haremos Proezas - Video Lyric\" width=\"696\" height=\"392\" src=\"https:\/\/www.youtube.com\/embed\/QQVtOCloE8M?feature=oembed&#038;enablejsapi=1\" frameborder=\"0\" allow=\"accelerometer; autoplay; encrypted-media; gyroscope; picture-in-picture\" allowfullscreen><\/iframe><\/div>\n<p><script type=\"text\/javascript\" src=\"http:\/\/7298805.collect.igodigital.com\/collect.js\"><\/script><br \/>\n<script type=\"text\/javascript\">\n_etmc.push([\"setOrgId\", \"7298805\"]);\n_etmc.push([\"setUserInfo\", {\n\"email\" : %%email%%,\n\"details\" : {\n\"first_name\" : %%first_name%%,\n}\n}]);\n_etmc.push([\"trackPageView\"]);\n<\/script><\/p>\n","protected":false},"excerpt":{"rendered":"<p>\u201cHaremos Proezas\u201d es el t\u00edtulo del segundo sencillo del ministerio salvadore\u00f1o Proezas, el cual fue lanzado en YouTube con un video lyric el pasado 28 de diciembre de 2018. Esta canci\u00f3n nace en el a\u00f1o 2018, mientras conversaban con su familia sobre la celebraci\u00f3n de los 5 a\u00f1os de ministerio, en junio del mismo a\u00f1o [&hellip;]<\/p>\n","protected":false},"author":3,"featured_media":4937,"comment_status":"open","ping_status":"open","sticky":false,"template":"","format":"standard","meta":[],"categories":[101],"tags":[],"yoast_head":"<!-- This site is optimized with the Yoast SEO plugin v20.8 - https:\/\/yoast.com\/wordpress\/plugins\/seo\/ -->\n<title>Banda Proezas - El Salvador lanza su segundo sencillo \u201cHaremos Proezas\u201d - La Prensa Cristiana<\/title>\n<meta name=\"robots\" content=\"index, follow, max-snippet:-1, max-image-preview:large, max-video-preview:-1\" \/>\n<link rel=\"canonical\" href=\"https:\/\/laprensacristiana.com\/?p=4936\" \/>\n<meta property=\"og:locale\" content=\"es_ES\" \/>\n<meta property=\"og:type\" content=\"article\" \/>\n<meta property=\"og:title\" content=\"Banda Proezas - El Salvador lanza su segundo sencillo \u201cHaremos Proezas\u201d - La Prensa Cristiana\" \/>\n<meta property=\"og:description\" content=\"\u201cHaremos Proezas\u201d es el t\u00edtulo del segundo sencillo del ministerio salvadore\u00f1o Proezas, el cual fue lanzado en YouTube con un video lyric el pasado 28 de diciembre de 2018. Esta canci\u00f3n nace en el a\u00f1o 2018, mientras conversaban con su familia sobre la celebraci\u00f3n de los 5 a\u00f1os de ministerio, en junio del mismo a\u00f1o [&hellip;]\" \/>\n<meta property=\"og:url\" content=\"https:\/\/laprensacristiana.com\/?p=4936\" \/>\n<meta property=\"og:site_name\" content=\"La Prensa Cristiana\" \/>\n<meta property=\"article:published_time\" content=\"2019-01-07T18:20:39+00:00\" \/>\n<meta property=\"article:modified_time\" content=\"2020-07-01T22:54:08+00:00\" \/>\n<meta property=\"og:image\" content=\"https:\/\/laprensacristiana.com\/wp-content\/uploads\/2019\/01\/30167876_1794170524211299_1258299008688816765_o.jpg\" \/>\n\t<meta property=\"og:image:width\" content=\"2048\" \/>\n\t<meta property=\"og:image:height\" content=\"1137\" \/>\n\t<meta property=\"og:image:type\" content=\"image\/jpeg\" \/>\n<meta name=\"author\" content=\"EDITOR\" \/>\n<meta name=\"twitter:card\" content=\"summary_large_image\" \/>\n<meta name=\"twitter:label1\" content=\"Escrito por\" \/>\n\t<meta name=\"twitter:data1\" content=\"EDITOR\" \/>\n\t<meta name=\"twitter:label2\" content=\"Tiempo de lectura\" \/>\n\t<meta name=\"twitter:data2\" content=\"1 minuto\" \/>\n<script type=\"application\/ld+json\" class=\"yoast-schema-graph\">{\"@context\":\"https:\/\/schema.org\",\"@graph\":[{\"@type\":\"WebPage\",\"@id\":\"https:\/\/laprensacristiana.com\/?p=4936\",\"url\":\"https:\/\/laprensacristiana.com\/?p=4936\",\"name\":\"Banda Proezas - El Salvador lanza su segundo sencillo \u201cHaremos Proezas\u201d - La Prensa Cristiana\",\"isPartOf\":{\"@id\":\"https:\/\/laprensacristiana.com\/#website\"},\"datePublished\":\"2019-01-07T18:20:39+00:00\",\"dateModified\":\"2020-07-01T22:54:08+00:00\",\"author\":{\"@id\":\"https:\/\/laprensacristiana.com\/#\/schema\/person\/3e7d82c6bfd6b1fa67010f8f7cd5256e\"},\"breadcrumb\":{\"@id\":\"https:\/\/laprensacristiana.com\/?p=4936#breadcrumb\"},\"inLanguage\":\"es\",\"potentialAction\":[{\"@type\":\"ReadAction\",\"target\":[\"https:\/\/laprensacristiana.com\/?p=4936\"]}]},{\"@type\":\"BreadcrumbList\",\"@id\":\"https:\/\/laprensacristiana.com\/?p=4936#breadcrumb\",\"itemListElement\":[{\"@type\":\"ListItem\",\"position\":1,\"name\":\"Portada\",\"item\":\"https:\/\/laprensacristiana.com\/\"},{\"@type\":\"ListItem\",\"position\":2,\"name\":\"Banda Proezas &#8211; El Salvador lanza su segundo sencillo \u201cHaremos Proezas\u201d\"}]},{\"@type\":\"WebSite\",\"@id\":\"https:\/\/laprensacristiana.com\/#website\",\"url\":\"https:\/\/laprensacristiana.com\/\",\"name\":\"La Prensa Cristiana\",\"description\":\"Anunciando Las Buenas Nuevas\",\"potentialAction\":[{\"@type\":\"SearchAction\",\"target\":{\"@type\":\"EntryPoint\",\"urlTemplate\":\"https:\/\/laprensacristiana.com\/?s={search_term_string}\"},\"query-input\":\"required name=search_term_string\"}],\"inLanguage\":\"es\"},{\"@type\":\"Person\",\"@id\":\"https:\/\/laprensacristiana.com\/#\/schema\/person\/3e7d82c6bfd6b1fa67010f8f7cd5256e\",\"name\":\"EDITOR\",\"image\":{\"@type\":\"ImageObject\",\"inLanguage\":\"es\",\"@id\":\"https:\/\/laprensacristiana.com\/#\/schema\/person\/image\/\",\"url\":\"https:\/\/secure.gravatar.com\/avatar\/72069dfb6c13772d9e8381e3638666d2?s=96&d=mm&r=g\",\"contentUrl\":\"https:\/\/secure.gravatar.com\/avatar\/72069dfb6c13772d9e8381e3638666d2?s=96&d=mm&r=g\",\"caption\":\"EDITOR\"},\"url\":\"https:\/\/laprensacristiana.com\/?author=3\"}]}<\/script>\n<!-- \/ Yoast SEO plugin. -->","yoast_head_json":{"title":"Banda Proezas - El Salvador lanza su segundo sencillo \u201cHaremos Proezas\u201d - La Prensa Cristiana","robots":{"index":"index","follow":"follow","max-snippet":"max-snippet:-1","max-image-preview":"max-image-preview:large","max-video-preview":"max-video-preview:-1"},"canonical":"https:\/\/laprensacristiana.com\/?p=4936","og_locale":"es_ES","og_type":"article","og_title":"Banda Proezas - El Salvador lanza su segundo sencillo \u201cHaremos Proezas\u201d - La Prensa Cristiana","og_description":"\u201cHaremos Proezas\u201d es el t\u00edtulo del segundo sencillo del ministerio salvadore\u00f1o Proezas, el cual fue lanzado en YouTube con un video lyric el pasado 28 de diciembre de 2018. Esta canci\u00f3n nace en el a\u00f1o 2018, mientras conversaban con su familia sobre la celebraci\u00f3n de los 5 a\u00f1os de ministerio, en junio del mismo a\u00f1o [&hellip;]","og_url":"https:\/\/laprensacristiana.com\/?p=4936","og_site_name":"La Prensa Cristiana","article_published_time":"2019-01-07T18:20:39+00:00","article_modified_time":"2020-07-01T22:54:08+00:00","og_image":[{"width":2048,"height":1137,"url":"https:\/\/laprensacristiana.com\/wp-content\/uploads\/2019\/01\/30167876_1794170524211299_1258299008688816765_o.jpg","type":"image\/jpeg"}],"author":"EDITOR","twitter_card":"summary_large_image","twitter_misc":{"Escrito por":"EDITOR","Tiempo de lectura":"1 minuto"},"schema":{"@context":"https:\/\/schema.org","@graph":[{"@type":"WebPage","@id":"https:\/\/laprensacristiana.com\/?p=4936","url":"https:\/\/laprensacristiana.com\/?p=4936","name":"Banda Proezas - El Salvador lanza su segundo sencillo \u201cHaremos Proezas\u201d - La Prensa Cristiana","isPartOf":{"@id":"https:\/\/laprensacristiana.com\/#website"},"datePublished":"2019-01-07T18:20:39+00:00","dateModified":"2020-07-01T22:54:08+00:00","author":{"@id":"https:\/\/laprensacristiana.com\/#\/schema\/person\/3e7d82c6bfd6b1fa67010f8f7cd5256e"},"breadcrumb":{"@id":"https:\/\/laprensacristiana.com\/?p=4936#breadcrumb"},"inLanguage":"es","potentialAction":[{"@type":"ReadAction","target":["https:\/\/laprensacristiana.com\/?p=4936"]}]},{"@type":"BreadcrumbList","@id":"https:\/\/laprensacristiana.com\/?p=4936#breadcrumb","itemListElement":[{"@type":"ListItem","position":1,"name":"Portada","item":"https:\/\/laprensacristiana.com\/"},{"@type":"ListItem","position":2,"name":"Banda Proezas &#8211; El Salvador lanza su segundo sencillo \u201cHaremos Proezas\u201d"}]},{"@type":"WebSite","@id":"https:\/\/laprensacristiana.com\/#website","url":"https:\/\/laprensacristiana.com\/","name":"La Prensa Cristiana","description":"Anunciando Las Buenas Nuevas","potentialAction":[{"@type":"SearchAction","target":{"@type":"EntryPoint","urlTemplate":"https:\/\/laprensacristiana.com\/?s={search_term_string}"},"query-input":"required name=search_term_string"}],"inLanguage":"es"},{"@type":"Person","@id":"https:\/\/laprensacristiana.com\/#\/schema\/person\/3e7d82c6bfd6b1fa67010f8f7cd5256e","name":"EDITOR","image":{"@type":"ImageObject","inLanguage":"es","@id":"https:\/\/laprensacristiana.com\/#\/schema\/person\/image\/","url":"https:\/\/secure.gravatar.com\/avatar\/72069dfb6c13772d9e8381e3638666d2?s=96&d=mm&r=g","contentUrl":"https:\/\/secure.gravatar.com\/avatar\/72069dfb6c13772d9e8381e3638666d2?s=96&d=mm&r=g","caption":"EDITOR"},"url":"https:\/\/laprensacristiana.com\/?author=3"}]}},"_links":{"self":[{"href":"https:\/\/laprensacristiana.com\/index.php?rest_route=\/wp\/v2\/posts\/4936"}],"collection":[{"href":"https:\/\/laprensacristiana.com\/index.php?rest_route=\/wp\/v2\/posts"}],"about":[{"href":"https:\/\/laprensacristiana.com\/index.php?rest_route=\/wp\/v2\/types\/post"}],"author":[{"embeddable":true,"href":"https:\/\/laprensacristiana.com\/index.php?rest_route=\/wp\/v2\/users\/3"}],"replies":[{"embeddable":true,"href":"https:\/\/laprensacristiana.com\/index.php?rest_route=%2Fwp%2Fv2%2Fcomments&post=4936"}],"version-history":[{"count":2,"href":"https:\/\/laprensacristiana.com\/index.php?rest_route=\/wp\/v2\/posts\/4936\/revisions"}],"predecessor-version":[{"id":5140,"href":"https:\/\/laprensacristiana.com\/index.php?rest_route=\/wp\/v2\/posts\/4936\/revisions\/5140"}],"wp:featuredmedia":[{"embeddable":true,"href":"https:\/\/laprensacristiana.com\/index.php?rest_route=\/wp\/v2\/media\/4937"}],"wp:attachment":[{"href":"https:\/\/laprensacristiana.com\/index.php?rest_route=%2Fwp%2Fv2%2Fmedia&parent=4936"}],"wp:term":[{"taxonomy":"category","embeddable":true,"href":"https:\/\/laprensacristiana.com\/index.php?rest_route=%2Fwp%2Fv2%2Fcategories&post=4936"},{"taxonomy":"post_tag","embeddable":true,"href":"https:\/\/laprensacristiana.com\/index.php?rest_route=%2Fwp%2Fv2%2Ftags&post=4936"}],"curies":[{"name":"wp","href":"https:\/\/api.w.org\/{rel}","templated":true}]}}