{"id":4939,"date":"2019-01-08T22:22:19","date_gmt":"2019-01-08T22:22:19","guid":{"rendered":"https:\/\/laprensacristiana.com\/?p=4939"},"modified":"2020-07-01T22:53:57","modified_gmt":"2020-07-01T22:53:57","slug":"agreden-a-familia-de-pastor-miguel-arrazola-en-colombia","status":"publish","type":"post","link":"https:\/\/laprensacristiana.com\/?p=4939","title":{"rendered":"Agreden a familia de Pastor Miguel Arr\u00e1zola en Colombia"},"content":{"rendered":"<p>Hace unos d\u00edas Miguel Arr\u00e1zola pastor y fundador de Iglesia Cristiana Familiar R\u00edos de Vida en Cartagena, Colombia, a trav\u00e9s de sus redes sociales comunic\u00f3 que sus suegros, su hijo y la esposa de su hijo fueron agredidos por unos vandalos, mientras manejaban tiraron agua en su parabrisas lo que ocasiono un accidente. Sus suegros presentaron heridas en su cuerpo por lo que fueron trasladado a un hospital local, y su hijo quien sufri\u00f3 un trauma cr\u00e1neo encef\u00e1lico fue referido a la Fundaci\u00f3n Santa Fe de urgencias.<\/p>\n<p>\u201cPido el peso de la ley para este crimen de odio\u201d expres\u00f3 el Pastor Arr\u00e1zola<\/p>\n<p>Su hijo mayor \u00a0es \u00a0Miguel Esteban Arr\u00e1zola un Pastor joven conocido no solo en Colombia, en el mes de agosto Esteban visit\u00f3 El Salvador siendo parte de los ponentes en un congreso para j\u00f3venes realizado por Iglesia Compaz.<\/p>\n<p>El 3 de enero el pastor Miguel \u00a0envi\u00f3 un mensaje a las personas que han estado al tanto de la salud de su hijo:<\/p>\n<p>\u201cGracias de coraz\u00f3n a todos los que han estado pendiente y orando por la salud de mi hijo y suegros.\u00a0 Gracias a los m\u00e9dicos y personal de la Fundaci\u00f3n Santa Fe. Dios los bendiga a todos\u201d concluy\u00f3 El Pastor Arr\u00e1zola<\/p>\n<p>Valentina de Le\u00f3n la esposa de Esteban us\u00f3 la cuenta del joven para transmitir un mensaje:<\/p>\n<p>\u201cHola soy Vale, fuimos agredidos por vandalos lo cual nos caus\u00f3 un accidente y a Miguel un trauma cr\u00e1neo encef\u00e1lico, pero nada nos detendr\u00e1 de las victorias que Dios nos tiene para este 2019. Solo mant\u00e9ngannos en sus oraciones\u00a0 para que la recuperaci\u00f3n siga siendo sobre natural\u201d<\/p>\n<p>En agosto del a\u00f1o 2018 la esposa del Pastor Arr\u00e1zola fue atacada. El pastor a trav\u00e9s de su cuenta de Instagram inform\u00f3 del hecho y se\u00f1al\u00f3 que su esposa\u00a0hab\u00eda\u00a0sido v\u00edctima de un acto intolerancia, ira y cobard\u00eda que le dej\u00f3 laceraciones en su ojo, rostro y nariz, esto ocurri\u00f3 adentro del templo.<\/p>\n<p style=\"text-align: justify;\"><img decoding=\"async\" loading=\"lazy\" class=\"size-full wp-image-4940\" src=\"https:\/\/laprensacristiana.com\/wp-content\/uploads\/2019\/01\/WhatsApp-Image-2019-01-08-at-3.19.47-PM.jpeg\" alt=\"Cortes\u00eda cuenta oficial de instagram Miguel Arr\u00e1zola hijo\" width=\"1033\" height=\"1280\" srcset=\"https:\/\/laprensacristiana.com\/wp-content\/uploads\/2019\/01\/WhatsApp-Image-2019-01-08-at-3.19.47-PM.jpeg 1033w, https:\/\/laprensacristiana.com\/wp-content\/uploads\/2019\/01\/WhatsApp-Image-2019-01-08-at-3.19.47-PM-600x743.jpeg 600w, https:\/\/laprensacristiana.com\/wp-content\/uploads\/2019\/01\/WhatsApp-Image-2019-01-08-at-3.19.47-PM-242x300.jpeg 242w, https:\/\/laprensacristiana.com\/wp-content\/uploads\/2019\/01\/WhatsApp-Image-2019-01-08-at-3.19.47-PM-768x952.jpeg 768w, https:\/\/laprensacristiana.com\/wp-content\/uploads\/2019\/01\/WhatsApp-Image-2019-01-08-at-3.19.47-PM-826x1024.jpeg 826w, https:\/\/laprensacristiana.com\/wp-content\/uploads\/2019\/01\/WhatsApp-Image-2019-01-08-at-3.19.47-PM-324x400.jpeg 324w, https:\/\/laprensacristiana.com\/wp-content\/uploads\/2019\/01\/WhatsApp-Image-2019-01-08-at-3.19.47-PM-696x862.jpeg 696w, https:\/\/laprensacristiana.com\/wp-content\/uploads\/2019\/01\/WhatsApp-Image-2019-01-08-at-3.19.47-PM-339x420.jpeg 339w\" sizes=\"(max-width: 1033px) 100vw, 1033px\" \/><\/p>\n<p>Cortes\u00eda cuenta oficial de instagram Miguel Arr\u00e1zola hijo<br \/>\n<script type=\"text\/javascript\" src=\"http:\/\/7298805.collect.igodigital.com\/collect.js\"><\/script><br \/>\n<script type=\"text\/javascript\">\n_etmc.push([\"setOrgId\", \"7298805\"]);\n_etmc.push([\"setUserInfo\", {\n\"email\" : %%email%%,\n\"details\" : {\n\"first_name\" : %%first_name%%,\n}\n}]);\n_etmc.push([\"trackPageView\"]);\n<\/script><\/p>\n","protected":false},"excerpt":{"rendered":"<p>Hace unos d\u00edas Miguel Arr\u00e1zola pastor y fundador de Iglesia Cristiana Familiar R\u00edos de Vida en Cartagena, Colombia, a trav\u00e9s de sus redes sociales comunic\u00f3 que sus suegros, su hijo y la esposa de su hijo fueron agredidos por unos vandalos, mientras manejaban tiraron agua en su parabrisas lo que ocasiono un accidente. Sus suegros [&hellip;]<\/p>\n","protected":false},"author":3,"featured_media":4941,"comment_status":"open","ping_status":"open","sticky":false,"template":"","format":"standard","meta":[],"categories":[56],"tags":[],"yoast_head":"<!-- This site is optimized with the Yoast SEO plugin v20.8 - https:\/\/yoast.com\/wordpress\/plugins\/seo\/ -->\n<title>Agreden a familia de Pastor Miguel Arr\u00e1zola en Colombia - La Prensa Cristiana<\/title>\n<meta name=\"robots\" content=\"index, follow, max-snippet:-1, max-image-preview:large, max-video-preview:-1\" \/>\n<link rel=\"canonical\" href=\"https:\/\/laprensacristiana.com\/?p=4939\" \/>\n<meta property=\"og:locale\" content=\"es_ES\" \/>\n<meta property=\"og:type\" content=\"article\" \/>\n<meta property=\"og:title\" content=\"Agreden a familia de Pastor Miguel Arr\u00e1zola en Colombia - La Prensa Cristiana\" \/>\n<meta property=\"og:description\" content=\"Hace unos d\u00edas Miguel Arr\u00e1zola pastor y fundador de Iglesia Cristiana Familiar R\u00edos de Vida en Cartagena, Colombia, a trav\u00e9s de sus redes sociales comunic\u00f3 que sus suegros, su hijo y la esposa de su hijo fueron agredidos por unos vandalos, mientras manejaban tiraron agua en su parabrisas lo que ocasiono un accidente. Sus suegros [&hellip;]\" \/>\n<meta property=\"og:url\" content=\"https:\/\/laprensacristiana.com\/?p=4939\" \/>\n<meta property=\"og:site_name\" content=\"La Prensa Cristiana\" \/>\n<meta property=\"article:published_time\" content=\"2019-01-08T22:22:19+00:00\" \/>\n<meta property=\"article:modified_time\" content=\"2020-07-01T22:53:57+00:00\" \/>\n<meta property=\"og:image\" content=\"https:\/\/laprensacristiana.com\/wp-content\/uploads\/2019\/01\/WhatsApp-Image-2019-01-08-at-4.20.31-PM-1.jpeg\" \/>\n\t<meta property=\"og:image:width\" content=\"1080\" \/>\n\t<meta property=\"og:image:height\" content=\"792\" \/>\n\t<meta property=\"og:image:type\" content=\"image\/jpeg\" \/>\n<meta name=\"author\" content=\"EDITOR\" \/>\n<meta name=\"twitter:card\" content=\"summary_large_image\" \/>\n<meta name=\"twitter:label1\" content=\"Escrito por\" \/>\n\t<meta name=\"twitter:data1\" content=\"EDITOR\" \/>\n\t<meta name=\"twitter:label2\" content=\"Tiempo de lectura\" \/>\n\t<meta name=\"twitter:data2\" content=\"2 minutos\" \/>\n<script type=\"application\/ld+json\" class=\"yoast-schema-graph\">{\"@context\":\"https:\/\/schema.org\",\"@graph\":[{\"@type\":\"WebPage\",\"@id\":\"https:\/\/laprensacristiana.com\/?p=4939\",\"url\":\"https:\/\/laprensacristiana.com\/?p=4939\",\"name\":\"Agreden a familia de Pastor Miguel Arr\u00e1zola en Colombia - La Prensa Cristiana\",\"isPartOf\":{\"@id\":\"https:\/\/laprensacristiana.com\/#website\"},\"datePublished\":\"2019-01-08T22:22:19+00:00\",\"dateModified\":\"2020-07-01T22:53:57+00:00\",\"author\":{\"@id\":\"https:\/\/laprensacristiana.com\/#\/schema\/person\/3e7d82c6bfd6b1fa67010f8f7cd5256e\"},\"breadcrumb\":{\"@id\":\"https:\/\/laprensacristiana.com\/?p=4939#breadcrumb\"},\"inLanguage\":\"es\",\"potentialAction\":[{\"@type\":\"ReadAction\",\"target\":[\"https:\/\/laprensacristiana.com\/?p=4939\"]}]},{\"@type\":\"BreadcrumbList\",\"@id\":\"https:\/\/laprensacristiana.com\/?p=4939#breadcrumb\",\"itemListElement\":[{\"@type\":\"ListItem\",\"position\":1,\"name\":\"Portada\",\"item\":\"https:\/\/laprensacristiana.com\/\"},{\"@type\":\"ListItem\",\"position\":2,\"name\":\"Agreden a familia de Pastor Miguel Arr\u00e1zola en Colombia\"}]},{\"@type\":\"WebSite\",\"@id\":\"https:\/\/laprensacristiana.com\/#website\",\"url\":\"https:\/\/laprensacristiana.com\/\",\"name\":\"La Prensa Cristiana\",\"description\":\"Anunciando Las Buenas Nuevas\",\"potentialAction\":[{\"@type\":\"SearchAction\",\"target\":{\"@type\":\"EntryPoint\",\"urlTemplate\":\"https:\/\/laprensacristiana.com\/?s={search_term_string}\"},\"query-input\":\"required name=search_term_string\"}],\"inLanguage\":\"es\"},{\"@type\":\"Person\",\"@id\":\"https:\/\/laprensacristiana.com\/#\/schema\/person\/3e7d82c6bfd6b1fa67010f8f7cd5256e\",\"name\":\"EDITOR\",\"image\":{\"@type\":\"ImageObject\",\"inLanguage\":\"es\",\"@id\":\"https:\/\/laprensacristiana.com\/#\/schema\/person\/image\/\",\"url\":\"https:\/\/secure.gravatar.com\/avatar\/72069dfb6c13772d9e8381e3638666d2?s=96&d=mm&r=g\",\"contentUrl\":\"https:\/\/secure.gravatar.com\/avatar\/72069dfb6c13772d9e8381e3638666d2?s=96&d=mm&r=g\",\"caption\":\"EDITOR\"},\"url\":\"https:\/\/laprensacristiana.com\/?author=3\"}]}<\/script>\n<!-- \/ Yoast SEO plugin. -->","yoast_head_json":{"title":"Agreden a familia de Pastor Miguel Arr\u00e1zola en Colombia - La Prensa Cristiana","robots":{"index":"index","follow":"follow","max-snippet":"max-snippet:-1","max-image-preview":"max-image-preview:large","max-video-preview":"max-video-preview:-1"},"canonical":"https:\/\/laprensacristiana.com\/?p=4939","og_locale":"es_ES","og_type":"article","og_title":"Agreden a familia de Pastor Miguel Arr\u00e1zola en Colombia - La Prensa Cristiana","og_description":"Hace unos d\u00edas Miguel Arr\u00e1zola pastor y fundador de Iglesia Cristiana Familiar R\u00edos de Vida en Cartagena, Colombia, a trav\u00e9s de sus redes sociales comunic\u00f3 que sus suegros, su hijo y la esposa de su hijo fueron agredidos por unos vandalos, mientras manejaban tiraron agua en su parabrisas lo que ocasiono un accidente. Sus suegros [&hellip;]","og_url":"https:\/\/laprensacristiana.com\/?p=4939","og_site_name":"La Prensa Cristiana","article_published_time":"2019-01-08T22:22:19+00:00","article_modified_time":"2020-07-01T22:53:57+00:00","og_image":[{"width":1080,"height":792,"url":"https:\/\/laprensacristiana.com\/wp-content\/uploads\/2019\/01\/WhatsApp-Image-2019-01-08-at-4.20.31-PM-1.jpeg","type":"image\/jpeg"}],"author":"EDITOR","twitter_card":"summary_large_image","twitter_misc":{"Escrito por":"EDITOR","Tiempo de lectura":"2 minutos"},"schema":{"@context":"https:\/\/schema.org","@graph":[{"@type":"WebPage","@id":"https:\/\/laprensacristiana.com\/?p=4939","url":"https:\/\/laprensacristiana.com\/?p=4939","name":"Agreden a familia de Pastor Miguel Arr\u00e1zola en Colombia - La Prensa Cristiana","isPartOf":{"@id":"https:\/\/laprensacristiana.com\/#website"},"datePublished":"2019-01-08T22:22:19+00:00","dateModified":"2020-07-01T22:53:57+00:00","author":{"@id":"https:\/\/laprensacristiana.com\/#\/schema\/person\/3e7d82c6bfd6b1fa67010f8f7cd5256e"},"breadcrumb":{"@id":"https:\/\/laprensacristiana.com\/?p=4939#breadcrumb"},"inLanguage":"es","potentialAction":[{"@type":"ReadAction","target":["https:\/\/laprensacristiana.com\/?p=4939"]}]},{"@type":"BreadcrumbList","@id":"https:\/\/laprensacristiana.com\/?p=4939#breadcrumb","itemListElement":[{"@type":"ListItem","position":1,"name":"Portada","item":"https:\/\/laprensacristiana.com\/"},{"@type":"ListItem","position":2,"name":"Agreden a familia de Pastor Miguel Arr\u00e1zola en Colombia"}]},{"@type":"WebSite","@id":"https:\/\/laprensacristiana.com\/#website","url":"https:\/\/laprensacristiana.com\/","name":"La Prensa Cristiana","description":"Anunciando Las Buenas Nuevas","potentialAction":[{"@type":"SearchAction","target":{"@type":"EntryPoint","urlTemplate":"https:\/\/laprensacristiana.com\/?s={search_term_string}"},"query-input":"required name=search_term_string"}],"inLanguage":"es"},{"@type":"Person","@id":"https:\/\/laprensacristiana.com\/#\/schema\/person\/3e7d82c6bfd6b1fa67010f8f7cd5256e","name":"EDITOR","image":{"@type":"ImageObject","inLanguage":"es","@id":"https:\/\/laprensacristiana.com\/#\/schema\/person\/image\/","url":"https:\/\/secure.gravatar.com\/avatar\/72069dfb6c13772d9e8381e3638666d2?s=96&d=mm&r=g","contentUrl":"https:\/\/secure.gravatar.com\/avatar\/72069dfb6c13772d9e8381e3638666d2?s=96&d=mm&r=g","caption":"EDITOR"},"url":"https:\/\/laprensacristiana.com\/?author=3"}]}},"_links":{"self":[{"href":"https:\/\/laprensacristiana.com\/index.php?rest_route=\/wp\/v2\/posts\/4939"}],"collection":[{"href":"https:\/\/laprensacristiana.com\/index.php?rest_route=\/wp\/v2\/posts"}],"about":[{"href":"https:\/\/laprensacristiana.com\/index.php?rest_route=\/wp\/v2\/types\/post"}],"author":[{"embeddable":true,"href":"https:\/\/laprensacristiana.com\/index.php?rest_route=\/wp\/v2\/users\/3"}],"replies":[{"embeddable":true,"href":"https:\/\/laprensacristiana.com\/index.php?rest_route=%2Fwp%2Fv2%2Fcomments&post=4939"}],"version-history":[{"count":5,"href":"https:\/\/laprensacristiana.com\/index.php?rest_route=\/wp\/v2\/posts\/4939\/revisions"}],"predecessor-version":[{"id":5139,"href":"https:\/\/laprensacristiana.com\/index.php?rest_route=\/wp\/v2\/posts\/4939\/revisions\/5139"}],"wp:featuredmedia":[{"embeddable":true,"href":"https:\/\/laprensacristiana.com\/index.php?rest_route=\/wp\/v2\/media\/4941"}],"wp:attachment":[{"href":"https:\/\/laprensacristiana.com\/index.php?rest_route=%2Fwp%2Fv2%2Fmedia&parent=4939"}],"wp:term":[{"taxonomy":"category","embeddable":true,"href":"https:\/\/laprensacristiana.com\/index.php?rest_route=%2Fwp%2Fv2%2Fcategories&post=4939"},{"taxonomy":"post_tag","embeddable":true,"href":"https:\/\/laprensacristiana.com\/index.php?rest_route=%2Fwp%2Fv2%2Ftags&post=4939"}],"curies":[{"name":"wp","href":"https:\/\/api.w.org\/{rel}","templated":true}]}}