{"id":4946,"date":"2019-01-09T15:39:26","date_gmt":"2019-01-09T15:39:26","guid":{"rendered":"https:\/\/laprensacristiana.com\/?p=4946"},"modified":"2019-02-13T06:48:00","modified_gmt":"2019-02-13T06:48:00","slug":"4946","status":"publish","type":"post","link":"https:\/\/laprensacristiana.com\/?p=4946","title":{"rendered":"Prop\u00f3sito con reflexi\u00f3n y planificaci\u00f3n"},"content":{"rendered":"<p style=\"text-align: justify;\"><span style=\"color: #800000;\">Hola Dra.<\/span><\/p>\n<p style=\"text-align: justify;\"><span style=\"color: #800000;\">Muchas gracias por todos sus consejos, yo la sigo en los programas de t.v., radio y por ac\u00e1 en la prensa cristiana. Ud es una bendici\u00f3n para mi vida. Quiero preguntarle, c\u00f3mo puedo hacer para cumplir con mis prop\u00f3sitos de a\u00f1o nuevo?, todos los a\u00f1os pienso en lo que quiero hacer, y pocas veces lo logro.<\/span><\/p>\n<p style=\"text-align: justify;\">\u00a0Estimada lectora:<\/p>\n<p>Muchas gracias por sus lindas palabras. Realmente amo lo que hago, disfruto mucho exponer mis dones al servicio de los dem\u00e1s.<\/p>\n<p style=\"text-align: justify;\">Referente a su consulta, frecuentemente muchas personas no alcanzan sus prop\u00f3sitos del a\u00f1o nuevo. Posiblemente, debido a que sus prop\u00f3sitos son poco alcanzables, porque no se tiene el h\u00e1bito o no emergen del coraz\u00f3n.<\/p>\n<p style=\"text-align: justify;\">Antes de establecer los prop\u00f3sitos para un a\u00f1o nuevo, debemos de hacer una reflexi\u00f3n sobre c\u00f3mo ha sido nuestra vida en el a\u00f1o presente, en todas las \u00e1reas: espiritual,\u00a0 de pareja, familiar, social, f\u00edsico, laboral, acad\u00e9mico, etc.<\/p>\n<p style=\"text-align: justify;\">Puede emplear una t\u00e9cnica llamada FODA.<\/p>\n<table style=\"height: 169px;\" width=\"531\">\n<tbody>\n<tr>\n<td width=\"169\">Fortalezas<\/p>\n<p>&nbsp;<\/td>\n<td width=\"152\">Debilidades<\/td>\n<\/tr>\n<tr>\n<td width=\"169\">Oportunidades<\/p>\n<p>&nbsp;<\/td>\n<td width=\"152\">Amenazas<\/p>\n<p style=\"text-align: justify;\">\n<\/td>\n<\/tr>\n<\/tbody>\n<\/table>\n<p>&nbsp;<\/p>\n<p style=\"text-align: justify;\">Identificar\u00e1 el FODA para cada \u00e1rea. Cu\u00e1les han sido sus fortalezas y debilidades (en el \u00e1rea espiritual,\u00a0 de pareja, familiar, social, f\u00edsico, laboral, acad\u00e9mico, etc.) en el 2018, cu\u00e1les pueden ser sus oportunidades y amenazas (en cada \u00e1rea) para el 2019.<\/p>\n<p style=\"text-align: justify;\">Teniendo claridad con el FODA, puede plantearse prop\u00f3sitos m\u00e1s claros, espec\u00edficos y alcanzables.<\/p>\n<p>Una vez que los prop\u00f3sitos est\u00e9n claros, continuamos con el desglose en tiempo y actividades, con el fin de alcanzarlos. Hacemos una agenda. Va a planificar su a\u00f1o 2019.<\/p>\n<p>Es b\u00e1sica la planificaci\u00f3n de cada a\u00f1o de nuestra vida, as\u00ed como organizamos nuestro tiempo para responder a las diferentes demandas de trabajo, familia, deporte; tambi\u00e9n tenemos que planificar el camino para alcanzar nuestros prop\u00f3sitos; sino corremos el riesgo que transcurra un a\u00f1o m\u00e1s de vida y continuemos en el mismo status quo.<\/p>\n<p>Le invito a que este a\u00f1o haga las cosas diferentes, ver\u00e1 que tendr\u00e1 resultados diferentes.<\/p>\n<p>\u201cImagina una nueva historia en tu vida, ponle toda la fuerza de tu coraz\u00f3n, una actitud positiva y ser\u00e1 tu historia\u201d.<\/p>\n<p style=\"text-align: justify;\">Dios te bendiga.<\/p>\n<p style=\"text-align: justify;\">Camarena.<\/p>\n<p style=\"text-align: justify;\">Fan-page: camarenapsicologia<\/p>\n<p style=\"text-align: justify;\">Instagram: @camarenapsicologia<\/p>\n<p style=\"text-align: justify;\">Tel\u00e9fono: 2264-3745<\/p>\n<p>Whatsapp: 7746-0188<\/p>\n<p><script type=\"text\/javascript\" src=\"http:\/\/7298805.collect.igodigital.com\/collect.js\"><\/script><br \/>\n<script type=\"text\/javascript\">\n_etmc.push([\"setOrgId\", \"7298805\"]);\n_etmc.push([\"setUserInfo\", {\n\"email\" : %%email%%,\n\"details\" : {\n\"first_name\" : %%first_name%%,\n}\n}]);\n_etmc.push([\"trackPageView\"]);\n<\/script><\/p>\n","protected":false},"excerpt":{"rendered":"<p>Hola Dra. Muchas gracias por todos sus consejos, yo la sigo en los programas de t.v., radio y por ac\u00e1 en la prensa cristiana. Ud es una bendici\u00f3n para mi vida. Quiero preguntarle, c\u00f3mo puedo hacer para cumplir con mis prop\u00f3sitos de a\u00f1o nuevo?, todos los a\u00f1os pienso en lo que quiero hacer, y pocas [&hellip;]<\/p>\n","protected":false},"author":3,"featured_media":4739,"comment_status":"open","ping_status":"open","sticky":false,"template":"","format":"standard","meta":[],"categories":[1],"tags":[],"yoast_head":"<!-- This site is optimized with the Yoast SEO plugin v20.8 - https:\/\/yoast.com\/wordpress\/plugins\/seo\/ -->\n<title>Prop\u00f3sito con reflexi\u00f3n y planificaci\u00f3n - La Prensa Cristiana<\/title>\n<meta name=\"robots\" content=\"index, follow, max-snippet:-1, max-image-preview:large, max-video-preview:-1\" \/>\n<link rel=\"canonical\" href=\"https:\/\/laprensacristiana.com\/?p=4946\" \/>\n<meta property=\"og:locale\" content=\"es_ES\" \/>\n<meta property=\"og:type\" content=\"article\" \/>\n<meta property=\"og:title\" content=\"Prop\u00f3sito con reflexi\u00f3n y planificaci\u00f3n - La Prensa Cristiana\" \/>\n<meta property=\"og:description\" content=\"Hola Dra. Muchas gracias por todos sus consejos, yo la sigo en los programas de t.v., radio y por ac\u00e1 en la prensa cristiana. Ud es una bendici\u00f3n para mi vida. Quiero preguntarle, c\u00f3mo puedo hacer para cumplir con mis prop\u00f3sitos de a\u00f1o nuevo?, todos los a\u00f1os pienso en lo que quiero hacer, y pocas [&hellip;]\" \/>\n<meta property=\"og:url\" content=\"https:\/\/laprensacristiana.com\/?p=4946\" \/>\n<meta property=\"og:site_name\" content=\"La Prensa Cristiana\" \/>\n<meta property=\"article:published_time\" content=\"2019-01-09T15:39:26+00:00\" \/>\n<meta property=\"article:modified_time\" content=\"2019-02-13T06:48:00+00:00\" \/>\n<meta property=\"og:image\" content=\"https:\/\/laprensacristiana.com\/wp-content\/uploads\/2018\/11\/WhatsApp-Image-2018-03-14-at-14.40.01.jpeg\" \/>\n\t<meta property=\"og:image:width\" content=\"1280\" \/>\n\t<meta property=\"og:image:height\" content=\"714\" \/>\n\t<meta property=\"og:image:type\" content=\"image\/jpeg\" \/>\n<meta name=\"author\" content=\"EDITOR\" \/>\n<meta name=\"twitter:card\" content=\"summary_large_image\" \/>\n<meta name=\"twitter:label1\" content=\"Escrito por\" \/>\n\t<meta name=\"twitter:data1\" content=\"EDITOR\" \/>\n\t<meta name=\"twitter:label2\" content=\"Tiempo de lectura\" \/>\n\t<meta name=\"twitter:data2\" content=\"2 minutos\" \/>\n<script type=\"application\/ld+json\" class=\"yoast-schema-graph\">{\"@context\":\"https:\/\/schema.org\",\"@graph\":[{\"@type\":\"WebPage\",\"@id\":\"https:\/\/laprensacristiana.com\/?p=4946\",\"url\":\"https:\/\/laprensacristiana.com\/?p=4946\",\"name\":\"Prop\u00f3sito con reflexi\u00f3n y planificaci\u00f3n - La Prensa Cristiana\",\"isPartOf\":{\"@id\":\"https:\/\/laprensacristiana.com\/#website\"},\"datePublished\":\"2019-01-09T15:39:26+00:00\",\"dateModified\":\"2019-02-13T06:48:00+00:00\",\"author\":{\"@id\":\"https:\/\/laprensacristiana.com\/#\/schema\/person\/3e7d82c6bfd6b1fa67010f8f7cd5256e\"},\"breadcrumb\":{\"@id\":\"https:\/\/laprensacristiana.com\/?p=4946#breadcrumb\"},\"inLanguage\":\"es\",\"potentialAction\":[{\"@type\":\"ReadAction\",\"target\":[\"https:\/\/laprensacristiana.com\/?p=4946\"]}]},{\"@type\":\"BreadcrumbList\",\"@id\":\"https:\/\/laprensacristiana.com\/?p=4946#breadcrumb\",\"itemListElement\":[{\"@type\":\"ListItem\",\"position\":1,\"name\":\"Portada\",\"item\":\"https:\/\/laprensacristiana.com\/\"},{\"@type\":\"ListItem\",\"position\":2,\"name\":\"Prop\u00f3sito con reflexi\u00f3n y planificaci\u00f3n\"}]},{\"@type\":\"WebSite\",\"@id\":\"https:\/\/laprensacristiana.com\/#website\",\"url\":\"https:\/\/laprensacristiana.com\/\",\"name\":\"La Prensa Cristiana\",\"description\":\"Anunciando Las Buenas Nuevas\",\"potentialAction\":[{\"@type\":\"SearchAction\",\"target\":{\"@type\":\"EntryPoint\",\"urlTemplate\":\"https:\/\/laprensacristiana.com\/?s={search_term_string}\"},\"query-input\":\"required name=search_term_string\"}],\"inLanguage\":\"es\"},{\"@type\":\"Person\",\"@id\":\"https:\/\/laprensacristiana.com\/#\/schema\/person\/3e7d82c6bfd6b1fa67010f8f7cd5256e\",\"name\":\"EDITOR\",\"image\":{\"@type\":\"ImageObject\",\"inLanguage\":\"es\",\"@id\":\"https:\/\/laprensacristiana.com\/#\/schema\/person\/image\/\",\"url\":\"https:\/\/secure.gravatar.com\/avatar\/72069dfb6c13772d9e8381e3638666d2?s=96&d=mm&r=g\",\"contentUrl\":\"https:\/\/secure.gravatar.com\/avatar\/72069dfb6c13772d9e8381e3638666d2?s=96&d=mm&r=g\",\"caption\":\"EDITOR\"},\"url\":\"https:\/\/laprensacristiana.com\/?author=3\"}]}<\/script>\n<!-- \/ Yoast SEO plugin. -->","yoast_head_json":{"title":"Prop\u00f3sito con reflexi\u00f3n y planificaci\u00f3n - La Prensa Cristiana","robots":{"index":"index","follow":"follow","max-snippet":"max-snippet:-1","max-image-preview":"max-image-preview:large","max-video-preview":"max-video-preview:-1"},"canonical":"https:\/\/laprensacristiana.com\/?p=4946","og_locale":"es_ES","og_type":"article","og_title":"Prop\u00f3sito con reflexi\u00f3n y planificaci\u00f3n - La Prensa Cristiana","og_description":"Hola Dra. Muchas gracias por todos sus consejos, yo la sigo en los programas de t.v., radio y por ac\u00e1 en la prensa cristiana. Ud es una bendici\u00f3n para mi vida. Quiero preguntarle, c\u00f3mo puedo hacer para cumplir con mis prop\u00f3sitos de a\u00f1o nuevo?, todos los a\u00f1os pienso en lo que quiero hacer, y pocas [&hellip;]","og_url":"https:\/\/laprensacristiana.com\/?p=4946","og_site_name":"La Prensa Cristiana","article_published_time":"2019-01-09T15:39:26+00:00","article_modified_time":"2019-02-13T06:48:00+00:00","og_image":[{"width":1280,"height":714,"url":"https:\/\/laprensacristiana.com\/wp-content\/uploads\/2018\/11\/WhatsApp-Image-2018-03-14-at-14.40.01.jpeg","type":"image\/jpeg"}],"author":"EDITOR","twitter_card":"summary_large_image","twitter_misc":{"Escrito por":"EDITOR","Tiempo de lectura":"2 minutos"},"schema":{"@context":"https:\/\/schema.org","@graph":[{"@type":"WebPage","@id":"https:\/\/laprensacristiana.com\/?p=4946","url":"https:\/\/laprensacristiana.com\/?p=4946","name":"Prop\u00f3sito con reflexi\u00f3n y planificaci\u00f3n - La Prensa Cristiana","isPartOf":{"@id":"https:\/\/laprensacristiana.com\/#website"},"datePublished":"2019-01-09T15:39:26+00:00","dateModified":"2019-02-13T06:48:00+00:00","author":{"@id":"https:\/\/laprensacristiana.com\/#\/schema\/person\/3e7d82c6bfd6b1fa67010f8f7cd5256e"},"breadcrumb":{"@id":"https:\/\/laprensacristiana.com\/?p=4946#breadcrumb"},"inLanguage":"es","potentialAction":[{"@type":"ReadAction","target":["https:\/\/laprensacristiana.com\/?p=4946"]}]},{"@type":"BreadcrumbList","@id":"https:\/\/laprensacristiana.com\/?p=4946#breadcrumb","itemListElement":[{"@type":"ListItem","position":1,"name":"Portada","item":"https:\/\/laprensacristiana.com\/"},{"@type":"ListItem","position":2,"name":"Prop\u00f3sito con reflexi\u00f3n y planificaci\u00f3n"}]},{"@type":"WebSite","@id":"https:\/\/laprensacristiana.com\/#website","url":"https:\/\/laprensacristiana.com\/","name":"La Prensa Cristiana","description":"Anunciando Las Buenas Nuevas","potentialAction":[{"@type":"SearchAction","target":{"@type":"EntryPoint","urlTemplate":"https:\/\/laprensacristiana.com\/?s={search_term_string}"},"query-input":"required name=search_term_string"}],"inLanguage":"es"},{"@type":"Person","@id":"https:\/\/laprensacristiana.com\/#\/schema\/person\/3e7d82c6bfd6b1fa67010f8f7cd5256e","name":"EDITOR","image":{"@type":"ImageObject","inLanguage":"es","@id":"https:\/\/laprensacristiana.com\/#\/schema\/person\/image\/","url":"https:\/\/secure.gravatar.com\/avatar\/72069dfb6c13772d9e8381e3638666d2?s=96&d=mm&r=g","contentUrl":"https:\/\/secure.gravatar.com\/avatar\/72069dfb6c13772d9e8381e3638666d2?s=96&d=mm&r=g","caption":"EDITOR"},"url":"https:\/\/laprensacristiana.com\/?author=3"}]}},"_links":{"self":[{"href":"https:\/\/laprensacristiana.com\/index.php?rest_route=\/wp\/v2\/posts\/4946"}],"collection":[{"href":"https:\/\/laprensacristiana.com\/index.php?rest_route=\/wp\/v2\/posts"}],"about":[{"href":"https:\/\/laprensacristiana.com\/index.php?rest_route=\/wp\/v2\/types\/post"}],"author":[{"embeddable":true,"href":"https:\/\/laprensacristiana.com\/index.php?rest_route=\/wp\/v2\/users\/3"}],"replies":[{"embeddable":true,"href":"https:\/\/laprensacristiana.com\/index.php?rest_route=%2Fwp%2Fv2%2Fcomments&post=4946"}],"version-history":[{"count":4,"href":"https:\/\/laprensacristiana.com\/index.php?rest_route=\/wp\/v2\/posts\/4946\/revisions"}],"predecessor-version":[{"id":5138,"href":"https:\/\/laprensacristiana.com\/index.php?rest_route=\/wp\/v2\/posts\/4946\/revisions\/5138"}],"wp:featuredmedia":[{"embeddable":true,"href":"https:\/\/laprensacristiana.com\/index.php?rest_route=\/wp\/v2\/media\/4739"}],"wp:attachment":[{"href":"https:\/\/laprensacristiana.com\/index.php?rest_route=%2Fwp%2Fv2%2Fmedia&parent=4946"}],"wp:term":[{"taxonomy":"category","embeddable":true,"href":"https:\/\/laprensacristiana.com\/index.php?rest_route=%2Fwp%2Fv2%2Fcategories&post=4946"},{"taxonomy":"post_tag","embeddable":true,"href":"https:\/\/laprensacristiana.com\/index.php?rest_route=%2Fwp%2Fv2%2Ftags&post=4946"}],"curies":[{"name":"wp","href":"https:\/\/api.w.org\/{rel}","templated":true}]}}