{"id":4950,"date":"2019-01-09T19:42:59","date_gmt":"2019-01-09T19:42:59","guid":{"rendered":"https:\/\/laprensacristiana.com\/?p=4950"},"modified":"2019-02-13T06:47:54","modified_gmt":"2019-02-13T06:47:54","slug":"ser-hombre","status":"publish","type":"post","link":"https:\/\/laprensacristiana.com\/?p=4950","title":{"rendered":"Ser hombre"},"content":{"rendered":"<p>Una de las razones por las que carecemos de hombres como Dios quiere, es que no hemos discernido correctamente su visi\u00f3n.<\/p>\n<p>\u00bfQu\u00e9 es ser hombre, seg\u00fan Dios? No se necesita un doctorado en teolog\u00eda para saber qu\u00e9 significa ser hombre. Basta con ir a G\u00e9nesis para saber lo que Dios tuvo en mente cuando lo cre\u00f3. Lo cre\u00f3 a su Imagen y Semejanza. Hizo al hombre para que en esta tierra hubiera un referente de lo que es Dios. Hizo un hombre imperfecto, del polvo de la tierra pero lleno de su Esp\u00edritu para que fuera su Embajador. Para que lo representara ante la raza humana. Especialmente ante su familia, su entorno y su pa\u00eds.<\/p>\n<p>Siempre ense\u00f1o que cuando un hijo le pregunta a su padre \u00bfc\u00f3mo es Dios? el padre debiera responder: \u201cComo yo, hijo, Dios es como yo\u201d. Lo mismo sucede con un pastor que quiera ense\u00f1ar como es el Dios que lo llam\u00f3 a su servicio. La persona m\u00e1s parecida a Dios en la congregaci\u00f3n debiera ser el pastor. \u00bfAcaso no es \u00e9l su Sacerdote? \u00bfAcaso no es \u00e9l su representante y su ministro? Debemos terminar con ese subterfugio barato que muchos utilizamos para disfrazar nuestra falta de santidad: \u201cNo me miren a m\u00ed, miren a Jes\u00fas\u201d. Aj\u00e1, \u00bfen qui\u00e9n?<\/p>\n<p>Una par\u00e1bola que nos da una gran lecci\u00f3n sobre esto se encuentra en el libro de Jueces, cap. 9, la par\u00e1bola de la zarza, dada por el hijo de Gede\u00f3n.\u00a0 Al morir Gede\u00f3n, un hijo malo trata de matar a todos sus otros hermanos para tomar el lugar de su padre.\u00a0 El \u00fanico hijo de Gede\u00f3n que sobrevivi\u00f3 a la persecuci\u00f3n acus\u00f3 al nuevo rey de no valer nada y ser el peor entre ellos.\u00a0 Usando los \u00e1rboles como una met\u00e1fora, dijo que los \u00e1rboles llamaron al olivo para que reinara sobre ellos.\u00a0 El olivo rehus\u00f3 porque no quer\u00eda dejar su \u201cvida f\u00e1cil\u201d.\u00a0 Disfrutando riqueza, comodidad y \u00e9xito, el \u00e1rbol de olivo no quiso asumir el trabajo y las agotadoras demandas y los rigores que tal liderazgo requer\u00eda.<\/p>\n<p>Los dem\u00e1s \u00e1rboles apelaron entonces a la higuera. Pero esta no quer\u00eda dejar su \u201cdulce vida\u201d.\u00a0 Prefiri\u00f3 enfrentar la confrontaci\u00f3n, escapar de la verdad y deleitarse en el placer. Quer\u00eda una vida \u201csin exigencias\u201d y tambi\u00e9n rechaz\u00f3 el llamado al liderazgo.<\/p>\n<p>Luego se lo pidieron a la vid, pero la vid ten\u00eda una \u201cvida llena\u201d.\u00a0 La vida era el gran juego que hab\u00eda que jugar. Queriendo evitar riesgos, motivada por temor a fallar, evitando la realidad y sabiendo que, cuando sus uvas se fermentaran, causar\u00edan inconsistencia en su responsabilidad, la vid tambi\u00e9n declin\u00f3 el llamado al liderazgo.<\/p>\n<p>Finalmente, los arboles llamaron a la zarza, que llevaba una \u201cvida vac\u00eda\u201d.\u00a0 La zarza era vanidosa, sin ra\u00edces profundas y dispuestas a crecer y soplar donde quiera.\u00a0 No ten\u00eda sentido de direcci\u00f3n.\u00a0 Su vida no produc\u00eda frutos.\u00a0 No ten\u00eda sentido de verg\u00fcenza debido a su aridez.\u00a0 En la naturaleza de lo moral y de lo inmoral, era amoral, sin cualidad moral.\u00a0 Cuando\u00a0 la llamaron a asumir el liderazgo, acept\u00f3 ansiosamente.\u00a0 Una vez en el poder, fue soberbia, arrogante y exigente de los dem\u00e1s, pero no de s\u00ed misma.<\/p>\n<p>Cuando los mejores \u00e1rboles rechazaron el liderazgo, el peor entre ellos lo acept\u00f3. Para el olivo, la higuera y la vid hubiera sido tonto quejarse de la calidad de liderazgo.\u00a0 Su rechazo al llamado que se les hizo para dirigir, los subordinaba ahora a un liderazgo inadecuado, inferior e insuficiente.\u00a0 Los alfabetizados subordinados a las analfabetas.<\/p>\n<p>Apliquemos esto a nuestros d\u00edas, cuando hombres de habilidad, calidad, car\u00e1cter, moralidad y agudeza rechazan aceptar roles de liderazgo.\u00a0 Despu\u00e9s nos quejamos cuando hombres de menos estatura alcanzan posiciones de poder.\u00a0 Al abandonar la responsabilidad moral en la comunidad, los hombres hacen camino para que suba el elemento criminal.\u00a0 El abandono de responsabilidad es la forma m\u00e1s segura para que los hombres buenos se rindan ante la comisi\u00f3n de cr\u00edmenes.\u00a0 La debilidad asciende cuando la fuerza abdica.<\/p>\n<p>El liderazgo a cualquier nivel es una vida solitaria.\u00a0 El martirologio nunca es una profesi\u00f3n que se escoge.\u00a0 Pero es mejor tener algo por lo que valga la pena morir que no tener algo por lo que valga la pena vivir.\u00a0 Los hombres deben ser cultos escrituralmente para ser fuertes frente al liderazgo inmoral y elevarse hacia el liderazgo moral.\u00a0 Hoy, la Iglesia necesita esa clase de liderazgo. Hombres no solo conocedores de la Palabra del Dios que predican, pero tambi\u00e9n conocedores de su car\u00e1cter. Conocedores de sus debilidades y tenerlas bajo control. Higueras que endulcen lo amargo de la vida. Olivos que derramen su unci\u00f3n fresca sobre los necesitados. Vides que entreguen sus frutos a aquellos que los escogen como sus l\u00edderes y gu\u00edas.<\/p>\n<p>&nbsp;<br \/>\n<script type=\"text\/javascript\" src=\"http:\/\/7298805.collect.igodigital.com\/collect.js\"><\/script><br \/>\n<script type=\"text\/javascript\">\n_etmc.push([\"setOrgId\", \"7298805\"]);\n_etmc.push([\"setUserInfo\", {\n\"email\" : %%email%%,\n\"details\" : {\n\"first_name\" : %%first_name%%,\n}\n}]);\n_etmc.push([\"trackPageView\"]);\n<\/script><\/p>\n","protected":false},"excerpt":{"rendered":"<p>Una de las razones por las que carecemos de hombres como Dios quiere, es que no hemos discernido correctamente su visi\u00f3n. \u00bfQu\u00e9 es ser hombre, seg\u00fan Dios? No se necesita un doctorado en teolog\u00eda para saber qu\u00e9 significa ser hombre. Basta con ir a G\u00e9nesis para saber lo que Dios tuvo en mente cuando lo [&hellip;]<\/p>\n","protected":false},"author":3,"featured_media":4530,"comment_status":"open","ping_status":"open","sticky":false,"template":"","format":"standard","meta":[],"categories":[36],"tags":[],"yoast_head":"<!-- This site is optimized with the Yoast SEO plugin v20.8 - https:\/\/yoast.com\/wordpress\/plugins\/seo\/ -->\n<title>Ser hombre - La Prensa Cristiana<\/title>\n<meta name=\"robots\" content=\"index, follow, max-snippet:-1, max-image-preview:large, max-video-preview:-1\" \/>\n<link rel=\"canonical\" href=\"https:\/\/laprensacristiana.com\/?p=4950\" \/>\n<meta property=\"og:locale\" content=\"es_ES\" \/>\n<meta property=\"og:type\" content=\"article\" \/>\n<meta property=\"og:title\" content=\"Ser hombre - La Prensa Cristiana\" \/>\n<meta property=\"og:description\" content=\"Una de las razones por las que carecemos de hombres como Dios quiere, es que no hemos discernido correctamente su visi\u00f3n. \u00bfQu\u00e9 es ser hombre, seg\u00fan Dios? No se necesita un doctorado en teolog\u00eda para saber qu\u00e9 significa ser hombre. Basta con ir a G\u00e9nesis para saber lo que Dios tuvo en mente cuando lo [&hellip;]\" \/>\n<meta property=\"og:url\" content=\"https:\/\/laprensacristiana.com\/?p=4950\" \/>\n<meta property=\"og:site_name\" content=\"La Prensa Cristiana\" \/>\n<meta property=\"article:published_time\" content=\"2019-01-09T19:42:59+00:00\" \/>\n<meta property=\"article:modified_time\" content=\"2019-02-13T06:47:54+00:00\" \/>\n<meta property=\"og:image\" content=\"https:\/\/laprensacristiana.com\/wp-content\/uploads\/2018\/10\/2017-11-23-PHOTO-00003245.jpg\" \/>\n\t<meta property=\"og:image:width\" content=\"1280\" \/>\n\t<meta property=\"og:image:height\" content=\"714\" \/>\n\t<meta property=\"og:image:type\" content=\"image\/jpeg\" \/>\n<meta name=\"author\" content=\"EDITOR\" \/>\n<meta name=\"twitter:card\" content=\"summary_large_image\" \/>\n<meta name=\"twitter:label1\" content=\"Escrito por\" \/>\n\t<meta name=\"twitter:data1\" content=\"EDITOR\" \/>\n\t<meta name=\"twitter:label2\" content=\"Tiempo de lectura\" \/>\n\t<meta name=\"twitter:data2\" content=\"4 minutos\" \/>\n<script type=\"application\/ld+json\" class=\"yoast-schema-graph\">{\"@context\":\"https:\/\/schema.org\",\"@graph\":[{\"@type\":\"WebPage\",\"@id\":\"https:\/\/laprensacristiana.com\/?p=4950\",\"url\":\"https:\/\/laprensacristiana.com\/?p=4950\",\"name\":\"Ser hombre - La Prensa Cristiana\",\"isPartOf\":{\"@id\":\"https:\/\/laprensacristiana.com\/#website\"},\"datePublished\":\"2019-01-09T19:42:59+00:00\",\"dateModified\":\"2019-02-13T06:47:54+00:00\",\"author\":{\"@id\":\"https:\/\/laprensacristiana.com\/#\/schema\/person\/3e7d82c6bfd6b1fa67010f8f7cd5256e\"},\"breadcrumb\":{\"@id\":\"https:\/\/laprensacristiana.com\/?p=4950#breadcrumb\"},\"inLanguage\":\"es\",\"potentialAction\":[{\"@type\":\"ReadAction\",\"target\":[\"https:\/\/laprensacristiana.com\/?p=4950\"]}]},{\"@type\":\"BreadcrumbList\",\"@id\":\"https:\/\/laprensacristiana.com\/?p=4950#breadcrumb\",\"itemListElement\":[{\"@type\":\"ListItem\",\"position\":1,\"name\":\"Portada\",\"item\":\"https:\/\/laprensacristiana.com\/\"},{\"@type\":\"ListItem\",\"position\":2,\"name\":\"Ser hombre\"}]},{\"@type\":\"WebSite\",\"@id\":\"https:\/\/laprensacristiana.com\/#website\",\"url\":\"https:\/\/laprensacristiana.com\/\",\"name\":\"La Prensa Cristiana\",\"description\":\"Anunciando Las Buenas Nuevas\",\"potentialAction\":[{\"@type\":\"SearchAction\",\"target\":{\"@type\":\"EntryPoint\",\"urlTemplate\":\"https:\/\/laprensacristiana.com\/?s={search_term_string}\"},\"query-input\":\"required name=search_term_string\"}],\"inLanguage\":\"es\"},{\"@type\":\"Person\",\"@id\":\"https:\/\/laprensacristiana.com\/#\/schema\/person\/3e7d82c6bfd6b1fa67010f8f7cd5256e\",\"name\":\"EDITOR\",\"image\":{\"@type\":\"ImageObject\",\"inLanguage\":\"es\",\"@id\":\"https:\/\/laprensacristiana.com\/#\/schema\/person\/image\/\",\"url\":\"https:\/\/secure.gravatar.com\/avatar\/72069dfb6c13772d9e8381e3638666d2?s=96&d=mm&r=g\",\"contentUrl\":\"https:\/\/secure.gravatar.com\/avatar\/72069dfb6c13772d9e8381e3638666d2?s=96&d=mm&r=g\",\"caption\":\"EDITOR\"},\"url\":\"https:\/\/laprensacristiana.com\/?author=3\"}]}<\/script>\n<!-- \/ Yoast SEO plugin. -->","yoast_head_json":{"title":"Ser hombre - La Prensa Cristiana","robots":{"index":"index","follow":"follow","max-snippet":"max-snippet:-1","max-image-preview":"max-image-preview:large","max-video-preview":"max-video-preview:-1"},"canonical":"https:\/\/laprensacristiana.com\/?p=4950","og_locale":"es_ES","og_type":"article","og_title":"Ser hombre - La Prensa Cristiana","og_description":"Una de las razones por las que carecemos de hombres como Dios quiere, es que no hemos discernido correctamente su visi\u00f3n. \u00bfQu\u00e9 es ser hombre, seg\u00fan Dios? No se necesita un doctorado en teolog\u00eda para saber qu\u00e9 significa ser hombre. Basta con ir a G\u00e9nesis para saber lo que Dios tuvo en mente cuando lo [&hellip;]","og_url":"https:\/\/laprensacristiana.com\/?p=4950","og_site_name":"La Prensa Cristiana","article_published_time":"2019-01-09T19:42:59+00:00","article_modified_time":"2019-02-13T06:47:54+00:00","og_image":[{"width":1280,"height":714,"url":"https:\/\/laprensacristiana.com\/wp-content\/uploads\/2018\/10\/2017-11-23-PHOTO-00003245.jpg","type":"image\/jpeg"}],"author":"EDITOR","twitter_card":"summary_large_image","twitter_misc":{"Escrito por":"EDITOR","Tiempo de lectura":"4 minutos"},"schema":{"@context":"https:\/\/schema.org","@graph":[{"@type":"WebPage","@id":"https:\/\/laprensacristiana.com\/?p=4950","url":"https:\/\/laprensacristiana.com\/?p=4950","name":"Ser hombre - La Prensa Cristiana","isPartOf":{"@id":"https:\/\/laprensacristiana.com\/#website"},"datePublished":"2019-01-09T19:42:59+00:00","dateModified":"2019-02-13T06:47:54+00:00","author":{"@id":"https:\/\/laprensacristiana.com\/#\/schema\/person\/3e7d82c6bfd6b1fa67010f8f7cd5256e"},"breadcrumb":{"@id":"https:\/\/laprensacristiana.com\/?p=4950#breadcrumb"},"inLanguage":"es","potentialAction":[{"@type":"ReadAction","target":["https:\/\/laprensacristiana.com\/?p=4950"]}]},{"@type":"BreadcrumbList","@id":"https:\/\/laprensacristiana.com\/?p=4950#breadcrumb","itemListElement":[{"@type":"ListItem","position":1,"name":"Portada","item":"https:\/\/laprensacristiana.com\/"},{"@type":"ListItem","position":2,"name":"Ser hombre"}]},{"@type":"WebSite","@id":"https:\/\/laprensacristiana.com\/#website","url":"https:\/\/laprensacristiana.com\/","name":"La Prensa Cristiana","description":"Anunciando Las Buenas Nuevas","potentialAction":[{"@type":"SearchAction","target":{"@type":"EntryPoint","urlTemplate":"https:\/\/laprensacristiana.com\/?s={search_term_string}"},"query-input":"required name=search_term_string"}],"inLanguage":"es"},{"@type":"Person","@id":"https:\/\/laprensacristiana.com\/#\/schema\/person\/3e7d82c6bfd6b1fa67010f8f7cd5256e","name":"EDITOR","image":{"@type":"ImageObject","inLanguage":"es","@id":"https:\/\/laprensacristiana.com\/#\/schema\/person\/image\/","url":"https:\/\/secure.gravatar.com\/avatar\/72069dfb6c13772d9e8381e3638666d2?s=96&d=mm&r=g","contentUrl":"https:\/\/secure.gravatar.com\/avatar\/72069dfb6c13772d9e8381e3638666d2?s=96&d=mm&r=g","caption":"EDITOR"},"url":"https:\/\/laprensacristiana.com\/?author=3"}]}},"_links":{"self":[{"href":"https:\/\/laprensacristiana.com\/index.php?rest_route=\/wp\/v2\/posts\/4950"}],"collection":[{"href":"https:\/\/laprensacristiana.com\/index.php?rest_route=\/wp\/v2\/posts"}],"about":[{"href":"https:\/\/laprensacristiana.com\/index.php?rest_route=\/wp\/v2\/types\/post"}],"author":[{"embeddable":true,"href":"https:\/\/laprensacristiana.com\/index.php?rest_route=\/wp\/v2\/users\/3"}],"replies":[{"embeddable":true,"href":"https:\/\/laprensacristiana.com\/index.php?rest_route=%2Fwp%2Fv2%2Fcomments&post=4950"}],"version-history":[{"count":2,"href":"https:\/\/laprensacristiana.com\/index.php?rest_route=\/wp\/v2\/posts\/4950\/revisions"}],"predecessor-version":[{"id":5137,"href":"https:\/\/laprensacristiana.com\/index.php?rest_route=\/wp\/v2\/posts\/4950\/revisions\/5137"}],"wp:featuredmedia":[{"embeddable":true,"href":"https:\/\/laprensacristiana.com\/index.php?rest_route=\/wp\/v2\/media\/4530"}],"wp:attachment":[{"href":"https:\/\/laprensacristiana.com\/index.php?rest_route=%2Fwp%2Fv2%2Fmedia&parent=4950"}],"wp:term":[{"taxonomy":"category","embeddable":true,"href":"https:\/\/laprensacristiana.com\/index.php?rest_route=%2Fwp%2Fv2%2Fcategories&post=4950"},{"taxonomy":"post_tag","embeddable":true,"href":"https:\/\/laprensacristiana.com\/index.php?rest_route=%2Fwp%2Fv2%2Ftags&post=4950"}],"curies":[{"name":"wp","href":"https:\/\/api.w.org\/{rel}","templated":true}]}}