{"id":4962,"date":"2019-01-11T19:30:51","date_gmt":"2019-01-11T19:30:51","guid":{"rendered":"https:\/\/laprensacristiana.com\/?p=4962"},"modified":"2019-02-13T06:47:30","modified_gmt":"2019-02-13T06:47:30","slug":"caracteristicas-de-un-presidente","status":"publish","type":"post","link":"https:\/\/laprensacristiana.com\/?p=4962","title":{"rendered":"Caracter\u00edsticas de un presidente"},"content":{"rendered":"<p style=\"text-align: justify;\">En aras de contribuir a la reflexi\u00f3n que estamos haciendo de cara a las elecciones presidenciales que se avecinan y tomando en cuenta el momento coyuntural que vivimos como pa\u00eds, quiero proponer cinco caracter\u00edsticas a tomar en cuenta al momento de decidir por nuestro futuro presidente:<\/p>\n<ol style=\"text-align: justify;\">\n<li>HONORABILIDAD. Debemos considerar la trayectoria de nuestro futuro presidente y buscar la de aquella persona que muestre una trayectoria honorable. Qu\u00e9 disponga de la formaci\u00f3n de car\u00e1cter que le haga cumplir con sus deberes hacia los dem\u00e1s y hacia s\u00ed mismo.<\/li>\n<li>INCORRUPTIBILIDAD. Dado los casos de corrupci\u00f3n que recientemente han sido ventilados con la opini\u00f3n p\u00fablica y abonado a ello que los recursos del estado deben ser administrados para el bien de toda la poblaci\u00f3n; es imperativo un presidente que trabaja por la transparencia y que soporte el escrutinio de todas las instituciones destinadas a tal fin. (Adem\u00e1s que se requiere del profesionalismo de cada una de esas instancias).<\/li>\n<li>VISI\u00d3N DE FUTURO. Nuestro pa\u00eds enfrenta situaciones que requieren una planeaci\u00f3n estrat\u00e9gica a largo plazo: El endeudamiento, la falta de crecimiento sostenible, la dignificaci\u00f3n de la vida y el trabajo entre otros. Si la visi\u00f3n del futuro presidente solamente es para los pr\u00f3ximos cinco a\u00f1os o peor a\u00fan, solamente para ganar las elecciones, eso no ayuda a este fin.<\/li>\n<li>VISI\u00d3N DE NACI\u00d3N. La persona que nos gobierne debe tener la capacidad de gobernar para todos, no solamente el discurso. Se trata de dirigir a todo El Salvador y desde esa perspectiva debe tener la capacidad de desligarse de sus propios intereses o de los intereses de otros. \u00bfTenemos alg\u00fan candidato que tenga esta cualidad?<\/li>\n<li>CAPACIDAD DE DI\u00c1LOGO, COHESI\u00d3N Y TRABAJO EN EQUIPO. Nos ha tocado vivir en una sociedad pluralista, lo qu\u00e9 implica que tenemos diversidad de criterios y pensamientos. \u00bfPodemos convivir en la diversidad? Creemos que s\u00ed, pero para ello se requiere la capacidad de establecer un di\u00e1logo abierto, comprometido y cohesionador de los diferentes actores sociales.<\/li>\n<\/ol>\n<p style=\"text-align: justify;\">Finalmente, solo me resta preguntar: \u00bfTenemos alg\u00fan candidato con estas caracter\u00edsticas? \u00bfCu\u00e1les de estas caracter\u00edsticas pueden ser aprendidas? \u00bfCu\u00e1les de ellas deber\u00edan ser ya evidentes en el futuro presidente?<\/p>\n<p><script type=\"text\/javascript\" src=\"http:\/\/7298805.collect.igodigital.com\/collect.js\"><\/script><br \/>\n<script type=\"text\/javascript\">\n_etmc.push([\"setOrgId\", \"7298805\"]);\n_etmc.push([\"setUserInfo\", {\n\"email\" : %%email%%,\n\"details\" : {\n\"first_name\" : %%first_name%%,\n}\n}]);\n_etmc.push([\"trackPageView\"]);\n<\/script><\/p>\n","protected":false},"excerpt":{"rendered":"<p>En aras de contribuir a la reflexi\u00f3n que estamos haciendo de cara a las elecciones presidenciales que se avecinan y tomando en cuenta el momento coyuntural que vivimos como pa\u00eds, quiero proponer cinco caracter\u00edsticas a tomar en cuenta al momento de decidir por nuestro futuro presidente: HONORABILIDAD. Debemos considerar la trayectoria de nuestro futuro presidente [&hellip;]<\/p>\n","protected":false},"author":3,"featured_media":4963,"comment_status":"open","ping_status":"open","sticky":false,"template":"","format":"standard","meta":[],"categories":[23],"tags":[],"yoast_head":"<!-- This site is optimized with the Yoast SEO plugin v20.8 - https:\/\/yoast.com\/wordpress\/plugins\/seo\/ -->\n<title>Caracter\u00edsticas de un presidente - La Prensa Cristiana<\/title>\n<meta name=\"robots\" content=\"index, follow, max-snippet:-1, max-image-preview:large, max-video-preview:-1\" \/>\n<link rel=\"canonical\" href=\"https:\/\/laprensacristiana.com\/?p=4962\" \/>\n<meta property=\"og:locale\" content=\"es_ES\" \/>\n<meta property=\"og:type\" content=\"article\" \/>\n<meta property=\"og:title\" content=\"Caracter\u00edsticas de un presidente - La Prensa Cristiana\" \/>\n<meta property=\"og:description\" content=\"En aras de contribuir a la reflexi\u00f3n que estamos haciendo de cara a las elecciones presidenciales que se avecinan y tomando en cuenta el momento coyuntural que vivimos como pa\u00eds, quiero proponer cinco caracter\u00edsticas a tomar en cuenta al momento de decidir por nuestro futuro presidente: HONORABILIDAD. Debemos considerar la trayectoria de nuestro futuro presidente [&hellip;]\" \/>\n<meta property=\"og:url\" content=\"https:\/\/laprensacristiana.com\/?p=4962\" \/>\n<meta property=\"og:site_name\" content=\"La Prensa Cristiana\" \/>\n<meta property=\"article:published_time\" content=\"2019-01-11T19:30:51+00:00\" \/>\n<meta property=\"article:modified_time\" content=\"2019-02-13T06:47:30+00:00\" \/>\n<meta property=\"og:image\" content=\"https:\/\/laprensacristiana.com\/wp-content\/uploads\/2019\/01\/OPINION-CASTELLON.jpg\" \/>\n\t<meta property=\"og:image:width\" content=\"1369\" \/>\n\t<meta property=\"og:image:height\" content=\"693\" \/>\n\t<meta property=\"og:image:type\" content=\"image\/jpeg\" \/>\n<meta name=\"author\" content=\"EDITOR\" \/>\n<meta name=\"twitter:card\" content=\"summary_large_image\" \/>\n<meta name=\"twitter:label1\" content=\"Escrito por\" \/>\n\t<meta name=\"twitter:data1\" content=\"EDITOR\" \/>\n\t<meta name=\"twitter:label2\" content=\"Tiempo de lectura\" \/>\n\t<meta name=\"twitter:data2\" content=\"2 minutos\" \/>\n<script type=\"application\/ld+json\" class=\"yoast-schema-graph\">{\"@context\":\"https:\/\/schema.org\",\"@graph\":[{\"@type\":\"WebPage\",\"@id\":\"https:\/\/laprensacristiana.com\/?p=4962\",\"url\":\"https:\/\/laprensacristiana.com\/?p=4962\",\"name\":\"Caracter\u00edsticas de un presidente - La Prensa Cristiana\",\"isPartOf\":{\"@id\":\"https:\/\/laprensacristiana.com\/#website\"},\"datePublished\":\"2019-01-11T19:30:51+00:00\",\"dateModified\":\"2019-02-13T06:47:30+00:00\",\"author\":{\"@id\":\"https:\/\/laprensacristiana.com\/#\/schema\/person\/3e7d82c6bfd6b1fa67010f8f7cd5256e\"},\"breadcrumb\":{\"@id\":\"https:\/\/laprensacristiana.com\/?p=4962#breadcrumb\"},\"inLanguage\":\"es\",\"potentialAction\":[{\"@type\":\"ReadAction\",\"target\":[\"https:\/\/laprensacristiana.com\/?p=4962\"]}]},{\"@type\":\"BreadcrumbList\",\"@id\":\"https:\/\/laprensacristiana.com\/?p=4962#breadcrumb\",\"itemListElement\":[{\"@type\":\"ListItem\",\"position\":1,\"name\":\"Portada\",\"item\":\"https:\/\/laprensacristiana.com\/\"},{\"@type\":\"ListItem\",\"position\":2,\"name\":\"Caracter\u00edsticas de un presidente\"}]},{\"@type\":\"WebSite\",\"@id\":\"https:\/\/laprensacristiana.com\/#website\",\"url\":\"https:\/\/laprensacristiana.com\/\",\"name\":\"La Prensa Cristiana\",\"description\":\"Anunciando Las Buenas Nuevas\",\"potentialAction\":[{\"@type\":\"SearchAction\",\"target\":{\"@type\":\"EntryPoint\",\"urlTemplate\":\"https:\/\/laprensacristiana.com\/?s={search_term_string}\"},\"query-input\":\"required name=search_term_string\"}],\"inLanguage\":\"es\"},{\"@type\":\"Person\",\"@id\":\"https:\/\/laprensacristiana.com\/#\/schema\/person\/3e7d82c6bfd6b1fa67010f8f7cd5256e\",\"name\":\"EDITOR\",\"image\":{\"@type\":\"ImageObject\",\"inLanguage\":\"es\",\"@id\":\"https:\/\/laprensacristiana.com\/#\/schema\/person\/image\/\",\"url\":\"https:\/\/secure.gravatar.com\/avatar\/72069dfb6c13772d9e8381e3638666d2?s=96&d=mm&r=g\",\"contentUrl\":\"https:\/\/secure.gravatar.com\/avatar\/72069dfb6c13772d9e8381e3638666d2?s=96&d=mm&r=g\",\"caption\":\"EDITOR\"},\"url\":\"https:\/\/laprensacristiana.com\/?author=3\"}]}<\/script>\n<!-- \/ Yoast SEO plugin. -->","yoast_head_json":{"title":"Caracter\u00edsticas de un presidente - La Prensa Cristiana","robots":{"index":"index","follow":"follow","max-snippet":"max-snippet:-1","max-image-preview":"max-image-preview:large","max-video-preview":"max-video-preview:-1"},"canonical":"https:\/\/laprensacristiana.com\/?p=4962","og_locale":"es_ES","og_type":"article","og_title":"Caracter\u00edsticas de un presidente - La Prensa Cristiana","og_description":"En aras de contribuir a la reflexi\u00f3n que estamos haciendo de cara a las elecciones presidenciales que se avecinan y tomando en cuenta el momento coyuntural que vivimos como pa\u00eds, quiero proponer cinco caracter\u00edsticas a tomar en cuenta al momento de decidir por nuestro futuro presidente: HONORABILIDAD. Debemos considerar la trayectoria de nuestro futuro presidente [&hellip;]","og_url":"https:\/\/laprensacristiana.com\/?p=4962","og_site_name":"La Prensa Cristiana","article_published_time":"2019-01-11T19:30:51+00:00","article_modified_time":"2019-02-13T06:47:30+00:00","og_image":[{"width":1369,"height":693,"url":"https:\/\/laprensacristiana.com\/wp-content\/uploads\/2019\/01\/OPINION-CASTELLON.jpg","type":"image\/jpeg"}],"author":"EDITOR","twitter_card":"summary_large_image","twitter_misc":{"Escrito por":"EDITOR","Tiempo de lectura":"2 minutos"},"schema":{"@context":"https:\/\/schema.org","@graph":[{"@type":"WebPage","@id":"https:\/\/laprensacristiana.com\/?p=4962","url":"https:\/\/laprensacristiana.com\/?p=4962","name":"Caracter\u00edsticas de un presidente - La Prensa Cristiana","isPartOf":{"@id":"https:\/\/laprensacristiana.com\/#website"},"datePublished":"2019-01-11T19:30:51+00:00","dateModified":"2019-02-13T06:47:30+00:00","author":{"@id":"https:\/\/laprensacristiana.com\/#\/schema\/person\/3e7d82c6bfd6b1fa67010f8f7cd5256e"},"breadcrumb":{"@id":"https:\/\/laprensacristiana.com\/?p=4962#breadcrumb"},"inLanguage":"es","potentialAction":[{"@type":"ReadAction","target":["https:\/\/laprensacristiana.com\/?p=4962"]}]},{"@type":"BreadcrumbList","@id":"https:\/\/laprensacristiana.com\/?p=4962#breadcrumb","itemListElement":[{"@type":"ListItem","position":1,"name":"Portada","item":"https:\/\/laprensacristiana.com\/"},{"@type":"ListItem","position":2,"name":"Caracter\u00edsticas de un presidente"}]},{"@type":"WebSite","@id":"https:\/\/laprensacristiana.com\/#website","url":"https:\/\/laprensacristiana.com\/","name":"La Prensa Cristiana","description":"Anunciando Las Buenas Nuevas","potentialAction":[{"@type":"SearchAction","target":{"@type":"EntryPoint","urlTemplate":"https:\/\/laprensacristiana.com\/?s={search_term_string}"},"query-input":"required name=search_term_string"}],"inLanguage":"es"},{"@type":"Person","@id":"https:\/\/laprensacristiana.com\/#\/schema\/person\/3e7d82c6bfd6b1fa67010f8f7cd5256e","name":"EDITOR","image":{"@type":"ImageObject","inLanguage":"es","@id":"https:\/\/laprensacristiana.com\/#\/schema\/person\/image\/","url":"https:\/\/secure.gravatar.com\/avatar\/72069dfb6c13772d9e8381e3638666d2?s=96&d=mm&r=g","contentUrl":"https:\/\/secure.gravatar.com\/avatar\/72069dfb6c13772d9e8381e3638666d2?s=96&d=mm&r=g","caption":"EDITOR"},"url":"https:\/\/laprensacristiana.com\/?author=3"}]}},"_links":{"self":[{"href":"https:\/\/laprensacristiana.com\/index.php?rest_route=\/wp\/v2\/posts\/4962"}],"collection":[{"href":"https:\/\/laprensacristiana.com\/index.php?rest_route=\/wp\/v2\/posts"}],"about":[{"href":"https:\/\/laprensacristiana.com\/index.php?rest_route=\/wp\/v2\/types\/post"}],"author":[{"embeddable":true,"href":"https:\/\/laprensacristiana.com\/index.php?rest_route=\/wp\/v2\/users\/3"}],"replies":[{"embeddable":true,"href":"https:\/\/laprensacristiana.com\/index.php?rest_route=%2Fwp%2Fv2%2Fcomments&post=4962"}],"version-history":[{"count":3,"href":"https:\/\/laprensacristiana.com\/index.php?rest_route=\/wp\/v2\/posts\/4962\/revisions"}],"predecessor-version":[{"id":5133,"href":"https:\/\/laprensacristiana.com\/index.php?rest_route=\/wp\/v2\/posts\/4962\/revisions\/5133"}],"wp:featuredmedia":[{"embeddable":true,"href":"https:\/\/laprensacristiana.com\/index.php?rest_route=\/wp\/v2\/media\/4963"}],"wp:attachment":[{"href":"https:\/\/laprensacristiana.com\/index.php?rest_route=%2Fwp%2Fv2%2Fmedia&parent=4962"}],"wp:term":[{"taxonomy":"category","embeddable":true,"href":"https:\/\/laprensacristiana.com\/index.php?rest_route=%2Fwp%2Fv2%2Fcategories&post=4962"},{"taxonomy":"post_tag","embeddable":true,"href":"https:\/\/laprensacristiana.com\/index.php?rest_route=%2Fwp%2Fv2%2Ftags&post=4962"}],"curies":[{"name":"wp","href":"https:\/\/api.w.org\/{rel}","templated":true}]}}