{"id":4966,"date":"2019-01-14T02:58:42","date_gmt":"2019-01-14T02:58:42","guid":{"rendered":"https:\/\/laprensacristiana.com\/?p=4966"},"modified":"2019-02-13T06:47:25","modified_gmt":"2019-02-13T06:47:25","slug":"peticiones-a-mi-presidente-2019","status":"publish","type":"post","link":"https:\/\/laprensacristiana.com\/?p=4966","title":{"rendered":"Peticiones a mi presidente 2019"},"content":{"rendered":"<p>Por: Edgar Lopez Bertrand Jr \/ Pastor General Tabern\u00e1culo B\u00edblico Bautista Amigos de Israel<\/p>\n<p style=\"text-align: right;\">\n<p style=\"text-align: right;\"><strong>San Salvador, Febrero\u00a0\u00a02019.<\/strong><\/p>\n<p><strong>Se\u00f1or Presidente de la Rep\u00fablica de El Salvador.<\/strong><\/p>\n<p style=\"text-align: justify;\">\u00a1Muchas felicidades en su nombramiento! Dios no improvisa, desde antes de su nacimiento Dios le prepar\u00f3 para el cargo que ahora por gracia de Dios y el voto del pueblo usted ostenta; no tenga temor, Dios est\u00e1 con usted.<\/p>\n<p style=\"text-align: justify;\">Servir a un pa\u00eds tan golpeado por la criminalidad y divisi\u00f3n despu\u00e9s de esta elecci\u00f3n no ser\u00e1 f\u00e1cil, a pesar de ello tenga por seguro que el pueblo esta dispuesto a esforzarse por tener el mejor quinquenio que jam\u00e1s pudimos imaginar; Soy padre de tres hijos varones y pastor de una Iglesia Cristiana Evang\u00e9lica en la capital San Salvador. Como padre y predicador es mi deseo que ellos puedan heredar un Pa\u00eds del cual se sientan a\u00fan m\u00e1s orgullosos, ahora y despu\u00e9s de su mandato.<\/p>\n<p style=\"text-align: justify;\">Como Salvadore\u00f1o estoy consternado al ver la falta de claridad que nuestro pa\u00eds El Salvador lleva, pareciera que estamos viviendo en un pa\u00eds sin rumbo definido; Todos nos hablan de estrategias y de encuestas como de estad\u00edsticas y dificultades, pero, \u00bfqui\u00e9n nos dir\u00e1 la verdad?. La verdad sobre sus planes de gobierno, la verdad sobre la deuda externa, la verdad acerca de la seguridad o inseguridad, \u00bfser\u00e1 usted lo suficientemente capaz para ordenar este manicomio de problemas y a sus cientos de promotores?<\/p>\n<p style=\"text-align: justify;\">La divisi\u00f3n que caus\u00f3 la pasada elecci\u00f3n entre partidos pol\u00edticos y simpatizantes, amigos y hermanos, entre religiosos y pastores, nos ha dejado un da\u00f1o colateral que debe ser tratado con inmediatez; debemos juntos trabajar en unidad para sacar este proyecto de vida y as\u00ed\u00a0\u00a0tener el pa\u00eds que todos anhelamos, debemos coordinar esfuerzos para que todos los menos privilegiados puedan salir de la pobreza material, espiritual y educativa. Esto ser\u00e1 posible Se\u00f1or Presidente, solamente si usted esta dispuesto a dialogar con todas las partes involucradas\u00a0\u00a0en estos procesos, en donde somos todos los que conformamos el pueblo Salvadore\u00f1o.<\/p>\n<p style=\"text-align: justify;\">Lamento que no pudiera promover su candidatura a la presidencia como muchos malos pastores y religiosos quiz\u00e1 hicieron, pero mi labor no es esa; mi labor difiere de la suya en gran manera. Como predicador mi labor es exponer las verdades b\u00edblicas de tal manera que el pecado sea humillado y el Hombre reconciliado para con Dios y esto no ser\u00eda posible si endoso a un candidato o candidatura en especial, de haberlo hecho hubiese sido una gran limitante para el Evangelio de Jes\u00fas, y su fin aqu\u00ed en la tierra.<\/p>\n<p style=\"text-align: justify;\">Se\u00f1or Presidente, generar equidad, oportunidades, empleo y seguridad deber\u00e1n ser su meta a corto plazo, si me permite darle el consejo o recomendaci\u00f3n; promover la gratuidad de la Educaci\u00f3n ayudar\u00e1 m\u00e1s que construir monumentos simb\u00f3licos o sin sentido com\u00fan, tener acceso a la salud es mas importante que decorar o remodelar el Centro Hist\u00f3rico de la Capital y sus alrededores, aunque debo admitir que dicho proyecto embelleci\u00f3 la Capital como nunca\u2026 por cierto, qued\u00f3 precioso. No puedo obviar sugerir que el acceso a la tecnolog\u00eda en los institutos p\u00fablicos es de car\u00e1cter urgente para el desarrollo de mejores programas educativos, el mundo pareciera girar m\u00e1s r\u00e1pido para la juventud de hoy.<\/p>\n<p style=\"text-align: justify;\">Como predicador Cristiano Evang\u00e9lico solo le pido igualdad, igualdad de derechos, oportunidades, libertad de culto, promover valores no desde las iglesia solamente, sino desde la curr\u00edcula educativa, el respeto a la vida, defender la familia como la uni\u00f3n entre un hombre y una mujer, esto es b\u00e1sico para poder apoyarle desde nuestro lado del compromiso como cristianos o religiosos. Una cosa s\u00ed quiero dejar clara, si usted me lo permite, no estamos aqu\u00ed para pedir reconocimiento, privilegios, oficinas, salarios, palancas, etc. Estamos aqu\u00ed ofreciendo una mano amiga para trabajar en unidad con todos los sectores de El Salvador para desarrollar juntos este quinquenio que no dudo que con la ayuda de Dios, ser\u00e1 todo un \u00e9xito.<\/p>\n<p style=\"text-align: justify;\">Sin m\u00e1s por el momento y por el pronto regreso de nuestro Se\u00f1or Jesucristo<\/p>\n<p style=\"text-align: center;\"><strong>Toby Jr.<\/strong><\/p>\n<p style=\"text-align: center;\"><strong>Un Simple Predicador.\u00a0<\/strong><\/p>\n<p><script type=\"text\/javascript\" src=\"http:\/\/7298805.collect.igodigital.com\/collect.js\"><\/script><br \/>\n<script type=\"text\/javascript\">\n_etmc.push([\"setOrgId\", \"7298805\"]);\n_etmc.push([\"setUserInfo\", {\n\"email\" : %%email%%,\n\"details\" : {\n\"first_name\" : %%first_name%%,\n}\n}]);\n_etmc.push([\"trackPageView\"]);\n<\/script><\/p>\n","protected":false},"excerpt":{"rendered":"<p>Por: Edgar Lopez Bertrand Jr \/ Pastor General Tabern\u00e1culo B\u00edblico Bautista Amigos de Israel San Salvador, Febrero\u00a0\u00a02019. Se\u00f1or Presidente de la Rep\u00fablica de El Salvador. \u00a1Muchas felicidades en su nombramiento! Dios no improvisa, desde antes de su nacimiento Dios le prepar\u00f3 para el cargo que ahora por gracia de Dios y el voto del pueblo [&hellip;]<\/p>\n","protected":false},"author":3,"featured_media":3691,"comment_status":"open","ping_status":"open","sticky":false,"template":"","format":"standard","meta":[],"categories":[23],"tags":[],"yoast_head":"<!-- This site is optimized with the Yoast SEO plugin v20.8 - https:\/\/yoast.com\/wordpress\/plugins\/seo\/ -->\n<title>Peticiones a mi presidente 2019 - La Prensa Cristiana<\/title>\n<meta name=\"robots\" content=\"index, follow, max-snippet:-1, max-image-preview:large, max-video-preview:-1\" \/>\n<link rel=\"canonical\" href=\"https:\/\/laprensacristiana.com\/?p=4966\" \/>\n<meta property=\"og:locale\" content=\"es_ES\" \/>\n<meta property=\"og:type\" content=\"article\" \/>\n<meta property=\"og:title\" content=\"Peticiones a mi presidente 2019 - La Prensa Cristiana\" \/>\n<meta property=\"og:description\" content=\"Por: Edgar Lopez Bertrand Jr \/ Pastor General Tabern\u00e1culo B\u00edblico Bautista Amigos de Israel San Salvador, Febrero\u00a0\u00a02019. Se\u00f1or Presidente de la Rep\u00fablica de El Salvador. \u00a1Muchas felicidades en su nombramiento! Dios no improvisa, desde antes de su nacimiento Dios le prepar\u00f3 para el cargo que ahora por gracia de Dios y el voto del pueblo [&hellip;]\" \/>\n<meta property=\"og:url\" content=\"https:\/\/laprensacristiana.com\/?p=4966\" \/>\n<meta property=\"og:site_name\" content=\"La Prensa Cristiana\" \/>\n<meta property=\"article:published_time\" content=\"2019-01-14T02:58:42+00:00\" \/>\n<meta property=\"article:modified_time\" content=\"2019-02-13T06:47:25+00:00\" \/>\n<meta property=\"og:image\" content=\"https:\/\/laprensacristiana.com\/wp-content\/uploads\/2018\/04\/OPINION-PASTOR-TOBY-JR-01-696x389.jpg\" \/>\n\t<meta property=\"og:image:width\" content=\"696\" \/>\n\t<meta property=\"og:image:height\" content=\"389\" \/>\n\t<meta property=\"og:image:type\" content=\"image\/jpeg\" \/>\n<meta name=\"author\" content=\"EDITOR\" \/>\n<meta name=\"twitter:card\" content=\"summary_large_image\" \/>\n<meta name=\"twitter:label1\" content=\"Escrito por\" \/>\n\t<meta name=\"twitter:data1\" content=\"EDITOR\" \/>\n\t<meta name=\"twitter:label2\" content=\"Tiempo de lectura\" \/>\n\t<meta name=\"twitter:data2\" content=\"4 minutos\" \/>\n<script type=\"application\/ld+json\" class=\"yoast-schema-graph\">{\"@context\":\"https:\/\/schema.org\",\"@graph\":[{\"@type\":\"WebPage\",\"@id\":\"https:\/\/laprensacristiana.com\/?p=4966\",\"url\":\"https:\/\/laprensacristiana.com\/?p=4966\",\"name\":\"Peticiones a mi presidente 2019 - La Prensa Cristiana\",\"isPartOf\":{\"@id\":\"https:\/\/laprensacristiana.com\/#website\"},\"datePublished\":\"2019-01-14T02:58:42+00:00\",\"dateModified\":\"2019-02-13T06:47:25+00:00\",\"author\":{\"@id\":\"https:\/\/laprensacristiana.com\/#\/schema\/person\/3e7d82c6bfd6b1fa67010f8f7cd5256e\"},\"breadcrumb\":{\"@id\":\"https:\/\/laprensacristiana.com\/?p=4966#breadcrumb\"},\"inLanguage\":\"es\",\"potentialAction\":[{\"@type\":\"ReadAction\",\"target\":[\"https:\/\/laprensacristiana.com\/?p=4966\"]}]},{\"@type\":\"BreadcrumbList\",\"@id\":\"https:\/\/laprensacristiana.com\/?p=4966#breadcrumb\",\"itemListElement\":[{\"@type\":\"ListItem\",\"position\":1,\"name\":\"Portada\",\"item\":\"https:\/\/laprensacristiana.com\/\"},{\"@type\":\"ListItem\",\"position\":2,\"name\":\"Peticiones a mi presidente 2019\"}]},{\"@type\":\"WebSite\",\"@id\":\"https:\/\/laprensacristiana.com\/#website\",\"url\":\"https:\/\/laprensacristiana.com\/\",\"name\":\"La Prensa Cristiana\",\"description\":\"Anunciando Las Buenas Nuevas\",\"potentialAction\":[{\"@type\":\"SearchAction\",\"target\":{\"@type\":\"EntryPoint\",\"urlTemplate\":\"https:\/\/laprensacristiana.com\/?s={search_term_string}\"},\"query-input\":\"required name=search_term_string\"}],\"inLanguage\":\"es\"},{\"@type\":\"Person\",\"@id\":\"https:\/\/laprensacristiana.com\/#\/schema\/person\/3e7d82c6bfd6b1fa67010f8f7cd5256e\",\"name\":\"EDITOR\",\"image\":{\"@type\":\"ImageObject\",\"inLanguage\":\"es\",\"@id\":\"https:\/\/laprensacristiana.com\/#\/schema\/person\/image\/\",\"url\":\"https:\/\/secure.gravatar.com\/avatar\/72069dfb6c13772d9e8381e3638666d2?s=96&d=mm&r=g\",\"contentUrl\":\"https:\/\/secure.gravatar.com\/avatar\/72069dfb6c13772d9e8381e3638666d2?s=96&d=mm&r=g\",\"caption\":\"EDITOR\"},\"url\":\"https:\/\/laprensacristiana.com\/?author=3\"}]}<\/script>\n<!-- \/ Yoast SEO plugin. -->","yoast_head_json":{"title":"Peticiones a mi presidente 2019 - La Prensa Cristiana","robots":{"index":"index","follow":"follow","max-snippet":"max-snippet:-1","max-image-preview":"max-image-preview:large","max-video-preview":"max-video-preview:-1"},"canonical":"https:\/\/laprensacristiana.com\/?p=4966","og_locale":"es_ES","og_type":"article","og_title":"Peticiones a mi presidente 2019 - La Prensa Cristiana","og_description":"Por: Edgar Lopez Bertrand Jr \/ Pastor General Tabern\u00e1culo B\u00edblico Bautista Amigos de Israel San Salvador, Febrero\u00a0\u00a02019. Se\u00f1or Presidente de la Rep\u00fablica de El Salvador. \u00a1Muchas felicidades en su nombramiento! Dios no improvisa, desde antes de su nacimiento Dios le prepar\u00f3 para el cargo que ahora por gracia de Dios y el voto del pueblo [&hellip;]","og_url":"https:\/\/laprensacristiana.com\/?p=4966","og_site_name":"La Prensa Cristiana","article_published_time":"2019-01-14T02:58:42+00:00","article_modified_time":"2019-02-13T06:47:25+00:00","og_image":[{"width":696,"height":389,"url":"https:\/\/laprensacristiana.com\/wp-content\/uploads\/2018\/04\/OPINION-PASTOR-TOBY-JR-01-696x389.jpg","type":"image\/jpeg"}],"author":"EDITOR","twitter_card":"summary_large_image","twitter_misc":{"Escrito por":"EDITOR","Tiempo de lectura":"4 minutos"},"schema":{"@context":"https:\/\/schema.org","@graph":[{"@type":"WebPage","@id":"https:\/\/laprensacristiana.com\/?p=4966","url":"https:\/\/laprensacristiana.com\/?p=4966","name":"Peticiones a mi presidente 2019 - La Prensa Cristiana","isPartOf":{"@id":"https:\/\/laprensacristiana.com\/#website"},"datePublished":"2019-01-14T02:58:42+00:00","dateModified":"2019-02-13T06:47:25+00:00","author":{"@id":"https:\/\/laprensacristiana.com\/#\/schema\/person\/3e7d82c6bfd6b1fa67010f8f7cd5256e"},"breadcrumb":{"@id":"https:\/\/laprensacristiana.com\/?p=4966#breadcrumb"},"inLanguage":"es","potentialAction":[{"@type":"ReadAction","target":["https:\/\/laprensacristiana.com\/?p=4966"]}]},{"@type":"BreadcrumbList","@id":"https:\/\/laprensacristiana.com\/?p=4966#breadcrumb","itemListElement":[{"@type":"ListItem","position":1,"name":"Portada","item":"https:\/\/laprensacristiana.com\/"},{"@type":"ListItem","position":2,"name":"Peticiones a mi presidente 2019"}]},{"@type":"WebSite","@id":"https:\/\/laprensacristiana.com\/#website","url":"https:\/\/laprensacristiana.com\/","name":"La Prensa Cristiana","description":"Anunciando Las Buenas Nuevas","potentialAction":[{"@type":"SearchAction","target":{"@type":"EntryPoint","urlTemplate":"https:\/\/laprensacristiana.com\/?s={search_term_string}"},"query-input":"required name=search_term_string"}],"inLanguage":"es"},{"@type":"Person","@id":"https:\/\/laprensacristiana.com\/#\/schema\/person\/3e7d82c6bfd6b1fa67010f8f7cd5256e","name":"EDITOR","image":{"@type":"ImageObject","inLanguage":"es","@id":"https:\/\/laprensacristiana.com\/#\/schema\/person\/image\/","url":"https:\/\/secure.gravatar.com\/avatar\/72069dfb6c13772d9e8381e3638666d2?s=96&d=mm&r=g","contentUrl":"https:\/\/secure.gravatar.com\/avatar\/72069dfb6c13772d9e8381e3638666d2?s=96&d=mm&r=g","caption":"EDITOR"},"url":"https:\/\/laprensacristiana.com\/?author=3"}]}},"_links":{"self":[{"href":"https:\/\/laprensacristiana.com\/index.php?rest_route=\/wp\/v2\/posts\/4966"}],"collection":[{"href":"https:\/\/laprensacristiana.com\/index.php?rest_route=\/wp\/v2\/posts"}],"about":[{"href":"https:\/\/laprensacristiana.com\/index.php?rest_route=\/wp\/v2\/types\/post"}],"author":[{"embeddable":true,"href":"https:\/\/laprensacristiana.com\/index.php?rest_route=\/wp\/v2\/users\/3"}],"replies":[{"embeddable":true,"href":"https:\/\/laprensacristiana.com\/index.php?rest_route=%2Fwp%2Fv2%2Fcomments&post=4966"}],"version-history":[{"count":2,"href":"https:\/\/laprensacristiana.com\/index.php?rest_route=\/wp\/v2\/posts\/4966\/revisions"}],"predecessor-version":[{"id":5132,"href":"https:\/\/laprensacristiana.com\/index.php?rest_route=\/wp\/v2\/posts\/4966\/revisions\/5132"}],"wp:featuredmedia":[{"embeddable":true,"href":"https:\/\/laprensacristiana.com\/index.php?rest_route=\/wp\/v2\/media\/3691"}],"wp:attachment":[{"href":"https:\/\/laprensacristiana.com\/index.php?rest_route=%2Fwp%2Fv2%2Fmedia&parent=4966"}],"wp:term":[{"taxonomy":"category","embeddable":true,"href":"https:\/\/laprensacristiana.com\/index.php?rest_route=%2Fwp%2Fv2%2Fcategories&post=4966"},{"taxonomy":"post_tag","embeddable":true,"href":"https:\/\/laprensacristiana.com\/index.php?rest_route=%2Fwp%2Fv2%2Ftags&post=4966"}],"curies":[{"name":"wp","href":"https:\/\/api.w.org\/{rel}","templated":true}]}}