{"id":5004,"date":"2019-01-27T21:11:31","date_gmt":"2019-01-27T21:11:31","guid":{"rendered":"https:\/\/laprensacristiana.com\/?p=5004"},"modified":"2019-02-13T06:44:55","modified_gmt":"2019-02-13T06:44:55","slug":"al-cesar-lo-que-es-del-cesar-y-a-dios-lo-que-es-de-dios","status":"publish","type":"post","link":"https:\/\/laprensacristiana.com\/?p=5004","title":{"rendered":"AL C\u00c9SAR LO QUE ES DEL C\u00c9SAR, Y A DIOS LO QUE ES DE DIOS."},"content":{"rendered":"<p style=\"text-align: justify;\">En un pa\u00eds d\u00f3nde la instituci\u00f3n con mayor credibilidad, hasta el d\u00eda de hoy, es la Iglesia y d\u00f3nde m\u00e1s del 90% de salvadore\u00f1os expresan creer en Dios, debemos reconocer a qui\u00e9n corresponde qu\u00e9 y disponernos a cumplir con nuestras responsabilidades.<\/p>\n<p style=\"text-align: justify;\">En esta declaraci\u00f3n podemos ver tres cosas que Jes\u00fas, el Hijo de Dios, dej\u00f3 para la posteridad.<\/p>\n<p style=\"text-align: justify;\"><u>DEBEMOS CUMPLIR NUESTRO COMPROMISO CON EL ESTADO.<\/u><\/p>\n<p style=\"text-align: justify;\">Cada persona que forma parte de una sociedad est\u00e1 llamada a cumplir con sus responsabilidades en el contexto que le ha tocado vivir. En nuestro caso esas responsabilidades est\u00e1n plasmadas en la Constituci\u00f3n, en el Art. 73 leemos acerca de los deberes pol\u00edticos del ciudadano entre los cuales se establece \u201cservir al Estado de conformidad con la ley\u201d. En consonancia con el discurso inaugural de John F. Kennedy el 20 de enero de 1961: <em>\u201cAs\u00ed pues, compatriotas: preguntad, no qu\u00e9 puede vuestro pa\u00eds hacer por vosotros; preguntad qu\u00e9 pod\u00e9is hacer vosotros por vuestro pa\u00eds.\u201d<\/em> Esta es la mentalidad inicial que marcar\u00e1 una diferencia en la manera que construimos juntos nuestra naci\u00f3n.<\/p>\n<p style=\"text-align: justify;\"><u>DEBEMOS CUMPLIR NUESTRO COMPROMISO ESPIRITUAL.<\/u><\/p>\n<p style=\"text-align: justify;\">Cada uno de nosotros somos seres espirituales. Vivir sin espiritualidad es no vivir, es tener una vida vac\u00eda. Por ello es importante que cada uno de nosotros \u201cDemos a Dios lo que le corresponde\u201d, nuestra confianza absoluta de un cambio de vida, nuestro servicio sin condici\u00f3n, nuestro amor a \u00c9l reflejado en nuestro amor al pr\u00f3jimo, nuestra lealtad. De la misma manera que peri\u00f3dicamente servimos al estado as\u00ed debemos servirlo a \u00c9l.<\/p>\n<p style=\"text-align: justify;\"><u>NO DEBEMOS MEZCLAR A C\u00c9SAR Y A DIOS.<\/u><\/p>\n<p style=\"text-align: justify;\">Dios est\u00e1 por encima de cualquier gobierno. Pero cuando Jes\u00fas de Nazareth dijo: \u201clo que corresponde a C\u00e9sar\u201d y \u201clo que corresponde a Dios\u201d est\u00e1 rechazando la pretensi\u00f3n de C\u00e9sar que exig\u00eda adoraci\u00f3n divina. Como salvadore\u00f1os somos un pueblo lleno de esperanza, queremos y creemos en un futuro mejor. Pero si consideramos que esto nos lo puede dar una persona, un gobernante, una ideolog\u00eda o alguien diferente a Dios, sencillamente no hemos comprendido el punto central de esta trascendental declaraci\u00f3n.<\/p>\n<p style=\"text-align: justify;\">Al acercarnos a unas elecciones presidenciales, debemos enfocar nuestra responsabilidad ciudadana y cumplirla. Esto es lo que Dios espera de nosotros. Pero si lo hacemos pensando que el \u201cmes\u00edas\u201d de nuestro pa\u00eds est\u00e1 a punto de emerger, all\u00ed habremos perdido toda la perspectiva.<\/p>\n<p><script type=\"text\/javascript\" src=\"http:\/\/7298805.collect.igodigital.com\/collect.js\"><\/script><br \/>\n<script type=\"text\/javascript\">\n_etmc.push([\"setOrgId\", \"7298805\"]);\n_etmc.push([\"setUserInfo\", {\n\"email\" : %%email%%,\n\"details\" : {\n\"first_name\" : %%first_name%%,\n}\n}]);\n_etmc.push([\"trackPageView\"]);\n<\/script><\/p>\n","protected":false},"excerpt":{"rendered":"<p>En un pa\u00eds d\u00f3nde la instituci\u00f3n con mayor credibilidad, hasta el d\u00eda de hoy, es la Iglesia y d\u00f3nde m\u00e1s del 90% de salvadore\u00f1os expresan creer en Dios, debemos reconocer a qui\u00e9n corresponde qu\u00e9 y disponernos a cumplir con nuestras responsabilidades. En esta declaraci\u00f3n podemos ver tres cosas que Jes\u00fas, el Hijo de Dios, dej\u00f3 [&hellip;]<\/p>\n","protected":false},"author":3,"featured_media":4963,"comment_status":"open","ping_status":"open","sticky":false,"template":"","format":"standard","meta":[],"categories":[23],"tags":[],"yoast_head":"<!-- This site is optimized with the Yoast SEO plugin v20.8 - https:\/\/yoast.com\/wordpress\/plugins\/seo\/ -->\n<title>AL C\u00c9SAR LO QUE ES DEL C\u00c9SAR, Y A DIOS LO QUE ES DE DIOS. - La Prensa Cristiana<\/title>\n<meta name=\"robots\" content=\"index, follow, max-snippet:-1, max-image-preview:large, max-video-preview:-1\" \/>\n<link rel=\"canonical\" href=\"https:\/\/laprensacristiana.com\/?p=5004\" \/>\n<meta property=\"og:locale\" content=\"es_ES\" \/>\n<meta property=\"og:type\" content=\"article\" \/>\n<meta property=\"og:title\" content=\"AL C\u00c9SAR LO QUE ES DEL C\u00c9SAR, Y A DIOS LO QUE ES DE DIOS. - La Prensa Cristiana\" \/>\n<meta property=\"og:description\" content=\"En un pa\u00eds d\u00f3nde la instituci\u00f3n con mayor credibilidad, hasta el d\u00eda de hoy, es la Iglesia y d\u00f3nde m\u00e1s del 90% de salvadore\u00f1os expresan creer en Dios, debemos reconocer a qui\u00e9n corresponde qu\u00e9 y disponernos a cumplir con nuestras responsabilidades. En esta declaraci\u00f3n podemos ver tres cosas que Jes\u00fas, el Hijo de Dios, dej\u00f3 [&hellip;]\" \/>\n<meta property=\"og:url\" content=\"https:\/\/laprensacristiana.com\/?p=5004\" \/>\n<meta property=\"og:site_name\" content=\"La Prensa Cristiana\" \/>\n<meta property=\"article:published_time\" content=\"2019-01-27T21:11:31+00:00\" \/>\n<meta property=\"article:modified_time\" content=\"2019-02-13T06:44:55+00:00\" \/>\n<meta property=\"og:image\" content=\"https:\/\/laprensacristiana.com\/wp-content\/uploads\/2019\/01\/OPINION-CASTELLON.jpg\" \/>\n\t<meta property=\"og:image:width\" content=\"1369\" \/>\n\t<meta property=\"og:image:height\" content=\"693\" \/>\n\t<meta property=\"og:image:type\" content=\"image\/jpeg\" \/>\n<meta name=\"author\" content=\"EDITOR\" \/>\n<meta name=\"twitter:card\" content=\"summary_large_image\" \/>\n<meta name=\"twitter:label1\" content=\"Escrito por\" \/>\n\t<meta name=\"twitter:data1\" content=\"EDITOR\" \/>\n\t<meta name=\"twitter:label2\" content=\"Tiempo de lectura\" \/>\n\t<meta name=\"twitter:data2\" content=\"2 minutos\" \/>\n<script type=\"application\/ld+json\" class=\"yoast-schema-graph\">{\"@context\":\"https:\/\/schema.org\",\"@graph\":[{\"@type\":\"WebPage\",\"@id\":\"https:\/\/laprensacristiana.com\/?p=5004\",\"url\":\"https:\/\/laprensacristiana.com\/?p=5004\",\"name\":\"AL C\u00c9SAR LO QUE ES DEL C\u00c9SAR, Y A DIOS LO QUE ES DE DIOS. - La Prensa Cristiana\",\"isPartOf\":{\"@id\":\"https:\/\/laprensacristiana.com\/#website\"},\"datePublished\":\"2019-01-27T21:11:31+00:00\",\"dateModified\":\"2019-02-13T06:44:55+00:00\",\"author\":{\"@id\":\"https:\/\/laprensacristiana.com\/#\/schema\/person\/3e7d82c6bfd6b1fa67010f8f7cd5256e\"},\"breadcrumb\":{\"@id\":\"https:\/\/laprensacristiana.com\/?p=5004#breadcrumb\"},\"inLanguage\":\"es\",\"potentialAction\":[{\"@type\":\"ReadAction\",\"target\":[\"https:\/\/laprensacristiana.com\/?p=5004\"]}]},{\"@type\":\"BreadcrumbList\",\"@id\":\"https:\/\/laprensacristiana.com\/?p=5004#breadcrumb\",\"itemListElement\":[{\"@type\":\"ListItem\",\"position\":1,\"name\":\"Portada\",\"item\":\"https:\/\/laprensacristiana.com\/\"},{\"@type\":\"ListItem\",\"position\":2,\"name\":\"AL C\u00c9SAR LO QUE ES DEL C\u00c9SAR, Y A DIOS LO QUE ES DE DIOS.\"}]},{\"@type\":\"WebSite\",\"@id\":\"https:\/\/laprensacristiana.com\/#website\",\"url\":\"https:\/\/laprensacristiana.com\/\",\"name\":\"La Prensa Cristiana\",\"description\":\"Anunciando Las Buenas Nuevas\",\"potentialAction\":[{\"@type\":\"SearchAction\",\"target\":{\"@type\":\"EntryPoint\",\"urlTemplate\":\"https:\/\/laprensacristiana.com\/?s={search_term_string}\"},\"query-input\":\"required name=search_term_string\"}],\"inLanguage\":\"es\"},{\"@type\":\"Person\",\"@id\":\"https:\/\/laprensacristiana.com\/#\/schema\/person\/3e7d82c6bfd6b1fa67010f8f7cd5256e\",\"name\":\"EDITOR\",\"image\":{\"@type\":\"ImageObject\",\"inLanguage\":\"es\",\"@id\":\"https:\/\/laprensacristiana.com\/#\/schema\/person\/image\/\",\"url\":\"https:\/\/secure.gravatar.com\/avatar\/72069dfb6c13772d9e8381e3638666d2?s=96&d=mm&r=g\",\"contentUrl\":\"https:\/\/secure.gravatar.com\/avatar\/72069dfb6c13772d9e8381e3638666d2?s=96&d=mm&r=g\",\"caption\":\"EDITOR\"},\"url\":\"https:\/\/laprensacristiana.com\/?author=3\"}]}<\/script>\n<!-- \/ Yoast SEO plugin. -->","yoast_head_json":{"title":"AL C\u00c9SAR LO QUE ES DEL C\u00c9SAR, Y A DIOS LO QUE ES DE DIOS. - La Prensa Cristiana","robots":{"index":"index","follow":"follow","max-snippet":"max-snippet:-1","max-image-preview":"max-image-preview:large","max-video-preview":"max-video-preview:-1"},"canonical":"https:\/\/laprensacristiana.com\/?p=5004","og_locale":"es_ES","og_type":"article","og_title":"AL C\u00c9SAR LO QUE ES DEL C\u00c9SAR, Y A DIOS LO QUE ES DE DIOS. - La Prensa Cristiana","og_description":"En un pa\u00eds d\u00f3nde la instituci\u00f3n con mayor credibilidad, hasta el d\u00eda de hoy, es la Iglesia y d\u00f3nde m\u00e1s del 90% de salvadore\u00f1os expresan creer en Dios, debemos reconocer a qui\u00e9n corresponde qu\u00e9 y disponernos a cumplir con nuestras responsabilidades. En esta declaraci\u00f3n podemos ver tres cosas que Jes\u00fas, el Hijo de Dios, dej\u00f3 [&hellip;]","og_url":"https:\/\/laprensacristiana.com\/?p=5004","og_site_name":"La Prensa Cristiana","article_published_time":"2019-01-27T21:11:31+00:00","article_modified_time":"2019-02-13T06:44:55+00:00","og_image":[{"width":1369,"height":693,"url":"https:\/\/laprensacristiana.com\/wp-content\/uploads\/2019\/01\/OPINION-CASTELLON.jpg","type":"image\/jpeg"}],"author":"EDITOR","twitter_card":"summary_large_image","twitter_misc":{"Escrito por":"EDITOR","Tiempo de lectura":"2 minutos"},"schema":{"@context":"https:\/\/schema.org","@graph":[{"@type":"WebPage","@id":"https:\/\/laprensacristiana.com\/?p=5004","url":"https:\/\/laprensacristiana.com\/?p=5004","name":"AL C\u00c9SAR LO QUE ES DEL C\u00c9SAR, Y A DIOS LO QUE ES DE DIOS. - La Prensa Cristiana","isPartOf":{"@id":"https:\/\/laprensacristiana.com\/#website"},"datePublished":"2019-01-27T21:11:31+00:00","dateModified":"2019-02-13T06:44:55+00:00","author":{"@id":"https:\/\/laprensacristiana.com\/#\/schema\/person\/3e7d82c6bfd6b1fa67010f8f7cd5256e"},"breadcrumb":{"@id":"https:\/\/laprensacristiana.com\/?p=5004#breadcrumb"},"inLanguage":"es","potentialAction":[{"@type":"ReadAction","target":["https:\/\/laprensacristiana.com\/?p=5004"]}]},{"@type":"BreadcrumbList","@id":"https:\/\/laprensacristiana.com\/?p=5004#breadcrumb","itemListElement":[{"@type":"ListItem","position":1,"name":"Portada","item":"https:\/\/laprensacristiana.com\/"},{"@type":"ListItem","position":2,"name":"AL C\u00c9SAR LO QUE ES DEL C\u00c9SAR, Y A DIOS LO QUE ES DE DIOS."}]},{"@type":"WebSite","@id":"https:\/\/laprensacristiana.com\/#website","url":"https:\/\/laprensacristiana.com\/","name":"La Prensa Cristiana","description":"Anunciando Las Buenas Nuevas","potentialAction":[{"@type":"SearchAction","target":{"@type":"EntryPoint","urlTemplate":"https:\/\/laprensacristiana.com\/?s={search_term_string}"},"query-input":"required name=search_term_string"}],"inLanguage":"es"},{"@type":"Person","@id":"https:\/\/laprensacristiana.com\/#\/schema\/person\/3e7d82c6bfd6b1fa67010f8f7cd5256e","name":"EDITOR","image":{"@type":"ImageObject","inLanguage":"es","@id":"https:\/\/laprensacristiana.com\/#\/schema\/person\/image\/","url":"https:\/\/secure.gravatar.com\/avatar\/72069dfb6c13772d9e8381e3638666d2?s=96&d=mm&r=g","contentUrl":"https:\/\/secure.gravatar.com\/avatar\/72069dfb6c13772d9e8381e3638666d2?s=96&d=mm&r=g","caption":"EDITOR"},"url":"https:\/\/laprensacristiana.com\/?author=3"}]}},"_links":{"self":[{"href":"https:\/\/laprensacristiana.com\/index.php?rest_route=\/wp\/v2\/posts\/5004"}],"collection":[{"href":"https:\/\/laprensacristiana.com\/index.php?rest_route=\/wp\/v2\/posts"}],"about":[{"href":"https:\/\/laprensacristiana.com\/index.php?rest_route=\/wp\/v2\/types\/post"}],"author":[{"embeddable":true,"href":"https:\/\/laprensacristiana.com\/index.php?rest_route=\/wp\/v2\/users\/3"}],"replies":[{"embeddable":true,"href":"https:\/\/laprensacristiana.com\/index.php?rest_route=%2Fwp%2Fv2%2Fcomments&post=5004"}],"version-history":[{"count":2,"href":"https:\/\/laprensacristiana.com\/index.php?rest_route=\/wp\/v2\/posts\/5004\/revisions"}],"predecessor-version":[{"id":5120,"href":"https:\/\/laprensacristiana.com\/index.php?rest_route=\/wp\/v2\/posts\/5004\/revisions\/5120"}],"wp:featuredmedia":[{"embeddable":true,"href":"https:\/\/laprensacristiana.com\/index.php?rest_route=\/wp\/v2\/media\/4963"}],"wp:attachment":[{"href":"https:\/\/laprensacristiana.com\/index.php?rest_route=%2Fwp%2Fv2%2Fmedia&parent=5004"}],"wp:term":[{"taxonomy":"category","embeddable":true,"href":"https:\/\/laprensacristiana.com\/index.php?rest_route=%2Fwp%2Fv2%2Fcategories&post=5004"},{"taxonomy":"post_tag","embeddable":true,"href":"https:\/\/laprensacristiana.com\/index.php?rest_route=%2Fwp%2Fv2%2Ftags&post=5004"}],"curies":[{"name":"wp","href":"https:\/\/api.w.org\/{rel}","templated":true}]}}