{"id":5008,"date":"2019-01-30T22:17:39","date_gmt":"2019-01-30T22:17:39","guid":{"rendered":"https:\/\/laprensacristiana.com\/?p=5008"},"modified":"2020-07-01T22:52:40","modified_gmt":"2020-07-01T22:52:40","slug":"sobreproteger-o-cuidar-a-tus-hijos","status":"publish","type":"post","link":"https:\/\/laprensacristiana.com\/?p=5008","title":{"rendered":"Sobreproteger o cuidar a tus hijos."},"content":{"rendered":"<p>Desde el instante mismo que recibimos la dulce noticia de que seremos madre, se activa una fuerza que impulsa a proteger el fruto en nuestro vientre mientras tengamos vida, o ellos lo permitan.\u00a0 El amor de mam\u00e1 sigue siendo un asunto enigm\u00e1tico debido a que, sin importar la edad de sus hijos, en su coraz\u00f3n ella continua, vi\u00e9ndolos peque\u00f1os e indefensos. Lo que para algunas en determinado momento las transforma de mam\u00e1 cuidadosa a sobreprotectora, y en la mayor\u00eda de casos, sin reparar en la fina l\u00ednea, que separa su punto de vista de la individualidad de su hijo, lo que lleva a allanar el camino de vida de ellos, que a la larga les resultar\u00e1 un caos total; de cara a la realidad de vida que demanda de la experiencia del tropiezo y equivocaci\u00f3n, para aprender.<\/p>\n<p>Es nuestra responsabilidad como padres tomar la mano de nuestros infantes y ense\u00f1arles a dar sus primeros pasos, y cuando ellos aprendan debemos ense\u00f1arles el buen camino por el cual andar. Lo que sigue despu\u00e9s de eso es observar su crecimiento y hablarles de los peligros que les rodean y que en su mayor\u00eda se pueden evitar. Cuidar de nuestros hijos, es advertirles de los peligros, \u201csobreprotegerlos\u201d es esconderlos de ellos. Y eso no esta en nuestras manos lograr, pensar que s\u00ed, es solo el fruto de nuestros temores.<\/p>\n<p>Recuerdo una joven a la que su mam\u00e1 etiqueto de rebelde; por el hecho de que ella se escapaba de casa en altas horas de la noche e incurri\u00f3 en el lesbianismo. Al preguntarle a la joven porque se comportaba de esa manera ella respondi\u00f3 muy confiada y segura \u201cmi mam\u00e1 no me da permiso de salir sola y mucho menos con amigos, a los sitios que visitan los j\u00f3venes como yo, vive repiti\u00e9ndome los peligros que me esperan al salir de casa, y no me da permiso de tener novio. Concluyo su respuesta con otra pregunta para m\u00ed y usted \u00bfQu\u00e9 quiere que yo haga?<\/p>\n<p>Ciertamente cuando sobreprotegemos a nuestros hijos, los obligamos a usar su basta imaginaci\u00f3n para salirse con la suya, pero motivados por llevar la contraria. Lo cual los vuelve m\u00e1s vulnerables al fracaso.<\/p>\n<p>La palabra de Dios dice: Instruye al ni\u00f1o en su camino y aunque fuera viejo no se apartar\u00e1 de \u00e9l. (Proverbios 22:6)<\/p>\n<p>Creo fielmente que tomarnos el tiempo para conocer el pensamiento y sentimientos de nuestros hijos, ser\u00e1n clave para descansar en el hecho de que al igual que nosotros ellos tienen que escribir su propia hoja de vida, que no es sobreprotegi\u00e9ndoles que les libraremos de peligros, sino m\u00e1s bien instruy\u00e9ndoles y declar\u00e1ndoles la confianza que tenemos en sus capacidades y buen criterio.<\/p>\n<p><strong>\u201cVosotros padres, no provoqu\u00e9is a ira a vuestros hijos, sino criarlos en disciplina y e instrucci\u00f3n del Se\u00f1or. (Efesios 6:4)<\/strong><\/p>\n<p>\u00a1Bendecida semana!<\/p>\n<p><script type=\"text\/javascript\" src=\"http:\/\/7298805.collect.igodigital.com\/collect.js\"><\/script><br \/>\n<script type=\"text\/javascript\">\n_etmc.push([\"setOrgId\", \"7298805\"]);\n_etmc.push([\"setUserInfo\", {\n\"email\" : %%email%%,\n\"details\" : {\n\"first_name\" : %%first_name%%,\n}\n}]);\n_etmc.push([\"trackPageView\"]);\n<\/script><\/p>\n","protected":false},"excerpt":{"rendered":"<p>Desde el instante mismo que recibimos la dulce noticia de que seremos madre, se activa una fuerza que impulsa a proteger el fruto en nuestro vientre mientras tengamos vida, o ellos lo permitan.\u00a0 El amor de mam\u00e1 sigue siendo un asunto enigm\u00e1tico debido a que, sin importar la edad de sus hijos, en su coraz\u00f3n [&hellip;]<\/p>\n","protected":false},"author":3,"featured_media":4496,"comment_status":"open","ping_status":"open","sticky":false,"template":"","format":"standard","meta":[],"categories":[26],"tags":[],"yoast_head":"<!-- This site is optimized with the Yoast SEO plugin v20.8 - https:\/\/yoast.com\/wordpress\/plugins\/seo\/ -->\n<title>Sobreproteger o cuidar a tus hijos. - La Prensa Cristiana<\/title>\n<meta name=\"robots\" content=\"index, follow, max-snippet:-1, max-image-preview:large, max-video-preview:-1\" \/>\n<link rel=\"canonical\" href=\"https:\/\/laprensacristiana.com\/?p=5008\" \/>\n<meta property=\"og:locale\" content=\"es_ES\" \/>\n<meta property=\"og:type\" content=\"article\" \/>\n<meta property=\"og:title\" content=\"Sobreproteger o cuidar a tus hijos. - La Prensa Cristiana\" \/>\n<meta property=\"og:description\" content=\"Desde el instante mismo que recibimos la dulce noticia de que seremos madre, se activa una fuerza que impulsa a proteger el fruto en nuestro vientre mientras tengamos vida, o ellos lo permitan.\u00a0 El amor de mam\u00e1 sigue siendo un asunto enigm\u00e1tico debido a que, sin importar la edad de sus hijos, en su coraz\u00f3n [&hellip;]\" \/>\n<meta property=\"og:url\" content=\"https:\/\/laprensacristiana.com\/?p=5008\" \/>\n<meta property=\"og:site_name\" content=\"La Prensa Cristiana\" \/>\n<meta property=\"article:published_time\" content=\"2019-01-30T22:17:39+00:00\" \/>\n<meta property=\"article:modified_time\" content=\"2020-07-01T22:52:40+00:00\" \/>\n<meta property=\"og:image\" content=\"https:\/\/laprensacristiana.com\/wp-content\/uploads\/2018\/10\/JULY-LPG-2017.jpg\" \/>\n\t<meta property=\"og:image:width\" content=\"1240\" \/>\n\t<meta property=\"og:image:height\" content=\"692\" \/>\n\t<meta property=\"og:image:type\" content=\"image\/jpeg\" \/>\n<meta name=\"author\" content=\"EDITOR\" \/>\n<meta name=\"twitter:card\" content=\"summary_large_image\" \/>\n<meta name=\"twitter:label1\" content=\"Escrito por\" \/>\n\t<meta name=\"twitter:data1\" content=\"EDITOR\" \/>\n\t<meta name=\"twitter:label2\" content=\"Tiempo de lectura\" \/>\n\t<meta name=\"twitter:data2\" content=\"2 minutos\" \/>\n<script type=\"application\/ld+json\" class=\"yoast-schema-graph\">{\"@context\":\"https:\/\/schema.org\",\"@graph\":[{\"@type\":\"WebPage\",\"@id\":\"https:\/\/laprensacristiana.com\/?p=5008\",\"url\":\"https:\/\/laprensacristiana.com\/?p=5008\",\"name\":\"Sobreproteger o cuidar a tus hijos. - La Prensa Cristiana\",\"isPartOf\":{\"@id\":\"https:\/\/laprensacristiana.com\/#website\"},\"datePublished\":\"2019-01-30T22:17:39+00:00\",\"dateModified\":\"2020-07-01T22:52:40+00:00\",\"author\":{\"@id\":\"https:\/\/laprensacristiana.com\/#\/schema\/person\/3e7d82c6bfd6b1fa67010f8f7cd5256e\"},\"breadcrumb\":{\"@id\":\"https:\/\/laprensacristiana.com\/?p=5008#breadcrumb\"},\"inLanguage\":\"es\",\"potentialAction\":[{\"@type\":\"ReadAction\",\"target\":[\"https:\/\/laprensacristiana.com\/?p=5008\"]}]},{\"@type\":\"BreadcrumbList\",\"@id\":\"https:\/\/laprensacristiana.com\/?p=5008#breadcrumb\",\"itemListElement\":[{\"@type\":\"ListItem\",\"position\":1,\"name\":\"Portada\",\"item\":\"https:\/\/laprensacristiana.com\/\"},{\"@type\":\"ListItem\",\"position\":2,\"name\":\"Sobreproteger o cuidar a tus hijos.\"}]},{\"@type\":\"WebSite\",\"@id\":\"https:\/\/laprensacristiana.com\/#website\",\"url\":\"https:\/\/laprensacristiana.com\/\",\"name\":\"La Prensa Cristiana\",\"description\":\"Anunciando Las Buenas Nuevas\",\"potentialAction\":[{\"@type\":\"SearchAction\",\"target\":{\"@type\":\"EntryPoint\",\"urlTemplate\":\"https:\/\/laprensacristiana.com\/?s={search_term_string}\"},\"query-input\":\"required name=search_term_string\"}],\"inLanguage\":\"es\"},{\"@type\":\"Person\",\"@id\":\"https:\/\/laprensacristiana.com\/#\/schema\/person\/3e7d82c6bfd6b1fa67010f8f7cd5256e\",\"name\":\"EDITOR\",\"image\":{\"@type\":\"ImageObject\",\"inLanguage\":\"es\",\"@id\":\"https:\/\/laprensacristiana.com\/#\/schema\/person\/image\/\",\"url\":\"https:\/\/secure.gravatar.com\/avatar\/72069dfb6c13772d9e8381e3638666d2?s=96&d=mm&r=g\",\"contentUrl\":\"https:\/\/secure.gravatar.com\/avatar\/72069dfb6c13772d9e8381e3638666d2?s=96&d=mm&r=g\",\"caption\":\"EDITOR\"},\"url\":\"https:\/\/laprensacristiana.com\/?author=3\"}]}<\/script>\n<!-- \/ Yoast SEO plugin. -->","yoast_head_json":{"title":"Sobreproteger o cuidar a tus hijos. - La Prensa Cristiana","robots":{"index":"index","follow":"follow","max-snippet":"max-snippet:-1","max-image-preview":"max-image-preview:large","max-video-preview":"max-video-preview:-1"},"canonical":"https:\/\/laprensacristiana.com\/?p=5008","og_locale":"es_ES","og_type":"article","og_title":"Sobreproteger o cuidar a tus hijos. - La Prensa Cristiana","og_description":"Desde el instante mismo que recibimos la dulce noticia de que seremos madre, se activa una fuerza que impulsa a proteger el fruto en nuestro vientre mientras tengamos vida, o ellos lo permitan.\u00a0 El amor de mam\u00e1 sigue siendo un asunto enigm\u00e1tico debido a que, sin importar la edad de sus hijos, en su coraz\u00f3n [&hellip;]","og_url":"https:\/\/laprensacristiana.com\/?p=5008","og_site_name":"La Prensa Cristiana","article_published_time":"2019-01-30T22:17:39+00:00","article_modified_time":"2020-07-01T22:52:40+00:00","og_image":[{"width":1240,"height":692,"url":"https:\/\/laprensacristiana.com\/wp-content\/uploads\/2018\/10\/JULY-LPG-2017.jpg","type":"image\/jpeg"}],"author":"EDITOR","twitter_card":"summary_large_image","twitter_misc":{"Escrito por":"EDITOR","Tiempo de lectura":"2 minutos"},"schema":{"@context":"https:\/\/schema.org","@graph":[{"@type":"WebPage","@id":"https:\/\/laprensacristiana.com\/?p=5008","url":"https:\/\/laprensacristiana.com\/?p=5008","name":"Sobreproteger o cuidar a tus hijos. - La Prensa Cristiana","isPartOf":{"@id":"https:\/\/laprensacristiana.com\/#website"},"datePublished":"2019-01-30T22:17:39+00:00","dateModified":"2020-07-01T22:52:40+00:00","author":{"@id":"https:\/\/laprensacristiana.com\/#\/schema\/person\/3e7d82c6bfd6b1fa67010f8f7cd5256e"},"breadcrumb":{"@id":"https:\/\/laprensacristiana.com\/?p=5008#breadcrumb"},"inLanguage":"es","potentialAction":[{"@type":"ReadAction","target":["https:\/\/laprensacristiana.com\/?p=5008"]}]},{"@type":"BreadcrumbList","@id":"https:\/\/laprensacristiana.com\/?p=5008#breadcrumb","itemListElement":[{"@type":"ListItem","position":1,"name":"Portada","item":"https:\/\/laprensacristiana.com\/"},{"@type":"ListItem","position":2,"name":"Sobreproteger o cuidar a tus hijos."}]},{"@type":"WebSite","@id":"https:\/\/laprensacristiana.com\/#website","url":"https:\/\/laprensacristiana.com\/","name":"La Prensa Cristiana","description":"Anunciando Las Buenas Nuevas","potentialAction":[{"@type":"SearchAction","target":{"@type":"EntryPoint","urlTemplate":"https:\/\/laprensacristiana.com\/?s={search_term_string}"},"query-input":"required name=search_term_string"}],"inLanguage":"es"},{"@type":"Person","@id":"https:\/\/laprensacristiana.com\/#\/schema\/person\/3e7d82c6bfd6b1fa67010f8f7cd5256e","name":"EDITOR","image":{"@type":"ImageObject","inLanguage":"es","@id":"https:\/\/laprensacristiana.com\/#\/schema\/person\/image\/","url":"https:\/\/secure.gravatar.com\/avatar\/72069dfb6c13772d9e8381e3638666d2?s=96&d=mm&r=g","contentUrl":"https:\/\/secure.gravatar.com\/avatar\/72069dfb6c13772d9e8381e3638666d2?s=96&d=mm&r=g","caption":"EDITOR"},"url":"https:\/\/laprensacristiana.com\/?author=3"}]}},"_links":{"self":[{"href":"https:\/\/laprensacristiana.com\/index.php?rest_route=\/wp\/v2\/posts\/5008"}],"collection":[{"href":"https:\/\/laprensacristiana.com\/index.php?rest_route=\/wp\/v2\/posts"}],"about":[{"href":"https:\/\/laprensacristiana.com\/index.php?rest_route=\/wp\/v2\/types\/post"}],"author":[{"embeddable":true,"href":"https:\/\/laprensacristiana.com\/index.php?rest_route=\/wp\/v2\/users\/3"}],"replies":[{"embeddable":true,"href":"https:\/\/laprensacristiana.com\/index.php?rest_route=%2Fwp%2Fv2%2Fcomments&post=5008"}],"version-history":[{"count":2,"href":"https:\/\/laprensacristiana.com\/index.php?rest_route=\/wp\/v2\/posts\/5008\/revisions"}],"predecessor-version":[{"id":5118,"href":"https:\/\/laprensacristiana.com\/index.php?rest_route=\/wp\/v2\/posts\/5008\/revisions\/5118"}],"wp:featuredmedia":[{"embeddable":true,"href":"https:\/\/laprensacristiana.com\/index.php?rest_route=\/wp\/v2\/media\/4496"}],"wp:attachment":[{"href":"https:\/\/laprensacristiana.com\/index.php?rest_route=%2Fwp%2Fv2%2Fmedia&parent=5008"}],"wp:term":[{"taxonomy":"category","embeddable":true,"href":"https:\/\/laprensacristiana.com\/index.php?rest_route=%2Fwp%2Fv2%2Fcategories&post=5008"},{"taxonomy":"post_tag","embeddable":true,"href":"https:\/\/laprensacristiana.com\/index.php?rest_route=%2Fwp%2Fv2%2Ftags&post=5008"}],"curies":[{"name":"wp","href":"https:\/\/api.w.org\/{rel}","templated":true}]}}