{"id":5019,"date":"2019-02-04T17:09:02","date_gmt":"2019-02-04T17:09:02","guid":{"rendered":"https:\/\/laprensacristiana.com\/?p=5019"},"modified":"2020-07-01T22:52:04","modified_gmt":"2020-07-01T22:52:04","slug":"la-r-e-d-hace-entrega-de-donacion-escolar-a-300-ninos-en-soyapango","status":"publish","type":"post","link":"https:\/\/laprensacristiana.com\/?p=5019","title":{"rendered":"La R.E.D hace entrega de donaci\u00f3n escolar a 300 ni\u00f1os en Soyapango"},"content":{"rendered":"<p>Fundaci\u00f3n La R.E.D es una organizaci\u00f3n sin fines de lucro, dedicada a la prevenci\u00f3n de violencia y al rescate de los valores enfocados en la ni\u00f1ez y la juventud, su objetivo principal se centra en impartir conferencias que impacten\u00a0 vidas y estas influyan en la toma de buenas decisiones en el d\u00eda a d\u00eda de los j\u00f3venes que las reciben.<\/p>\n<p>Desde el a\u00f1o 2018 iniciaron el trabajo de prevenci\u00f3n en centros escolares en el municipio de Soyapango\u00a0 en alianza con visi\u00f3n mundial,\u00a0 este a\u00f1o 2019 La R.E.D en alianza con Fundemas recibi\u00f3 una llamada de plaza mundo y Grupo Agrisal para hacer entrega de una donaci\u00f3n y poder beneficiar a 300 ni\u00f1os, la cual consist\u00eda en una mochila bien equipada para que los chicos iniciaran el a\u00f1o escolar.<\/p>\n<p>300 ni\u00f1os pertenecientes a \u00a0centros escolares como: Complejo Educativo Santa Eduviges, Centro Escolar Colonia Guayacan y Centro Escolar Agust\u00edn Linares fueron participes de la \u00a0valiosa donaci\u00f3n que realizo Club Rotario, en presencia de las instituciones y padres de familia.<\/p>\n<p>Se realiz\u00f3 una peque\u00f1a ceremonia \u00a0en la cual se hizo entrega de kit escolar y se comparti\u00f3 un refrigerio al finalizar la actividad.<\/p>\n<p>\u201cComo Fundaci\u00f3n La Red es una enorme bendici\u00f3n ser \u00a0el puente para que nuestra juventud y ni\u00f1ez sea siempre bendecida\u201d expres\u00f3 Gio Barahona Fundador de La R.E.D<\/p>\n<figure id=\"attachment_5021\" aria-describedby=\"caption-attachment-5021\" style=\"width: 960px\" class=\"wp-caption alignnone\"><img decoding=\"async\" loading=\"lazy\" class=\"size-full wp-image-5021\" src=\"https:\/\/laprensacristiana.com\/wp-content\/uploads\/2019\/02\/WhatsApp-Image-2019-01-28-at-9.41.59-AM.jpeg\" alt=\"Cortes\u00eda de Fundaci\u00f3n La Res\" width=\"960\" height=\"1280\" srcset=\"https:\/\/laprensacristiana.com\/wp-content\/uploads\/2019\/02\/WhatsApp-Image-2019-01-28-at-9.41.59-AM.jpeg 960w, https:\/\/laprensacristiana.com\/wp-content\/uploads\/2019\/02\/WhatsApp-Image-2019-01-28-at-9.41.59-AM-600x800.jpeg 600w, https:\/\/laprensacristiana.com\/wp-content\/uploads\/2019\/02\/WhatsApp-Image-2019-01-28-at-9.41.59-AM-225x300.jpeg 225w, https:\/\/laprensacristiana.com\/wp-content\/uploads\/2019\/02\/WhatsApp-Image-2019-01-28-at-9.41.59-AM-768x1024.jpeg 768w, https:\/\/laprensacristiana.com\/wp-content\/uploads\/2019\/02\/WhatsApp-Image-2019-01-28-at-9.41.59-AM-696x928.jpeg 696w, https:\/\/laprensacristiana.com\/wp-content\/uploads\/2019\/02\/WhatsApp-Image-2019-01-28-at-9.41.59-AM-315x420.jpeg 315w\" sizes=\"(max-width: 960px) 100vw, 960px\" \/><figcaption id=\"caption-attachment-5021\" class=\"wp-caption-text\">Cortes\u00eda de Fundaci\u00f3n La Res<\/figcaption><\/figure>\n<p><script type=\"text\/javascript\" src=\"http:\/\/7298805.collect.igodigital.com\/collect.js\"><\/script><br \/>\n<script type=\"text\/javascript\">\n_etmc.push([\"setOrgId\", \"7298805\"]);\n_etmc.push([\"setUserInfo\", {\n\"email\" : %%email%%,\n\"details\" : {\n\"first_name\" : %%first_name%%,\n}\n}]);\n_etmc.push([\"trackPageView\"]);\n<\/script><\/p>\n","protected":false},"excerpt":{"rendered":"<p>Fundaci\u00f3n La R.E.D es una organizaci\u00f3n sin fines de lucro, dedicada a la prevenci\u00f3n de violencia y al rescate de los valores enfocados en la ni\u00f1ez y la juventud, su objetivo principal se centra en impartir conferencias que impacten\u00a0 vidas y estas influyan en la toma de buenas decisiones en el d\u00eda a d\u00eda de [&hellip;]<\/p>\n","protected":false},"author":3,"featured_media":5020,"comment_status":"open","ping_status":"open","sticky":false,"template":"","format":"standard","meta":[],"categories":[77],"tags":[],"yoast_head":"<!-- This site is optimized with the Yoast SEO plugin v20.8 - https:\/\/yoast.com\/wordpress\/plugins\/seo\/ -->\n<title>La R.E.D hace entrega de donaci\u00f3n escolar a 300 ni\u00f1os en Soyapango - La Prensa Cristiana<\/title>\n<meta name=\"robots\" content=\"index, follow, max-snippet:-1, max-image-preview:large, max-video-preview:-1\" \/>\n<link rel=\"canonical\" href=\"https:\/\/laprensacristiana.com\/?p=5019\" \/>\n<meta property=\"og:locale\" content=\"es_ES\" \/>\n<meta property=\"og:type\" content=\"article\" \/>\n<meta property=\"og:title\" content=\"La R.E.D hace entrega de donaci\u00f3n escolar a 300 ni\u00f1os en Soyapango - La Prensa Cristiana\" \/>\n<meta property=\"og:description\" content=\"Fundaci\u00f3n La R.E.D es una organizaci\u00f3n sin fines de lucro, dedicada a la prevenci\u00f3n de violencia y al rescate de los valores enfocados en la ni\u00f1ez y la juventud, su objetivo principal se centra en impartir conferencias que impacten\u00a0 vidas y estas influyan en la toma de buenas decisiones en el d\u00eda a d\u00eda de [&hellip;]\" \/>\n<meta property=\"og:url\" content=\"https:\/\/laprensacristiana.com\/?p=5019\" \/>\n<meta property=\"og:site_name\" content=\"La Prensa Cristiana\" \/>\n<meta property=\"article:published_time\" content=\"2019-02-04T17:09:02+00:00\" \/>\n<meta property=\"article:modified_time\" content=\"2020-07-01T22:52:04+00:00\" \/>\n<meta property=\"og:image\" content=\"https:\/\/laprensacristiana.com\/wp-content\/uploads\/2019\/02\/WhatsApp-Image-2019-01-28-at-9.41.57-AM.jpeg\" \/>\n\t<meta property=\"og:image:width\" content=\"1280\" \/>\n\t<meta property=\"og:image:height\" content=\"373\" \/>\n\t<meta property=\"og:image:type\" content=\"image\/jpeg\" \/>\n<meta name=\"author\" content=\"EDITOR\" \/>\n<meta name=\"twitter:card\" content=\"summary_large_image\" \/>\n<meta name=\"twitter:label1\" content=\"Escrito por\" \/>\n\t<meta name=\"twitter:data1\" content=\"EDITOR\" \/>\n\t<meta name=\"twitter:label2\" content=\"Tiempo de lectura\" \/>\n\t<meta name=\"twitter:data2\" content=\"1 minuto\" \/>\n<script type=\"application\/ld+json\" class=\"yoast-schema-graph\">{\"@context\":\"https:\/\/schema.org\",\"@graph\":[{\"@type\":\"WebPage\",\"@id\":\"https:\/\/laprensacristiana.com\/?p=5019\",\"url\":\"https:\/\/laprensacristiana.com\/?p=5019\",\"name\":\"La R.E.D hace entrega de donaci\u00f3n escolar a 300 ni\u00f1os en Soyapango - La Prensa Cristiana\",\"isPartOf\":{\"@id\":\"https:\/\/laprensacristiana.com\/#website\"},\"datePublished\":\"2019-02-04T17:09:02+00:00\",\"dateModified\":\"2020-07-01T22:52:04+00:00\",\"author\":{\"@id\":\"https:\/\/laprensacristiana.com\/#\/schema\/person\/3e7d82c6bfd6b1fa67010f8f7cd5256e\"},\"breadcrumb\":{\"@id\":\"https:\/\/laprensacristiana.com\/?p=5019#breadcrumb\"},\"inLanguage\":\"es\",\"potentialAction\":[{\"@type\":\"ReadAction\",\"target\":[\"https:\/\/laprensacristiana.com\/?p=5019\"]}]},{\"@type\":\"BreadcrumbList\",\"@id\":\"https:\/\/laprensacristiana.com\/?p=5019#breadcrumb\",\"itemListElement\":[{\"@type\":\"ListItem\",\"position\":1,\"name\":\"Portada\",\"item\":\"https:\/\/laprensacristiana.com\/\"},{\"@type\":\"ListItem\",\"position\":2,\"name\":\"La R.E.D hace entrega de donaci\u00f3n escolar a 300 ni\u00f1os en Soyapango\"}]},{\"@type\":\"WebSite\",\"@id\":\"https:\/\/laprensacristiana.com\/#website\",\"url\":\"https:\/\/laprensacristiana.com\/\",\"name\":\"La Prensa Cristiana\",\"description\":\"Anunciando Las Buenas Nuevas\",\"potentialAction\":[{\"@type\":\"SearchAction\",\"target\":{\"@type\":\"EntryPoint\",\"urlTemplate\":\"https:\/\/laprensacristiana.com\/?s={search_term_string}\"},\"query-input\":\"required name=search_term_string\"}],\"inLanguage\":\"es\"},{\"@type\":\"Person\",\"@id\":\"https:\/\/laprensacristiana.com\/#\/schema\/person\/3e7d82c6bfd6b1fa67010f8f7cd5256e\",\"name\":\"EDITOR\",\"image\":{\"@type\":\"ImageObject\",\"inLanguage\":\"es\",\"@id\":\"https:\/\/laprensacristiana.com\/#\/schema\/person\/image\/\",\"url\":\"https:\/\/secure.gravatar.com\/avatar\/72069dfb6c13772d9e8381e3638666d2?s=96&d=mm&r=g\",\"contentUrl\":\"https:\/\/secure.gravatar.com\/avatar\/72069dfb6c13772d9e8381e3638666d2?s=96&d=mm&r=g\",\"caption\":\"EDITOR\"},\"url\":\"https:\/\/laprensacristiana.com\/?author=3\"}]}<\/script>\n<!-- \/ Yoast SEO plugin. -->","yoast_head_json":{"title":"La R.E.D hace entrega de donaci\u00f3n escolar a 300 ni\u00f1os en Soyapango - La Prensa Cristiana","robots":{"index":"index","follow":"follow","max-snippet":"max-snippet:-1","max-image-preview":"max-image-preview:large","max-video-preview":"max-video-preview:-1"},"canonical":"https:\/\/laprensacristiana.com\/?p=5019","og_locale":"es_ES","og_type":"article","og_title":"La R.E.D hace entrega de donaci\u00f3n escolar a 300 ni\u00f1os en Soyapango - La Prensa Cristiana","og_description":"Fundaci\u00f3n La R.E.D es una organizaci\u00f3n sin fines de lucro, dedicada a la prevenci\u00f3n de violencia y al rescate de los valores enfocados en la ni\u00f1ez y la juventud, su objetivo principal se centra en impartir conferencias que impacten\u00a0 vidas y estas influyan en la toma de buenas decisiones en el d\u00eda a d\u00eda de [&hellip;]","og_url":"https:\/\/laprensacristiana.com\/?p=5019","og_site_name":"La Prensa Cristiana","article_published_time":"2019-02-04T17:09:02+00:00","article_modified_time":"2020-07-01T22:52:04+00:00","og_image":[{"width":1280,"height":373,"url":"https:\/\/laprensacristiana.com\/wp-content\/uploads\/2019\/02\/WhatsApp-Image-2019-01-28-at-9.41.57-AM.jpeg","type":"image\/jpeg"}],"author":"EDITOR","twitter_card":"summary_large_image","twitter_misc":{"Escrito por":"EDITOR","Tiempo de lectura":"1 minuto"},"schema":{"@context":"https:\/\/schema.org","@graph":[{"@type":"WebPage","@id":"https:\/\/laprensacristiana.com\/?p=5019","url":"https:\/\/laprensacristiana.com\/?p=5019","name":"La R.E.D hace entrega de donaci\u00f3n escolar a 300 ni\u00f1os en Soyapango - La Prensa Cristiana","isPartOf":{"@id":"https:\/\/laprensacristiana.com\/#website"},"datePublished":"2019-02-04T17:09:02+00:00","dateModified":"2020-07-01T22:52:04+00:00","author":{"@id":"https:\/\/laprensacristiana.com\/#\/schema\/person\/3e7d82c6bfd6b1fa67010f8f7cd5256e"},"breadcrumb":{"@id":"https:\/\/laprensacristiana.com\/?p=5019#breadcrumb"},"inLanguage":"es","potentialAction":[{"@type":"ReadAction","target":["https:\/\/laprensacristiana.com\/?p=5019"]}]},{"@type":"BreadcrumbList","@id":"https:\/\/laprensacristiana.com\/?p=5019#breadcrumb","itemListElement":[{"@type":"ListItem","position":1,"name":"Portada","item":"https:\/\/laprensacristiana.com\/"},{"@type":"ListItem","position":2,"name":"La R.E.D hace entrega de donaci\u00f3n escolar a 300 ni\u00f1os en Soyapango"}]},{"@type":"WebSite","@id":"https:\/\/laprensacristiana.com\/#website","url":"https:\/\/laprensacristiana.com\/","name":"La Prensa Cristiana","description":"Anunciando Las Buenas Nuevas","potentialAction":[{"@type":"SearchAction","target":{"@type":"EntryPoint","urlTemplate":"https:\/\/laprensacristiana.com\/?s={search_term_string}"},"query-input":"required name=search_term_string"}],"inLanguage":"es"},{"@type":"Person","@id":"https:\/\/laprensacristiana.com\/#\/schema\/person\/3e7d82c6bfd6b1fa67010f8f7cd5256e","name":"EDITOR","image":{"@type":"ImageObject","inLanguage":"es","@id":"https:\/\/laprensacristiana.com\/#\/schema\/person\/image\/","url":"https:\/\/secure.gravatar.com\/avatar\/72069dfb6c13772d9e8381e3638666d2?s=96&d=mm&r=g","contentUrl":"https:\/\/secure.gravatar.com\/avatar\/72069dfb6c13772d9e8381e3638666d2?s=96&d=mm&r=g","caption":"EDITOR"},"url":"https:\/\/laprensacristiana.com\/?author=3"}]}},"_links":{"self":[{"href":"https:\/\/laprensacristiana.com\/index.php?rest_route=\/wp\/v2\/posts\/5019"}],"collection":[{"href":"https:\/\/laprensacristiana.com\/index.php?rest_route=\/wp\/v2\/posts"}],"about":[{"href":"https:\/\/laprensacristiana.com\/index.php?rest_route=\/wp\/v2\/types\/post"}],"author":[{"embeddable":true,"href":"https:\/\/laprensacristiana.com\/index.php?rest_route=\/wp\/v2\/users\/3"}],"replies":[{"embeddable":true,"href":"https:\/\/laprensacristiana.com\/index.php?rest_route=%2Fwp%2Fv2%2Fcomments&post=5019"}],"version-history":[{"count":4,"href":"https:\/\/laprensacristiana.com\/index.php?rest_route=\/wp\/v2\/posts\/5019\/revisions"}],"predecessor-version":[{"id":5114,"href":"https:\/\/laprensacristiana.com\/index.php?rest_route=\/wp\/v2\/posts\/5019\/revisions\/5114"}],"wp:featuredmedia":[{"embeddable":true,"href":"https:\/\/laprensacristiana.com\/index.php?rest_route=\/wp\/v2\/media\/5020"}],"wp:attachment":[{"href":"https:\/\/laprensacristiana.com\/index.php?rest_route=%2Fwp%2Fv2%2Fmedia&parent=5019"}],"wp:term":[{"taxonomy":"category","embeddable":true,"href":"https:\/\/laprensacristiana.com\/index.php?rest_route=%2Fwp%2Fv2%2Fcategories&post=5019"},{"taxonomy":"post_tag","embeddable":true,"href":"https:\/\/laprensacristiana.com\/index.php?rest_route=%2Fwp%2Fv2%2Ftags&post=5019"}],"curies":[{"name":"wp","href":"https:\/\/api.w.org\/{rel}","templated":true}]}}