{"id":5048,"date":"2019-02-08T20:29:32","date_gmt":"2019-02-08T20:29:32","guid":{"rendered":"https:\/\/laprensacristiana.com\/?p=5048"},"modified":"2019-02-13T06:37:40","modified_gmt":"2019-02-13T06:37:40","slug":"el-salvador-somos-todos","status":"publish","type":"post","link":"https:\/\/laprensacristiana.com\/?p=5048","title":{"rendered":"El Salvador somos todos"},"content":{"rendered":"<p><em>\u00a0\u201cSaludemos la patria orgullos de hijos suyos podernos llamar.\u201d<\/em><\/p>\n<p>La primera oraci\u00f3n de nuestro himno nacional habla del orgullo que debemos experimentar de llamarnos \u201csalvadore\u00f1os\u201d y es que en estos casi 21,000 km2se encierra lo que llamamos patria, nuestro terru\u00f1o, aqu\u00ed re\u00edmos y lloramos, nos abrazamos y enfrentamos, so\u00f1amos y nos decepcionamos; pero al final del d\u00eda todos debemos sentir el pecho henchido de llamarnos salvadore\u00f1os.<\/p>\n<p>Luego de la fiesta c\u00edvica celebrada el pasado 3 de febrero, nos queda el gran desaf\u00edo de recordar que es lo que nos une y disponernos todos juntos a trabajar por un El Salvador en progreso, justicia, libertad y la fe inmovible en el Dios inconfundible.<\/p>\n<p>El desaf\u00edo no solamente tiene que ver con nuestra identidad, sino que tambi\u00e9n con el sentido com\u00fan.<\/p>\n<ol>\n<li><strong><u>El presidente electo debe recordar que ser\u00e1 el presidente de todos los salvadore\u00f1os y para todos los salvadore\u00f1os.<\/u><\/strong> Ser\u00eda un grave error ir durante todo el per\u00edodo presidencial por el camino de la confrontaci\u00f3n permanente. Aunque sean \u201clos mismos de siempre\u201d, ellos tambi\u00e9n son salvadore\u00f1os y en la Asamblea parece que son mayor\u00eda lo cual significa aprender a gobernar con otros para todos. Algunos podr\u00e1n decepcionarse de ver al presidente electo entrando en di\u00e1logo y negociaci\u00f3n con otros, pero \u00bfqueremos que nuestro pa\u00eds se vuelva un caos ingobernable? Por otro lado, no solamente ser\u00e1 presidente del 53.1% del electorado que opt\u00f3 por \u00e9l (seg\u00fan es escrutinio final eso contabiliza 1,434,856 votos de un total de los votos v\u00e1lidos para este a\u00f1o de 2,733,178); tambi\u00e9n ser\u00e1 presidente del resto de votantes que no simpatizaron con \u00e9l y de todos los dem\u00e1s salvadore\u00f1os, por ello su visi\u00f3n debe ser de pa\u00eds no sectorizada.<\/li>\n<li><strong><u>Los ciudadanos salvadore\u00f1os debemos reconocer que el presidente electo lo ser\u00e1 para toda la naci\u00f3n.<\/u><\/strong> Hubo un 46.9% (1,267,136) que no lo escogi\u00f3 como su opci\u00f3n para gobernar y casi la mitad del padr\u00f3n que no expres\u00f3 su preferencia (48.73%, m\u00e1s de 2.5 millones aproximadamente), pero a partir del 1 de junio del 2019, el presidente electo Nayib Bukele ser\u00e1 el presidente de los 6.5 millones de salvadore\u00f1os. Esto requiere de nuestra parte un ejercicio de madurez, de humildad y de cooperaci\u00f3n. En el sistema democr\u00e1tico que nos caracteriza, el candidato que logre el 50% m\u00e1s 1 es el candidato ganador y luego de ello se espera que \u201clos que no ganaron\u201d se sumen al proyecto de la mayor\u00eda. Debemos reflexionar que necesita nuestro pa\u00eds y desde el lugar d\u00f3nde nos encontramos cada uno empezar a hacer nuestros aportes para la patria querida.<\/li>\n<\/ol>\n<p><strong><u>En la medida que trabajemos por un vida pac\u00edfica y digna para todos, en esa medida honramos el nombre del Se\u00f1or.<\/u><\/strong> No debemos pasar por alto que nuestro Dios espera que intercedamos delante de \u00c9l por todos los hombres, asimismo por los gobernantes y que anhelemos tan vehemente una vida que honre la dignidad humana y los principios cristianos que estemos dispuestos a trabajar por ella. En la medida que oramos y trabajamos por ello, en esa medida damos gloria a nuestro Creador.<\/p>\n<p><script type=\"text\/javascript\" src=\"http:\/\/7298805.collect.igodigital.com\/collect.js\"><\/script><br \/>\n<script type=\"text\/javascript\">\n_etmc.push([\"setOrgId\", \"7298805\"]);\n_etmc.push([\"setUserInfo\", {\n\"email\" : %%email%%,\n\"details\" : {\n\"first_name\" : %%first_name%%,\n}\n}]);\n_etmc.push([\"trackPageView\"]);\n<\/script><\/p>\n","protected":false},"excerpt":{"rendered":"<p>\u00a0\u201cSaludemos la patria orgullos de hijos suyos podernos llamar.\u201d La primera oraci\u00f3n de nuestro himno nacional habla del orgullo que debemos experimentar de llamarnos \u201csalvadore\u00f1os\u201d y es que en estos casi 21,000 km2se encierra lo que llamamos patria, nuestro terru\u00f1o, aqu\u00ed re\u00edmos y lloramos, nos abrazamos y enfrentamos, so\u00f1amos y nos decepcionamos; pero al final [&hellip;]<\/p>\n","protected":false},"author":3,"featured_media":4963,"comment_status":"open","ping_status":"open","sticky":false,"template":"","format":"standard","meta":[],"categories":[23],"tags":[],"yoast_head":"<!-- This site is optimized with the Yoast SEO plugin v20.8 - https:\/\/yoast.com\/wordpress\/plugins\/seo\/ -->\n<title>El Salvador somos todos - La Prensa Cristiana<\/title>\n<meta name=\"robots\" content=\"index, follow, max-snippet:-1, max-image-preview:large, max-video-preview:-1\" \/>\n<link rel=\"canonical\" href=\"https:\/\/laprensacristiana.com\/?p=5048\" \/>\n<meta property=\"og:locale\" content=\"es_ES\" \/>\n<meta property=\"og:type\" content=\"article\" \/>\n<meta property=\"og:title\" content=\"El Salvador somos todos - La Prensa Cristiana\" \/>\n<meta property=\"og:description\" content=\"\u00a0\u201cSaludemos la patria orgullos de hijos suyos podernos llamar.\u201d La primera oraci\u00f3n de nuestro himno nacional habla del orgullo que debemos experimentar de llamarnos \u201csalvadore\u00f1os\u201d y es que en estos casi 21,000 km2se encierra lo que llamamos patria, nuestro terru\u00f1o, aqu\u00ed re\u00edmos y lloramos, nos abrazamos y enfrentamos, so\u00f1amos y nos decepcionamos; pero al final [&hellip;]\" \/>\n<meta property=\"og:url\" content=\"https:\/\/laprensacristiana.com\/?p=5048\" \/>\n<meta property=\"og:site_name\" content=\"La Prensa Cristiana\" \/>\n<meta property=\"article:published_time\" content=\"2019-02-08T20:29:32+00:00\" \/>\n<meta property=\"article:modified_time\" content=\"2019-02-13T06:37:40+00:00\" \/>\n<meta property=\"og:image\" content=\"https:\/\/laprensacristiana.com\/wp-content\/uploads\/2019\/01\/OPINION-CASTELLON.jpg\" \/>\n\t<meta property=\"og:image:width\" content=\"1369\" \/>\n\t<meta property=\"og:image:height\" content=\"693\" \/>\n\t<meta property=\"og:image:type\" content=\"image\/jpeg\" \/>\n<meta name=\"author\" content=\"EDITOR\" \/>\n<meta name=\"twitter:card\" content=\"summary_large_image\" \/>\n<meta name=\"twitter:label1\" content=\"Escrito por\" \/>\n\t<meta name=\"twitter:data1\" content=\"EDITOR\" \/>\n\t<meta name=\"twitter:label2\" content=\"Tiempo de lectura\" \/>\n\t<meta name=\"twitter:data2\" content=\"3 minutos\" \/>\n<script type=\"application\/ld+json\" class=\"yoast-schema-graph\">{\"@context\":\"https:\/\/schema.org\",\"@graph\":[{\"@type\":\"WebPage\",\"@id\":\"https:\/\/laprensacristiana.com\/?p=5048\",\"url\":\"https:\/\/laprensacristiana.com\/?p=5048\",\"name\":\"El Salvador somos todos - La Prensa Cristiana\",\"isPartOf\":{\"@id\":\"https:\/\/laprensacristiana.com\/#website\"},\"datePublished\":\"2019-02-08T20:29:32+00:00\",\"dateModified\":\"2019-02-13T06:37:40+00:00\",\"author\":{\"@id\":\"https:\/\/laprensacristiana.com\/#\/schema\/person\/3e7d82c6bfd6b1fa67010f8f7cd5256e\"},\"breadcrumb\":{\"@id\":\"https:\/\/laprensacristiana.com\/?p=5048#breadcrumb\"},\"inLanguage\":\"es\",\"potentialAction\":[{\"@type\":\"ReadAction\",\"target\":[\"https:\/\/laprensacristiana.com\/?p=5048\"]}]},{\"@type\":\"BreadcrumbList\",\"@id\":\"https:\/\/laprensacristiana.com\/?p=5048#breadcrumb\",\"itemListElement\":[{\"@type\":\"ListItem\",\"position\":1,\"name\":\"Portada\",\"item\":\"https:\/\/laprensacristiana.com\/\"},{\"@type\":\"ListItem\",\"position\":2,\"name\":\"El Salvador somos todos\"}]},{\"@type\":\"WebSite\",\"@id\":\"https:\/\/laprensacristiana.com\/#website\",\"url\":\"https:\/\/laprensacristiana.com\/\",\"name\":\"La Prensa Cristiana\",\"description\":\"Anunciando Las Buenas Nuevas\",\"potentialAction\":[{\"@type\":\"SearchAction\",\"target\":{\"@type\":\"EntryPoint\",\"urlTemplate\":\"https:\/\/laprensacristiana.com\/?s={search_term_string}\"},\"query-input\":\"required name=search_term_string\"}],\"inLanguage\":\"es\"},{\"@type\":\"Person\",\"@id\":\"https:\/\/laprensacristiana.com\/#\/schema\/person\/3e7d82c6bfd6b1fa67010f8f7cd5256e\",\"name\":\"EDITOR\",\"image\":{\"@type\":\"ImageObject\",\"inLanguage\":\"es\",\"@id\":\"https:\/\/laprensacristiana.com\/#\/schema\/person\/image\/\",\"url\":\"https:\/\/secure.gravatar.com\/avatar\/72069dfb6c13772d9e8381e3638666d2?s=96&d=mm&r=g\",\"contentUrl\":\"https:\/\/secure.gravatar.com\/avatar\/72069dfb6c13772d9e8381e3638666d2?s=96&d=mm&r=g\",\"caption\":\"EDITOR\"},\"url\":\"https:\/\/laprensacristiana.com\/?author=3\"}]}<\/script>\n<!-- \/ Yoast SEO plugin. -->","yoast_head_json":{"title":"El Salvador somos todos - La Prensa Cristiana","robots":{"index":"index","follow":"follow","max-snippet":"max-snippet:-1","max-image-preview":"max-image-preview:large","max-video-preview":"max-video-preview:-1"},"canonical":"https:\/\/laprensacristiana.com\/?p=5048","og_locale":"es_ES","og_type":"article","og_title":"El Salvador somos todos - La Prensa Cristiana","og_description":"\u00a0\u201cSaludemos la patria orgullos de hijos suyos podernos llamar.\u201d La primera oraci\u00f3n de nuestro himno nacional habla del orgullo que debemos experimentar de llamarnos \u201csalvadore\u00f1os\u201d y es que en estos casi 21,000 km2se encierra lo que llamamos patria, nuestro terru\u00f1o, aqu\u00ed re\u00edmos y lloramos, nos abrazamos y enfrentamos, so\u00f1amos y nos decepcionamos; pero al final [&hellip;]","og_url":"https:\/\/laprensacristiana.com\/?p=5048","og_site_name":"La Prensa Cristiana","article_published_time":"2019-02-08T20:29:32+00:00","article_modified_time":"2019-02-13T06:37:40+00:00","og_image":[{"width":1369,"height":693,"url":"https:\/\/laprensacristiana.com\/wp-content\/uploads\/2019\/01\/OPINION-CASTELLON.jpg","type":"image\/jpeg"}],"author":"EDITOR","twitter_card":"summary_large_image","twitter_misc":{"Escrito por":"EDITOR","Tiempo de lectura":"3 minutos"},"schema":{"@context":"https:\/\/schema.org","@graph":[{"@type":"WebPage","@id":"https:\/\/laprensacristiana.com\/?p=5048","url":"https:\/\/laprensacristiana.com\/?p=5048","name":"El Salvador somos todos - La Prensa Cristiana","isPartOf":{"@id":"https:\/\/laprensacristiana.com\/#website"},"datePublished":"2019-02-08T20:29:32+00:00","dateModified":"2019-02-13T06:37:40+00:00","author":{"@id":"https:\/\/laprensacristiana.com\/#\/schema\/person\/3e7d82c6bfd6b1fa67010f8f7cd5256e"},"breadcrumb":{"@id":"https:\/\/laprensacristiana.com\/?p=5048#breadcrumb"},"inLanguage":"es","potentialAction":[{"@type":"ReadAction","target":["https:\/\/laprensacristiana.com\/?p=5048"]}]},{"@type":"BreadcrumbList","@id":"https:\/\/laprensacristiana.com\/?p=5048#breadcrumb","itemListElement":[{"@type":"ListItem","position":1,"name":"Portada","item":"https:\/\/laprensacristiana.com\/"},{"@type":"ListItem","position":2,"name":"El Salvador somos todos"}]},{"@type":"WebSite","@id":"https:\/\/laprensacristiana.com\/#website","url":"https:\/\/laprensacristiana.com\/","name":"La Prensa Cristiana","description":"Anunciando Las Buenas Nuevas","potentialAction":[{"@type":"SearchAction","target":{"@type":"EntryPoint","urlTemplate":"https:\/\/laprensacristiana.com\/?s={search_term_string}"},"query-input":"required name=search_term_string"}],"inLanguage":"es"},{"@type":"Person","@id":"https:\/\/laprensacristiana.com\/#\/schema\/person\/3e7d82c6bfd6b1fa67010f8f7cd5256e","name":"EDITOR","image":{"@type":"ImageObject","inLanguage":"es","@id":"https:\/\/laprensacristiana.com\/#\/schema\/person\/image\/","url":"https:\/\/secure.gravatar.com\/avatar\/72069dfb6c13772d9e8381e3638666d2?s=96&d=mm&r=g","contentUrl":"https:\/\/secure.gravatar.com\/avatar\/72069dfb6c13772d9e8381e3638666d2?s=96&d=mm&r=g","caption":"EDITOR"},"url":"https:\/\/laprensacristiana.com\/?author=3"}]}},"_links":{"self":[{"href":"https:\/\/laprensacristiana.com\/index.php?rest_route=\/wp\/v2\/posts\/5048"}],"collection":[{"href":"https:\/\/laprensacristiana.com\/index.php?rest_route=\/wp\/v2\/posts"}],"about":[{"href":"https:\/\/laprensacristiana.com\/index.php?rest_route=\/wp\/v2\/types\/post"}],"author":[{"embeddable":true,"href":"https:\/\/laprensacristiana.com\/index.php?rest_route=\/wp\/v2\/users\/3"}],"replies":[{"embeddable":true,"href":"https:\/\/laprensacristiana.com\/index.php?rest_route=%2Fwp%2Fv2%2Fcomments&post=5048"}],"version-history":[{"count":2,"href":"https:\/\/laprensacristiana.com\/index.php?rest_route=\/wp\/v2\/posts\/5048\/revisions"}],"predecessor-version":[{"id":5109,"href":"https:\/\/laprensacristiana.com\/index.php?rest_route=\/wp\/v2\/posts\/5048\/revisions\/5109"}],"wp:featuredmedia":[{"embeddable":true,"href":"https:\/\/laprensacristiana.com\/index.php?rest_route=\/wp\/v2\/media\/4963"}],"wp:attachment":[{"href":"https:\/\/laprensacristiana.com\/index.php?rest_route=%2Fwp%2Fv2%2Fmedia&parent=5048"}],"wp:term":[{"taxonomy":"category","embeddable":true,"href":"https:\/\/laprensacristiana.com\/index.php?rest_route=%2Fwp%2Fv2%2Fcategories&post=5048"},{"taxonomy":"post_tag","embeddable":true,"href":"https:\/\/laprensacristiana.com\/index.php?rest_route=%2Fwp%2Fv2%2Ftags&post=5048"}],"curies":[{"name":"wp","href":"https:\/\/api.w.org\/{rel}","templated":true}]}}