{"id":5250,"date":"2019-02-20T20:07:50","date_gmt":"2019-02-20T20:07:50","guid":{"rendered":"https:\/\/laprensacristiana.com\/?p=5250"},"modified":"2019-02-20T22:05:07","modified_gmt":"2019-02-20T22:05:07","slug":"que-es-operacion-movilizacion","status":"publish","type":"post","link":"https:\/\/laprensacristiana.com\/?p=5250","title":{"rendered":"\u00bfQu\u00e9 es Operaci\u00f3n Movilizaci\u00f3n?"},"content":{"rendered":"<p style=\"text-align: justify;\">Por: Tirza Mart\u00ednez \/<strong><em>Redacci\u00f3n de OM El Salvador<\/em><\/strong><\/p>\n<p style=\"text-align: justify;\">Es una agencia misionera, conocida como \u201cOM\u201d, que desde 1957 se ha dedicado a movilizar a las personas para compartir el Evangelio de Jes\u00fas y de Su amor con toda generaci\u00f3n y toda naci\u00f3n. El rol de OM en el cuerpo de Cristo es de motivar, desarrollar y equipar a personas para la evangelizaci\u00f3n mundial, tambi\u00e9n fortalecer y ayudar a plantar iglesias, especialmente entre los menos alcanzados*.<\/p>\n<p style=\"text-align: justify;\">Todo esto es gracias a que George Verwer, el fundador de Operaci\u00f3n Movilizaci\u00f3n, y su peque\u00f1o equipo, se dieron cuenta que la raz\u00f3n de ser de su iniciativa de llevar literatura cristiana a quienes nunca hab\u00edan escuchado de Jes\u00fas, s\u00f3lo era una forma de cumplir el objetivo que Dios ten\u00eda para esta loca idea de ir por el mundo compartiendo libros, <strong>\u00a0movilizar<\/strong> a la iglesia.<\/p>\n<p style=\"text-align: justify;\"><strong><em>\u201cNo existe un lugar inaccesible, no existen personas muy lejanas, no existen ideas descabelladas, no existen sue\u00f1os exorbitantes\u201d George V.<\/em><\/strong><\/p>\n<p style=\"text-align: justify;\">Desde entonces su prop\u00f3sito ha sido dar a conocer a Jes\u00fas a trav\u00e9s de tres acciones espec\u00edficas <strong>orar, dar e ir<\/strong>, en pro de las misiones y as\u00ed cumplir la Gran Comisi\u00f3n que ha sido encomendada a todos los que han reconocido el sacrificio de Jes\u00fas en sus vidas.<\/p>\n<p style=\"text-align: justify;\">Estos tres elementos representan los pilares fundamentales que sostienen toda la actividad dentro de OM, en cada una de las bases ubicadas en m\u00e1s de 110 pa\u00edses, \u00e1reas de trabajo, ministerios e iniciativas.<\/p>\n<p style=\"text-align: justify;\"><strong><img decoding=\"async\" loading=\"lazy\" class=\"alignnone size-full wp-image-5255 alignleft\" src=\"https:\/\/laprensacristiana.com\/wp-content\/uploads\/2019\/02\/Circle-Icon-Pray.png\" alt=\"\" width=\"186\" height=\"186\" srcset=\"https:\/\/laprensacristiana.com\/wp-content\/uploads\/2019\/02\/Circle-Icon-Pray.png 186w, https:\/\/laprensacristiana.com\/wp-content\/uploads\/2019\/02\/Circle-Icon-Pray-100x100.png 100w, https:\/\/laprensacristiana.com\/wp-content\/uploads\/2019\/02\/Circle-Icon-Pray-150x150.png 150w\" sizes=\"(max-width: 186px) 100vw, 186px\" \/>Orar: <\/strong>El comienzo de OM se posa en la firme oraci\u00f3n de una mujer llena de fe, Dorothea Clapp, por lo que sin duda el cimiento de esta organizaci\u00f3n se encuentra en la comunicaci\u00f3n con Dios. OM afirma en su declaraci\u00f3n de prop\u00f3sito sobre el punto de la <em>Intercesi\u00f3n global<\/em> que, \u201cLa oraci\u00f3n personal y corporativa honra a Dios, cambia a nosotros y transforma el mundo. Por lo tanto, la oraci\u00f3n es la obra fundamental que precede y que impregna todos los dem\u00e1s esfuerzos\u201d.<\/p>\n<p style=\"text-align: justify;\"><strong><img decoding=\"async\" loading=\"lazy\" class=\"alignnone size-full wp-image-5256 alignright\" src=\"https:\/\/laprensacristiana.com\/wp-content\/uploads\/2019\/02\/Circle-Icon-Give.png\" alt=\"\" width=\"186\" height=\"186\" srcset=\"https:\/\/laprensacristiana.com\/wp-content\/uploads\/2019\/02\/Circle-Icon-Give.png 186w, https:\/\/laprensacristiana.com\/wp-content\/uploads\/2019\/02\/Circle-Icon-Give-100x100.png 100w, https:\/\/laprensacristiana.com\/wp-content\/uploads\/2019\/02\/Circle-Icon-Give-150x150.png 150w\" sizes=\"(max-width: 186px) 100vw, 186px\" \/>Dar: <\/strong>En el proceso de consolidaci\u00f3n de OM, en la d\u00e9cada de los 80\u2019s su fundador, George\u00a0Verwer, sugiri\u00f3 a los l\u00edderes de OM que era necesario animar a las personas para que aportaran econ\u00f3micamente a las misiones, adem\u00e1s de orar por ello. As\u00ed fue como se implement\u00f3 una pol\u00edtica financiera, que combinaba la fe y el sentido com\u00fan, adem\u00e1s les permiti\u00f3 incursionar en una de sus cinco \u00e1reas de trabajo \u201cAyuda y Desarrollo\u201d.<\/p>\n<p style=\"text-align: justify;\"><strong><img decoding=\"async\" loading=\"lazy\" class=\"alignnone size-full wp-image-5257 alignleft\" src=\"https:\/\/laprensacristiana.com\/wp-content\/uploads\/2019\/02\/Circle-Icon-Go.png\" alt=\"\" width=\"186\" height=\"186\" srcset=\"https:\/\/laprensacristiana.com\/wp-content\/uploads\/2019\/02\/Circle-Icon-Go.png 186w, https:\/\/laprensacristiana.com\/wp-content\/uploads\/2019\/02\/Circle-Icon-Go-100x100.png 100w, https:\/\/laprensacristiana.com\/wp-content\/uploads\/2019\/02\/Circle-Icon-Go-150x150.png 150w\" sizes=\"(max-width: 186px) 100vw, 186px\" \/>Ir: <\/strong>En el contexto misionero, es quiz\u00e1 el componente m\u00e1s popular, sin embargo OM est\u00e1 claro en que este no funciona si los dos anteriores no est\u00e1n en marcha. El enfoque inicial de Operaci\u00f3n Movilizaci\u00f3n en los 60\u2019s fue ir y no ha cambiado, llegar a los menos alcanzados simboliza la meta a la que est\u00e1n orientados los m\u00faltiples esfuerzos de OM alrededor del mundo.<\/p>\n<p>&nbsp;<\/p>\n<p style=\"text-align: justify;\">Por \u00faltimo, cada uno de los involucrados en el trabajo de OM comparte que la visi\u00f3n de Dios es transformar vidas y comunidades mientras reconcilia consigo al mundo.<\/p>\n<p style=\"text-align: justify;\"><strong>\u201cQueremos ver comunidades apasionadas de seguidores de Jes\u00fas entre los menos alcanzados\u201d<\/strong><\/p>\n<p style=\"text-align: justify;\">*Menos alcanzados: se le denomina as\u00ed a un grupo \u00e9tnico o social, en el cual la palabra de Dios no es conocida, donde el mensaje de salvaci\u00f3n no ha sido propagado y el nombre de Jes\u00fas no es nombrado.<\/p>\n<p><img decoding=\"async\" loading=\"lazy\" class=\"alignnone size-full wp-image-5038\" src=\"https:\/\/laprensacristiana.com\/wp-content\/uploads\/2019\/02\/CUPON-TIENDAS-MORENA-PUBLICIDAD.png\" alt=\"CUPON TIENDAS MORENA PUBLICIDAD\" width=\"640\" height=\"500\" srcset=\"https:\/\/laprensacristiana.com\/wp-content\/uploads\/2019\/02\/CUPON-TIENDAS-MORENA-PUBLICIDAD.png 640w, https:\/\/laprensacristiana.com\/wp-content\/uploads\/2019\/02\/CUPON-TIENDAS-MORENA-PUBLICIDAD-600x469.png 600w, https:\/\/laprensacristiana.com\/wp-content\/uploads\/2019\/02\/CUPON-TIENDAS-MORENA-PUBLICIDAD-300x234.png 300w, https:\/\/laprensacristiana.com\/wp-content\/uploads\/2019\/02\/CUPON-TIENDAS-MORENA-PUBLICIDAD-538x420.png 538w\" sizes=\"(max-width: 640px) 100vw, 640px\" \/><\/p>\n","protected":false},"excerpt":{"rendered":"<p>Por: Tirza Mart\u00ednez \/Redacci\u00f3n de OM El Salvador Es una agencia misionera, conocida como \u201cOM\u201d, que desde 1957 se ha dedicado a movilizar a las personas para compartir el Evangelio de Jes\u00fas y de Su amor con toda generaci\u00f3n y toda naci\u00f3n. El rol de OM en el cuerpo de Cristo es de motivar, desarrollar [&hellip;]<\/p>\n","protected":false},"author":3,"featured_media":5251,"comment_status":"open","ping_status":"open","sticky":false,"template":"","format":"standard","meta":[],"categories":[57],"tags":[],"yoast_head":"<!-- This site is optimized with the Yoast SEO plugin v20.8 - https:\/\/yoast.com\/wordpress\/plugins\/seo\/ -->\n<title>\u00bfQu\u00e9 es Operaci\u00f3n Movilizaci\u00f3n? - La Prensa Cristiana<\/title>\n<meta name=\"robots\" content=\"index, follow, max-snippet:-1, max-image-preview:large, max-video-preview:-1\" \/>\n<link rel=\"canonical\" href=\"https:\/\/laprensacristiana.com\/?p=5250\" \/>\n<meta property=\"og:locale\" content=\"es_ES\" \/>\n<meta property=\"og:type\" content=\"article\" \/>\n<meta property=\"og:title\" content=\"\u00bfQu\u00e9 es Operaci\u00f3n Movilizaci\u00f3n? - La Prensa Cristiana\" \/>\n<meta property=\"og:description\" content=\"Por: Tirza Mart\u00ednez \/Redacci\u00f3n de OM El Salvador Es una agencia misionera, conocida como \u201cOM\u201d, que desde 1957 se ha dedicado a movilizar a las personas para compartir el Evangelio de Jes\u00fas y de Su amor con toda generaci\u00f3n y toda naci\u00f3n. El rol de OM en el cuerpo de Cristo es de motivar, desarrollar [&hellip;]\" \/>\n<meta property=\"og:url\" content=\"https:\/\/laprensacristiana.com\/?p=5250\" \/>\n<meta property=\"og:site_name\" content=\"La Prensa Cristiana\" \/>\n<meta property=\"article:published_time\" content=\"2019-02-20T20:07:50+00:00\" \/>\n<meta property=\"article:modified_time\" content=\"2019-02-20T22:05:07+00:00\" \/>\n<meta property=\"og:image\" content=\"https:\/\/laprensacristiana.com\/wp-content\/uploads\/2019\/02\/WhatsApp-Image-2019-02-20-at-2.06.35-PM.jpeg\" \/>\n\t<meta property=\"og:image:width\" content=\"1280\" \/>\n\t<meta property=\"og:image:height\" content=\"853\" \/>\n\t<meta property=\"og:image:type\" content=\"image\/jpeg\" \/>\n<meta name=\"author\" content=\"EDITOR\" \/>\n<meta name=\"twitter:card\" content=\"summary_large_image\" \/>\n<meta name=\"twitter:label1\" content=\"Escrito por\" \/>\n\t<meta name=\"twitter:data1\" content=\"EDITOR\" \/>\n\t<meta name=\"twitter:label2\" content=\"Tiempo de lectura\" \/>\n\t<meta name=\"twitter:data2\" content=\"3 minutos\" \/>\n<script type=\"application\/ld+json\" class=\"yoast-schema-graph\">{\"@context\":\"https:\/\/schema.org\",\"@graph\":[{\"@type\":\"WebPage\",\"@id\":\"https:\/\/laprensacristiana.com\/?p=5250\",\"url\":\"https:\/\/laprensacristiana.com\/?p=5250\",\"name\":\"\u00bfQu\u00e9 es Operaci\u00f3n Movilizaci\u00f3n? - La Prensa Cristiana\",\"isPartOf\":{\"@id\":\"https:\/\/laprensacristiana.com\/#website\"},\"datePublished\":\"2019-02-20T20:07:50+00:00\",\"dateModified\":\"2019-02-20T22:05:07+00:00\",\"author\":{\"@id\":\"https:\/\/laprensacristiana.com\/#\/schema\/person\/3e7d82c6bfd6b1fa67010f8f7cd5256e\"},\"breadcrumb\":{\"@id\":\"https:\/\/laprensacristiana.com\/?p=5250#breadcrumb\"},\"inLanguage\":\"es\",\"potentialAction\":[{\"@type\":\"ReadAction\",\"target\":[\"https:\/\/laprensacristiana.com\/?p=5250\"]}]},{\"@type\":\"BreadcrumbList\",\"@id\":\"https:\/\/laprensacristiana.com\/?p=5250#breadcrumb\",\"itemListElement\":[{\"@type\":\"ListItem\",\"position\":1,\"name\":\"Portada\",\"item\":\"https:\/\/laprensacristiana.com\/\"},{\"@type\":\"ListItem\",\"position\":2,\"name\":\"\u00bfQu\u00e9 es Operaci\u00f3n Movilizaci\u00f3n?\"}]},{\"@type\":\"WebSite\",\"@id\":\"https:\/\/laprensacristiana.com\/#website\",\"url\":\"https:\/\/laprensacristiana.com\/\",\"name\":\"La Prensa Cristiana\",\"description\":\"Anunciando Las Buenas Nuevas\",\"potentialAction\":[{\"@type\":\"SearchAction\",\"target\":{\"@type\":\"EntryPoint\",\"urlTemplate\":\"https:\/\/laprensacristiana.com\/?s={search_term_string}\"},\"query-input\":\"required name=search_term_string\"}],\"inLanguage\":\"es\"},{\"@type\":\"Person\",\"@id\":\"https:\/\/laprensacristiana.com\/#\/schema\/person\/3e7d82c6bfd6b1fa67010f8f7cd5256e\",\"name\":\"EDITOR\",\"image\":{\"@type\":\"ImageObject\",\"inLanguage\":\"es\",\"@id\":\"https:\/\/laprensacristiana.com\/#\/schema\/person\/image\/\",\"url\":\"https:\/\/secure.gravatar.com\/avatar\/72069dfb6c13772d9e8381e3638666d2?s=96&d=mm&r=g\",\"contentUrl\":\"https:\/\/secure.gravatar.com\/avatar\/72069dfb6c13772d9e8381e3638666d2?s=96&d=mm&r=g\",\"caption\":\"EDITOR\"},\"url\":\"https:\/\/laprensacristiana.com\/?author=3\"}]}<\/script>\n<!-- \/ Yoast SEO plugin. -->","yoast_head_json":{"title":"\u00bfQu\u00e9 es Operaci\u00f3n Movilizaci\u00f3n? - La Prensa Cristiana","robots":{"index":"index","follow":"follow","max-snippet":"max-snippet:-1","max-image-preview":"max-image-preview:large","max-video-preview":"max-video-preview:-1"},"canonical":"https:\/\/laprensacristiana.com\/?p=5250","og_locale":"es_ES","og_type":"article","og_title":"\u00bfQu\u00e9 es Operaci\u00f3n Movilizaci\u00f3n? - La Prensa Cristiana","og_description":"Por: Tirza Mart\u00ednez \/Redacci\u00f3n de OM El Salvador Es una agencia misionera, conocida como \u201cOM\u201d, que desde 1957 se ha dedicado a movilizar a las personas para compartir el Evangelio de Jes\u00fas y de Su amor con toda generaci\u00f3n y toda naci\u00f3n. El rol de OM en el cuerpo de Cristo es de motivar, desarrollar [&hellip;]","og_url":"https:\/\/laprensacristiana.com\/?p=5250","og_site_name":"La Prensa Cristiana","article_published_time":"2019-02-20T20:07:50+00:00","article_modified_time":"2019-02-20T22:05:07+00:00","og_image":[{"width":1280,"height":853,"url":"https:\/\/laprensacristiana.com\/wp-content\/uploads\/2019\/02\/WhatsApp-Image-2019-02-20-at-2.06.35-PM.jpeg","type":"image\/jpeg"}],"author":"EDITOR","twitter_card":"summary_large_image","twitter_misc":{"Escrito por":"EDITOR","Tiempo de lectura":"3 minutos"},"schema":{"@context":"https:\/\/schema.org","@graph":[{"@type":"WebPage","@id":"https:\/\/laprensacristiana.com\/?p=5250","url":"https:\/\/laprensacristiana.com\/?p=5250","name":"\u00bfQu\u00e9 es Operaci\u00f3n Movilizaci\u00f3n? - La Prensa Cristiana","isPartOf":{"@id":"https:\/\/laprensacristiana.com\/#website"},"datePublished":"2019-02-20T20:07:50+00:00","dateModified":"2019-02-20T22:05:07+00:00","author":{"@id":"https:\/\/laprensacristiana.com\/#\/schema\/person\/3e7d82c6bfd6b1fa67010f8f7cd5256e"},"breadcrumb":{"@id":"https:\/\/laprensacristiana.com\/?p=5250#breadcrumb"},"inLanguage":"es","potentialAction":[{"@type":"ReadAction","target":["https:\/\/laprensacristiana.com\/?p=5250"]}]},{"@type":"BreadcrumbList","@id":"https:\/\/laprensacristiana.com\/?p=5250#breadcrumb","itemListElement":[{"@type":"ListItem","position":1,"name":"Portada","item":"https:\/\/laprensacristiana.com\/"},{"@type":"ListItem","position":2,"name":"\u00bfQu\u00e9 es Operaci\u00f3n Movilizaci\u00f3n?"}]},{"@type":"WebSite","@id":"https:\/\/laprensacristiana.com\/#website","url":"https:\/\/laprensacristiana.com\/","name":"La Prensa Cristiana","description":"Anunciando Las Buenas Nuevas","potentialAction":[{"@type":"SearchAction","target":{"@type":"EntryPoint","urlTemplate":"https:\/\/laprensacristiana.com\/?s={search_term_string}"},"query-input":"required name=search_term_string"}],"inLanguage":"es"},{"@type":"Person","@id":"https:\/\/laprensacristiana.com\/#\/schema\/person\/3e7d82c6bfd6b1fa67010f8f7cd5256e","name":"EDITOR","image":{"@type":"ImageObject","inLanguage":"es","@id":"https:\/\/laprensacristiana.com\/#\/schema\/person\/image\/","url":"https:\/\/secure.gravatar.com\/avatar\/72069dfb6c13772d9e8381e3638666d2?s=96&d=mm&r=g","contentUrl":"https:\/\/secure.gravatar.com\/avatar\/72069dfb6c13772d9e8381e3638666d2?s=96&d=mm&r=g","caption":"EDITOR"},"url":"https:\/\/laprensacristiana.com\/?author=3"}]}},"_links":{"self":[{"href":"https:\/\/laprensacristiana.com\/index.php?rest_route=\/wp\/v2\/posts\/5250"}],"collection":[{"href":"https:\/\/laprensacristiana.com\/index.php?rest_route=\/wp\/v2\/posts"}],"about":[{"href":"https:\/\/laprensacristiana.com\/index.php?rest_route=\/wp\/v2\/types\/post"}],"author":[{"embeddable":true,"href":"https:\/\/laprensacristiana.com\/index.php?rest_route=\/wp\/v2\/users\/3"}],"replies":[{"embeddable":true,"href":"https:\/\/laprensacristiana.com\/index.php?rest_route=%2Fwp%2Fv2%2Fcomments&post=5250"}],"version-history":[{"count":4,"href":"https:\/\/laprensacristiana.com\/index.php?rest_route=\/wp\/v2\/posts\/5250\/revisions"}],"predecessor-version":[{"id":5258,"href":"https:\/\/laprensacristiana.com\/index.php?rest_route=\/wp\/v2\/posts\/5250\/revisions\/5258"}],"wp:featuredmedia":[{"embeddable":true,"href":"https:\/\/laprensacristiana.com\/index.php?rest_route=\/wp\/v2\/media\/5251"}],"wp:attachment":[{"href":"https:\/\/laprensacristiana.com\/index.php?rest_route=%2Fwp%2Fv2%2Fmedia&parent=5250"}],"wp:term":[{"taxonomy":"category","embeddable":true,"href":"https:\/\/laprensacristiana.com\/index.php?rest_route=%2Fwp%2Fv2%2Fcategories&post=5250"},{"taxonomy":"post_tag","embeddable":true,"href":"https:\/\/laprensacristiana.com\/index.php?rest_route=%2Fwp%2Fv2%2Ftags&post=5250"}],"curies":[{"name":"wp","href":"https:\/\/api.w.org\/{rel}","templated":true}]}}