{"id":5276,"date":"2019-02-28T14:17:12","date_gmt":"2019-02-28T14:17:12","guid":{"rendered":"https:\/\/laprensacristiana.com\/?p=5276"},"modified":"2019-02-28T14:17:12","modified_gmt":"2019-02-28T14:17:12","slug":"mundo-arabe-una-cultura-dos-continentes","status":"publish","type":"post","link":"https:\/\/laprensacristiana.com\/?p=5276","title":{"rendered":"MUNDO \u00c1RABE: UNA CULTURA, DOS CONTINENTES"},"content":{"rendered":"<p>&nbsp;<\/p>\n<p><em>Por: Tirza Mart\u00ednez\u00a0 \u00a0 \u00a0 \u00a0 \u00a0 \u00a0 \u00a0 \u00a0 \u00a0 \u00a0 \u00a0 \u00a0 \u00a0 \u00a0 \u00a0 \u00a0 \u00a0 \u00a0 \u00a0 \u00a0 \u00a0 \u00a0 \u00a0 \u00a0 \u00a0 \u00a0 \u00a0 \u00a0 \u00a0 \u00a0 \u00a0 \u00a0 \u00a0 \u00a0 \u00a0 \u00a0 \u00a0 \u00a0 \u00a0 \u00a0 \u00a0 \u00a0 \u00a0 \u00a0 \u00a0 \u00a0 \u00a0 \u00a0 \u00a0 \u00a0 Redacci\u00f3n de OM El Salvador<\/em><\/p>\n<p>Se le denomina \u201c<strong>mundo \u00e1rabe<\/strong>\u201d o \u201c<strong>pa\u00edses \u00e1rabes<\/strong>\u201d al conjunto de los pa\u00edses en los que habita el pueblo \u00e1rabe o la lengua \u00e1rabe son mayor\u00eda. El mundo \u00e1rabe, est\u00e1 formado por los pa\u00edses occidentales del Medio Oriente (Sur de <em>Asia<\/em>), espec\u00edficamente a los de la pen\u00ednsula Ar\u00e1biga*, y a las naciones del Magreb y el Cuerno de \u00c1frica (Norte de <em>\u00c1frica<\/em>). Por lo tanto, se designa con este nombre asimismo a la comunidad mundial de personas que tienen el <strong>\u00e1rabe<\/strong>, en sus m\u00faltiples variantes, \u00a0como lengua materna.<\/p>\n<p><em>\u00a0Historia<\/em><\/p>\n<p>Como resultado de los procesos de conquista, especialmente la conquista isl\u00e1mica a partir del a\u00f1o 622 denominada H\u00e9gira*, se refiere a la migraci\u00f3n que fue encabezada por Mahoma, el fundador del Islam*, quien fue de la ciudad de La Meca a Medina (actual Arabia Saudita).<\/p>\n<p>En el principio los \u00e1rabes originales se encontraban en la Pen\u00ednsula Ar\u00e1biga, los conquistadores de origen \u00e1rabe llevaron consigo su religi\u00f3n, el islam, y su idioma a nuevas tierras, as\u00ed poblaciones completas adoptaron ambas, seg\u00fan la revista especializada en el mundo \u00e1rabe e isl\u00e1mico \u201cAlif N\u00fbm\u201d, algunos pa\u00edses m\u00e1s que por la cultura \u00e1rabe en s\u00ed, se impregnaron y bebieron de la tradici\u00f3n musulmana d\u00e1ndole nueva savia y medios de expresi\u00f3n.<\/p>\n<p>Sin embargo, hubo quienes adoptaron la lengua \u00e1rabe, pero no el islam, este es el caso de varias <strong>minor\u00edas cristianas<\/strong> que hasta hoy son vigentes en varios pa\u00edses \u00e1rabes, sobre las cuales se profundizar\u00e1 en otra entrega, por mencionar algunas (maronitas, nestorianos, coptos, moz\u00e1rabes en el desaparecido Al-\u00c1ndalus, etc.)<\/p>\n<p>Hubo asimismo otros que adoptaron el islam, pero mantuvieron sus lenguas maternas, es decir las <strong>minor\u00edas no \u00e1rabes<\/strong>\u00a0 (bereberes, kurdos, nubios) o bien se trata de regiones tempranamente conquistadas y que mantuvieron sus lenguas originales, como sucede con Ir\u00e1n, Turqu\u00eda, Pakist\u00e1n y Espa\u00f1a.<\/p>\n<p><em>Geograf\u00eda<\/em><\/p>\n<p>El Mundo \u00c1rabe se extiende a lo largo de casi 7.840 kil\u00f3metros de distancia, desde La G\u00fcera en el Sahara Occidental hasta la punta m\u00e1s oriental de Om\u00e1n, cerca de la ciudad de Sur. Abarca el \u00c1frica del Norte y la parte de Asia sudoccidental llamada Oriente Medio. En Libia se encuentra la frontera que tradicionalmente divide al mundo \u00e1rabe en dos: el Magreb o Poniente y el M\u00e1shreq o Levante.<\/p>\n<p>El t\u00e9rmino <strong><em>\u00e1rabe<\/em><\/strong> a menudo es relacionado al Oriente Medio, pero la mayor regi\u00f3n y m\u00e1s poblada del mundo \u00e1rabe es el <strong>norte de \u00c1frica<\/strong>. Sus aproximadamente 8 millones de km\u00b2, que incluyen los dos pa\u00edses m\u00e1s grandes del continente africano, Sud\u00e1n (2,505 millones de km\u00b2) en el sureste de la regi\u00f3n y Argelia (2,381 millones de km\u00b2) en el centro. En Oriente Medio el pa\u00eds con mayor extensi\u00f3n territorial es Arabia Saudita\u00a0 con 2,149 millones de km\u00b2.<\/p>\n<p>El mundo \u00e1rabe es designado a menudo en lengua \u00e1rabe con la expresi\u00f3n <em>\u201cDel Golfo al Oc\u00e9ano<\/em>\u201d o<em> \u201cmin al-jaliy il\u00e0 l-muhit\u201d, <\/em>\u00a0aludiendo a dos de los grandes accidentes geogr\u00e1ficos que lo delimitan: el\u00a0<a href=\"https:\/\/es.wikipedia.org\/wiki\/Golfo_P%C3%A9rsico\">Golfo P\u00e9rsico<\/a>\u00a0 al Este y el\u00a0<a href=\"https:\/\/es.wikipedia.org\/wiki\/Oc%C3%A9ano_Atl%C3%A1ntico\">Oc\u00e9ano Atl\u00e1ntico<\/a>\u00a0al Oeste.<\/p>\n<figure id=\"attachment_5277\" aria-describedby=\"caption-attachment-5277\" style=\"width: 1191px\" class=\"wp-caption alignnone\"><img decoding=\"async\" loading=\"lazy\" class=\"size-full wp-image-5277\" src=\"https:\/\/laprensacristiana.com\/wp-content\/uploads\/2019\/02\/mundo-c3a1rabe1.png\" alt=\"El mundo \u00e1rabe, est\u00e1 conformado por los estados miembros de la Liga \u00c1rabe: Algeria, Egipto, Sud\u00e1n, Arabia Saudita, Marruecos, Libia, Sud\u00e1n, Yemen, Siria, Djibouti, Irak, Somalia, Tunisia, Emiratos \u00c1rabes Unidos, Islas Comoras, Jordania, L\u00edbano, Palestina, Om\u00e1n, Kuwait, Mauritania, Qatar y Bahrein. Con un total de 200 millones de arabo parlantes. \" width=\"1191\" height=\"742\" srcset=\"https:\/\/laprensacristiana.com\/wp-content\/uploads\/2019\/02\/mundo-c3a1rabe1.png 1191w, https:\/\/laprensacristiana.com\/wp-content\/uploads\/2019\/02\/mundo-c3a1rabe1-600x374.png 600w, https:\/\/laprensacristiana.com\/wp-content\/uploads\/2019\/02\/mundo-c3a1rabe1-300x187.png 300w, https:\/\/laprensacristiana.com\/wp-content\/uploads\/2019\/02\/mundo-c3a1rabe1-768x478.png 768w, https:\/\/laprensacristiana.com\/wp-content\/uploads\/2019\/02\/mundo-c3a1rabe1-1024x638.png 1024w, https:\/\/laprensacristiana.com\/wp-content\/uploads\/2019\/02\/mundo-c3a1rabe1-696x434.png 696w, https:\/\/laprensacristiana.com\/wp-content\/uploads\/2019\/02\/mundo-c3a1rabe1-1068x665.png 1068w, https:\/\/laprensacristiana.com\/wp-content\/uploads\/2019\/02\/mundo-c3a1rabe1-674x420.png 674w\" sizes=\"(max-width: 1191px) 100vw, 1191px\" \/><figcaption id=\"caption-attachment-5277\" class=\"wp-caption-text\">El mundo \u00e1rabe, est\u00e1 conformado por los estados miembros de la Liga \u00c1rabe: Algeria, Egipto, Sud\u00e1n, Arabia Saudita, Marruecos, Libia, Sud\u00e1n, Yemen, Siria, Djibouti, Irak, Somalia, Tunisia, Emiratos \u00c1rabes Unidos, Islas Comoras, Jordania, L\u00edbano, Palestina, Om\u00e1n, Kuwait, Mauritania, Qatar y Bahrein. Con un total de 200 millones de arabo parlantes.<\/figcaption><\/figure>\n<p><em>Clima<\/em><\/p>\n<p>El clima en las regiones \u00e1rabes, es predominante\u00a0 seco des\u00e9rtico. La temperatura de los meses de verano alcanza en muchos lugares hasta los 49\u00ba C y sus precipitaciones son muy bajas, un promedio inferior a 100 mm anuales. Otro fen\u00f3meno caracter\u00edstico de este clima es que presenta altas temperaturas durante el d\u00eda e intenso fr\u00edo durante la noche.<\/p>\n<p>Los r\u00edos permanentes son muy escasos. Los m\u00e1s importantes son: El Nilo (el segundo m\u00e1s largo del mundo, con 6.671 km de longitud) en la regi\u00f3n noreste de \u00c1frica. El Tigris y el \u00c9ufrates en la regi\u00f3n mesopot\u00e1mica en el continente asi\u00e1tico.<\/p>\n<p>Debido a la naturaleza extrema de su clima la vegetaci\u00f3n m\u00e1s abundante es la xer\u00f3fila, es decir plantas adaptadas a la escasez de agua en la zona en la que habitan, como la estepa o el desierto.\u200b\u200b\u200b\u200b\u200b<\/p>\n<p>Hablar del mundo \u00e1rabe es hablar de una lengua, cultura, forma de vida y ambiente de varios grupos de personas. Tambi\u00e9n relata la cosmovisi\u00f3n de un pueblo, ahora disperso en varios pa\u00edses, minor\u00edas y etnias influenciadas por los antiguos pobladores de la pen\u00ednsula Ar\u00e1biga.<\/p>\n<p>Por tanto, aunque el concepto <strong><em>\u00e1rabe<\/em><\/strong> est\u00e9 estrechamente ligado al islam por razones hist\u00f3ricas y culturales, es exclusivamente <em>ling\u00fc\u00edstico<\/em> y no debe confundirse con el de \u00abmusulm\u00e1n\u00bb, que es la comunidad de personas cuyo credo religioso es el islam. De hecho, el 80% de los musulmanes no es de lengua \u00e1rabe, y por otra parte muchos \u00e1rabes son cristianos.<\/p>\n<p><em>-Ore por los cristianos inmersos en el mundo \u00e1rabe, para que Dios pueda\u00a0 fortalecer su fe y sea compartida con otros, que puedan tener un encuentro con Jes\u00fas y sea revelado a sus vidas el aut\u00e9ntico mensaje de amor y salvaci\u00f3n.<\/em><\/p>\n<p><em>&#8211; Ore porque la comunidad arabo parlante pueda tener un ejemplar de la biblia en su idioma y las variantes existentes. <\/em><\/p>\n<p><em>-Ore por los misioneros que se encuentran en esta parte del mundo y por el env\u00edo de m\u00e1s obreros hacia los \u00e1rabes. <\/em><\/p>\n<p><em>\u00a0<\/em><\/p>\n<p>*pen\u00ednsula Ar\u00e1biga: territorio\u00a0 donde confluencia \u00c1frica y Asia, entre el golfo P\u00e9rsico, el golfo de Ad\u00e9n, el mar Ar\u00e1bigo y el mar Rojo.<\/p>\n<p>*H\u00e9gira: migraci\u00f3n de Mahoma de La Meca a Medina (dos ciudades al oeste de la pen\u00ednsula ar\u00e1biga) porque los caciques de La Meca no aceptaban sus ense\u00f1anzas sobre la nueva religi\u00f3n, el islam, en el a\u00f1o 622.<\/p>\n<p>*Islam: es una religi\u00f3n monote\u00edsta abrah\u00e1mica cuyo dogma se basa en el Cor\u00e1n, el cual establece como premisa fundamental para sus creyentes que \u00abNo hay m\u00e1s Dios que Al\u00e1\u200b y que Mahoma es el \u00faltimo mensajero de Al\u00e1\u00bb<\/p>\n","protected":false},"excerpt":{"rendered":"<p>&nbsp; Por: Tirza Mart\u00ednez\u00a0 \u00a0 \u00a0 \u00a0 \u00a0 \u00a0 \u00a0 \u00a0 \u00a0 \u00a0 \u00a0 \u00a0 \u00a0 \u00a0 \u00a0 \u00a0 \u00a0 \u00a0 \u00a0 \u00a0 \u00a0 \u00a0 \u00a0 \u00a0 \u00a0 \u00a0 \u00a0 \u00a0 \u00a0 \u00a0 \u00a0 \u00a0 \u00a0 \u00a0 \u00a0 \u00a0 \u00a0 \u00a0 \u00a0 \u00a0 \u00a0 \u00a0 \u00a0 \u00a0 \u00a0 \u00a0 \u00a0 \u00a0 \u00a0 \u00a0 Redacci\u00f3n de [&hellip;]<\/p>\n","protected":false},"author":3,"featured_media":5278,"comment_status":"open","ping_status":"open","sticky":false,"template":"","format":"standard","meta":[],"categories":[57],"tags":[],"yoast_head":"<!-- This site is optimized with the Yoast SEO plugin v20.8 - https:\/\/yoast.com\/wordpress\/plugins\/seo\/ -->\n<title>MUNDO \u00c1RABE: UNA CULTURA, DOS CONTINENTES - La Prensa Cristiana<\/title>\n<meta name=\"robots\" content=\"index, follow, max-snippet:-1, max-image-preview:large, max-video-preview:-1\" \/>\n<link rel=\"canonical\" href=\"https:\/\/laprensacristiana.com\/?p=5276\" \/>\n<meta property=\"og:locale\" content=\"es_ES\" \/>\n<meta property=\"og:type\" content=\"article\" \/>\n<meta property=\"og:title\" content=\"MUNDO \u00c1RABE: UNA CULTURA, DOS CONTINENTES - La Prensa Cristiana\" \/>\n<meta property=\"og:description\" content=\"&nbsp; Por: Tirza Mart\u00ednez\u00a0 \u00a0 \u00a0 \u00a0 \u00a0 \u00a0 \u00a0 \u00a0 \u00a0 \u00a0 \u00a0 \u00a0 \u00a0 \u00a0 \u00a0 \u00a0 \u00a0 \u00a0 \u00a0 \u00a0 \u00a0 \u00a0 \u00a0 \u00a0 \u00a0 \u00a0 \u00a0 \u00a0 \u00a0 \u00a0 \u00a0 \u00a0 \u00a0 \u00a0 \u00a0 \u00a0 \u00a0 \u00a0 \u00a0 \u00a0 \u00a0 \u00a0 \u00a0 \u00a0 \u00a0 \u00a0 \u00a0 \u00a0 \u00a0 \u00a0 Redacci\u00f3n de [&hellip;]\" \/>\n<meta property=\"og:url\" content=\"https:\/\/laprensacristiana.com\/?p=5276\" \/>\n<meta property=\"og:site_name\" content=\"La Prensa Cristiana\" \/>\n<meta property=\"article:published_time\" content=\"2019-02-28T14:17:12+00:00\" \/>\n<meta property=\"og:image\" content=\"https:\/\/laprensacristiana.com\/wp-content\/uploads\/2019\/02\/Woman_in_the_Middle_East_-_1_of_3_-_photo_by_Garrett_Nasrallah.jpg\" \/>\n\t<meta property=\"og:image:width\" content=\"1000\" \/>\n\t<meta property=\"og:image:height\" content=\"667\" \/>\n\t<meta property=\"og:image:type\" content=\"image\/jpeg\" \/>\n<meta name=\"author\" content=\"EDITOR\" \/>\n<meta name=\"twitter:card\" content=\"summary_large_image\" \/>\n<meta name=\"twitter:label1\" content=\"Escrito por\" \/>\n\t<meta name=\"twitter:data1\" content=\"EDITOR\" \/>\n\t<meta name=\"twitter:label2\" content=\"Tiempo de lectura\" \/>\n\t<meta name=\"twitter:data2\" content=\"5 minutos\" \/>\n<script type=\"application\/ld+json\" class=\"yoast-schema-graph\">{\"@context\":\"https:\/\/schema.org\",\"@graph\":[{\"@type\":\"WebPage\",\"@id\":\"https:\/\/laprensacristiana.com\/?p=5276\",\"url\":\"https:\/\/laprensacristiana.com\/?p=5276\",\"name\":\"MUNDO \u00c1RABE: UNA CULTURA, DOS CONTINENTES - La Prensa Cristiana\",\"isPartOf\":{\"@id\":\"https:\/\/laprensacristiana.com\/#website\"},\"datePublished\":\"2019-02-28T14:17:12+00:00\",\"dateModified\":\"2019-02-28T14:17:12+00:00\",\"author\":{\"@id\":\"https:\/\/laprensacristiana.com\/#\/schema\/person\/3e7d82c6bfd6b1fa67010f8f7cd5256e\"},\"breadcrumb\":{\"@id\":\"https:\/\/laprensacristiana.com\/?p=5276#breadcrumb\"},\"inLanguage\":\"es\",\"potentialAction\":[{\"@type\":\"ReadAction\",\"target\":[\"https:\/\/laprensacristiana.com\/?p=5276\"]}]},{\"@type\":\"BreadcrumbList\",\"@id\":\"https:\/\/laprensacristiana.com\/?p=5276#breadcrumb\",\"itemListElement\":[{\"@type\":\"ListItem\",\"position\":1,\"name\":\"Portada\",\"item\":\"https:\/\/laprensacristiana.com\/\"},{\"@type\":\"ListItem\",\"position\":2,\"name\":\"MUNDO \u00c1RABE: UNA CULTURA, DOS CONTINENTES\"}]},{\"@type\":\"WebSite\",\"@id\":\"https:\/\/laprensacristiana.com\/#website\",\"url\":\"https:\/\/laprensacristiana.com\/\",\"name\":\"La Prensa Cristiana\",\"description\":\"Anunciando Las Buenas Nuevas\",\"potentialAction\":[{\"@type\":\"SearchAction\",\"target\":{\"@type\":\"EntryPoint\",\"urlTemplate\":\"https:\/\/laprensacristiana.com\/?s={search_term_string}\"},\"query-input\":\"required name=search_term_string\"}],\"inLanguage\":\"es\"},{\"@type\":\"Person\",\"@id\":\"https:\/\/laprensacristiana.com\/#\/schema\/person\/3e7d82c6bfd6b1fa67010f8f7cd5256e\",\"name\":\"EDITOR\",\"image\":{\"@type\":\"ImageObject\",\"inLanguage\":\"es\",\"@id\":\"https:\/\/laprensacristiana.com\/#\/schema\/person\/image\/\",\"url\":\"https:\/\/secure.gravatar.com\/avatar\/72069dfb6c13772d9e8381e3638666d2?s=96&d=mm&r=g\",\"contentUrl\":\"https:\/\/secure.gravatar.com\/avatar\/72069dfb6c13772d9e8381e3638666d2?s=96&d=mm&r=g\",\"caption\":\"EDITOR\"},\"url\":\"https:\/\/laprensacristiana.com\/?author=3\"}]}<\/script>\n<!-- \/ Yoast SEO plugin. -->","yoast_head_json":{"title":"MUNDO \u00c1RABE: UNA CULTURA, DOS CONTINENTES - La Prensa Cristiana","robots":{"index":"index","follow":"follow","max-snippet":"max-snippet:-1","max-image-preview":"max-image-preview:large","max-video-preview":"max-video-preview:-1"},"canonical":"https:\/\/laprensacristiana.com\/?p=5276","og_locale":"es_ES","og_type":"article","og_title":"MUNDO \u00c1RABE: UNA CULTURA, DOS CONTINENTES - La Prensa Cristiana","og_description":"&nbsp; Por: Tirza Mart\u00ednez\u00a0 \u00a0 \u00a0 \u00a0 \u00a0 \u00a0 \u00a0 \u00a0 \u00a0 \u00a0 \u00a0 \u00a0 \u00a0 \u00a0 \u00a0 \u00a0 \u00a0 \u00a0 \u00a0 \u00a0 \u00a0 \u00a0 \u00a0 \u00a0 \u00a0 \u00a0 \u00a0 \u00a0 \u00a0 \u00a0 \u00a0 \u00a0 \u00a0 \u00a0 \u00a0 \u00a0 \u00a0 \u00a0 \u00a0 \u00a0 \u00a0 \u00a0 \u00a0 \u00a0 \u00a0 \u00a0 \u00a0 \u00a0 \u00a0 \u00a0 Redacci\u00f3n de [&hellip;]","og_url":"https:\/\/laprensacristiana.com\/?p=5276","og_site_name":"La Prensa Cristiana","article_published_time":"2019-02-28T14:17:12+00:00","og_image":[{"width":1000,"height":667,"url":"https:\/\/laprensacristiana.com\/wp-content\/uploads\/2019\/02\/Woman_in_the_Middle_East_-_1_of_3_-_photo_by_Garrett_Nasrallah.jpg","type":"image\/jpeg"}],"author":"EDITOR","twitter_card":"summary_large_image","twitter_misc":{"Escrito por":"EDITOR","Tiempo de lectura":"5 minutos"},"schema":{"@context":"https:\/\/schema.org","@graph":[{"@type":"WebPage","@id":"https:\/\/laprensacristiana.com\/?p=5276","url":"https:\/\/laprensacristiana.com\/?p=5276","name":"MUNDO \u00c1RABE: UNA CULTURA, DOS CONTINENTES - La Prensa Cristiana","isPartOf":{"@id":"https:\/\/laprensacristiana.com\/#website"},"datePublished":"2019-02-28T14:17:12+00:00","dateModified":"2019-02-28T14:17:12+00:00","author":{"@id":"https:\/\/laprensacristiana.com\/#\/schema\/person\/3e7d82c6bfd6b1fa67010f8f7cd5256e"},"breadcrumb":{"@id":"https:\/\/laprensacristiana.com\/?p=5276#breadcrumb"},"inLanguage":"es","potentialAction":[{"@type":"ReadAction","target":["https:\/\/laprensacristiana.com\/?p=5276"]}]},{"@type":"BreadcrumbList","@id":"https:\/\/laprensacristiana.com\/?p=5276#breadcrumb","itemListElement":[{"@type":"ListItem","position":1,"name":"Portada","item":"https:\/\/laprensacristiana.com\/"},{"@type":"ListItem","position":2,"name":"MUNDO \u00c1RABE: UNA CULTURA, DOS CONTINENTES"}]},{"@type":"WebSite","@id":"https:\/\/laprensacristiana.com\/#website","url":"https:\/\/laprensacristiana.com\/","name":"La Prensa Cristiana","description":"Anunciando Las Buenas Nuevas","potentialAction":[{"@type":"SearchAction","target":{"@type":"EntryPoint","urlTemplate":"https:\/\/laprensacristiana.com\/?s={search_term_string}"},"query-input":"required name=search_term_string"}],"inLanguage":"es"},{"@type":"Person","@id":"https:\/\/laprensacristiana.com\/#\/schema\/person\/3e7d82c6bfd6b1fa67010f8f7cd5256e","name":"EDITOR","image":{"@type":"ImageObject","inLanguage":"es","@id":"https:\/\/laprensacristiana.com\/#\/schema\/person\/image\/","url":"https:\/\/secure.gravatar.com\/avatar\/72069dfb6c13772d9e8381e3638666d2?s=96&d=mm&r=g","contentUrl":"https:\/\/secure.gravatar.com\/avatar\/72069dfb6c13772d9e8381e3638666d2?s=96&d=mm&r=g","caption":"EDITOR"},"url":"https:\/\/laprensacristiana.com\/?author=3"}]}},"_links":{"self":[{"href":"https:\/\/laprensacristiana.com\/index.php?rest_route=\/wp\/v2\/posts\/5276"}],"collection":[{"href":"https:\/\/laprensacristiana.com\/index.php?rest_route=\/wp\/v2\/posts"}],"about":[{"href":"https:\/\/laprensacristiana.com\/index.php?rest_route=\/wp\/v2\/types\/post"}],"author":[{"embeddable":true,"href":"https:\/\/laprensacristiana.com\/index.php?rest_route=\/wp\/v2\/users\/3"}],"replies":[{"embeddable":true,"href":"https:\/\/laprensacristiana.com\/index.php?rest_route=%2Fwp%2Fv2%2Fcomments&post=5276"}],"version-history":[{"count":1,"href":"https:\/\/laprensacristiana.com\/index.php?rest_route=\/wp\/v2\/posts\/5276\/revisions"}],"predecessor-version":[{"id":5279,"href":"https:\/\/laprensacristiana.com\/index.php?rest_route=\/wp\/v2\/posts\/5276\/revisions\/5279"}],"wp:featuredmedia":[{"embeddable":true,"href":"https:\/\/laprensacristiana.com\/index.php?rest_route=\/wp\/v2\/media\/5278"}],"wp:attachment":[{"href":"https:\/\/laprensacristiana.com\/index.php?rest_route=%2Fwp%2Fv2%2Fmedia&parent=5276"}],"wp:term":[{"taxonomy":"category","embeddable":true,"href":"https:\/\/laprensacristiana.com\/index.php?rest_route=%2Fwp%2Fv2%2Fcategories&post=5276"},{"taxonomy":"post_tag","embeddable":true,"href":"https:\/\/laprensacristiana.com\/index.php?rest_route=%2Fwp%2Fv2%2Ftags&post=5276"}],"curies":[{"name":"wp","href":"https:\/\/api.w.org\/{rel}","templated":true}]}}