{"id":5289,"date":"2019-03-01T21:42:46","date_gmt":"2019-03-01T21:42:46","guid":{"rendered":"https:\/\/laprensacristiana.com\/?p=5289"},"modified":"2019-03-01T21:42:46","modified_gmt":"2019-03-01T21:42:46","slug":"fuero-constitucional","status":"publish","type":"post","link":"https:\/\/laprensacristiana.com\/?p=5289","title":{"rendered":"Fuero Constitucional"},"content":{"rendered":"<p>Los art\u00edculos 236 y 238 de nuestra Constituci\u00f3n vigente son los que dan vida a la figura conocida como fuero constitucional y el Art. 237 habla del procedimiento que debe seguirse en caso de que haya lugar de formaci\u00f3n de causa. Recientemente nos ha conmocionado la acusaci\u00f3n hecha contra un Magistrado de la C\u00e1mara Tercera de lo Civil, acusado por la Fiscal\u00eda de agresi\u00f3n sexual contra una ni\u00f1a. Esto ha tra\u00eddo a la luz el debate sobre si los funcionarios p\u00fablicos deben o no tener este tipo de prerrogativas ante la ley.<\/p>\n<p>Ante ello se empiezan a ver iniciativas para reformar estos art\u00edculos y mantener siempre el fuero constitucional, pero bajo nuevas circunstancias. Tambi\u00e9n es bueno que consideremos algunos elementos:<\/p>\n<ol>\n<li>El fuero constitucional no debe ser usado para eximir a nadie de sus responsabilidades civiles o de faltas en el ejercicio de su funci\u00f3n. Es por ello que existe la figura de un \u201cjuicio pol\u00edtico\u201d, para que cuando lo amerite, el funcionario pierda dicha condici\u00f3n. Llama la atenci\u00f3n que el abogado del presidente electo quiso hacer uso de esta figura, sin estar \u00e9l investido todav\u00eda. (<a href=\"https:\/\/bit.ly\/2EoLWdL\">https:\/\/bit.ly\/2EoLWdL<\/a>)<\/li>\n<li>El fuero constitucional es una herramienta para facilitar el ejercicio del trabajo del funcionario p\u00fablico, de manera que no tenga que estar de juicio en juicio por cada declaraci\u00f3n que exprese. Tiene el sentido de facilitar sus funciones y no estar de juzgado en juzgado a causa de que su proceder o declaraciones no les parece a determinados sectores o por no responder a determinados intereses.<\/li>\n<li>El fuero constitucional no debe ser visto nunca como una promoci\u00f3n a la impunidad, pues esto estar\u00eda en contra del estado de derecho que nuestra naci\u00f3n ha venido construyendo. En ese sentido, cuando hay causa, debe hacerse el proceso necesario para que el servidor p\u00fablico descrito en el Art. 236, comparezca ante las autoridades correspondientes.<\/li>\n<\/ol>\n<p>Una cosa est\u00e1 clara: a partir del 3 de febrero, todo esta en revisi\u00f3n y cuestionamiento. \u00bfC\u00f3mo se administran las finanzas? \u00bfPor qu\u00e9 84 diputados y no menos? \u00bfC\u00f3mo se definen los salarios de los funcionarios? Etc, etc, etc. Debemos por tanto buscar construir a\u00fan m\u00e1s de lo que ya hemos logrado, dejando atr\u00e1s la guerra, la posguerra y aquello que ya pas\u00f3, pero aprendiendo y haciendo crecer lo bueno que estos dolorosos procesos nos dejaron.<\/p>\n<p><img decoding=\"async\" loading=\"lazy\" class=\"alignnone size-full wp-image-5274\" src=\"https:\/\/laprensacristiana.com\/wp-content\/uploads\/2019\/02\/para-opinion-web.jpg\" alt=\"para opinion web\" width=\"2583\" height=\"354\" \/><\/p>\n","protected":false},"excerpt":{"rendered":"<p>Los art\u00edculos 236 y 238 de nuestra Constituci\u00f3n vigente son los que dan vida a la figura conocida como fuero constitucional y el Art. 237 habla del procedimiento que debe seguirse en caso de que haya lugar de formaci\u00f3n de causa. Recientemente nos ha conmocionado la acusaci\u00f3n hecha contra un Magistrado de la C\u00e1mara Tercera [&hellip;]<\/p>\n","protected":false},"author":3,"featured_media":4963,"comment_status":"open","ping_status":"open","sticky":false,"template":"","format":"standard","meta":[],"categories":[23],"tags":[],"yoast_head":"<!-- This site is optimized with the Yoast SEO plugin v20.8 - https:\/\/yoast.com\/wordpress\/plugins\/seo\/ -->\n<title>Fuero Constitucional - La Prensa Cristiana<\/title>\n<meta name=\"robots\" content=\"index, follow, max-snippet:-1, max-image-preview:large, max-video-preview:-1\" \/>\n<link rel=\"canonical\" href=\"https:\/\/laprensacristiana.com\/?p=5289\" \/>\n<meta property=\"og:locale\" content=\"es_ES\" \/>\n<meta property=\"og:type\" content=\"article\" \/>\n<meta property=\"og:title\" content=\"Fuero Constitucional - La Prensa Cristiana\" \/>\n<meta property=\"og:description\" content=\"Los art\u00edculos 236 y 238 de nuestra Constituci\u00f3n vigente son los que dan vida a la figura conocida como fuero constitucional y el Art. 237 habla del procedimiento que debe seguirse en caso de que haya lugar de formaci\u00f3n de causa. Recientemente nos ha conmocionado la acusaci\u00f3n hecha contra un Magistrado de la C\u00e1mara Tercera [&hellip;]\" \/>\n<meta property=\"og:url\" content=\"https:\/\/laprensacristiana.com\/?p=5289\" \/>\n<meta property=\"og:site_name\" content=\"La Prensa Cristiana\" \/>\n<meta property=\"article:published_time\" content=\"2019-03-01T21:42:46+00:00\" \/>\n<meta property=\"og:image\" content=\"https:\/\/laprensacristiana.com\/wp-content\/uploads\/2019\/01\/OPINION-CASTELLON.jpg\" \/>\n\t<meta property=\"og:image:width\" content=\"1369\" \/>\n\t<meta property=\"og:image:height\" content=\"693\" \/>\n\t<meta property=\"og:image:type\" content=\"image\/jpeg\" \/>\n<meta name=\"author\" content=\"EDITOR\" \/>\n<meta name=\"twitter:card\" content=\"summary_large_image\" \/>\n<meta name=\"twitter:label1\" content=\"Escrito por\" \/>\n\t<meta name=\"twitter:data1\" content=\"EDITOR\" \/>\n\t<meta name=\"twitter:label2\" content=\"Tiempo de lectura\" \/>\n\t<meta name=\"twitter:data2\" content=\"2 minutos\" \/>\n<script type=\"application\/ld+json\" class=\"yoast-schema-graph\">{\"@context\":\"https:\/\/schema.org\",\"@graph\":[{\"@type\":\"WebPage\",\"@id\":\"https:\/\/laprensacristiana.com\/?p=5289\",\"url\":\"https:\/\/laprensacristiana.com\/?p=5289\",\"name\":\"Fuero Constitucional - La Prensa Cristiana\",\"isPartOf\":{\"@id\":\"https:\/\/laprensacristiana.com\/#website\"},\"datePublished\":\"2019-03-01T21:42:46+00:00\",\"dateModified\":\"2019-03-01T21:42:46+00:00\",\"author\":{\"@id\":\"https:\/\/laprensacristiana.com\/#\/schema\/person\/3e7d82c6bfd6b1fa67010f8f7cd5256e\"},\"breadcrumb\":{\"@id\":\"https:\/\/laprensacristiana.com\/?p=5289#breadcrumb\"},\"inLanguage\":\"es\",\"potentialAction\":[{\"@type\":\"ReadAction\",\"target\":[\"https:\/\/laprensacristiana.com\/?p=5289\"]}]},{\"@type\":\"BreadcrumbList\",\"@id\":\"https:\/\/laprensacristiana.com\/?p=5289#breadcrumb\",\"itemListElement\":[{\"@type\":\"ListItem\",\"position\":1,\"name\":\"Portada\",\"item\":\"https:\/\/laprensacristiana.com\/\"},{\"@type\":\"ListItem\",\"position\":2,\"name\":\"Fuero Constitucional\"}]},{\"@type\":\"WebSite\",\"@id\":\"https:\/\/laprensacristiana.com\/#website\",\"url\":\"https:\/\/laprensacristiana.com\/\",\"name\":\"La Prensa Cristiana\",\"description\":\"Anunciando Las Buenas Nuevas\",\"potentialAction\":[{\"@type\":\"SearchAction\",\"target\":{\"@type\":\"EntryPoint\",\"urlTemplate\":\"https:\/\/laprensacristiana.com\/?s={search_term_string}\"},\"query-input\":\"required name=search_term_string\"}],\"inLanguage\":\"es\"},{\"@type\":\"Person\",\"@id\":\"https:\/\/laprensacristiana.com\/#\/schema\/person\/3e7d82c6bfd6b1fa67010f8f7cd5256e\",\"name\":\"EDITOR\",\"image\":{\"@type\":\"ImageObject\",\"inLanguage\":\"es\",\"@id\":\"https:\/\/laprensacristiana.com\/#\/schema\/person\/image\/\",\"url\":\"https:\/\/secure.gravatar.com\/avatar\/72069dfb6c13772d9e8381e3638666d2?s=96&d=mm&r=g\",\"contentUrl\":\"https:\/\/secure.gravatar.com\/avatar\/72069dfb6c13772d9e8381e3638666d2?s=96&d=mm&r=g\",\"caption\":\"EDITOR\"},\"url\":\"https:\/\/laprensacristiana.com\/?author=3\"}]}<\/script>\n<!-- \/ Yoast SEO plugin. -->","yoast_head_json":{"title":"Fuero Constitucional - La Prensa Cristiana","robots":{"index":"index","follow":"follow","max-snippet":"max-snippet:-1","max-image-preview":"max-image-preview:large","max-video-preview":"max-video-preview:-1"},"canonical":"https:\/\/laprensacristiana.com\/?p=5289","og_locale":"es_ES","og_type":"article","og_title":"Fuero Constitucional - La Prensa Cristiana","og_description":"Los art\u00edculos 236 y 238 de nuestra Constituci\u00f3n vigente son los que dan vida a la figura conocida como fuero constitucional y el Art. 237 habla del procedimiento que debe seguirse en caso de que haya lugar de formaci\u00f3n de causa. Recientemente nos ha conmocionado la acusaci\u00f3n hecha contra un Magistrado de la C\u00e1mara Tercera [&hellip;]","og_url":"https:\/\/laprensacristiana.com\/?p=5289","og_site_name":"La Prensa Cristiana","article_published_time":"2019-03-01T21:42:46+00:00","og_image":[{"width":1369,"height":693,"url":"https:\/\/laprensacristiana.com\/wp-content\/uploads\/2019\/01\/OPINION-CASTELLON.jpg","type":"image\/jpeg"}],"author":"EDITOR","twitter_card":"summary_large_image","twitter_misc":{"Escrito por":"EDITOR","Tiempo de lectura":"2 minutos"},"schema":{"@context":"https:\/\/schema.org","@graph":[{"@type":"WebPage","@id":"https:\/\/laprensacristiana.com\/?p=5289","url":"https:\/\/laprensacristiana.com\/?p=5289","name":"Fuero Constitucional - La Prensa Cristiana","isPartOf":{"@id":"https:\/\/laprensacristiana.com\/#website"},"datePublished":"2019-03-01T21:42:46+00:00","dateModified":"2019-03-01T21:42:46+00:00","author":{"@id":"https:\/\/laprensacristiana.com\/#\/schema\/person\/3e7d82c6bfd6b1fa67010f8f7cd5256e"},"breadcrumb":{"@id":"https:\/\/laprensacristiana.com\/?p=5289#breadcrumb"},"inLanguage":"es","potentialAction":[{"@type":"ReadAction","target":["https:\/\/laprensacristiana.com\/?p=5289"]}]},{"@type":"BreadcrumbList","@id":"https:\/\/laprensacristiana.com\/?p=5289#breadcrumb","itemListElement":[{"@type":"ListItem","position":1,"name":"Portada","item":"https:\/\/laprensacristiana.com\/"},{"@type":"ListItem","position":2,"name":"Fuero Constitucional"}]},{"@type":"WebSite","@id":"https:\/\/laprensacristiana.com\/#website","url":"https:\/\/laprensacristiana.com\/","name":"La Prensa Cristiana","description":"Anunciando Las Buenas Nuevas","potentialAction":[{"@type":"SearchAction","target":{"@type":"EntryPoint","urlTemplate":"https:\/\/laprensacristiana.com\/?s={search_term_string}"},"query-input":"required name=search_term_string"}],"inLanguage":"es"},{"@type":"Person","@id":"https:\/\/laprensacristiana.com\/#\/schema\/person\/3e7d82c6bfd6b1fa67010f8f7cd5256e","name":"EDITOR","image":{"@type":"ImageObject","inLanguage":"es","@id":"https:\/\/laprensacristiana.com\/#\/schema\/person\/image\/","url":"https:\/\/secure.gravatar.com\/avatar\/72069dfb6c13772d9e8381e3638666d2?s=96&d=mm&r=g","contentUrl":"https:\/\/secure.gravatar.com\/avatar\/72069dfb6c13772d9e8381e3638666d2?s=96&d=mm&r=g","caption":"EDITOR"},"url":"https:\/\/laprensacristiana.com\/?author=3"}]}},"_links":{"self":[{"href":"https:\/\/laprensacristiana.com\/index.php?rest_route=\/wp\/v2\/posts\/5289"}],"collection":[{"href":"https:\/\/laprensacristiana.com\/index.php?rest_route=\/wp\/v2\/posts"}],"about":[{"href":"https:\/\/laprensacristiana.com\/index.php?rest_route=\/wp\/v2\/types\/post"}],"author":[{"embeddable":true,"href":"https:\/\/laprensacristiana.com\/index.php?rest_route=\/wp\/v2\/users\/3"}],"replies":[{"embeddable":true,"href":"https:\/\/laprensacristiana.com\/index.php?rest_route=%2Fwp%2Fv2%2Fcomments&post=5289"}],"version-history":[{"count":1,"href":"https:\/\/laprensacristiana.com\/index.php?rest_route=\/wp\/v2\/posts\/5289\/revisions"}],"predecessor-version":[{"id":5290,"href":"https:\/\/laprensacristiana.com\/index.php?rest_route=\/wp\/v2\/posts\/5289\/revisions\/5290"}],"wp:featuredmedia":[{"embeddable":true,"href":"https:\/\/laprensacristiana.com\/index.php?rest_route=\/wp\/v2\/media\/4963"}],"wp:attachment":[{"href":"https:\/\/laprensacristiana.com\/index.php?rest_route=%2Fwp%2Fv2%2Fmedia&parent=5289"}],"wp:term":[{"taxonomy":"category","embeddable":true,"href":"https:\/\/laprensacristiana.com\/index.php?rest_route=%2Fwp%2Fv2%2Fcategories&post=5289"},{"taxonomy":"post_tag","embeddable":true,"href":"https:\/\/laprensacristiana.com\/index.php?rest_route=%2Fwp%2Fv2%2Ftags&post=5289"}],"curies":[{"name":"wp","href":"https:\/\/api.w.org\/{rel}","templated":true}]}}