{"id":5352,"date":"2019-03-12T19:30:54","date_gmt":"2019-03-12T19:30:54","guid":{"rendered":"https:\/\/laprensacristiana.com\/?p=5352"},"modified":"2020-07-01T22:47:13","modified_gmt":"2020-07-01T22:47:13","slug":"entrevista-especial-dra-isabel-camarena","status":"publish","type":"post","link":"https:\/\/laprensacristiana.com\/?p=5352","title":{"rendered":"Entrevista Especial: Dra. Isabel Camarena"},"content":{"rendered":"\n<p><strong>\u00bfC\u00f3mo se describe como persona?<\/strong><\/p>\n\n\n\n<p>Me considero carism\u00e1tica, sociable, intensa, perseverante,\nentregada, honesta, transparente.<\/p>\n\n\n\n<p><strong>\u00bfQui\u00e9n es Isabel Camarena? \u00bfC\u00f3mo es conocida entre el p\u00fablico?<\/strong><\/p>\n\n\n\n<p>Isabel es una psic\u00f3loga cristiana, estoy al servicio de\nDios, estoy entregada a la comunidad de diferentes denominaciones que buscan un\napoyo psicol\u00f3gico e integralmente est\u00e1 el apoyo espiritual, atiendo ni\u00f1os,\nadolescentes, parejas, familias y por supuesto conferencias y talleres.<\/p>\n\n\n\n<p><strong>\u00bfC\u00f3mo inicia en la rama de la psicolog\u00eda?<\/strong><\/p>\n\n\n\n<p>Desde adolescente mi mam\u00e1 me hablaba de los libros que ella le\u00eda\nsobre desarrollo humano, desarrollo personal y de alguna forma me fui\nenamorando de el desarrollo humano y la autoestima, cuando llegue a mi mayor\u00eda de\nedad y tuve que elegir una carrera eleg\u00ed psicolog\u00eda, porque yo ve\u00eda la\nnecesidad en m\u00ed y en los dem\u00e1s de un apoyo emocional de un profesional, entonces\nelijo psicolog\u00eda en Guadalajara, Jalisco, M\u00e9xico que es donde nac\u00ed, en ITESO (Instituto\nTecnol\u00f3gico de Estudios Superiores de Occidente) y despu\u00e9s hice la maestr\u00eda y\nel doctorado en terapia gestalt. <\/p>\n\n\n\n<p><strong>\u00bfC\u00f3mo surgi\u00f3 la idea de hacer un programa mezclando la Psicolog\u00eda y el tema cristiano?<\/strong><\/p>\n\n\n\n<p>Cuando yo llego a El Salvador conoc\u00ed a Dios a trav\u00e9s de una\nIglesia cristiana, toque puertas y fui muy bien recibida y se fue dando esta idea\nde la consejer\u00eda psicol\u00f3gica en un lugar cristiano.<\/p>\n\n\n\n<p><strong>\u00bfC\u00f3mo la recibi\u00f3 el p\u00fablico cristiano? <\/strong><\/p>\n\n\n\n<p>En la radio donde yo estuve por tantos a\u00f1os siempre el\npastor fue muy proactivo, promov\u00eda la salud mental, siempre guard\u00e9 una\nformalidad aun cuando no ten\u00eda un conocimiento profundo de Dios, siempre guard\u00e9\nrespeto como una profesional formal, m\u00e1s tarde cuando empiezo a conocer m\u00e1s a\nDios a trav\u00e9s de esta iglesia, ya fui mezclando la ciencia y el conocimiento de\nDios y en los \u00faltimos a\u00f1os ya me basaba en la palabra y la ciencia era como un\ncomplemento. <\/p>\n\n\n\n<p><strong>\u00bfUstedes trabajan con matrimonios?<\/strong><\/p>\n\n\n\n<p>Mi esposo y yo compartimos un ministerio en el cual desarrollamos\ntalleres y seminarios para matrimonios, ambos damos las conferencias de c\u00f3mo fortalecer\nsu uni\u00f3n matrimonial, su comunicaci\u00f3n, la educaci\u00f3n con los hijos, como conciliar\nlas diferencias entre \u00e9l y ella, pr\u00f3ximamente el 23 de marzo tenemos nuestra\ncena rom\u00e1ntica que es una velada para matrimonios de como fomentar la\nsexualidad y el sexo que es uno de los factores que m\u00e1s se ve deteriorado en el\nmatrimonio.<\/p>\n\n\n\n<p><strong>\u00bfCu\u00e1ntos a\u00f1os tiene usted en su matrimonio?<\/strong><\/p>\n\n\n\n<p>Tenemos 17 a\u00f1os de estar juntos<\/p>\n\n\n\n<p><em>La Doctora Isabel Camarena nos dej\u00f3 tips para un buen matrimonio:<\/em><\/p>\n\n\n\n<ol><li>La comunicaci\u00f3n<\/li><li>&nbsp;Tener empat\u00eda\nuno con el otro, somos sexos diferente pero tenemos que entender que tambi\u00e9n somos\nsexos complementarios, entender que siente el otro.<\/li><li>Compartir pasiones hobbies: tener un tiempo de oraci\u00f3n\ny estudio de la palabra juntos.<\/li><li>Siempre tener acuerdos. <\/li><\/ol>\n\n\n\n<p><strong>\u00bfCu\u00e1l ha sido el caso m\u00e1s dif\u00edcil que le ha tocado atender? <\/strong><\/p>\n\n\n\n<p>Yo creo que los casos m\u00e1s dif\u00edcil o tristes para m\u00ed son\ncuando los ni\u00f1os son abusados sexualmente, el brindar apoyo a una personita tan\npeque\u00f1a, que no tiene ninguna herramienta para defenderse, el poderlo sacar\nadelante, su coraz\u00f3n se rompi\u00f3 y no sabe por qu\u00e9 pero hay que seguir, hay que\ndarle un bienestar f\u00edsico, emocional, espiritual y el acompa\u00f1amiento a los\npadres, para que juntos podamos sacar adelante a un inocente. <\/p>\n\n\n\n<p><strong>Hoy traslada toda esa experiencia en psicolog\u00eda en lugar de \u201cAl Aire\u201d a \u201cOn line\u201d \u00bfQu\u00e9 representa para usted este cambio?<\/strong><\/p>\n\n\n\n<p>Tengo much\u00edsimas expectativas, creo que on line va a llegar a\nm\u00e1s&nbsp; personas, como dice la palabra \u201cId\npor el mundo y haced disc\u00edpulos\u201d mi expectativa es ir por el mundo y que la\ngente pueda escuchar un consejo psicol\u00f3gico siempre basado en la palabra, como\nlo on line puede quedar grabado las personas van a tener este acceso y escuchar\nesta consejer\u00eda.<\/p>\n\n\n\n<p><strong>\u00bfQu\u00e9 podemos esperar del programa, secciones?, \u00bfCu\u00e1l ser\u00e1 el t\u00f3pico? <\/strong><\/p>\n\n\n\n<p>Es como siempre se ha desarrollado en el programa de radio,\nla persona va a poder escribir mediante WhatsApp o a trav\u00e9s de Facebook Live su\npregunta o notas de voz y encontrar un consejo bajo la luz de la palabra.<\/p>\n\n\n\n<p><strong>\u00bfCu\u00e1l es la invitaci\u00f3n que haria a sus seguidores para este inicio de programa?<\/strong><\/p>\n\n\n\n<p>Este martes 12 de marzo a las 8:00 pm hora de El Salvador se\nva a poder conectar conmigo a trav\u00e9s de la p\u00e1gina Camarena Psicolog\u00eda y La\nPrensa Cristiana para que usted realice su pregunta y encontrar consejer\u00eda basada\nen la palabra de Dios y en psicolog\u00eda, como es un horario nocturno tambi\u00e9n las\nparejas abiertamente pueden preguntar sobre temas sexuales que muchas veces en\nhorario diurno no se pueden abordar, cabe agregar que tengo especialidad en\nsexualidad. <\/p>\n","protected":false},"excerpt":{"rendered":"<p>\u00bfC\u00f3mo se describe como persona? Me considero carism\u00e1tica, sociable, intensa, perseverante, entregada, honesta, transparente. \u00bfQui\u00e9n es Isabel Camarena? \u00bfC\u00f3mo es conocida entre el p\u00fablico? Isabel es una psic\u00f3loga cristiana, estoy al servicio de Dios, estoy entregada a la comunidad de diferentes denominaciones que buscan un apoyo psicol\u00f3gico e integralmente est\u00e1 el apoyo espiritual, atiendo ni\u00f1os, [&hellip;]<\/p>\n","protected":false},"author":3,"featured_media":5353,"comment_status":"open","ping_status":"open","sticky":false,"template":"","format":"standard","meta":[],"categories":[103],"tags":[],"yoast_head":"<!-- This site is optimized with the Yoast SEO plugin v20.8 - https:\/\/yoast.com\/wordpress\/plugins\/seo\/ -->\n<title>Entrevista Especial: Dra. Isabel Camarena - La Prensa Cristiana<\/title>\n<meta name=\"robots\" content=\"index, follow, max-snippet:-1, max-image-preview:large, max-video-preview:-1\" \/>\n<link rel=\"canonical\" href=\"https:\/\/laprensacristiana.com\/?p=5352\" \/>\n<meta property=\"og:locale\" content=\"es_ES\" \/>\n<meta property=\"og:type\" content=\"article\" \/>\n<meta property=\"og:title\" content=\"Entrevista Especial: Dra. Isabel Camarena - La Prensa Cristiana\" \/>\n<meta property=\"og:description\" content=\"\u00bfC\u00f3mo se describe como persona? Me considero carism\u00e1tica, sociable, intensa, perseverante, entregada, honesta, transparente. \u00bfQui\u00e9n es Isabel Camarena? \u00bfC\u00f3mo es conocida entre el p\u00fablico? Isabel es una psic\u00f3loga cristiana, estoy al servicio de Dios, estoy entregada a la comunidad de diferentes denominaciones que buscan un apoyo psicol\u00f3gico e integralmente est\u00e1 el apoyo espiritual, atiendo ni\u00f1os, [&hellip;]\" \/>\n<meta property=\"og:url\" content=\"https:\/\/laprensacristiana.com\/?p=5352\" \/>\n<meta property=\"og:site_name\" content=\"La Prensa Cristiana\" \/>\n<meta property=\"article:published_time\" content=\"2019-03-12T19:30:54+00:00\" \/>\n<meta property=\"article:modified_time\" content=\"2020-07-01T22:47:13+00:00\" \/>\n<meta property=\"og:image\" content=\"https:\/\/laprensacristiana.com\/wp-content\/uploads\/2019\/03\/WhatsApp-Image-2019-03-07-at-6.03.59-PM.jpeg\" \/>\n\t<meta property=\"og:image:width\" content=\"1280\" \/>\n\t<meta property=\"og:image:height\" content=\"958\" \/>\n\t<meta property=\"og:image:type\" content=\"image\/jpeg\" \/>\n<meta name=\"author\" content=\"EDITOR\" \/>\n<meta name=\"twitter:card\" content=\"summary_large_image\" \/>\n<meta name=\"twitter:label1\" content=\"Escrito por\" \/>\n\t<meta name=\"twitter:data1\" content=\"EDITOR\" \/>\n\t<meta name=\"twitter:label2\" content=\"Tiempo de lectura\" \/>\n\t<meta name=\"twitter:data2\" content=\"4 minutos\" \/>\n<script type=\"application\/ld+json\" class=\"yoast-schema-graph\">{\"@context\":\"https:\/\/schema.org\",\"@graph\":[{\"@type\":\"WebPage\",\"@id\":\"https:\/\/laprensacristiana.com\/?p=5352\",\"url\":\"https:\/\/laprensacristiana.com\/?p=5352\",\"name\":\"Entrevista Especial: Dra. Isabel Camarena - La Prensa Cristiana\",\"isPartOf\":{\"@id\":\"https:\/\/laprensacristiana.com\/#website\"},\"datePublished\":\"2019-03-12T19:30:54+00:00\",\"dateModified\":\"2020-07-01T22:47:13+00:00\",\"author\":{\"@id\":\"https:\/\/laprensacristiana.com\/#\/schema\/person\/3e7d82c6bfd6b1fa67010f8f7cd5256e\"},\"breadcrumb\":{\"@id\":\"https:\/\/laprensacristiana.com\/?p=5352#breadcrumb\"},\"inLanguage\":\"es\",\"potentialAction\":[{\"@type\":\"ReadAction\",\"target\":[\"https:\/\/laprensacristiana.com\/?p=5352\"]}]},{\"@type\":\"BreadcrumbList\",\"@id\":\"https:\/\/laprensacristiana.com\/?p=5352#breadcrumb\",\"itemListElement\":[{\"@type\":\"ListItem\",\"position\":1,\"name\":\"Portada\",\"item\":\"https:\/\/laprensacristiana.com\/\"},{\"@type\":\"ListItem\",\"position\":2,\"name\":\"Entrevista Especial: Dra. Isabel Camarena\"}]},{\"@type\":\"WebSite\",\"@id\":\"https:\/\/laprensacristiana.com\/#website\",\"url\":\"https:\/\/laprensacristiana.com\/\",\"name\":\"La Prensa Cristiana\",\"description\":\"Anunciando Las Buenas Nuevas\",\"potentialAction\":[{\"@type\":\"SearchAction\",\"target\":{\"@type\":\"EntryPoint\",\"urlTemplate\":\"https:\/\/laprensacristiana.com\/?s={search_term_string}\"},\"query-input\":\"required name=search_term_string\"}],\"inLanguage\":\"es\"},{\"@type\":\"Person\",\"@id\":\"https:\/\/laprensacristiana.com\/#\/schema\/person\/3e7d82c6bfd6b1fa67010f8f7cd5256e\",\"name\":\"EDITOR\",\"image\":{\"@type\":\"ImageObject\",\"inLanguage\":\"es\",\"@id\":\"https:\/\/laprensacristiana.com\/#\/schema\/person\/image\/\",\"url\":\"https:\/\/secure.gravatar.com\/avatar\/72069dfb6c13772d9e8381e3638666d2?s=96&d=mm&r=g\",\"contentUrl\":\"https:\/\/secure.gravatar.com\/avatar\/72069dfb6c13772d9e8381e3638666d2?s=96&d=mm&r=g\",\"caption\":\"EDITOR\"},\"url\":\"https:\/\/laprensacristiana.com\/?author=3\"}]}<\/script>\n<!-- \/ Yoast SEO plugin. -->","yoast_head_json":{"title":"Entrevista Especial: Dra. Isabel Camarena - La Prensa Cristiana","robots":{"index":"index","follow":"follow","max-snippet":"max-snippet:-1","max-image-preview":"max-image-preview:large","max-video-preview":"max-video-preview:-1"},"canonical":"https:\/\/laprensacristiana.com\/?p=5352","og_locale":"es_ES","og_type":"article","og_title":"Entrevista Especial: Dra. Isabel Camarena - La Prensa Cristiana","og_description":"\u00bfC\u00f3mo se describe como persona? Me considero carism\u00e1tica, sociable, intensa, perseverante, entregada, honesta, transparente. \u00bfQui\u00e9n es Isabel Camarena? \u00bfC\u00f3mo es conocida entre el p\u00fablico? Isabel es una psic\u00f3loga cristiana, estoy al servicio de Dios, estoy entregada a la comunidad de diferentes denominaciones que buscan un apoyo psicol\u00f3gico e integralmente est\u00e1 el apoyo espiritual, atiendo ni\u00f1os, [&hellip;]","og_url":"https:\/\/laprensacristiana.com\/?p=5352","og_site_name":"La Prensa Cristiana","article_published_time":"2019-03-12T19:30:54+00:00","article_modified_time":"2020-07-01T22:47:13+00:00","og_image":[{"width":1280,"height":958,"url":"https:\/\/laprensacristiana.com\/wp-content\/uploads\/2019\/03\/WhatsApp-Image-2019-03-07-at-6.03.59-PM.jpeg","type":"image\/jpeg"}],"author":"EDITOR","twitter_card":"summary_large_image","twitter_misc":{"Escrito por":"EDITOR","Tiempo de lectura":"4 minutos"},"schema":{"@context":"https:\/\/schema.org","@graph":[{"@type":"WebPage","@id":"https:\/\/laprensacristiana.com\/?p=5352","url":"https:\/\/laprensacristiana.com\/?p=5352","name":"Entrevista Especial: Dra. Isabel Camarena - La Prensa Cristiana","isPartOf":{"@id":"https:\/\/laprensacristiana.com\/#website"},"datePublished":"2019-03-12T19:30:54+00:00","dateModified":"2020-07-01T22:47:13+00:00","author":{"@id":"https:\/\/laprensacristiana.com\/#\/schema\/person\/3e7d82c6bfd6b1fa67010f8f7cd5256e"},"breadcrumb":{"@id":"https:\/\/laprensacristiana.com\/?p=5352#breadcrumb"},"inLanguage":"es","potentialAction":[{"@type":"ReadAction","target":["https:\/\/laprensacristiana.com\/?p=5352"]}]},{"@type":"BreadcrumbList","@id":"https:\/\/laprensacristiana.com\/?p=5352#breadcrumb","itemListElement":[{"@type":"ListItem","position":1,"name":"Portada","item":"https:\/\/laprensacristiana.com\/"},{"@type":"ListItem","position":2,"name":"Entrevista Especial: Dra. Isabel Camarena"}]},{"@type":"WebSite","@id":"https:\/\/laprensacristiana.com\/#website","url":"https:\/\/laprensacristiana.com\/","name":"La Prensa Cristiana","description":"Anunciando Las Buenas Nuevas","potentialAction":[{"@type":"SearchAction","target":{"@type":"EntryPoint","urlTemplate":"https:\/\/laprensacristiana.com\/?s={search_term_string}"},"query-input":"required name=search_term_string"}],"inLanguage":"es"},{"@type":"Person","@id":"https:\/\/laprensacristiana.com\/#\/schema\/person\/3e7d82c6bfd6b1fa67010f8f7cd5256e","name":"EDITOR","image":{"@type":"ImageObject","inLanguage":"es","@id":"https:\/\/laprensacristiana.com\/#\/schema\/person\/image\/","url":"https:\/\/secure.gravatar.com\/avatar\/72069dfb6c13772d9e8381e3638666d2?s=96&d=mm&r=g","contentUrl":"https:\/\/secure.gravatar.com\/avatar\/72069dfb6c13772d9e8381e3638666d2?s=96&d=mm&r=g","caption":"EDITOR"},"url":"https:\/\/laprensacristiana.com\/?author=3"}]}},"_links":{"self":[{"href":"https:\/\/laprensacristiana.com\/index.php?rest_route=\/wp\/v2\/posts\/5352"}],"collection":[{"href":"https:\/\/laprensacristiana.com\/index.php?rest_route=\/wp\/v2\/posts"}],"about":[{"href":"https:\/\/laprensacristiana.com\/index.php?rest_route=\/wp\/v2\/types\/post"}],"author":[{"embeddable":true,"href":"https:\/\/laprensacristiana.com\/index.php?rest_route=\/wp\/v2\/users\/3"}],"replies":[{"embeddable":true,"href":"https:\/\/laprensacristiana.com\/index.php?rest_route=%2Fwp%2Fv2%2Fcomments&post=5352"}],"version-history":[{"count":1,"href":"https:\/\/laprensacristiana.com\/index.php?rest_route=\/wp\/v2\/posts\/5352\/revisions"}],"predecessor-version":[{"id":5354,"href":"https:\/\/laprensacristiana.com\/index.php?rest_route=\/wp\/v2\/posts\/5352\/revisions\/5354"}],"wp:featuredmedia":[{"embeddable":true,"href":"https:\/\/laprensacristiana.com\/index.php?rest_route=\/wp\/v2\/media\/5353"}],"wp:attachment":[{"href":"https:\/\/laprensacristiana.com\/index.php?rest_route=%2Fwp%2Fv2%2Fmedia&parent=5352"}],"wp:term":[{"taxonomy":"category","embeddable":true,"href":"https:\/\/laprensacristiana.com\/index.php?rest_route=%2Fwp%2Fv2%2Fcategories&post=5352"},{"taxonomy":"post_tag","embeddable":true,"href":"https:\/\/laprensacristiana.com\/index.php?rest_route=%2Fwp%2Fv2%2Ftags&post=5352"}],"curies":[{"name":"wp","href":"https:\/\/api.w.org\/{rel}","templated":true}]}}