{"id":5382,"date":"2019-03-18T16:38:15","date_gmt":"2019-03-18T16:38:15","guid":{"rendered":"https:\/\/laprensacristiana.com\/?p=5382"},"modified":"2019-03-18T16:38:19","modified_gmt":"2019-03-18T16:38:19","slug":"historia-de-om-el-salvador","status":"publish","type":"post","link":"https:\/\/laprensacristiana.com\/?p=5382","title":{"rendered":"Historia de OM El Salvador"},"content":{"rendered":"\n<p>Por: Tirza Mart\u00ednez \u00a0\u00a0\u00a0\u00a0\u00a0\u00a0\u00a0\u00a0\u00a0\u00a0\u00a0\u00a0\u00a0\u00a0\u00a0\u00a0\u00a0\u00a0\u00a0\u00a0\u00a0\u00a0\u00a0\u00a0\u00a0\u00a0\u00a0\u00a0\u00a0\u00a0\u00a0\u00a0\u00a0\u00a0\u00a0\u00a0\u00a0\u00a0\u00a0\u00a0\u00a0\u00a0\u00a0\u00a0\u00a0\u00a0\u00a0\u00a0\u00a0\u00a0\u00a0\u00a0\u00a0\u00a0\u00a0\u00a0\u00a0\u00a0\u00a0\u00a0\u00a0\u00a0\u00a0\u00a0\u00a0\u00a0\u00a0\u00a0\u00a0\u00a0\u00a0\u00a0\u00a0\u00a0\u00a0\u00a0\u00a0\u00a0\u00a0\u00a0\u00a0\u00a0\u00a0\u00a0\u00a0\u00a0\u00a0\u00a0\u00a0\u00a0\u00a0\u00a0\u00a0\u00a0\u00a0\u00a0\u00a0\u00a0\u00a0\u00a0\u00a0\u00a0\u00a0\u00a0\u00a0\u00a0\u00a0\u00a0\u00a0\u00a0\u00a0\u00a0\u00a0\u00a0\u00a0\u00a0\u00a0\u00a0\u00a0\u00a0\u00a0\u00a0\u00a0\u00a0\u00a0\u00a0\u00a0\u00a0\u00a0\u00a0 <strong><em>Redacci\u00f3n de OM El Salvador<\/em><\/strong><\/p>\n\n\n\n<p>Operaci\u00f3n\nMovilizaci\u00f3n en El Salvador inici\u00f3 en los a\u00f1os 70&#8217;s, cuando Mauricio Hern\u00e1ndez\nsiendo un adolescente recibi\u00f3 la visita de un compatriota salvadore\u00f1o sirviendo\nen Canad\u00e1, Carlos Castaneda, quien inici\u00f3 reuniones de <strong>oraci\u00f3n<\/strong> por las misiones mundiales utilizando principalmente cartas\nde oraci\u00f3n e informaci\u00f3n de Operaci\u00f3n Movilizaci\u00f3n.<\/p>\n\n\n\n<p>Posteriormente\nMauricio Hern\u00e1ndez es retado a visitar M\u00e9xico, la cuna de OM. &nbsp;Desafiado por el estilo de trabajo de OM,\nregres\u00f3 a El Salvador con deseos de hacer part\u00edcipe a la iglesia local de las\nmisiones mundiales. <\/p>\n\n\n\n<p>Un\na\u00f1o despu\u00e9s, en 1980, Mauricio particip\u00f3 del equipo de OM M\u00e9xico trabajando entre\nlos hispanos en Londres, Inglaterra, donde particip\u00f3 del programa llamado\n\u00abEnv\u00eda la luz\u00bb. <\/p>\n\n\n\n<p>A\nsu regreso de Inglaterra, en 1981, Mauricio se convirti\u00f3 oficialmente en el\nrepresentante de OM en El Salvador. A su llegada al pa\u00eds, es invitado a ser\nparte del liderazgo de su iglesia y es as\u00ed como inicia la promoci\u00f3n de misiones\ntransculturales* e iniciativas de evangelismo en El Salvador y en los pa\u00edses\nvecinos. <\/p>\n\n\n\n<p>OM El Salvador, es pionera en el\ndesarrollo y establecimiento de las diferentes oficinas en la regi\u00f3n y es as\u00ed\ncomo inicia la historia de Operaci\u00f3n Movilizaci\u00f3n en Centroam\u00e9rica que a lo\nlargo de los a\u00f1os ha llevado esperanza a todas las naciones a trav\u00e9s de\ncruzadas evangelistas, congresos misioneros, viajes a corto y largo plazo y el\ndesarrollo de nuevas iniciativas en misiones mundiales, plantaci\u00f3n de iglesias\nal conducir a los pies de Cristo miles de personas en todo mundo.<\/p>\n\n\n\n<p>En Septiembre del 2012, Daniel\nCaballero, quien es m\u00e9dico de profesi\u00f3n, asumi\u00f3 el liderazgo de Operaci\u00f3n\nMovilizaci\u00f3n El Salvador. Durante este periodo Dios &nbsp;el ministerio hacia un rumbo m\u00e1s grande. En el\na\u00f1o 2014, se estableci\u00f3 una oficina permanente, per\u00edodo que permiti\u00f3 el crecimiento\ny fortalecimiento del equipo. Con una nueva y fresca visi\u00f3n se inician\nactividades de promoci\u00f3n de las misiones mundiales.<\/p>\n\n\n\n<p>En un contexto de un pa\u00eds altamente\nevangelizado, donde alrededor del 40% de la poblaci\u00f3n total se considera\ncristiana evang\u00e9lica, OM El Salvador comenz\u00f3 a realizar&nbsp; alcances (viajes de corto plazo), con el\nobjetivo de que las personas conocieran la necesidad de llevar el evangelio a los\nmenos alcanzados de manera que la iglesia local cumpla su rol en la gran\ncomisi\u00f3n.**<\/p>\n\n\n\n<p>Durante los a\u00f1os 2014, 2015 y 2016, OM\nEl Salvador, desarroll\u00f3 diferentes ministerios, entre los m\u00e1s significativos se\nencuentran \u201cLa Haus\u201d, que tuvo lugar en el municipio de Tepetit\u00e1n, San Vicente\ny el cant\u00f3n, La Ceiba, municipio de San Francisco Men\u00e9ndez en Ahuachap\u00e1n.<\/p>\n\n\n\n<p>El objetivo de este ministerio fue discipular adultos, trabajar con ni\u00f1os en riesgo y brindar atenci\u00f3n m\u00e9dica, esto con el respaldo de un diagn\u00f3stico para la identificaci\u00f3n de las necesidades de la comunidad y as\u00ed se evalu\u00f3 la ayuda que se brindar\u00eda a sus habitantes. <\/p>\n\n\n\n<figure class=\"wp-block-image\"><img decoding=\"async\" loading=\"lazy\" width=\"1024\" height=\"683\" src=\"https:\/\/laprensacristiana.com\/wp-content\/uploads\/2019\/03\/IMG_9220-1024x683.jpg\" alt=\"\" class=\"wp-image-5383\" srcset=\"https:\/\/laprensacristiana.com\/wp-content\/uploads\/2019\/03\/IMG_9220-1024x683.jpg 1024w, https:\/\/laprensacristiana.com\/wp-content\/uploads\/2019\/03\/IMG_9220-600x400.jpg 600w, https:\/\/laprensacristiana.com\/wp-content\/uploads\/2019\/03\/IMG_9220-300x200.jpg 300w, https:\/\/laprensacristiana.com\/wp-content\/uploads\/2019\/03\/IMG_9220-768x512.jpg 768w, https:\/\/laprensacristiana.com\/wp-content\/uploads\/2019\/03\/IMG_9220-696x464.jpg 696w, https:\/\/laprensacristiana.com\/wp-content\/uploads\/2019\/03\/IMG_9220-1068x712.jpg 1068w, https:\/\/laprensacristiana.com\/wp-content\/uploads\/2019\/03\/IMG_9220-630x420.jpg 630w\" sizes=\"(max-width: 1024px) 100vw, 1024px\" \/><figcaption>Clausura del ministerio La Haus en Tepetit\u00e1n, San Vicente <\/figcaption><\/figure>\n\n\n\n<figure class=\"wp-block-image\"><img decoding=\"async\" loading=\"lazy\" width=\"1024\" height=\"683\" src=\"https:\/\/laprensacristiana.com\/wp-content\/uploads\/2019\/03\/2-1024x683.jpg\" alt=\"\" class=\"wp-image-5384\" srcset=\"https:\/\/laprensacristiana.com\/wp-content\/uploads\/2019\/03\/2-1024x683.jpg 1024w, https:\/\/laprensacristiana.com\/wp-content\/uploads\/2019\/03\/2-600x400.jpg 600w, https:\/\/laprensacristiana.com\/wp-content\/uploads\/2019\/03\/2-300x200.jpg 300w, https:\/\/laprensacristiana.com\/wp-content\/uploads\/2019\/03\/2-768x512.jpg 768w, https:\/\/laprensacristiana.com\/wp-content\/uploads\/2019\/03\/2-696x464.jpg 696w, https:\/\/laprensacristiana.com\/wp-content\/uploads\/2019\/03\/2-1068x712.jpg 1068w, https:\/\/laprensacristiana.com\/wp-content\/uploads\/2019\/03\/2-630x420.jpg 630w\" sizes=\"(max-width: 1024px) 100vw, 1024px\" \/><figcaption>Desarrollo de actividades l\u00fadicas con ni\u00f1os del ministerio La Haus en La Ceiba, Ahuachap\u00e1n. <\/figcaption><\/figure>\n\n\n\n<p>En Agosto del 2016, un capitulo nuevo se\nescribi\u00f3 para Operaci\u00f3n Movilizaci\u00f3n El Salvador, la transici\u00f3n del liderazgo\nde la organizaci\u00f3n a Marlene Guevara. Dios continu\u00f3 bendiciendo a OM El\nSalvador en 2017, brindando la oportunidad de mudarse a una nueva oficina, en\nuna zona m\u00e1s c\u00e9ntrica y segura, que ha permitido la llegada de nuevos\nvoluntarios y un espacio acondicionado para el desarrollo del ministerio. <\/p>\n\n\n\n<p>Para el 2018 el equipo de OM El Salvador\ntuvo un crecimiento exponencial en el ministerio Movilizaci\u00f3n, ya que gracias\nal aumento en el n\u00famero de voluntarios, este ministerio trabaja de forma\nsegmentada, ejecutiva, infantil y ense\u00f1anza.<\/p>\n\n\n\n<p>En el mismo a\u00f1o OM El Salvador, inaugur\u00f3\nsu academia de idiomas denominada \u201cThe Academy\u201d, con el objetivo de facilitar\nel aprendizaje de una segunda lengua a personas que desean incursionar en el\nmundo de las misiones transculturales o bien para cualquiera que desee aprender\notro idioma. Este proyecto contribuye al sostenimiento econ\u00f3mico del ministerio\nen el pa\u00eds. <\/p>\n\n\n\n<p>Este a\u00f1o OM El Salvador contin\u00faa trabajando\npara llevar esperanza y amor a los menos alcanzados y contribuir a la extensi\u00f3n\ndel reino de Dios aqu\u00ed en la tierra, capacitando, reclutando y enviando a\nsalvadore\u00f1os para ser parte de esta gran tarea de predicar su palabra hasta los\nconfines de la tierra.<\/p>\n\n\n\n<p>*Misiones\ntransculturales: cuando el pueblo de Dios se une a la misi\u00f3n de Dios cruzando\nintencionalmente barreras sociales, pol\u00edticas, culturales, idiom\u00e1ticas,\n\u00e9tnicas, de iglesia a no iglesia, en palabra y obra, anunciando la venida del\nreino de Dios en Jesucristo, Tomado del peri\u00f3dico \u201cEl Protestante\nDigital\u201d<\/p>\n\n\n\n<p>**Datos tomados\ndel libro de Movilizaci\u00f3n de OM El Salvador.<\/p>\n","protected":false},"excerpt":{"rendered":"<p>Por: Tirza Mart\u00ednez \u00a0\u00a0\u00a0\u00a0\u00a0\u00a0\u00a0\u00a0\u00a0\u00a0\u00a0\u00a0\u00a0\u00a0\u00a0\u00a0\u00a0\u00a0\u00a0\u00a0\u00a0\u00a0\u00a0\u00a0\u00a0\u00a0\u00a0\u00a0\u00a0\u00a0\u00a0\u00a0\u00a0\u00a0\u00a0\u00a0\u00a0\u00a0\u00a0\u00a0\u00a0\u00a0\u00a0\u00a0\u00a0\u00a0\u00a0\u00a0\u00a0\u00a0\u00a0\u00a0\u00a0\u00a0\u00a0\u00a0\u00a0\u00a0\u00a0\u00a0\u00a0\u00a0\u00a0\u00a0\u00a0\u00a0\u00a0\u00a0\u00a0\u00a0\u00a0\u00a0\u00a0\u00a0\u00a0\u00a0\u00a0\u00a0\u00a0\u00a0\u00a0\u00a0\u00a0\u00a0\u00a0\u00a0\u00a0\u00a0\u00a0\u00a0\u00a0\u00a0\u00a0\u00a0\u00a0\u00a0\u00a0\u00a0\u00a0\u00a0\u00a0\u00a0\u00a0\u00a0\u00a0\u00a0\u00a0\u00a0\u00a0\u00a0\u00a0\u00a0\u00a0\u00a0\u00a0\u00a0\u00a0\u00a0\u00a0\u00a0\u00a0\u00a0\u00a0\u00a0\u00a0\u00a0\u00a0\u00a0\u00a0\u00a0 Redacci\u00f3n de OM El Salvador Operaci\u00f3n Movilizaci\u00f3n en El Salvador inici\u00f3 en los a\u00f1os 70&#8217;s, cuando Mauricio Hern\u00e1ndez siendo un adolescente recibi\u00f3 la visita de un compatriota salvadore\u00f1o sirviendo en Canad\u00e1, Carlos Castaneda, quien inici\u00f3 reuniones de oraci\u00f3n por las misiones mundiales utilizando principalmente cartas de oraci\u00f3n e informaci\u00f3n de Operaci\u00f3n [&hellip;]<\/p>\n","protected":false},"author":3,"featured_media":5384,"comment_status":"open","ping_status":"open","sticky":false,"template":"","format":"standard","meta":[],"categories":[57],"tags":[],"yoast_head":"<!-- This site is optimized with the Yoast SEO plugin v20.8 - https:\/\/yoast.com\/wordpress\/plugins\/seo\/ -->\n<title>Historia de OM El Salvador - La Prensa Cristiana<\/title>\n<meta name=\"robots\" content=\"index, follow, max-snippet:-1, max-image-preview:large, max-video-preview:-1\" \/>\n<link rel=\"canonical\" href=\"https:\/\/laprensacristiana.com\/?p=5382\" \/>\n<meta property=\"og:locale\" content=\"es_ES\" \/>\n<meta property=\"og:type\" content=\"article\" \/>\n<meta property=\"og:title\" content=\"Historia de OM El Salvador - La Prensa Cristiana\" \/>\n<meta property=\"og:description\" content=\"Por: Tirza Mart\u00ednez \u00a0\u00a0\u00a0\u00a0\u00a0\u00a0\u00a0\u00a0\u00a0\u00a0\u00a0\u00a0\u00a0\u00a0\u00a0\u00a0\u00a0\u00a0\u00a0\u00a0\u00a0\u00a0\u00a0\u00a0\u00a0\u00a0\u00a0\u00a0\u00a0\u00a0\u00a0\u00a0\u00a0\u00a0\u00a0\u00a0\u00a0\u00a0\u00a0\u00a0\u00a0\u00a0\u00a0\u00a0\u00a0\u00a0\u00a0\u00a0\u00a0\u00a0\u00a0\u00a0\u00a0\u00a0\u00a0\u00a0\u00a0\u00a0\u00a0\u00a0\u00a0\u00a0\u00a0\u00a0\u00a0\u00a0\u00a0\u00a0\u00a0\u00a0\u00a0\u00a0\u00a0\u00a0\u00a0\u00a0\u00a0\u00a0\u00a0\u00a0\u00a0\u00a0\u00a0\u00a0\u00a0\u00a0\u00a0\u00a0\u00a0\u00a0\u00a0\u00a0\u00a0\u00a0\u00a0\u00a0\u00a0\u00a0\u00a0\u00a0\u00a0\u00a0\u00a0\u00a0\u00a0\u00a0\u00a0\u00a0\u00a0\u00a0\u00a0\u00a0\u00a0\u00a0\u00a0\u00a0\u00a0\u00a0\u00a0\u00a0\u00a0\u00a0\u00a0\u00a0\u00a0\u00a0\u00a0\u00a0\u00a0\u00a0 Redacci\u00f3n de OM El Salvador Operaci\u00f3n Movilizaci\u00f3n en El Salvador inici\u00f3 en los a\u00f1os 70&#8217;s, cuando Mauricio Hern\u00e1ndez siendo un adolescente recibi\u00f3 la visita de un compatriota salvadore\u00f1o sirviendo en Canad\u00e1, Carlos Castaneda, quien inici\u00f3 reuniones de oraci\u00f3n por las misiones mundiales utilizando principalmente cartas de oraci\u00f3n e informaci\u00f3n de Operaci\u00f3n [&hellip;]\" \/>\n<meta property=\"og:url\" content=\"https:\/\/laprensacristiana.com\/?p=5382\" \/>\n<meta property=\"og:site_name\" content=\"La Prensa Cristiana\" \/>\n<meta property=\"article:published_time\" content=\"2019-03-18T16:38:15+00:00\" \/>\n<meta property=\"article:modified_time\" content=\"2019-03-18T16:38:19+00:00\" \/>\n<meta property=\"og:image\" content=\"https:\/\/laprensacristiana.com\/wp-content\/uploads\/2019\/03\/2-scaled.jpg\" \/>\n\t<meta property=\"og:image:width\" content=\"2560\" \/>\n\t<meta property=\"og:image:height\" content=\"1707\" \/>\n\t<meta property=\"og:image:type\" content=\"image\/jpeg\" \/>\n<meta name=\"author\" content=\"EDITOR\" \/>\n<meta name=\"twitter:card\" content=\"summary_large_image\" \/>\n<meta name=\"twitter:label1\" content=\"Escrito por\" \/>\n\t<meta name=\"twitter:data1\" content=\"EDITOR\" \/>\n\t<meta name=\"twitter:label2\" content=\"Tiempo de lectura\" \/>\n\t<meta name=\"twitter:data2\" content=\"4 minutos\" \/>\n<script type=\"application\/ld+json\" class=\"yoast-schema-graph\">{\"@context\":\"https:\/\/schema.org\",\"@graph\":[{\"@type\":\"WebPage\",\"@id\":\"https:\/\/laprensacristiana.com\/?p=5382\",\"url\":\"https:\/\/laprensacristiana.com\/?p=5382\",\"name\":\"Historia de OM El Salvador - La Prensa Cristiana\",\"isPartOf\":{\"@id\":\"https:\/\/laprensacristiana.com\/#website\"},\"datePublished\":\"2019-03-18T16:38:15+00:00\",\"dateModified\":\"2019-03-18T16:38:19+00:00\",\"author\":{\"@id\":\"https:\/\/laprensacristiana.com\/#\/schema\/person\/3e7d82c6bfd6b1fa67010f8f7cd5256e\"},\"breadcrumb\":{\"@id\":\"https:\/\/laprensacristiana.com\/?p=5382#breadcrumb\"},\"inLanguage\":\"es\",\"potentialAction\":[{\"@type\":\"ReadAction\",\"target\":[\"https:\/\/laprensacristiana.com\/?p=5382\"]}]},{\"@type\":\"BreadcrumbList\",\"@id\":\"https:\/\/laprensacristiana.com\/?p=5382#breadcrumb\",\"itemListElement\":[{\"@type\":\"ListItem\",\"position\":1,\"name\":\"Portada\",\"item\":\"https:\/\/laprensacristiana.com\/\"},{\"@type\":\"ListItem\",\"position\":2,\"name\":\"Historia de OM El Salvador\"}]},{\"@type\":\"WebSite\",\"@id\":\"https:\/\/laprensacristiana.com\/#website\",\"url\":\"https:\/\/laprensacristiana.com\/\",\"name\":\"La Prensa Cristiana\",\"description\":\"Anunciando Las Buenas Nuevas\",\"potentialAction\":[{\"@type\":\"SearchAction\",\"target\":{\"@type\":\"EntryPoint\",\"urlTemplate\":\"https:\/\/laprensacristiana.com\/?s={search_term_string}\"},\"query-input\":\"required name=search_term_string\"}],\"inLanguage\":\"es\"},{\"@type\":\"Person\",\"@id\":\"https:\/\/laprensacristiana.com\/#\/schema\/person\/3e7d82c6bfd6b1fa67010f8f7cd5256e\",\"name\":\"EDITOR\",\"image\":{\"@type\":\"ImageObject\",\"inLanguage\":\"es\",\"@id\":\"https:\/\/laprensacristiana.com\/#\/schema\/person\/image\/\",\"url\":\"https:\/\/secure.gravatar.com\/avatar\/72069dfb6c13772d9e8381e3638666d2?s=96&d=mm&r=g\",\"contentUrl\":\"https:\/\/secure.gravatar.com\/avatar\/72069dfb6c13772d9e8381e3638666d2?s=96&d=mm&r=g\",\"caption\":\"EDITOR\"},\"url\":\"https:\/\/laprensacristiana.com\/?author=3\"}]}<\/script>\n<!-- \/ Yoast SEO plugin. -->","yoast_head_json":{"title":"Historia de OM El Salvador - La Prensa Cristiana","robots":{"index":"index","follow":"follow","max-snippet":"max-snippet:-1","max-image-preview":"max-image-preview:large","max-video-preview":"max-video-preview:-1"},"canonical":"https:\/\/laprensacristiana.com\/?p=5382","og_locale":"es_ES","og_type":"article","og_title":"Historia de OM El Salvador - La Prensa Cristiana","og_description":"Por: Tirza Mart\u00ednez \u00a0\u00a0\u00a0\u00a0\u00a0\u00a0\u00a0\u00a0\u00a0\u00a0\u00a0\u00a0\u00a0\u00a0\u00a0\u00a0\u00a0\u00a0\u00a0\u00a0\u00a0\u00a0\u00a0\u00a0\u00a0\u00a0\u00a0\u00a0\u00a0\u00a0\u00a0\u00a0\u00a0\u00a0\u00a0\u00a0\u00a0\u00a0\u00a0\u00a0\u00a0\u00a0\u00a0\u00a0\u00a0\u00a0\u00a0\u00a0\u00a0\u00a0\u00a0\u00a0\u00a0\u00a0\u00a0\u00a0\u00a0\u00a0\u00a0\u00a0\u00a0\u00a0\u00a0\u00a0\u00a0\u00a0\u00a0\u00a0\u00a0\u00a0\u00a0\u00a0\u00a0\u00a0\u00a0\u00a0\u00a0\u00a0\u00a0\u00a0\u00a0\u00a0\u00a0\u00a0\u00a0\u00a0\u00a0\u00a0\u00a0\u00a0\u00a0\u00a0\u00a0\u00a0\u00a0\u00a0\u00a0\u00a0\u00a0\u00a0\u00a0\u00a0\u00a0\u00a0\u00a0\u00a0\u00a0\u00a0\u00a0\u00a0\u00a0\u00a0\u00a0\u00a0\u00a0\u00a0\u00a0\u00a0\u00a0\u00a0\u00a0\u00a0\u00a0\u00a0\u00a0\u00a0\u00a0\u00a0\u00a0\u00a0 Redacci\u00f3n de OM El Salvador Operaci\u00f3n Movilizaci\u00f3n en El Salvador inici\u00f3 en los a\u00f1os 70&#8217;s, cuando Mauricio Hern\u00e1ndez siendo un adolescente recibi\u00f3 la visita de un compatriota salvadore\u00f1o sirviendo en Canad\u00e1, Carlos Castaneda, quien inici\u00f3 reuniones de oraci\u00f3n por las misiones mundiales utilizando principalmente cartas de oraci\u00f3n e informaci\u00f3n de Operaci\u00f3n [&hellip;]","og_url":"https:\/\/laprensacristiana.com\/?p=5382","og_site_name":"La Prensa Cristiana","article_published_time":"2019-03-18T16:38:15+00:00","article_modified_time":"2019-03-18T16:38:19+00:00","og_image":[{"width":2560,"height":1707,"url":"https:\/\/laprensacristiana.com\/wp-content\/uploads\/2019\/03\/2-scaled.jpg","type":"image\/jpeg"}],"author":"EDITOR","twitter_card":"summary_large_image","twitter_misc":{"Escrito por":"EDITOR","Tiempo de lectura":"4 minutos"},"schema":{"@context":"https:\/\/schema.org","@graph":[{"@type":"WebPage","@id":"https:\/\/laprensacristiana.com\/?p=5382","url":"https:\/\/laprensacristiana.com\/?p=5382","name":"Historia de OM El Salvador - La Prensa Cristiana","isPartOf":{"@id":"https:\/\/laprensacristiana.com\/#website"},"datePublished":"2019-03-18T16:38:15+00:00","dateModified":"2019-03-18T16:38:19+00:00","author":{"@id":"https:\/\/laprensacristiana.com\/#\/schema\/person\/3e7d82c6bfd6b1fa67010f8f7cd5256e"},"breadcrumb":{"@id":"https:\/\/laprensacristiana.com\/?p=5382#breadcrumb"},"inLanguage":"es","potentialAction":[{"@type":"ReadAction","target":["https:\/\/laprensacristiana.com\/?p=5382"]}]},{"@type":"BreadcrumbList","@id":"https:\/\/laprensacristiana.com\/?p=5382#breadcrumb","itemListElement":[{"@type":"ListItem","position":1,"name":"Portada","item":"https:\/\/laprensacristiana.com\/"},{"@type":"ListItem","position":2,"name":"Historia de OM El Salvador"}]},{"@type":"WebSite","@id":"https:\/\/laprensacristiana.com\/#website","url":"https:\/\/laprensacristiana.com\/","name":"La Prensa Cristiana","description":"Anunciando Las Buenas Nuevas","potentialAction":[{"@type":"SearchAction","target":{"@type":"EntryPoint","urlTemplate":"https:\/\/laprensacristiana.com\/?s={search_term_string}"},"query-input":"required name=search_term_string"}],"inLanguage":"es"},{"@type":"Person","@id":"https:\/\/laprensacristiana.com\/#\/schema\/person\/3e7d82c6bfd6b1fa67010f8f7cd5256e","name":"EDITOR","image":{"@type":"ImageObject","inLanguage":"es","@id":"https:\/\/laprensacristiana.com\/#\/schema\/person\/image\/","url":"https:\/\/secure.gravatar.com\/avatar\/72069dfb6c13772d9e8381e3638666d2?s=96&d=mm&r=g","contentUrl":"https:\/\/secure.gravatar.com\/avatar\/72069dfb6c13772d9e8381e3638666d2?s=96&d=mm&r=g","caption":"EDITOR"},"url":"https:\/\/laprensacristiana.com\/?author=3"}]}},"_links":{"self":[{"href":"https:\/\/laprensacristiana.com\/index.php?rest_route=\/wp\/v2\/posts\/5382"}],"collection":[{"href":"https:\/\/laprensacristiana.com\/index.php?rest_route=\/wp\/v2\/posts"}],"about":[{"href":"https:\/\/laprensacristiana.com\/index.php?rest_route=\/wp\/v2\/types\/post"}],"author":[{"embeddable":true,"href":"https:\/\/laprensacristiana.com\/index.php?rest_route=\/wp\/v2\/users\/3"}],"replies":[{"embeddable":true,"href":"https:\/\/laprensacristiana.com\/index.php?rest_route=%2Fwp%2Fv2%2Fcomments&post=5382"}],"version-history":[{"count":1,"href":"https:\/\/laprensacristiana.com\/index.php?rest_route=\/wp\/v2\/posts\/5382\/revisions"}],"predecessor-version":[{"id":5385,"href":"https:\/\/laprensacristiana.com\/index.php?rest_route=\/wp\/v2\/posts\/5382\/revisions\/5385"}],"wp:featuredmedia":[{"embeddable":true,"href":"https:\/\/laprensacristiana.com\/index.php?rest_route=\/wp\/v2\/media\/5384"}],"wp:attachment":[{"href":"https:\/\/laprensacristiana.com\/index.php?rest_route=%2Fwp%2Fv2%2Fmedia&parent=5382"}],"wp:term":[{"taxonomy":"category","embeddable":true,"href":"https:\/\/laprensacristiana.com\/index.php?rest_route=%2Fwp%2Fv2%2Fcategories&post=5382"},{"taxonomy":"post_tag","embeddable":true,"href":"https:\/\/laprensacristiana.com\/index.php?rest_route=%2Fwp%2Fv2%2Ftags&post=5382"}],"curies":[{"name":"wp","href":"https:\/\/api.w.org\/{rel}","templated":true}]}}