{"id":5425,"date":"2019-03-22T21:35:40","date_gmt":"2019-03-22T21:35:40","guid":{"rendered":"https:\/\/laprensacristiana.com\/?p=5425"},"modified":"2019-03-26T17:37:17","modified_gmt":"2019-03-26T17:37:17","slug":"jornada-medica-una-oportunidad-de-compartir-el-amor-de-dios","status":"publish","type":"post","link":"https:\/\/laprensacristiana.com\/?p=5425","title":{"rendered":"Jornada m\u00e9dica una oportunidad de compartir el amor de Dios"},"content":{"rendered":"\n<p>Por: Samuel Barrios<\/p>\n\n\n\n<p>El Liceo Cristiano Reverendo Juan Bueno en conjunto con Bridges of Hope International, realizaron jornada m\u00e9dica y a la vez, aprovecharon para compartir el amor de Dios.<\/p>\n\n\n\n<p>El pasado martes 19 de marzo se llev\u00f3 a cabo una campa\u00f1a de\nsalud con una asistencia de mas de 500 familias beneficiadas, la actividad fue encabezada\npor la iglesia Aposento de lo Alto A.D. y el Liceo Cristiano Reverendo Juan\nBueno, en compa\u00f1\u00eda de Bridges of Hope International, UEES, USAM y comunidad\nCristiana Soyapango A\/D.<\/p>\n\n\n\n<p>As\u00ed mismo, en la jornada se instalaron cub\u00edculos de oraci\u00f3n,\nfarmacia y un \u00e1rea de enfermer\u00eda; tambi\u00e9n se brind\u00f3 asistencia m\u00e9dica en el\n\u00e1rea de: odontolog\u00eda, oftalmolog\u00eda y consejer\u00eda familiar.<\/p>\n\n\n\n<p>Por otra parte, en esta actividad participaron estudiantes y\nmiembros de iglesias, con el fin de bendecir y hablar del amor de Dios a las\nfamilias congregadas en la jornada de salud. Concluy\u00f3 el pastor Mois\u00e9s Ramirez,\nde Iglesia Aposento de lo Alto A.D.<\/p>\n\n\n\n<p>\u201cLo menos que podemos hacer como iglesia es bajar tambi\u00e9n a\ndonde est\u00e1n las necesidades\u201d, coment\u00f3 Otoniel Ram\u00edrez, miembro de la\ncongregaci\u00f3n.<\/p>\n\n\n\n<p>\u201cQue si el individuo no cambia, la familia no va a cambiar. Pero si sabemos que si el individuo cambia, la familia va a cambiar, la sociedad va a cambiar y es lo que anhelamos en esta naci\u00f3n, en este El Salvador del siglo XXI&nbsp; y por eso es que venimos a este tipo de comunidades para que a trav\u00e9s de esta estrategia de jornadas m\u00e9dicas, compartir la Palabra con todos aquellos que nos escuchan\u201d, dijo uno de los l\u00edderes del Liceo Cristiano Reverendo Juan Bueno<\/p>\n\n\n\n<figure class=\"wp-block-image\"><img decoding=\"async\" loading=\"lazy\" width=\"1024\" height=\"203\" src=\"https:\/\/laprensacristiana.com\/wp-content\/uploads\/2019\/03\/CINTILLO-EN-NOTA-1024x203.jpg\" alt=\"\" class=\"wp-image-5428\" srcset=\"https:\/\/laprensacristiana.com\/wp-content\/uploads\/2019\/03\/CINTILLO-EN-NOTA-1024x203.jpg 1024w, https:\/\/laprensacristiana.com\/wp-content\/uploads\/2019\/03\/CINTILLO-EN-NOTA-600x119.jpg 600w, https:\/\/laprensacristiana.com\/wp-content\/uploads\/2019\/03\/CINTILLO-EN-NOTA-300x59.jpg 300w, https:\/\/laprensacristiana.com\/wp-content\/uploads\/2019\/03\/CINTILLO-EN-NOTA-768x152.jpg 768w, https:\/\/laprensacristiana.com\/wp-content\/uploads\/2019\/03\/CINTILLO-EN-NOTA-696x138.jpg 696w, https:\/\/laprensacristiana.com\/wp-content\/uploads\/2019\/03\/CINTILLO-EN-NOTA-1068x211.jpg 1068w, https:\/\/laprensacristiana.com\/wp-content\/uploads\/2019\/03\/CINTILLO-EN-NOTA.jpg 1517w\" sizes=\"(max-width: 1024px) 100vw, 1024px\" \/><\/figure>\n","protected":false},"excerpt":{"rendered":"<p>Por: Samuel Barrios El Liceo Cristiano Reverendo Juan Bueno en conjunto con Bridges of Hope International, realizaron jornada m\u00e9dica y a la vez, aprovecharon para compartir el amor de Dios. El pasado martes 19 de marzo se llev\u00f3 a cabo una campa\u00f1a de salud con una asistencia de mas de 500 familias beneficiadas, la actividad [&hellip;]<\/p>\n","protected":false},"author":3,"featured_media":5427,"comment_status":"open","ping_status":"open","sticky":false,"template":"","format":"standard","meta":[],"categories":[56],"tags":[],"yoast_head":"<!-- This site is optimized with the Yoast SEO plugin v20.8 - https:\/\/yoast.com\/wordpress\/plugins\/seo\/ -->\n<title>Jornada m\u00e9dica una oportunidad de compartir el amor de Dios - La Prensa Cristiana<\/title>\n<meta name=\"robots\" content=\"index, follow, max-snippet:-1, max-image-preview:large, max-video-preview:-1\" \/>\n<link rel=\"canonical\" href=\"https:\/\/laprensacristiana.com\/?p=5425\" \/>\n<meta property=\"og:locale\" content=\"es_ES\" \/>\n<meta property=\"og:type\" content=\"article\" \/>\n<meta property=\"og:title\" content=\"Jornada m\u00e9dica una oportunidad de compartir el amor de Dios - La Prensa Cristiana\" \/>\n<meta property=\"og:description\" content=\"Por: Samuel Barrios El Liceo Cristiano Reverendo Juan Bueno en conjunto con Bridges of Hope International, realizaron jornada m\u00e9dica y a la vez, aprovecharon para compartir el amor de Dios. El pasado martes 19 de marzo se llev\u00f3 a cabo una campa\u00f1a de salud con una asistencia de mas de 500 familias beneficiadas, la actividad [&hellip;]\" \/>\n<meta property=\"og:url\" content=\"https:\/\/laprensacristiana.com\/?p=5425\" \/>\n<meta property=\"og:site_name\" content=\"La Prensa Cristiana\" \/>\n<meta property=\"article:published_time\" content=\"2019-03-22T21:35:40+00:00\" \/>\n<meta property=\"article:modified_time\" content=\"2019-03-26T17:37:17+00:00\" \/>\n<meta property=\"og:image\" content=\"https:\/\/laprensacristiana.com\/wp-content\/uploads\/2019\/03\/WhatsApp-Image-2019-03-21-at-8.09.34-AM.jpeg\" \/>\n\t<meta property=\"og:image:width\" content=\"1280\" \/>\n\t<meta property=\"og:image:height\" content=\"960\" \/>\n\t<meta property=\"og:image:type\" content=\"image\/jpeg\" \/>\n<meta name=\"author\" content=\"EDITOR\" \/>\n<meta name=\"twitter:card\" content=\"summary_large_image\" \/>\n<meta name=\"twitter:label1\" content=\"Escrito por\" \/>\n\t<meta name=\"twitter:data1\" content=\"EDITOR\" \/>\n\t<meta name=\"twitter:label2\" content=\"Tiempo de lectura\" \/>\n\t<meta name=\"twitter:data2\" content=\"1 minuto\" \/>\n<script type=\"application\/ld+json\" class=\"yoast-schema-graph\">{\"@context\":\"https:\/\/schema.org\",\"@graph\":[{\"@type\":\"WebPage\",\"@id\":\"https:\/\/laprensacristiana.com\/?p=5425\",\"url\":\"https:\/\/laprensacristiana.com\/?p=5425\",\"name\":\"Jornada m\u00e9dica una oportunidad de compartir el amor de Dios - La Prensa Cristiana\",\"isPartOf\":{\"@id\":\"https:\/\/laprensacristiana.com\/#website\"},\"datePublished\":\"2019-03-22T21:35:40+00:00\",\"dateModified\":\"2019-03-26T17:37:17+00:00\",\"author\":{\"@id\":\"https:\/\/laprensacristiana.com\/#\/schema\/person\/3e7d82c6bfd6b1fa67010f8f7cd5256e\"},\"breadcrumb\":{\"@id\":\"https:\/\/laprensacristiana.com\/?p=5425#breadcrumb\"},\"inLanguage\":\"es\",\"potentialAction\":[{\"@type\":\"ReadAction\",\"target\":[\"https:\/\/laprensacristiana.com\/?p=5425\"]}]},{\"@type\":\"BreadcrumbList\",\"@id\":\"https:\/\/laprensacristiana.com\/?p=5425#breadcrumb\",\"itemListElement\":[{\"@type\":\"ListItem\",\"position\":1,\"name\":\"Portada\",\"item\":\"https:\/\/laprensacristiana.com\/\"},{\"@type\":\"ListItem\",\"position\":2,\"name\":\"Jornada m\u00e9dica una oportunidad de compartir el amor de Dios\"}]},{\"@type\":\"WebSite\",\"@id\":\"https:\/\/laprensacristiana.com\/#website\",\"url\":\"https:\/\/laprensacristiana.com\/\",\"name\":\"La Prensa Cristiana\",\"description\":\"Anunciando Las Buenas Nuevas\",\"potentialAction\":[{\"@type\":\"SearchAction\",\"target\":{\"@type\":\"EntryPoint\",\"urlTemplate\":\"https:\/\/laprensacristiana.com\/?s={search_term_string}\"},\"query-input\":\"required name=search_term_string\"}],\"inLanguage\":\"es\"},{\"@type\":\"Person\",\"@id\":\"https:\/\/laprensacristiana.com\/#\/schema\/person\/3e7d82c6bfd6b1fa67010f8f7cd5256e\",\"name\":\"EDITOR\",\"image\":{\"@type\":\"ImageObject\",\"inLanguage\":\"es\",\"@id\":\"https:\/\/laprensacristiana.com\/#\/schema\/person\/image\/\",\"url\":\"https:\/\/secure.gravatar.com\/avatar\/72069dfb6c13772d9e8381e3638666d2?s=96&d=mm&r=g\",\"contentUrl\":\"https:\/\/secure.gravatar.com\/avatar\/72069dfb6c13772d9e8381e3638666d2?s=96&d=mm&r=g\",\"caption\":\"EDITOR\"},\"url\":\"https:\/\/laprensacristiana.com\/?author=3\"}]}<\/script>\n<!-- \/ Yoast SEO plugin. -->","yoast_head_json":{"title":"Jornada m\u00e9dica una oportunidad de compartir el amor de Dios - La Prensa Cristiana","robots":{"index":"index","follow":"follow","max-snippet":"max-snippet:-1","max-image-preview":"max-image-preview:large","max-video-preview":"max-video-preview:-1"},"canonical":"https:\/\/laprensacristiana.com\/?p=5425","og_locale":"es_ES","og_type":"article","og_title":"Jornada m\u00e9dica una oportunidad de compartir el amor de Dios - La Prensa Cristiana","og_description":"Por: Samuel Barrios El Liceo Cristiano Reverendo Juan Bueno en conjunto con Bridges of Hope International, realizaron jornada m\u00e9dica y a la vez, aprovecharon para compartir el amor de Dios. El pasado martes 19 de marzo se llev\u00f3 a cabo una campa\u00f1a de salud con una asistencia de mas de 500 familias beneficiadas, la actividad [&hellip;]","og_url":"https:\/\/laprensacristiana.com\/?p=5425","og_site_name":"La Prensa Cristiana","article_published_time":"2019-03-22T21:35:40+00:00","article_modified_time":"2019-03-26T17:37:17+00:00","og_image":[{"width":1280,"height":960,"url":"https:\/\/laprensacristiana.com\/wp-content\/uploads\/2019\/03\/WhatsApp-Image-2019-03-21-at-8.09.34-AM.jpeg","type":"image\/jpeg"}],"author":"EDITOR","twitter_card":"summary_large_image","twitter_misc":{"Escrito por":"EDITOR","Tiempo de lectura":"1 minuto"},"schema":{"@context":"https:\/\/schema.org","@graph":[{"@type":"WebPage","@id":"https:\/\/laprensacristiana.com\/?p=5425","url":"https:\/\/laprensacristiana.com\/?p=5425","name":"Jornada m\u00e9dica una oportunidad de compartir el amor de Dios - La Prensa Cristiana","isPartOf":{"@id":"https:\/\/laprensacristiana.com\/#website"},"datePublished":"2019-03-22T21:35:40+00:00","dateModified":"2019-03-26T17:37:17+00:00","author":{"@id":"https:\/\/laprensacristiana.com\/#\/schema\/person\/3e7d82c6bfd6b1fa67010f8f7cd5256e"},"breadcrumb":{"@id":"https:\/\/laprensacristiana.com\/?p=5425#breadcrumb"},"inLanguage":"es","potentialAction":[{"@type":"ReadAction","target":["https:\/\/laprensacristiana.com\/?p=5425"]}]},{"@type":"BreadcrumbList","@id":"https:\/\/laprensacristiana.com\/?p=5425#breadcrumb","itemListElement":[{"@type":"ListItem","position":1,"name":"Portada","item":"https:\/\/laprensacristiana.com\/"},{"@type":"ListItem","position":2,"name":"Jornada m\u00e9dica una oportunidad de compartir el amor de Dios"}]},{"@type":"WebSite","@id":"https:\/\/laprensacristiana.com\/#website","url":"https:\/\/laprensacristiana.com\/","name":"La Prensa Cristiana","description":"Anunciando Las Buenas Nuevas","potentialAction":[{"@type":"SearchAction","target":{"@type":"EntryPoint","urlTemplate":"https:\/\/laprensacristiana.com\/?s={search_term_string}"},"query-input":"required name=search_term_string"}],"inLanguage":"es"},{"@type":"Person","@id":"https:\/\/laprensacristiana.com\/#\/schema\/person\/3e7d82c6bfd6b1fa67010f8f7cd5256e","name":"EDITOR","image":{"@type":"ImageObject","inLanguage":"es","@id":"https:\/\/laprensacristiana.com\/#\/schema\/person\/image\/","url":"https:\/\/secure.gravatar.com\/avatar\/72069dfb6c13772d9e8381e3638666d2?s=96&d=mm&r=g","contentUrl":"https:\/\/secure.gravatar.com\/avatar\/72069dfb6c13772d9e8381e3638666d2?s=96&d=mm&r=g","caption":"EDITOR"},"url":"https:\/\/laprensacristiana.com\/?author=3"}]}},"_links":{"self":[{"href":"https:\/\/laprensacristiana.com\/index.php?rest_route=\/wp\/v2\/posts\/5425"}],"collection":[{"href":"https:\/\/laprensacristiana.com\/index.php?rest_route=\/wp\/v2\/posts"}],"about":[{"href":"https:\/\/laprensacristiana.com\/index.php?rest_route=\/wp\/v2\/types\/post"}],"author":[{"embeddable":true,"href":"https:\/\/laprensacristiana.com\/index.php?rest_route=\/wp\/v2\/users\/3"}],"replies":[{"embeddable":true,"href":"https:\/\/laprensacristiana.com\/index.php?rest_route=%2Fwp%2Fv2%2Fcomments&post=5425"}],"version-history":[{"count":3,"href":"https:\/\/laprensacristiana.com\/index.php?rest_route=\/wp\/v2\/posts\/5425\/revisions"}],"predecessor-version":[{"id":5463,"href":"https:\/\/laprensacristiana.com\/index.php?rest_route=\/wp\/v2\/posts\/5425\/revisions\/5463"}],"wp:featuredmedia":[{"embeddable":true,"href":"https:\/\/laprensacristiana.com\/index.php?rest_route=\/wp\/v2\/media\/5427"}],"wp:attachment":[{"href":"https:\/\/laprensacristiana.com\/index.php?rest_route=%2Fwp%2Fv2%2Fmedia&parent=5425"}],"wp:term":[{"taxonomy":"category","embeddable":true,"href":"https:\/\/laprensacristiana.com\/index.php?rest_route=%2Fwp%2Fv2%2Fcategories&post=5425"},{"taxonomy":"post_tag","embeddable":true,"href":"https:\/\/laprensacristiana.com\/index.php?rest_route=%2Fwp%2Fv2%2Ftags&post=5425"}],"curies":[{"name":"wp","href":"https:\/\/api.w.org\/{rel}","templated":true}]}}