{"id":5432,"date":"2019-03-23T12:58:53","date_gmt":"2019-03-23T12:58:53","guid":{"rendered":"https:\/\/laprensacristiana.com\/?p=5432"},"modified":"2019-03-23T12:58:57","modified_gmt":"2019-03-23T12:58:57","slug":"travy-joe-es-diagnosticado-con-leucemia","status":"publish","type":"post","link":"https:\/\/laprensacristiana.com\/?p=5432","title":{"rendered":"Travy Joe es diagnosticado con leucemia"},"content":{"rendered":"\n<p>Travy Joe es procedente de Puerto Rico, se\nconsidera uno de los pioneros en el g\u00e9nero del reggaet\u00f3n cristiano, entreg\u00f3 su\nvida a Dios siendo un ni\u00f1o, luego de haber experimentado sanidad en su cuerpo,\nTravy padec\u00eda de una enfermedad llamada lordosis y escoliosis la cual le\nadjudicaban que perdiera la movilidad en sus piernas y quedar\u00eda parapl\u00e9jico,\ncomprometi\u00e9ndose a servir a Dios.<\/p>\n\n\n\n<p>Joe ha participado en m\u00e1s de 22\nproducciones discogr\u00e1ficas con reconocidos productores musicales en el g\u00e9nero\nurbano cristiano como Lutek, Dj Pablo, Dj Blaster, Barimix, Stereophonic entre\notros.<\/p>\n\n\n\n<p>En agosto 2008 firma un acuerdo de\ndistribuci\u00f3n con el sello discogr\u00e1fico Grupo CanZion siendo ahora salmista del\nprestigioso sello.<\/p>\n\n\n\n<p>El pasado mi\u00e9rcoles 20 de marzo el cantante\nTravy Joe fue diagnosticado con leucemia, fue sometido a diferentes ex\u00e1menes\nm\u00e9dicos que indicaban que ten\u00eda poco tiempo de vida.<\/p>\n\n\n\n<p>Travy Joe informo a trav\u00e9s de sus redes\nsociales que en su m\u00e1s reciente chequeo, los m\u00e9dicos indicaron que presentaba\nuna mejor\u00eda la cual no logran entender. Tambi\u00e9n inform\u00f3 que estar\u00e1 durante un\nmes dentro del hospital.<\/p>\n\n\n\n<p>Jessy y Travy est\u00e1n conscientes del camino\ndif\u00edcil que conlleva el tratamiento de esta enfermedad, pero aseguran estar\nconfiados en que Dios seguir\u00e1 obrando en su vida. <\/p>\n\n\n\n<p>Diferentes artistas cristianos han mostrado\nsu solidaridad a trav\u00e9s de mensajes en sus redes sociales, como lo hizo Marcos\nWitt, Danilo Montero, Manny Montes entro otros.<\/p>\n\n\n\n<p>\u201cEn este momento, un gran amigo, un querido\nhermano en Cristo y salmista en CanZion, Travy Joe , atraviesa una dura batalla\nante un diagn\u00f3stico de c\u00e1ncer. Querido Travy, hablamos palabras de vida y\nsanidad para ti. El Se\u00f1or Jes\u00fas al que sirves desde tu juventud, te haga\natravesar esta prueba tomado de Su mano en fe y victoria absoluta. || Por favor\nore conmigo por la salud total de Travy Joe\u201d expres\u00f3 Marcos Wiit<\/p>\n\n\n\n<p>\u201cCreemos en un Dios poderoso que sana a sus\nhijos. Nos unimos #Oraci\u00f3nEnCadena por nuestro hermano Travy\u201d escribi\u00f3 Danilo\nMontero.<\/p>\n\n\n\n<p>Los artistas hacen un llamado a que todos\npuedan unirse al igual que con el caso de Julio Melgar en cadena de oraci\u00f3n\npara interceder por su salud.<\/p>\n\n\n\n<p>\u201cQuiero agradecer las oraciones y tantas\nmuestras de amor y cari\u00f1o que Yessy y yo hemos recibido en las \u00faltimas horas\u201d\nconcluy\u00f3 Travy Joe.<\/p>\n","protected":false},"excerpt":{"rendered":"<p>Travy Joe es procedente de Puerto Rico, se considera uno de los pioneros en el g\u00e9nero del reggaet\u00f3n cristiano, entreg\u00f3 su vida a Dios siendo un ni\u00f1o, luego de haber experimentado sanidad en su cuerpo, Travy padec\u00eda de una enfermedad llamada lordosis y escoliosis la cual le adjudicaban que perdiera la movilidad en sus piernas [&hellip;]<\/p>\n","protected":false},"author":3,"featured_media":5433,"comment_status":"open","ping_status":"open","sticky":false,"template":"","format":"standard","meta":[],"categories":[56],"tags":[],"yoast_head":"<!-- This site is optimized with the Yoast SEO plugin v20.8 - https:\/\/yoast.com\/wordpress\/plugins\/seo\/ -->\n<title>Travy Joe es diagnosticado con leucemia - La Prensa Cristiana<\/title>\n<meta name=\"robots\" content=\"index, follow, max-snippet:-1, max-image-preview:large, max-video-preview:-1\" \/>\n<link rel=\"canonical\" href=\"https:\/\/laprensacristiana.com\/?p=5432\" \/>\n<meta property=\"og:locale\" content=\"es_ES\" \/>\n<meta property=\"og:type\" content=\"article\" \/>\n<meta property=\"og:title\" content=\"Travy Joe es diagnosticado con leucemia - La Prensa Cristiana\" \/>\n<meta property=\"og:description\" content=\"Travy Joe es procedente de Puerto Rico, se considera uno de los pioneros en el g\u00e9nero del reggaet\u00f3n cristiano, entreg\u00f3 su vida a Dios siendo un ni\u00f1o, luego de haber experimentado sanidad en su cuerpo, Travy padec\u00eda de una enfermedad llamada lordosis y escoliosis la cual le adjudicaban que perdiera la movilidad en sus piernas [&hellip;]\" \/>\n<meta property=\"og:url\" content=\"https:\/\/laprensacristiana.com\/?p=5432\" \/>\n<meta property=\"og:site_name\" content=\"La Prensa Cristiana\" \/>\n<meta property=\"article:published_time\" content=\"2019-03-23T12:58:53+00:00\" \/>\n<meta property=\"article:modified_time\" content=\"2019-03-23T12:58:57+00:00\" \/>\n<meta property=\"og:image\" content=\"https:\/\/laprensacristiana.com\/wp-content\/uploads\/2019\/03\/WhatsApp-Image-2019-03-22-at-8.10.32-PM.jpeg\" \/>\n\t<meta property=\"og:image:width\" content=\"720\" \/>\n\t<meta property=\"og:image:height\" content=\"720\" \/>\n\t<meta property=\"og:image:type\" content=\"image\/jpeg\" \/>\n<meta name=\"author\" content=\"EDITOR\" \/>\n<meta name=\"twitter:card\" content=\"summary_large_image\" \/>\n<meta name=\"twitter:label1\" content=\"Escrito por\" \/>\n\t<meta name=\"twitter:data1\" content=\"EDITOR\" \/>\n\t<meta name=\"twitter:label2\" content=\"Tiempo de lectura\" \/>\n\t<meta name=\"twitter:data2\" content=\"2 minutos\" \/>\n<script type=\"application\/ld+json\" class=\"yoast-schema-graph\">{\"@context\":\"https:\/\/schema.org\",\"@graph\":[{\"@type\":\"WebPage\",\"@id\":\"https:\/\/laprensacristiana.com\/?p=5432\",\"url\":\"https:\/\/laprensacristiana.com\/?p=5432\",\"name\":\"Travy Joe es diagnosticado con leucemia - La Prensa Cristiana\",\"isPartOf\":{\"@id\":\"https:\/\/laprensacristiana.com\/#website\"},\"datePublished\":\"2019-03-23T12:58:53+00:00\",\"dateModified\":\"2019-03-23T12:58:57+00:00\",\"author\":{\"@id\":\"https:\/\/laprensacristiana.com\/#\/schema\/person\/3e7d82c6bfd6b1fa67010f8f7cd5256e\"},\"breadcrumb\":{\"@id\":\"https:\/\/laprensacristiana.com\/?p=5432#breadcrumb\"},\"inLanguage\":\"es\",\"potentialAction\":[{\"@type\":\"ReadAction\",\"target\":[\"https:\/\/laprensacristiana.com\/?p=5432\"]}]},{\"@type\":\"BreadcrumbList\",\"@id\":\"https:\/\/laprensacristiana.com\/?p=5432#breadcrumb\",\"itemListElement\":[{\"@type\":\"ListItem\",\"position\":1,\"name\":\"Portada\",\"item\":\"https:\/\/laprensacristiana.com\/\"},{\"@type\":\"ListItem\",\"position\":2,\"name\":\"Travy Joe es diagnosticado con leucemia\"}]},{\"@type\":\"WebSite\",\"@id\":\"https:\/\/laprensacristiana.com\/#website\",\"url\":\"https:\/\/laprensacristiana.com\/\",\"name\":\"La Prensa Cristiana\",\"description\":\"Anunciando Las Buenas Nuevas\",\"potentialAction\":[{\"@type\":\"SearchAction\",\"target\":{\"@type\":\"EntryPoint\",\"urlTemplate\":\"https:\/\/laprensacristiana.com\/?s={search_term_string}\"},\"query-input\":\"required name=search_term_string\"}],\"inLanguage\":\"es\"},{\"@type\":\"Person\",\"@id\":\"https:\/\/laprensacristiana.com\/#\/schema\/person\/3e7d82c6bfd6b1fa67010f8f7cd5256e\",\"name\":\"EDITOR\",\"image\":{\"@type\":\"ImageObject\",\"inLanguage\":\"es\",\"@id\":\"https:\/\/laprensacristiana.com\/#\/schema\/person\/image\/\",\"url\":\"https:\/\/secure.gravatar.com\/avatar\/72069dfb6c13772d9e8381e3638666d2?s=96&d=mm&r=g\",\"contentUrl\":\"https:\/\/secure.gravatar.com\/avatar\/72069dfb6c13772d9e8381e3638666d2?s=96&d=mm&r=g\",\"caption\":\"EDITOR\"},\"url\":\"https:\/\/laprensacristiana.com\/?author=3\"}]}<\/script>\n<!-- \/ Yoast SEO plugin. -->","yoast_head_json":{"title":"Travy Joe es diagnosticado con leucemia - La Prensa Cristiana","robots":{"index":"index","follow":"follow","max-snippet":"max-snippet:-1","max-image-preview":"max-image-preview:large","max-video-preview":"max-video-preview:-1"},"canonical":"https:\/\/laprensacristiana.com\/?p=5432","og_locale":"es_ES","og_type":"article","og_title":"Travy Joe es diagnosticado con leucemia - La Prensa Cristiana","og_description":"Travy Joe es procedente de Puerto Rico, se considera uno de los pioneros en el g\u00e9nero del reggaet\u00f3n cristiano, entreg\u00f3 su vida a Dios siendo un ni\u00f1o, luego de haber experimentado sanidad en su cuerpo, Travy padec\u00eda de una enfermedad llamada lordosis y escoliosis la cual le adjudicaban que perdiera la movilidad en sus piernas [&hellip;]","og_url":"https:\/\/laprensacristiana.com\/?p=5432","og_site_name":"La Prensa Cristiana","article_published_time":"2019-03-23T12:58:53+00:00","article_modified_time":"2019-03-23T12:58:57+00:00","og_image":[{"width":720,"height":720,"url":"https:\/\/laprensacristiana.com\/wp-content\/uploads\/2019\/03\/WhatsApp-Image-2019-03-22-at-8.10.32-PM.jpeg","type":"image\/jpeg"}],"author":"EDITOR","twitter_card":"summary_large_image","twitter_misc":{"Escrito por":"EDITOR","Tiempo de lectura":"2 minutos"},"schema":{"@context":"https:\/\/schema.org","@graph":[{"@type":"WebPage","@id":"https:\/\/laprensacristiana.com\/?p=5432","url":"https:\/\/laprensacristiana.com\/?p=5432","name":"Travy Joe es diagnosticado con leucemia - La Prensa Cristiana","isPartOf":{"@id":"https:\/\/laprensacristiana.com\/#website"},"datePublished":"2019-03-23T12:58:53+00:00","dateModified":"2019-03-23T12:58:57+00:00","author":{"@id":"https:\/\/laprensacristiana.com\/#\/schema\/person\/3e7d82c6bfd6b1fa67010f8f7cd5256e"},"breadcrumb":{"@id":"https:\/\/laprensacristiana.com\/?p=5432#breadcrumb"},"inLanguage":"es","potentialAction":[{"@type":"ReadAction","target":["https:\/\/laprensacristiana.com\/?p=5432"]}]},{"@type":"BreadcrumbList","@id":"https:\/\/laprensacristiana.com\/?p=5432#breadcrumb","itemListElement":[{"@type":"ListItem","position":1,"name":"Portada","item":"https:\/\/laprensacristiana.com\/"},{"@type":"ListItem","position":2,"name":"Travy Joe es diagnosticado con leucemia"}]},{"@type":"WebSite","@id":"https:\/\/laprensacristiana.com\/#website","url":"https:\/\/laprensacristiana.com\/","name":"La Prensa Cristiana","description":"Anunciando Las Buenas Nuevas","potentialAction":[{"@type":"SearchAction","target":{"@type":"EntryPoint","urlTemplate":"https:\/\/laprensacristiana.com\/?s={search_term_string}"},"query-input":"required name=search_term_string"}],"inLanguage":"es"},{"@type":"Person","@id":"https:\/\/laprensacristiana.com\/#\/schema\/person\/3e7d82c6bfd6b1fa67010f8f7cd5256e","name":"EDITOR","image":{"@type":"ImageObject","inLanguage":"es","@id":"https:\/\/laprensacristiana.com\/#\/schema\/person\/image\/","url":"https:\/\/secure.gravatar.com\/avatar\/72069dfb6c13772d9e8381e3638666d2?s=96&d=mm&r=g","contentUrl":"https:\/\/secure.gravatar.com\/avatar\/72069dfb6c13772d9e8381e3638666d2?s=96&d=mm&r=g","caption":"EDITOR"},"url":"https:\/\/laprensacristiana.com\/?author=3"}]}},"_links":{"self":[{"href":"https:\/\/laprensacristiana.com\/index.php?rest_route=\/wp\/v2\/posts\/5432"}],"collection":[{"href":"https:\/\/laprensacristiana.com\/index.php?rest_route=\/wp\/v2\/posts"}],"about":[{"href":"https:\/\/laprensacristiana.com\/index.php?rest_route=\/wp\/v2\/types\/post"}],"author":[{"embeddable":true,"href":"https:\/\/laprensacristiana.com\/index.php?rest_route=\/wp\/v2\/users\/3"}],"replies":[{"embeddable":true,"href":"https:\/\/laprensacristiana.com\/index.php?rest_route=%2Fwp%2Fv2%2Fcomments&post=5432"}],"version-history":[{"count":1,"href":"https:\/\/laprensacristiana.com\/index.php?rest_route=\/wp\/v2\/posts\/5432\/revisions"}],"predecessor-version":[{"id":5434,"href":"https:\/\/laprensacristiana.com\/index.php?rest_route=\/wp\/v2\/posts\/5432\/revisions\/5434"}],"wp:featuredmedia":[{"embeddable":true,"href":"https:\/\/laprensacristiana.com\/index.php?rest_route=\/wp\/v2\/media\/5433"}],"wp:attachment":[{"href":"https:\/\/laprensacristiana.com\/index.php?rest_route=%2Fwp%2Fv2%2Fmedia&parent=5432"}],"wp:term":[{"taxonomy":"category","embeddable":true,"href":"https:\/\/laprensacristiana.com\/index.php?rest_route=%2Fwp%2Fv2%2Fcategories&post=5432"},{"taxonomy":"post_tag","embeddable":true,"href":"https:\/\/laprensacristiana.com\/index.php?rest_route=%2Fwp%2Fv2%2Ftags&post=5432"}],"curies":[{"name":"wp","href":"https:\/\/api.w.org\/{rel}","templated":true}]}}