{"id":5451,"date":"2019-03-25T14:49:23","date_gmt":"2019-03-25T14:49:23","guid":{"rendered":"https:\/\/laprensacristiana.com\/?p=5451"},"modified":"2019-03-25T14:49:26","modified_gmt":"2019-03-25T14:49:26","slug":"el-desafio-de-la-iglesia-en-tiempos-modernos","status":"publish","type":"post","link":"https:\/\/laprensacristiana.com\/?p=5451","title":{"rendered":"El desaf\u00edo de la iglesia en tiempos modernos"},"content":{"rendered":"\n<p>Los millennials tambi\u00e9n son conocidos como la generaci\u00f3n\n\u201cY\u201d, los dem\u00f3grafos aun no llegan a un consenso de una fecha de inicio pero se\nconsidera que es la generaci\u00f3n nacida entre los 80 hasta el a\u00f1o 2000, con\ncaracter\u00edsticas variantes dependiendo del lugar donde viven, las condiciones\nsociales y econ\u00f3micas, pero si algo tienen en com\u00fan es con medios de\ncomunicaci\u00f3n y la m\u00e1s fuerte la tecnolog\u00eda digital.<\/p>\n\n\n\n<p>Esta generaci\u00f3n es digital y se encuentra hiperconectada,\nesto hace una gran diferencia entre generaciones pasadas.&nbsp; Consumen contenido donde, cuando y como\nquieren, estudios revelan que digitalmente la generaci\u00f3n \u201cY\u201d&nbsp; consume m\u00e1s redes sociales y&nbsp; videos online.<\/p>\n\n\n\n<p>\u00bfPero qu\u00e9 los hace tan diferentes a las generaciones\npasadas?<\/p>\n\n\n\n<ol><li>Su vida gira entorno a las redes sociales,\nmuestran todo lo que hacen, son cien por ciento digitales.<\/li><li>Son exigentes a gran escala, la generaci\u00f3n\npasada se conformaba a obtener una carrera universitaria, los millennial\nquieren obtener maestr\u00edas, doctorados.<\/li><li>No centran su \u00e9xito en conseguir el trabajo so\u00f1ado\ny ser millonario, la generaci\u00f3n \u201cY\u201d gasta su dinero en viajar para conocer\nnuevas culturas, nuevos amigos.<\/li><li>Muchos de ellos son esc\u00e9pticos a adquirir un compromiso\nfamiliar y&nbsp; tener hijos.<\/li><\/ol>\n\n\n\n<p>Conociendo un poco de peculiaridades sobre esta generaci\u00f3n\nnacen diferentes preguntas:<\/p>\n\n\n\n<p>&nbsp;No todas las iglesias\nhan logrado dar el salto a la tecnolog\u00eda y han logrado comprender del todo a\nestos j\u00f3venes, el mundo est\u00e1 en una constante cambio&nbsp; y m\u00e1s cuando se trata de esta generaci\u00f3n que\nvive conectada y consumiendo diferentes contenidos.<\/p>\n\n\n\n<p>Entonces \u00bfCu\u00e1l es el desaf\u00edo que enfrenta la iglesia en\ntiempos modernos?<\/p>\n\n\n\n<p>\u201cUna iglesia puede hacer uso de luces, instrumentos de\nm\u00fasica, de pantallas, escenarios diversos para presentar el evangelio, pero es\nclave que en estos tiempos modernos la iglesia se mantenga siempre Cristoc\u00e9ntrica,\nb\u00edblica y relevante\u201d expres\u00f3 El Pastor Gio Barahona de Iglesia La Red.<\/p>\n\n\n\n<p>Pero \u00bfC\u00f3mo evangelizar a un millennials? Cuando esta\ngeneraci\u00f3n centra su atenci\u00f3n en redes sociales y su forma de interacci\u00f3n es\ntotalmente diferente a las pasadas generaciones, ahora basta con brindar el\nn\u00famero telef\u00f3nico a la otra persona no importando la distancia y en cuesti\u00f3n de\nsegundos estar conectados.<\/p>\n\n\n\n<p>\u201cLos que tenemos un poquito de experiencia en trabajo con\nj\u00f3venes, hemos comprendido que la manera precisa de llegar a nuestros j\u00f3venes\nes a trav\u00e9s de otro millennials que aman a Jesucristo, ellos como todo ser\nhumano buscan el ser mentoreado y que mejor que por alguien de su edad, que ha\ndesarrollado al ser mentoreado una pasi\u00f3n, un amor por Jes\u00fas y son expuestos y\ncuando la gente&nbsp; o los dem\u00e1s chicos lo\nescuchan, lo ven vivir, ven su estilo de vida dicen \u201cQue interesante\u201d. Para\npoder llegar a esta juventud actual tenemos que hacerlo a trav\u00e9s de j\u00f3venes que\naman a Jesucristo\u201d expres\u00f3 Gio.<\/p>\n\n\n\n<p>\u00bfC\u00f3mo puede mantenerse vigente la iglesia en un mundo que\nvive en un constante cambio, tendencia y movimiento? <\/p>\n\n\n\n<p>\u201cLo que nos hace llevar frutos y permanecer en estos tiempos\nmodernos como iglesia es estar en la palabra, predicarla, vivir bajo la unci\u00f3n\ny ser guiados por el Esp\u00edritu Santo y nunca dejar de amar las almas.&nbsp; Jes\u00fas dijo: \u201cYo soy la vid, vosotros los\np\u00e1mpanos; el que permanece en m\u00ed, y yo en \u00e9l, \u00e9ste lleva mucho fruto; porque separados\nde m\u00ed nada pod\u00e9is hacer\u201d San Juan 15:5. Afirm\u00f3 Barahona.<\/p>\n\n\n\n<p>Si la mayor\u00eda de los j\u00f3venes\npasan conectados a internet durante todo el d\u00eda y en especial a las redes\nsociales como las plataformas de Facebook, Instagram y Whatsapp \u00bfPodr\u00edamos\ndecir que las redes sociales juegan un papel importante como herramienta de\nevangelizaci\u00f3n dentro de la iglesia para los millennials?<\/p>\n\n\n\n<p>\u201cEl papel de las redes\nsociales ahora es clave, creo que son un buen medio para poder llegar a ellos y\nellas, es presentarle el evangelio de manera estrat\u00e9gica, un chico millennials\nbusca m\u00e1s relaciones, el evangelio online funciona por aquel que todav\u00eda no ha\nllegado a los pies de Cristo, o por los que somos de una iglesia y nos toca\nsalir del pa\u00eds queremos estar conectados con lo que est\u00e1 sucediendo en nuestra\niglesia y seguimos siendo edificados, ministrados. Las redes sociales son muy\nimportantes. Aunque le sacamos mucho provecho a lo online creo que es necesario\nlas relaciones y congregarnos, Pablo dijo en Hebreos 10:25 \u201cno dejando de\ncongregarnos, como algunos tienen por costumbre, sino exhort\u00e1ndonos; y tanto\nm\u00e1s, cuanto veis que aquel d\u00eda se acerca\u201d concluy\u00f3 el Pastor de Iglesia La Red\nGio Barahona. <\/p>\n\n\n\n<p>Es importante que un l\u00edder,\npastor y encargado de manejar grupos juveniles catalogados como generaci\u00f3n \u201cY\u201d,\nencuentre un punto de conexi\u00f3n que le permita captar la atenci\u00f3n de sus chicos.\nEl Pastor de j\u00f3venes de Iglesia de Dios en El Salvador Erick Serrano nos da 5\ntips para trabajar con las nuevas generaciones:<\/p>\n\n\n\n<ol><li>Conocer\nsu comportamiento, saber que les motiva, que les inspira, que provoca su comportamiento.<\/li><li>Conocer\nsu lenguaje, forma de expresi\u00f3n, de vestimenta, post en redes sociales.<\/li><li>Redes\nsociales: nadie puede pastorear estando ausente de la gente que lidera. Si los\nmillennials est\u00e1n en redes, all\u00ed deben estar sus l\u00edderes.<\/li><li>Contexto\nfamiliar: En El Salvador, la mayor\u00eda de hogares se desarrolla sin la figura\npaterna o materna y en el peor de los casos, sin ambos. Eso distorsiona la\nconducta de un adolescente pues su personalidad crece deformada.<\/li><li>Tolerancia\ngeneracional. Un l\u00edder debe tolerar las expresiones, forma de vestir y pensar.\nNo podemos liderar una nueva generaci\u00f3n pensando que ser\u00e1n igual a nosotros. <\/li><\/ol>\n\n\n\n<div class=\"wp-block-image\"><figure class=\"aligncenter\"><img decoding=\"async\" loading=\"lazy\" width=\"497\" height=\"276\" src=\"https:\/\/laprensacristiana.com\/wp-content\/uploads\/2019\/03\/opini\u00f3n1.jpg\" alt=\"\" class=\"wp-image-5452\" srcset=\"https:\/\/laprensacristiana.com\/wp-content\/uploads\/2019\/03\/opini\u00f3n1.jpg 497w, https:\/\/laprensacristiana.com\/wp-content\/uploads\/2019\/03\/opini\u00f3n1-300x167.jpg 300w\" sizes=\"(max-width: 497px) 100vw, 497px\" \/><\/figure><\/div>\n","protected":false},"excerpt":{"rendered":"<p>Los millennials tambi\u00e9n son conocidos como la generaci\u00f3n \u201cY\u201d, los dem\u00f3grafos aun no llegan a un consenso de una fecha de inicio pero se considera que es la generaci\u00f3n nacida entre los 80 hasta el a\u00f1o 2000, con caracter\u00edsticas variantes dependiendo del lugar donde viven, las condiciones sociales y econ\u00f3micas, pero si algo tienen en [&hellip;]<\/p>\n","protected":false},"author":3,"featured_media":5453,"comment_status":"open","ping_status":"open","sticky":false,"template":"","format":"standard","meta":[],"categories":[50],"tags":[],"yoast_head":"<!-- This site is optimized with the Yoast SEO plugin v20.8 - https:\/\/yoast.com\/wordpress\/plugins\/seo\/ -->\n<title>El desaf\u00edo de la iglesia en tiempos modernos - La Prensa Cristiana<\/title>\n<meta name=\"robots\" content=\"index, follow, max-snippet:-1, max-image-preview:large, max-video-preview:-1\" \/>\n<link rel=\"canonical\" href=\"https:\/\/laprensacristiana.com\/?p=5451\" \/>\n<meta property=\"og:locale\" content=\"es_ES\" \/>\n<meta property=\"og:type\" content=\"article\" \/>\n<meta property=\"og:title\" content=\"El desaf\u00edo de la iglesia en tiempos modernos - La Prensa Cristiana\" \/>\n<meta property=\"og:description\" content=\"Los millennials tambi\u00e9n son conocidos como la generaci\u00f3n \u201cY\u201d, los dem\u00f3grafos aun no llegan a un consenso de una fecha de inicio pero se considera que es la generaci\u00f3n nacida entre los 80 hasta el a\u00f1o 2000, con caracter\u00edsticas variantes dependiendo del lugar donde viven, las condiciones sociales y econ\u00f3micas, pero si algo tienen en [&hellip;]\" \/>\n<meta property=\"og:url\" content=\"https:\/\/laprensacristiana.com\/?p=5451\" \/>\n<meta property=\"og:site_name\" content=\"La Prensa Cristiana\" \/>\n<meta property=\"article:published_time\" content=\"2019-03-25T14:49:23+00:00\" \/>\n<meta property=\"article:modified_time\" content=\"2019-03-25T14:49:26+00:00\" \/>\n<meta property=\"og:image\" content=\"https:\/\/laprensacristiana.com\/wp-content\/uploads\/2019\/03\/im.jpg\" \/>\n\t<meta property=\"og:image:width\" content=\"509\" \/>\n\t<meta property=\"og:image:height\" content=\"336\" \/>\n\t<meta property=\"og:image:type\" content=\"image\/jpeg\" \/>\n<meta name=\"author\" content=\"EDITOR\" \/>\n<meta name=\"twitter:card\" content=\"summary_large_image\" \/>\n<meta name=\"twitter:label1\" content=\"Escrito por\" \/>\n\t<meta name=\"twitter:data1\" content=\"EDITOR\" \/>\n\t<meta name=\"twitter:label2\" content=\"Tiempo de lectura\" \/>\n\t<meta name=\"twitter:data2\" content=\"5 minutos\" \/>\n<script type=\"application\/ld+json\" class=\"yoast-schema-graph\">{\"@context\":\"https:\/\/schema.org\",\"@graph\":[{\"@type\":\"WebPage\",\"@id\":\"https:\/\/laprensacristiana.com\/?p=5451\",\"url\":\"https:\/\/laprensacristiana.com\/?p=5451\",\"name\":\"El desaf\u00edo de la iglesia en tiempos modernos - La Prensa Cristiana\",\"isPartOf\":{\"@id\":\"https:\/\/laprensacristiana.com\/#website\"},\"datePublished\":\"2019-03-25T14:49:23+00:00\",\"dateModified\":\"2019-03-25T14:49:26+00:00\",\"author\":{\"@id\":\"https:\/\/laprensacristiana.com\/#\/schema\/person\/3e7d82c6bfd6b1fa67010f8f7cd5256e\"},\"breadcrumb\":{\"@id\":\"https:\/\/laprensacristiana.com\/?p=5451#breadcrumb\"},\"inLanguage\":\"es\",\"potentialAction\":[{\"@type\":\"ReadAction\",\"target\":[\"https:\/\/laprensacristiana.com\/?p=5451\"]}]},{\"@type\":\"BreadcrumbList\",\"@id\":\"https:\/\/laprensacristiana.com\/?p=5451#breadcrumb\",\"itemListElement\":[{\"@type\":\"ListItem\",\"position\":1,\"name\":\"Portada\",\"item\":\"https:\/\/laprensacristiana.com\/\"},{\"@type\":\"ListItem\",\"position\":2,\"name\":\"El desaf\u00edo de la iglesia en tiempos modernos\"}]},{\"@type\":\"WebSite\",\"@id\":\"https:\/\/laprensacristiana.com\/#website\",\"url\":\"https:\/\/laprensacristiana.com\/\",\"name\":\"La Prensa Cristiana\",\"description\":\"Anunciando Las Buenas Nuevas\",\"potentialAction\":[{\"@type\":\"SearchAction\",\"target\":{\"@type\":\"EntryPoint\",\"urlTemplate\":\"https:\/\/laprensacristiana.com\/?s={search_term_string}\"},\"query-input\":\"required name=search_term_string\"}],\"inLanguage\":\"es\"},{\"@type\":\"Person\",\"@id\":\"https:\/\/laprensacristiana.com\/#\/schema\/person\/3e7d82c6bfd6b1fa67010f8f7cd5256e\",\"name\":\"EDITOR\",\"image\":{\"@type\":\"ImageObject\",\"inLanguage\":\"es\",\"@id\":\"https:\/\/laprensacristiana.com\/#\/schema\/person\/image\/\",\"url\":\"https:\/\/secure.gravatar.com\/avatar\/72069dfb6c13772d9e8381e3638666d2?s=96&d=mm&r=g\",\"contentUrl\":\"https:\/\/secure.gravatar.com\/avatar\/72069dfb6c13772d9e8381e3638666d2?s=96&d=mm&r=g\",\"caption\":\"EDITOR\"},\"url\":\"https:\/\/laprensacristiana.com\/?author=3\"}]}<\/script>\n<!-- \/ Yoast SEO plugin. -->","yoast_head_json":{"title":"El desaf\u00edo de la iglesia en tiempos modernos - La Prensa Cristiana","robots":{"index":"index","follow":"follow","max-snippet":"max-snippet:-1","max-image-preview":"max-image-preview:large","max-video-preview":"max-video-preview:-1"},"canonical":"https:\/\/laprensacristiana.com\/?p=5451","og_locale":"es_ES","og_type":"article","og_title":"El desaf\u00edo de la iglesia en tiempos modernos - La Prensa Cristiana","og_description":"Los millennials tambi\u00e9n son conocidos como la generaci\u00f3n \u201cY\u201d, los dem\u00f3grafos aun no llegan a un consenso de una fecha de inicio pero se considera que es la generaci\u00f3n nacida entre los 80 hasta el a\u00f1o 2000, con caracter\u00edsticas variantes dependiendo del lugar donde viven, las condiciones sociales y econ\u00f3micas, pero si algo tienen en [&hellip;]","og_url":"https:\/\/laprensacristiana.com\/?p=5451","og_site_name":"La Prensa Cristiana","article_published_time":"2019-03-25T14:49:23+00:00","article_modified_time":"2019-03-25T14:49:26+00:00","og_image":[{"width":509,"height":336,"url":"https:\/\/laprensacristiana.com\/wp-content\/uploads\/2019\/03\/im.jpg","type":"image\/jpeg"}],"author":"EDITOR","twitter_card":"summary_large_image","twitter_misc":{"Escrito por":"EDITOR","Tiempo de lectura":"5 minutos"},"schema":{"@context":"https:\/\/schema.org","@graph":[{"@type":"WebPage","@id":"https:\/\/laprensacristiana.com\/?p=5451","url":"https:\/\/laprensacristiana.com\/?p=5451","name":"El desaf\u00edo de la iglesia en tiempos modernos - La Prensa Cristiana","isPartOf":{"@id":"https:\/\/laprensacristiana.com\/#website"},"datePublished":"2019-03-25T14:49:23+00:00","dateModified":"2019-03-25T14:49:26+00:00","author":{"@id":"https:\/\/laprensacristiana.com\/#\/schema\/person\/3e7d82c6bfd6b1fa67010f8f7cd5256e"},"breadcrumb":{"@id":"https:\/\/laprensacristiana.com\/?p=5451#breadcrumb"},"inLanguage":"es","potentialAction":[{"@type":"ReadAction","target":["https:\/\/laprensacristiana.com\/?p=5451"]}]},{"@type":"BreadcrumbList","@id":"https:\/\/laprensacristiana.com\/?p=5451#breadcrumb","itemListElement":[{"@type":"ListItem","position":1,"name":"Portada","item":"https:\/\/laprensacristiana.com\/"},{"@type":"ListItem","position":2,"name":"El desaf\u00edo de la iglesia en tiempos modernos"}]},{"@type":"WebSite","@id":"https:\/\/laprensacristiana.com\/#website","url":"https:\/\/laprensacristiana.com\/","name":"La Prensa Cristiana","description":"Anunciando Las Buenas Nuevas","potentialAction":[{"@type":"SearchAction","target":{"@type":"EntryPoint","urlTemplate":"https:\/\/laprensacristiana.com\/?s={search_term_string}"},"query-input":"required name=search_term_string"}],"inLanguage":"es"},{"@type":"Person","@id":"https:\/\/laprensacristiana.com\/#\/schema\/person\/3e7d82c6bfd6b1fa67010f8f7cd5256e","name":"EDITOR","image":{"@type":"ImageObject","inLanguage":"es","@id":"https:\/\/laprensacristiana.com\/#\/schema\/person\/image\/","url":"https:\/\/secure.gravatar.com\/avatar\/72069dfb6c13772d9e8381e3638666d2?s=96&d=mm&r=g","contentUrl":"https:\/\/secure.gravatar.com\/avatar\/72069dfb6c13772d9e8381e3638666d2?s=96&d=mm&r=g","caption":"EDITOR"},"url":"https:\/\/laprensacristiana.com\/?author=3"}]}},"_links":{"self":[{"href":"https:\/\/laprensacristiana.com\/index.php?rest_route=\/wp\/v2\/posts\/5451"}],"collection":[{"href":"https:\/\/laprensacristiana.com\/index.php?rest_route=\/wp\/v2\/posts"}],"about":[{"href":"https:\/\/laprensacristiana.com\/index.php?rest_route=\/wp\/v2\/types\/post"}],"author":[{"embeddable":true,"href":"https:\/\/laprensacristiana.com\/index.php?rest_route=\/wp\/v2\/users\/3"}],"replies":[{"embeddable":true,"href":"https:\/\/laprensacristiana.com\/index.php?rest_route=%2Fwp%2Fv2%2Fcomments&post=5451"}],"version-history":[{"count":2,"href":"https:\/\/laprensacristiana.com\/index.php?rest_route=\/wp\/v2\/posts\/5451\/revisions"}],"predecessor-version":[{"id":5455,"href":"https:\/\/laprensacristiana.com\/index.php?rest_route=\/wp\/v2\/posts\/5451\/revisions\/5455"}],"wp:featuredmedia":[{"embeddable":true,"href":"https:\/\/laprensacristiana.com\/index.php?rest_route=\/wp\/v2\/media\/5453"}],"wp:attachment":[{"href":"https:\/\/laprensacristiana.com\/index.php?rest_route=%2Fwp%2Fv2%2Fmedia&parent=5451"}],"wp:term":[{"taxonomy":"category","embeddable":true,"href":"https:\/\/laprensacristiana.com\/index.php?rest_route=%2Fwp%2Fv2%2Fcategories&post=5451"},{"taxonomy":"post_tag","embeddable":true,"href":"https:\/\/laprensacristiana.com\/index.php?rest_route=%2Fwp%2Fv2%2Ftags&post=5451"}],"curies":[{"name":"wp","href":"https:\/\/api.w.org\/{rel}","templated":true}]}}