{"id":5499,"date":"2019-04-01T14:38:50","date_gmt":"2019-04-01T14:38:50","guid":{"rendered":"https:\/\/laprensacristiana.com\/?p=5499"},"modified":"2019-04-01T22:17:01","modified_gmt":"2019-04-01T22:17:01","slug":"tabernaculo-de-ilopango-inaugura-el-ministerio-mujeres-de-bendicion","status":"publish","type":"post","link":"https:\/\/laprensacristiana.com\/?p=5499","title":{"rendered":"Tabern\u00e1culo de Ilopango inaugura el Ministerio Mujeres de Bendici\u00f3n"},"content":{"rendered":"\n<p>El pasado domingo 31 de marzo en sus tres cultos el Tabern\u00e1culo de Ilopango desarroll\u00f3 una serie de actividades como parte de la inauguraci\u00f3n del Ministerio Mujeres de Bendici\u00f3n.<\/p>\n\n\n\n<p>Para dar inicio a este importante proyecto el Tabern\u00e1culo de Ilopango desarroll\u00f3 cultos especiales con temas de inter\u00e9s familiar enfocados al rol de la mujer en la familia y la sociedad, con esto se pretende ayudar a la sociedad, motivando a cada mujer a\u00a0 desarrollarse con la plena convicci\u00f3n que ella puede ser de bendici\u00f3n a su casa y a la sociedad, testificando a trav\u00e9s de su vida la verdad de nuestro Se\u00f1or Jesucristo y siento un agente restaurador de familias.<\/p>\n\n\n\n<figure class=\"wp-block-image\"><img decoding=\"async\" loading=\"lazy\" width=\"1024\" height=\"768\" src=\"https:\/\/laprensacristiana.com\/wp-content\/uploads\/2019\/04\/Bendicio\u0301n-2-2-1024x768.jpg\" alt=\"\" class=\"wp-image-5500\" srcset=\"https:\/\/laprensacristiana.com\/wp-content\/uploads\/2019\/04\/Bendicio\u0301n-2-2-1024x768.jpg 1024w, https:\/\/laprensacristiana.com\/wp-content\/uploads\/2019\/04\/Bendicio\u0301n-2-2-600x450.jpg 600w, https:\/\/laprensacristiana.com\/wp-content\/uploads\/2019\/04\/Bendicio\u0301n-2-2-300x225.jpg 300w, https:\/\/laprensacristiana.com\/wp-content\/uploads\/2019\/04\/Bendicio\u0301n-2-2-768x576.jpg 768w, https:\/\/laprensacristiana.com\/wp-content\/uploads\/2019\/04\/Bendicio\u0301n-2-2-80x60.jpg 80w, https:\/\/laprensacristiana.com\/wp-content\/uploads\/2019\/04\/Bendicio\u0301n-2-2-265x198.jpg 265w, https:\/\/laprensacristiana.com\/wp-content\/uploads\/2019\/04\/Bendicio\u0301n-2-2-696x522.jpg 696w, https:\/\/laprensacristiana.com\/wp-content\/uploads\/2019\/04\/Bendicio\u0301n-2-2-1068x801.jpg 1068w, https:\/\/laprensacristiana.com\/wp-content\/uploads\/2019\/04\/Bendicio\u0301n-2-2-560x420.jpg 560w, https:\/\/laprensacristiana.com\/wp-content\/uploads\/2019\/04\/Bendicio\u0301n-2-2.jpg 1841w\" sizes=\"(max-width: 1024px) 100vw, 1024px\" \/><\/figure>\n\n\n\n<p>\u00abEsta idea surge con la visi\u00f3n de ser un ej\u00e9rcito de mujeres que puedan ser de bendici\u00f3n para sus familias, su iglesia y la sociedad en general y tambi\u00e9n para ser un testimonio vivo del evangelio de nuestro se\u00f1or Jesucristo, este ministerio est\u00e1 enfocado a desarrollar conferencias de salud e imagen, talleres, charlas, adem\u00e1s de potenciar la habilidad que las mujeres ya tienen natas\u00bb manifest\u00f3 Licenciada Linni Merlos coordinadora general del ministerio. <\/p>\n\n\n\n<p style=\"text-align:left\">El ministerio mujeres de bendici\u00f3n est\u00e1 dirigido a todas las hermanas de la iglesia e invitadas en general.<\/p>\n\n\n\n<figure class=\"wp-block-image\"><img decoding=\"async\" loading=\"lazy\" width=\"1024\" height=\"769\" src=\"https:\/\/laprensacristiana.com\/wp-content\/uploads\/2019\/04\/Bendicio\u0301n-2-3-1024x769.jpg\" alt=\"\" class=\"wp-image-5501\" srcset=\"https:\/\/laprensacristiana.com\/wp-content\/uploads\/2019\/04\/Bendicio\u0301n-2-3-1024x769.jpg 1024w, https:\/\/laprensacristiana.com\/wp-content\/uploads\/2019\/04\/Bendicio\u0301n-2-3-600x451.jpg 600w, https:\/\/laprensacristiana.com\/wp-content\/uploads\/2019\/04\/Bendicio\u0301n-2-3-300x225.jpg 300w, https:\/\/laprensacristiana.com\/wp-content\/uploads\/2019\/04\/Bendicio\u0301n-2-3-768x577.jpg 768w, https:\/\/laprensacristiana.com\/wp-content\/uploads\/2019\/04\/Bendicio\u0301n-2-3-80x60.jpg 80w, https:\/\/laprensacristiana.com\/wp-content\/uploads\/2019\/04\/Bendicio\u0301n-2-3-265x198.jpg 265w, https:\/\/laprensacristiana.com\/wp-content\/uploads\/2019\/04\/Bendicio\u0301n-2-3-696x523.jpg 696w, https:\/\/laprensacristiana.com\/wp-content\/uploads\/2019\/04\/Bendicio\u0301n-2-3-1068x802.jpg 1068w, https:\/\/laprensacristiana.com\/wp-content\/uploads\/2019\/04\/Bendicio\u0301n-2-3-559x420.jpg 559w, https:\/\/laprensacristiana.com\/wp-content\/uploads\/2019\/04\/Bendicio\u0301n-2-3.jpg 1842w\" sizes=\"(max-width: 1024px) 100vw, 1024px\" \/><\/figure>\n\n\n\n<p>Como parte del lanzamiento de este proyecto las hermanas se registraron para formar parte de la base de datos que posteriormente ser\u00e1n la fuente de informaci\u00f3n para convocarlas a las diferentes actividades. Adem\u00e1s, se realizaron rifas en las que las hermanas fueron bendecidas con carteras, vales de s\u00faper, certificados de regalos y muchas sorpresas m\u00e1s, aunque principalmente se llenaron de Palabra de Dios para edificaci\u00f3n de sus vidas. Al finalizar el d\u00eda cada una de ellas pudieron compartir un refrigerio en un ambiente de armon\u00eda y convivir entre hermanos&nbsp; en la Zona de Bendici\u00f3n del Tabern\u00e1culo Ilopango.&nbsp; <\/p>\n\n\n\n<figure class=\"wp-block-image\"><img decoding=\"async\" loading=\"lazy\" width=\"1024\" height=\"768\" src=\"https:\/\/laprensacristiana.com\/wp-content\/uploads\/2019\/04\/Bendicio\u0301n-2-4-1024x768.jpg\" alt=\"\" class=\"wp-image-5502\" srcset=\"https:\/\/laprensacristiana.com\/wp-content\/uploads\/2019\/04\/Bendicio\u0301n-2-4-1024x768.jpg 1024w, https:\/\/laprensacristiana.com\/wp-content\/uploads\/2019\/04\/Bendicio\u0301n-2-4-600x450.jpg 600w, https:\/\/laprensacristiana.com\/wp-content\/uploads\/2019\/04\/Bendicio\u0301n-2-4-300x225.jpg 300w, https:\/\/laprensacristiana.com\/wp-content\/uploads\/2019\/04\/Bendicio\u0301n-2-4-768x576.jpg 768w, https:\/\/laprensacristiana.com\/wp-content\/uploads\/2019\/04\/Bendicio\u0301n-2-4-80x60.jpg 80w, https:\/\/laprensacristiana.com\/wp-content\/uploads\/2019\/04\/Bendicio\u0301n-2-4-265x198.jpg 265w, https:\/\/laprensacristiana.com\/wp-content\/uploads\/2019\/04\/Bendicio\u0301n-2-4-696x522.jpg 696w, https:\/\/laprensacristiana.com\/wp-content\/uploads\/2019\/04\/Bendicio\u0301n-2-4-1068x801.jpg 1068w, https:\/\/laprensacristiana.com\/wp-content\/uploads\/2019\/04\/Bendicio\u0301n-2-4-560x420.jpg 560w, https:\/\/laprensacristiana.com\/wp-content\/uploads\/2019\/04\/Bendicio\u0301n-2-4.jpg 1842w\" sizes=\"(max-width: 1024px) 100vw, 1024px\" \/><\/figure>\n","protected":false},"excerpt":{"rendered":"<p>El pasado domingo 31 de marzo en sus tres cultos el Tabern\u00e1culo de Ilopango desarroll\u00f3 una serie de actividades como parte de la inauguraci\u00f3n del Ministerio Mujeres de Bendici\u00f3n. Para dar inicio a este importante proyecto el Tabern\u00e1culo de Ilopango desarroll\u00f3 cultos especiales con temas de inter\u00e9s familiar enfocados al rol de la mujer en [&hellip;]<\/p>\n","protected":false},"author":3,"featured_media":5503,"comment_status":"open","ping_status":"open","sticky":false,"template":"","format":"standard","meta":[],"categories":[56],"tags":[],"yoast_head":"<!-- This site is optimized with the Yoast SEO plugin v20.8 - https:\/\/yoast.com\/wordpress\/plugins\/seo\/ -->\n<title>Tabern\u00e1culo de Ilopango inaugura el Ministerio Mujeres de Bendici\u00f3n - La Prensa Cristiana<\/title>\n<meta name=\"robots\" content=\"index, follow, max-snippet:-1, max-image-preview:large, max-video-preview:-1\" \/>\n<link rel=\"canonical\" href=\"https:\/\/laprensacristiana.com\/?p=5499\" \/>\n<meta property=\"og:locale\" content=\"es_ES\" \/>\n<meta property=\"og:type\" content=\"article\" \/>\n<meta property=\"og:title\" content=\"Tabern\u00e1culo de Ilopango inaugura el Ministerio Mujeres de Bendici\u00f3n - La Prensa Cristiana\" \/>\n<meta property=\"og:description\" content=\"El pasado domingo 31 de marzo en sus tres cultos el Tabern\u00e1culo de Ilopango desarroll\u00f3 una serie de actividades como parte de la inauguraci\u00f3n del Ministerio Mujeres de Bendici\u00f3n. Para dar inicio a este importante proyecto el Tabern\u00e1culo de Ilopango desarroll\u00f3 cultos especiales con temas de inter\u00e9s familiar enfocados al rol de la mujer en [&hellip;]\" \/>\n<meta property=\"og:url\" content=\"https:\/\/laprensacristiana.com\/?p=5499\" \/>\n<meta property=\"og:site_name\" content=\"La Prensa Cristiana\" \/>\n<meta property=\"article:published_time\" content=\"2019-04-01T14:38:50+00:00\" \/>\n<meta property=\"article:modified_time\" content=\"2019-04-01T22:17:01+00:00\" \/>\n<meta property=\"og:image\" content=\"https:\/\/laprensacristiana.com\/wp-content\/uploads\/2019\/04\/imagen1.jpg\" \/>\n\t<meta property=\"og:image:width\" content=\"1842\" \/>\n\t<meta property=\"og:image:height\" content=\"1388\" \/>\n\t<meta property=\"og:image:type\" content=\"image\/jpeg\" \/>\n<meta name=\"author\" content=\"EDITOR\" \/>\n<meta name=\"twitter:card\" content=\"summary_large_image\" \/>\n<meta name=\"twitter:label1\" content=\"Escrito por\" \/>\n\t<meta name=\"twitter:data1\" content=\"EDITOR\" \/>\n\t<meta name=\"twitter:label2\" content=\"Tiempo de lectura\" \/>\n\t<meta name=\"twitter:data2\" content=\"2 minutos\" \/>\n<script type=\"application\/ld+json\" class=\"yoast-schema-graph\">{\"@context\":\"https:\/\/schema.org\",\"@graph\":[{\"@type\":\"WebPage\",\"@id\":\"https:\/\/laprensacristiana.com\/?p=5499\",\"url\":\"https:\/\/laprensacristiana.com\/?p=5499\",\"name\":\"Tabern\u00e1culo de Ilopango inaugura el Ministerio Mujeres de Bendici\u00f3n - La Prensa Cristiana\",\"isPartOf\":{\"@id\":\"https:\/\/laprensacristiana.com\/#website\"},\"datePublished\":\"2019-04-01T14:38:50+00:00\",\"dateModified\":\"2019-04-01T22:17:01+00:00\",\"author\":{\"@id\":\"https:\/\/laprensacristiana.com\/#\/schema\/person\/3e7d82c6bfd6b1fa67010f8f7cd5256e\"},\"breadcrumb\":{\"@id\":\"https:\/\/laprensacristiana.com\/?p=5499#breadcrumb\"},\"inLanguage\":\"es\",\"potentialAction\":[{\"@type\":\"ReadAction\",\"target\":[\"https:\/\/laprensacristiana.com\/?p=5499\"]}]},{\"@type\":\"BreadcrumbList\",\"@id\":\"https:\/\/laprensacristiana.com\/?p=5499#breadcrumb\",\"itemListElement\":[{\"@type\":\"ListItem\",\"position\":1,\"name\":\"Portada\",\"item\":\"https:\/\/laprensacristiana.com\/\"},{\"@type\":\"ListItem\",\"position\":2,\"name\":\"Tabern\u00e1culo de Ilopango inaugura el Ministerio Mujeres de Bendici\u00f3n\"}]},{\"@type\":\"WebSite\",\"@id\":\"https:\/\/laprensacristiana.com\/#website\",\"url\":\"https:\/\/laprensacristiana.com\/\",\"name\":\"La Prensa Cristiana\",\"description\":\"Anunciando Las Buenas Nuevas\",\"potentialAction\":[{\"@type\":\"SearchAction\",\"target\":{\"@type\":\"EntryPoint\",\"urlTemplate\":\"https:\/\/laprensacristiana.com\/?s={search_term_string}\"},\"query-input\":\"required name=search_term_string\"}],\"inLanguage\":\"es\"},{\"@type\":\"Person\",\"@id\":\"https:\/\/laprensacristiana.com\/#\/schema\/person\/3e7d82c6bfd6b1fa67010f8f7cd5256e\",\"name\":\"EDITOR\",\"image\":{\"@type\":\"ImageObject\",\"inLanguage\":\"es\",\"@id\":\"https:\/\/laprensacristiana.com\/#\/schema\/person\/image\/\",\"url\":\"https:\/\/secure.gravatar.com\/avatar\/72069dfb6c13772d9e8381e3638666d2?s=96&d=mm&r=g\",\"contentUrl\":\"https:\/\/secure.gravatar.com\/avatar\/72069dfb6c13772d9e8381e3638666d2?s=96&d=mm&r=g\",\"caption\":\"EDITOR\"},\"url\":\"https:\/\/laprensacristiana.com\/?author=3\"}]}<\/script>\n<!-- \/ Yoast SEO plugin. -->","yoast_head_json":{"title":"Tabern\u00e1culo de Ilopango inaugura el Ministerio Mujeres de Bendici\u00f3n - La Prensa Cristiana","robots":{"index":"index","follow":"follow","max-snippet":"max-snippet:-1","max-image-preview":"max-image-preview:large","max-video-preview":"max-video-preview:-1"},"canonical":"https:\/\/laprensacristiana.com\/?p=5499","og_locale":"es_ES","og_type":"article","og_title":"Tabern\u00e1culo de Ilopango inaugura el Ministerio Mujeres de Bendici\u00f3n - La Prensa Cristiana","og_description":"El pasado domingo 31 de marzo en sus tres cultos el Tabern\u00e1culo de Ilopango desarroll\u00f3 una serie de actividades como parte de la inauguraci\u00f3n del Ministerio Mujeres de Bendici\u00f3n. Para dar inicio a este importante proyecto el Tabern\u00e1culo de Ilopango desarroll\u00f3 cultos especiales con temas de inter\u00e9s familiar enfocados al rol de la mujer en [&hellip;]","og_url":"https:\/\/laprensacristiana.com\/?p=5499","og_site_name":"La Prensa Cristiana","article_published_time":"2019-04-01T14:38:50+00:00","article_modified_time":"2019-04-01T22:17:01+00:00","og_image":[{"width":1842,"height":1388,"url":"https:\/\/laprensacristiana.com\/wp-content\/uploads\/2019\/04\/imagen1.jpg","type":"image\/jpeg"}],"author":"EDITOR","twitter_card":"summary_large_image","twitter_misc":{"Escrito por":"EDITOR","Tiempo de lectura":"2 minutos"},"schema":{"@context":"https:\/\/schema.org","@graph":[{"@type":"WebPage","@id":"https:\/\/laprensacristiana.com\/?p=5499","url":"https:\/\/laprensacristiana.com\/?p=5499","name":"Tabern\u00e1culo de Ilopango inaugura el Ministerio Mujeres de Bendici\u00f3n - La Prensa Cristiana","isPartOf":{"@id":"https:\/\/laprensacristiana.com\/#website"},"datePublished":"2019-04-01T14:38:50+00:00","dateModified":"2019-04-01T22:17:01+00:00","author":{"@id":"https:\/\/laprensacristiana.com\/#\/schema\/person\/3e7d82c6bfd6b1fa67010f8f7cd5256e"},"breadcrumb":{"@id":"https:\/\/laprensacristiana.com\/?p=5499#breadcrumb"},"inLanguage":"es","potentialAction":[{"@type":"ReadAction","target":["https:\/\/laprensacristiana.com\/?p=5499"]}]},{"@type":"BreadcrumbList","@id":"https:\/\/laprensacristiana.com\/?p=5499#breadcrumb","itemListElement":[{"@type":"ListItem","position":1,"name":"Portada","item":"https:\/\/laprensacristiana.com\/"},{"@type":"ListItem","position":2,"name":"Tabern\u00e1culo de Ilopango inaugura el Ministerio Mujeres de Bendici\u00f3n"}]},{"@type":"WebSite","@id":"https:\/\/laprensacristiana.com\/#website","url":"https:\/\/laprensacristiana.com\/","name":"La Prensa Cristiana","description":"Anunciando Las Buenas Nuevas","potentialAction":[{"@type":"SearchAction","target":{"@type":"EntryPoint","urlTemplate":"https:\/\/laprensacristiana.com\/?s={search_term_string}"},"query-input":"required name=search_term_string"}],"inLanguage":"es"},{"@type":"Person","@id":"https:\/\/laprensacristiana.com\/#\/schema\/person\/3e7d82c6bfd6b1fa67010f8f7cd5256e","name":"EDITOR","image":{"@type":"ImageObject","inLanguage":"es","@id":"https:\/\/laprensacristiana.com\/#\/schema\/person\/image\/","url":"https:\/\/secure.gravatar.com\/avatar\/72069dfb6c13772d9e8381e3638666d2?s=96&d=mm&r=g","contentUrl":"https:\/\/secure.gravatar.com\/avatar\/72069dfb6c13772d9e8381e3638666d2?s=96&d=mm&r=g","caption":"EDITOR"},"url":"https:\/\/laprensacristiana.com\/?author=3"}]}},"_links":{"self":[{"href":"https:\/\/laprensacristiana.com\/index.php?rest_route=\/wp\/v2\/posts\/5499"}],"collection":[{"href":"https:\/\/laprensacristiana.com\/index.php?rest_route=\/wp\/v2\/posts"}],"about":[{"href":"https:\/\/laprensacristiana.com\/index.php?rest_route=\/wp\/v2\/types\/post"}],"author":[{"embeddable":true,"href":"https:\/\/laprensacristiana.com\/index.php?rest_route=\/wp\/v2\/users\/3"}],"replies":[{"embeddable":true,"href":"https:\/\/laprensacristiana.com\/index.php?rest_route=%2Fwp%2Fv2%2Fcomments&post=5499"}],"version-history":[{"count":3,"href":"https:\/\/laprensacristiana.com\/index.php?rest_route=\/wp\/v2\/posts\/5499\/revisions"}],"predecessor-version":[{"id":5520,"href":"https:\/\/laprensacristiana.com\/index.php?rest_route=\/wp\/v2\/posts\/5499\/revisions\/5520"}],"wp:featuredmedia":[{"embeddable":true,"href":"https:\/\/laprensacristiana.com\/index.php?rest_route=\/wp\/v2\/media\/5503"}],"wp:attachment":[{"href":"https:\/\/laprensacristiana.com\/index.php?rest_route=%2Fwp%2Fv2%2Fmedia&parent=5499"}],"wp:term":[{"taxonomy":"category","embeddable":true,"href":"https:\/\/laprensacristiana.com\/index.php?rest_route=%2Fwp%2Fv2%2Fcategories&post=5499"},{"taxonomy":"post_tag","embeddable":true,"href":"https:\/\/laprensacristiana.com\/index.php?rest_route=%2Fwp%2Fv2%2Ftags&post=5499"}],"curies":[{"name":"wp","href":"https:\/\/api.w.org\/{rel}","templated":true}]}}