{"id":5506,"date":"2019-04-01T17:25:55","date_gmt":"2019-04-01T17:25:55","guid":{"rendered":"https:\/\/laprensacristiana.com\/?p=5506"},"modified":"2019-04-01T22:02:08","modified_gmt":"2019-04-01T22:02:08","slug":"alianza-evangelica-en-el-mes-de-la-mujer-comparte-tematica-feminidad-biblica-o-feminismo","status":"publish","type":"post","link":"https:\/\/laprensacristiana.com\/?p=5506","title":{"rendered":"Alianza Evang\u00e9lica en el mes de la mujer comparte tem\u00e1tica: \u00bfFeminidad b\u00edblica o feminismo?"},"content":{"rendered":"\n<p>El pasado jueves 28 de marzo se realiz\u00f3 la reuni\u00f3n mensual de la asociaci\u00f3n pastoral Alianza Evang\u00e9lica de El salvador, en esta ocasi\u00f3n la agenda fue dirigida a la mujer. <\/p>\n\n\n\n<p>El salmista V\u00edctor Hern\u00e1ndez estuvo a cargo de las alabanzas\ny el devocional fue impartido por \u00c9lida de Mej\u00eda quien es Directora de Escuela\nCristiana OASIS. <\/p>\n\n\n\n<p>En el marco de la conmemoraci\u00f3n del mes en que se recuerda la lucha y el sacrificio de muchas mujeres por ser reconocidas ante la sociedad en igualdad de derechos que el hombre, la Alianza Evang\u00e9lica de El Salvador abord\u00f3 la tem\u00e1tica \u201c\u00bfFeminidad b\u00edblica o feminismo?\u201d, impartida por\u00a0 Javier Dom\u00ednguez\u00a0 Pastor General de Iglesia Gracia sobre Gracia. <\/p>\n\n\n\n<p>El Pastor Dom\u00ednguez habl\u00f3 sobre como la sociedad por a\u00f1os ha intentado definir un concepto acerca de la mujer, lo cual seg\u00fan explic\u00f3 no se puede hacer fuera del creador.\u00a0 <\/p>\n\n\n\n<p>Expuso la feminidad b\u00edblica desde tres puntos importantes:<\/p>\n\n\n\n<ol><li>La feminidad antes de la ca\u00edda<\/li><li>La feminidad despu\u00e9s de la ca\u00edda y su efecto en la iglesia de hoy.<\/li><li>La feminidad en la primer venida de Cristo y consumaci\u00f3n de los tiempos:<\/li><\/ol>\n\n\n\n<p>\u201cEl hombre y la mujer fueron creados a imagen y semejanza de\nDios, para ser sus representantes y gobernar juntos la tierra, para la Gloria\nde \u00c9l.<\/p>\n\n\n\n<p>El hombre fue creado antes que la mujer y recibi\u00f3 la\nresponsabilidad de obedecer los mandatos de Dios y ense\u00f1\u00e1rselos a ella. De\nmanera que podemos definir la verdadera masculinidad, como el llamado de Dios\nal hombre a desplegar la gloria de Dios a trav\u00e9s de ejercer un liderazgo\namoroso, benevolente, protector, proveedor y servicial a la mujer, para que\njuntos cumplan el mandato de gobernar la tierra.<\/p>\n\n\n\n<p>La mujer fue creada despu\u00e9s del hombre y tra\u00edda a \u00e9l (no \u00e9l a ella), constituy\u00e9ndola como ayuda id\u00f3nea para su liderazgo. La verdadera feminidad es el llamado de Dios a la mujer a desplegar la gloria de Dios a trav\u00e9s de una disposici\u00f3n libre para afirmar, recibir y nutrir el liderazgo de hombres dignos\u201d expres\u00f3 el pastor Javier Dom\u00ednguez.<\/p>\n\n\n\n<figure class=\"wp-block-image\"><img decoding=\"async\" loading=\"lazy\" width=\"960\" height=\"640\" src=\"https:\/\/laprensacristiana.com\/wp-content\/uploads\/2019\/04\/55963164_2287066124842786_3200274956537561088_n.jpg\" alt=\"\" class=\"wp-image-5509\" srcset=\"https:\/\/laprensacristiana.com\/wp-content\/uploads\/2019\/04\/55963164_2287066124842786_3200274956537561088_n.jpg 960w, https:\/\/laprensacristiana.com\/wp-content\/uploads\/2019\/04\/55963164_2287066124842786_3200274956537561088_n-600x400.jpg 600w, https:\/\/laprensacristiana.com\/wp-content\/uploads\/2019\/04\/55963164_2287066124842786_3200274956537561088_n-300x200.jpg 300w, https:\/\/laprensacristiana.com\/wp-content\/uploads\/2019\/04\/55963164_2287066124842786_3200274956537561088_n-768x512.jpg 768w, https:\/\/laprensacristiana.com\/wp-content\/uploads\/2019\/04\/55963164_2287066124842786_3200274956537561088_n-696x464.jpg 696w, https:\/\/laprensacristiana.com\/wp-content\/uploads\/2019\/04\/55963164_2287066124842786_3200274956537561088_n-630x420.jpg 630w\" sizes=\"(max-width: 960px) 100vw, 960px\" \/><\/figure>\n","protected":false},"excerpt":{"rendered":"<p>El pasado jueves 28 de marzo se realiz\u00f3 la reuni\u00f3n mensual de la asociaci\u00f3n pastoral Alianza Evang\u00e9lica de El salvador, en esta ocasi\u00f3n la agenda fue dirigida a la mujer. El salmista V\u00edctor Hern\u00e1ndez estuvo a cargo de las alabanzas y el devocional fue impartido por \u00c9lida de Mej\u00eda quien es Directora de Escuela Cristiana [&hellip;]<\/p>\n","protected":false},"author":3,"featured_media":5508,"comment_status":"open","ping_status":"open","sticky":false,"template":"","format":"standard","meta":[],"categories":[56],"tags":[],"yoast_head":"<!-- This site is optimized with the Yoast SEO plugin v20.8 - https:\/\/yoast.com\/wordpress\/plugins\/seo\/ -->\n<title>Alianza Evang\u00e9lica en el mes de la mujer comparte tem\u00e1tica: \u00bfFeminidad b\u00edblica o feminismo? - La Prensa Cristiana<\/title>\n<meta name=\"robots\" content=\"index, follow, max-snippet:-1, max-image-preview:large, max-video-preview:-1\" \/>\n<link rel=\"canonical\" href=\"https:\/\/laprensacristiana.com\/?p=5506\" \/>\n<meta property=\"og:locale\" content=\"es_ES\" \/>\n<meta property=\"og:type\" content=\"article\" \/>\n<meta property=\"og:title\" content=\"Alianza Evang\u00e9lica en el mes de la mujer comparte tem\u00e1tica: \u00bfFeminidad b\u00edblica o feminismo? - La Prensa Cristiana\" \/>\n<meta property=\"og:description\" content=\"El pasado jueves 28 de marzo se realiz\u00f3 la reuni\u00f3n mensual de la asociaci\u00f3n pastoral Alianza Evang\u00e9lica de El salvador, en esta ocasi\u00f3n la agenda fue dirigida a la mujer. El salmista V\u00edctor Hern\u00e1ndez estuvo a cargo de las alabanzas y el devocional fue impartido por \u00c9lida de Mej\u00eda quien es Directora de Escuela Cristiana [&hellip;]\" \/>\n<meta property=\"og:url\" content=\"https:\/\/laprensacristiana.com\/?p=5506\" \/>\n<meta property=\"og:site_name\" content=\"La Prensa Cristiana\" \/>\n<meta property=\"article:published_time\" content=\"2019-04-01T17:25:55+00:00\" \/>\n<meta property=\"article:modified_time\" content=\"2019-04-01T22:02:08+00:00\" \/>\n<meta property=\"og:image\" content=\"https:\/\/laprensacristiana.com\/wp-content\/uploads\/2019\/04\/05.png\" \/>\n\t<meta property=\"og:image:width\" content=\"800\" \/>\n\t<meta property=\"og:image:height\" content=\"600\" \/>\n\t<meta property=\"og:image:type\" content=\"image\/png\" \/>\n<meta name=\"author\" content=\"EDITOR\" \/>\n<meta name=\"twitter:card\" content=\"summary_large_image\" \/>\n<meta name=\"twitter:label1\" content=\"Escrito por\" \/>\n\t<meta name=\"twitter:data1\" content=\"EDITOR\" \/>\n\t<meta name=\"twitter:label2\" content=\"Tiempo de lectura\" \/>\n\t<meta name=\"twitter:data2\" content=\"2 minutos\" \/>\n<script type=\"application\/ld+json\" class=\"yoast-schema-graph\">{\"@context\":\"https:\/\/schema.org\",\"@graph\":[{\"@type\":\"WebPage\",\"@id\":\"https:\/\/laprensacristiana.com\/?p=5506\",\"url\":\"https:\/\/laprensacristiana.com\/?p=5506\",\"name\":\"Alianza Evang\u00e9lica en el mes de la mujer comparte tem\u00e1tica: \u00bfFeminidad b\u00edblica o feminismo? - La Prensa Cristiana\",\"isPartOf\":{\"@id\":\"https:\/\/laprensacristiana.com\/#website\"},\"datePublished\":\"2019-04-01T17:25:55+00:00\",\"dateModified\":\"2019-04-01T22:02:08+00:00\",\"author\":{\"@id\":\"https:\/\/laprensacristiana.com\/#\/schema\/person\/3e7d82c6bfd6b1fa67010f8f7cd5256e\"},\"breadcrumb\":{\"@id\":\"https:\/\/laprensacristiana.com\/?p=5506#breadcrumb\"},\"inLanguage\":\"es\",\"potentialAction\":[{\"@type\":\"ReadAction\",\"target\":[\"https:\/\/laprensacristiana.com\/?p=5506\"]}]},{\"@type\":\"BreadcrumbList\",\"@id\":\"https:\/\/laprensacristiana.com\/?p=5506#breadcrumb\",\"itemListElement\":[{\"@type\":\"ListItem\",\"position\":1,\"name\":\"Portada\",\"item\":\"https:\/\/laprensacristiana.com\/\"},{\"@type\":\"ListItem\",\"position\":2,\"name\":\"Alianza Evang\u00e9lica en el mes de la mujer comparte tem\u00e1tica: \u00bfFeminidad b\u00edblica o feminismo?\"}]},{\"@type\":\"WebSite\",\"@id\":\"https:\/\/laprensacristiana.com\/#website\",\"url\":\"https:\/\/laprensacristiana.com\/\",\"name\":\"La Prensa Cristiana\",\"description\":\"Anunciando Las Buenas Nuevas\",\"potentialAction\":[{\"@type\":\"SearchAction\",\"target\":{\"@type\":\"EntryPoint\",\"urlTemplate\":\"https:\/\/laprensacristiana.com\/?s={search_term_string}\"},\"query-input\":\"required name=search_term_string\"}],\"inLanguage\":\"es\"},{\"@type\":\"Person\",\"@id\":\"https:\/\/laprensacristiana.com\/#\/schema\/person\/3e7d82c6bfd6b1fa67010f8f7cd5256e\",\"name\":\"EDITOR\",\"image\":{\"@type\":\"ImageObject\",\"inLanguage\":\"es\",\"@id\":\"https:\/\/laprensacristiana.com\/#\/schema\/person\/image\/\",\"url\":\"https:\/\/secure.gravatar.com\/avatar\/72069dfb6c13772d9e8381e3638666d2?s=96&d=mm&r=g\",\"contentUrl\":\"https:\/\/secure.gravatar.com\/avatar\/72069dfb6c13772d9e8381e3638666d2?s=96&d=mm&r=g\",\"caption\":\"EDITOR\"},\"url\":\"https:\/\/laprensacristiana.com\/?author=3\"}]}<\/script>\n<!-- \/ Yoast SEO plugin. -->","yoast_head_json":{"title":"Alianza Evang\u00e9lica en el mes de la mujer comparte tem\u00e1tica: \u00bfFeminidad b\u00edblica o feminismo? - La Prensa Cristiana","robots":{"index":"index","follow":"follow","max-snippet":"max-snippet:-1","max-image-preview":"max-image-preview:large","max-video-preview":"max-video-preview:-1"},"canonical":"https:\/\/laprensacristiana.com\/?p=5506","og_locale":"es_ES","og_type":"article","og_title":"Alianza Evang\u00e9lica en el mes de la mujer comparte tem\u00e1tica: \u00bfFeminidad b\u00edblica o feminismo? - La Prensa Cristiana","og_description":"El pasado jueves 28 de marzo se realiz\u00f3 la reuni\u00f3n mensual de la asociaci\u00f3n pastoral Alianza Evang\u00e9lica de El salvador, en esta ocasi\u00f3n la agenda fue dirigida a la mujer. El salmista V\u00edctor Hern\u00e1ndez estuvo a cargo de las alabanzas y el devocional fue impartido por \u00c9lida de Mej\u00eda quien es Directora de Escuela Cristiana [&hellip;]","og_url":"https:\/\/laprensacristiana.com\/?p=5506","og_site_name":"La Prensa Cristiana","article_published_time":"2019-04-01T17:25:55+00:00","article_modified_time":"2019-04-01T22:02:08+00:00","og_image":[{"width":800,"height":600,"url":"https:\/\/laprensacristiana.com\/wp-content\/uploads\/2019\/04\/05.png","type":"image\/png"}],"author":"EDITOR","twitter_card":"summary_large_image","twitter_misc":{"Escrito por":"EDITOR","Tiempo de lectura":"2 minutos"},"schema":{"@context":"https:\/\/schema.org","@graph":[{"@type":"WebPage","@id":"https:\/\/laprensacristiana.com\/?p=5506","url":"https:\/\/laprensacristiana.com\/?p=5506","name":"Alianza Evang\u00e9lica en el mes de la mujer comparte tem\u00e1tica: \u00bfFeminidad b\u00edblica o feminismo? - La Prensa Cristiana","isPartOf":{"@id":"https:\/\/laprensacristiana.com\/#website"},"datePublished":"2019-04-01T17:25:55+00:00","dateModified":"2019-04-01T22:02:08+00:00","author":{"@id":"https:\/\/laprensacristiana.com\/#\/schema\/person\/3e7d82c6bfd6b1fa67010f8f7cd5256e"},"breadcrumb":{"@id":"https:\/\/laprensacristiana.com\/?p=5506#breadcrumb"},"inLanguage":"es","potentialAction":[{"@type":"ReadAction","target":["https:\/\/laprensacristiana.com\/?p=5506"]}]},{"@type":"BreadcrumbList","@id":"https:\/\/laprensacristiana.com\/?p=5506#breadcrumb","itemListElement":[{"@type":"ListItem","position":1,"name":"Portada","item":"https:\/\/laprensacristiana.com\/"},{"@type":"ListItem","position":2,"name":"Alianza Evang\u00e9lica en el mes de la mujer comparte tem\u00e1tica: \u00bfFeminidad b\u00edblica o feminismo?"}]},{"@type":"WebSite","@id":"https:\/\/laprensacristiana.com\/#website","url":"https:\/\/laprensacristiana.com\/","name":"La Prensa Cristiana","description":"Anunciando Las Buenas Nuevas","potentialAction":[{"@type":"SearchAction","target":{"@type":"EntryPoint","urlTemplate":"https:\/\/laprensacristiana.com\/?s={search_term_string}"},"query-input":"required name=search_term_string"}],"inLanguage":"es"},{"@type":"Person","@id":"https:\/\/laprensacristiana.com\/#\/schema\/person\/3e7d82c6bfd6b1fa67010f8f7cd5256e","name":"EDITOR","image":{"@type":"ImageObject","inLanguage":"es","@id":"https:\/\/laprensacristiana.com\/#\/schema\/person\/image\/","url":"https:\/\/secure.gravatar.com\/avatar\/72069dfb6c13772d9e8381e3638666d2?s=96&d=mm&r=g","contentUrl":"https:\/\/secure.gravatar.com\/avatar\/72069dfb6c13772d9e8381e3638666d2?s=96&d=mm&r=g","caption":"EDITOR"},"url":"https:\/\/laprensacristiana.com\/?author=3"}]}},"_links":{"self":[{"href":"https:\/\/laprensacristiana.com\/index.php?rest_route=\/wp\/v2\/posts\/5506"}],"collection":[{"href":"https:\/\/laprensacristiana.com\/index.php?rest_route=\/wp\/v2\/posts"}],"about":[{"href":"https:\/\/laprensacristiana.com\/index.php?rest_route=\/wp\/v2\/types\/post"}],"author":[{"embeddable":true,"href":"https:\/\/laprensacristiana.com\/index.php?rest_route=\/wp\/v2\/users\/3"}],"replies":[{"embeddable":true,"href":"https:\/\/laprensacristiana.com\/index.php?rest_route=%2Fwp%2Fv2%2Fcomments&post=5506"}],"version-history":[{"count":2,"href":"https:\/\/laprensacristiana.com\/index.php?rest_route=\/wp\/v2\/posts\/5506\/revisions"}],"predecessor-version":[{"id":5516,"href":"https:\/\/laprensacristiana.com\/index.php?rest_route=\/wp\/v2\/posts\/5506\/revisions\/5516"}],"wp:featuredmedia":[{"embeddable":true,"href":"https:\/\/laprensacristiana.com\/index.php?rest_route=\/wp\/v2\/media\/5508"}],"wp:attachment":[{"href":"https:\/\/laprensacristiana.com\/index.php?rest_route=%2Fwp%2Fv2%2Fmedia&parent=5506"}],"wp:term":[{"taxonomy":"category","embeddable":true,"href":"https:\/\/laprensacristiana.com\/index.php?rest_route=%2Fwp%2Fv2%2Fcategories&post=5506"},{"taxonomy":"post_tag","embeddable":true,"href":"https:\/\/laprensacristiana.com\/index.php?rest_route=%2Fwp%2Fv2%2Ftags&post=5506"}],"curies":[{"name":"wp","href":"https:\/\/api.w.org\/{rel}","templated":true}]}}