{"id":5538,"date":"2019-04-03T13:53:34","date_gmt":"2019-04-03T13:53:34","guid":{"rendered":"https:\/\/laprensacristiana.com\/?p=5538"},"modified":"2019-04-03T13:53:37","modified_gmt":"2019-04-03T13:53:37","slug":"la-progre-renovo-su-morning-show-alto-voltaje","status":"publish","type":"post","link":"https:\/\/laprensacristiana.com\/?p=5538","title":{"rendered":"La Progre renov\u00f3 su morning show ALTO VOLTAJE."},"content":{"rendered":"\n<p>Radio Progreso, la estaci\u00f3n\ncristiana juvenil m\u00e1s escuchada en El Salvador, en este 2019 se transforma\nd\u00e1ndole un cambio inesperado a su programa matutino ALTO VOLTAJE. La Progre\nrenov\u00f3 el staff de locutores de su \u201cmorning show\u201d para ofrecer a sus oyentes\nuna franja novedosa con m\u00fasica, trafico, secciones divertidas, sin dejar de\nlado la reflexi\u00f3n que al iniciar cada d\u00eda nos lleva a conectar con Dios. ALTO\nVOLTAJE se transmite de lunes a viernes de 6:00 a 9:00 AM por la frecuencia\n90.5 FM.<\/p>\n\n\n\n<p>Conversamos con sus conductores\npara conocer cu\u00e1les son sus expectativas, y esto nos dijeron:<\/p>\n\n\n\n<p>Stephan\u00eda Castaneda \/ Victor\nMercado \/ Daniel Rivera<\/p>\n\n\n\n<p>\u201cEstamos muy\nemocionados de ser parte de esta nueva etapa de ALTO VOLTAJE, es una buena\noportunidad para compartir con la gente que est\u00e1 iniciando su d\u00eda, que se\nlevanta esperando que todo salga bien. Esperamos que quienes nos escuchen vayan\nm\u00e1s relajados y contentos a su trabajo, acompa\u00f1arles para que el tr\u00e1fico no sea\ntan estresante, estamos seguros que la pasaran s\u00faper bien\u201d, nos coment\u00f3\nStephan\u00eda Castaneda.<\/p>\n\n\n\n<p>Por su parte Victor Mercado\nmostr\u00f3 mucho entusiasmo al hablar de su participaci\u00f3n en este proyecto. \u201cLa\naudiencia me conoce desde hace 13 a\u00f1os y su cari\u00f1o es incre\u00edble, estoy seguro\nque van a disfrutar de todo lo que preparamos diariamente. ALTO VOLTAJE es algo\ndiferente, con contenido variado y locutores fuera de serie. Siempre estamos\npensando en que hacer el d\u00eda siguiente para que cada programa sea especial\u201d,\ndijo Mercado.<\/p>\n\n\n\n<p>\u00bfQu\u00e9 comparten con los radio\nescuchas?<\/p>\n\n\n\n<p>\u201cCuriosidades, temas para\nmujeres, deportes, tenemos secciones para todos. Nos da mucha alegr\u00eda pensar\nque junto a nosotros puedan pasar un momento m\u00e1s ameno escuchando la radio,\nmientras conducen o inician sus actividades cotidianas\u201d, mencion\u00f3 Danny Rivera.\n<\/p>\n\n\n\n<p>&nbsp;\u201cNos emociona que La Progre se transforme,\ncomenzando desde la ma\u00f1ana con ALTO VOLTAJE que presenta un equipo nuevo,\nfresco y din\u00e1mico. Stephania, V\u00edctor y Danny se incorporaron a esta emisi\u00f3n\ndesde el 4 de marzo, y ahora ellos son los encargados de acompa\u00f1ar a la\naudiencia en las ma\u00f1anas a trav\u00e9s de una programaci\u00f3n entretenida, que incluye\ntr\u00e1fico, informaci\u00f3n interesante, buena m\u00fasica, y la palabra de Dios que\ninspira y anima el coraz\u00f3n. Adem\u00e1s, ahora el programa cuenta con un elemento\nfemenino que le da un toque diferente, y siempre con secciones como \u201cEl Reto de\nHoy\u201d que tiene una gran aceptaci\u00f3n. La idea es tener todos los d\u00edas algo\nnovedoso para nuestro p\u00fablico, \u201cAlto Voltaje\u201d se renov\u00f3 con esa intenci\u00f3n\u201d, expres\u00f3\nRene Araujo director de Radio Progreso 90.5 FM.<\/p>\n","protected":false},"excerpt":{"rendered":"<p>Radio Progreso, la estaci\u00f3n cristiana juvenil m\u00e1s escuchada en El Salvador, en este 2019 se transforma d\u00e1ndole un cambio inesperado a su programa matutino ALTO VOLTAJE. La Progre renov\u00f3 el staff de locutores de su \u201cmorning show\u201d para ofrecer a sus oyentes una franja novedosa con m\u00fasica, trafico, secciones divertidas, sin dejar de lado la [&hellip;]<\/p>\n","protected":false},"author":3,"featured_media":5539,"comment_status":"open","ping_status":"open","sticky":false,"template":"","format":"standard","meta":[],"categories":[56],"tags":[],"yoast_head":"<!-- This site is optimized with the Yoast SEO plugin v20.8 - https:\/\/yoast.com\/wordpress\/plugins\/seo\/ -->\n<title>La Progre renov\u00f3 su morning show ALTO VOLTAJE. - La Prensa Cristiana<\/title>\n<meta name=\"robots\" content=\"index, follow, max-snippet:-1, max-image-preview:large, max-video-preview:-1\" \/>\n<link rel=\"canonical\" href=\"https:\/\/laprensacristiana.com\/?p=5538\" \/>\n<meta property=\"og:locale\" content=\"es_ES\" \/>\n<meta property=\"og:type\" content=\"article\" \/>\n<meta property=\"og:title\" content=\"La Progre renov\u00f3 su morning show ALTO VOLTAJE. - La Prensa Cristiana\" \/>\n<meta property=\"og:description\" content=\"Radio Progreso, la estaci\u00f3n cristiana juvenil m\u00e1s escuchada en El Salvador, en este 2019 se transforma d\u00e1ndole un cambio inesperado a su programa matutino ALTO VOLTAJE. La Progre renov\u00f3 el staff de locutores de su \u201cmorning show\u201d para ofrecer a sus oyentes una franja novedosa con m\u00fasica, trafico, secciones divertidas, sin dejar de lado la [&hellip;]\" \/>\n<meta property=\"og:url\" content=\"https:\/\/laprensacristiana.com\/?p=5538\" \/>\n<meta property=\"og:site_name\" content=\"La Prensa Cristiana\" \/>\n<meta property=\"article:published_time\" content=\"2019-04-03T13:53:34+00:00\" \/>\n<meta property=\"article:modified_time\" content=\"2019-04-03T13:53:37+00:00\" \/>\n<meta property=\"og:image\" content=\"https:\/\/laprensacristiana.com\/wp-content\/uploads\/2019\/04\/WhatsApp-Image-2019-04-02-at-8.47.39-AM.jpeg\" \/>\n\t<meta property=\"og:image:width\" content=\"1080\" \/>\n\t<meta property=\"og:image:height\" content=\"1080\" \/>\n\t<meta property=\"og:image:type\" content=\"image\/jpeg\" \/>\n<meta name=\"author\" content=\"EDITOR\" \/>\n<meta name=\"twitter:card\" content=\"summary_large_image\" \/>\n<meta name=\"twitter:label1\" content=\"Escrito por\" \/>\n\t<meta name=\"twitter:data1\" content=\"EDITOR\" \/>\n\t<meta name=\"twitter:label2\" content=\"Tiempo de lectura\" \/>\n\t<meta name=\"twitter:data2\" content=\"2 minutos\" \/>\n<script type=\"application\/ld+json\" class=\"yoast-schema-graph\">{\"@context\":\"https:\/\/schema.org\",\"@graph\":[{\"@type\":\"WebPage\",\"@id\":\"https:\/\/laprensacristiana.com\/?p=5538\",\"url\":\"https:\/\/laprensacristiana.com\/?p=5538\",\"name\":\"La Progre renov\u00f3 su morning show ALTO VOLTAJE. - La Prensa Cristiana\",\"isPartOf\":{\"@id\":\"https:\/\/laprensacristiana.com\/#website\"},\"datePublished\":\"2019-04-03T13:53:34+00:00\",\"dateModified\":\"2019-04-03T13:53:37+00:00\",\"author\":{\"@id\":\"https:\/\/laprensacristiana.com\/#\/schema\/person\/3e7d82c6bfd6b1fa67010f8f7cd5256e\"},\"breadcrumb\":{\"@id\":\"https:\/\/laprensacristiana.com\/?p=5538#breadcrumb\"},\"inLanguage\":\"es\",\"potentialAction\":[{\"@type\":\"ReadAction\",\"target\":[\"https:\/\/laprensacristiana.com\/?p=5538\"]}]},{\"@type\":\"BreadcrumbList\",\"@id\":\"https:\/\/laprensacristiana.com\/?p=5538#breadcrumb\",\"itemListElement\":[{\"@type\":\"ListItem\",\"position\":1,\"name\":\"Portada\",\"item\":\"https:\/\/laprensacristiana.com\/\"},{\"@type\":\"ListItem\",\"position\":2,\"name\":\"La Progre renov\u00f3 su morning show ALTO VOLTAJE.\"}]},{\"@type\":\"WebSite\",\"@id\":\"https:\/\/laprensacristiana.com\/#website\",\"url\":\"https:\/\/laprensacristiana.com\/\",\"name\":\"La Prensa Cristiana\",\"description\":\"Anunciando Las Buenas Nuevas\",\"potentialAction\":[{\"@type\":\"SearchAction\",\"target\":{\"@type\":\"EntryPoint\",\"urlTemplate\":\"https:\/\/laprensacristiana.com\/?s={search_term_string}\"},\"query-input\":\"required name=search_term_string\"}],\"inLanguage\":\"es\"},{\"@type\":\"Person\",\"@id\":\"https:\/\/laprensacristiana.com\/#\/schema\/person\/3e7d82c6bfd6b1fa67010f8f7cd5256e\",\"name\":\"EDITOR\",\"image\":{\"@type\":\"ImageObject\",\"inLanguage\":\"es\",\"@id\":\"https:\/\/laprensacristiana.com\/#\/schema\/person\/image\/\",\"url\":\"https:\/\/secure.gravatar.com\/avatar\/72069dfb6c13772d9e8381e3638666d2?s=96&d=mm&r=g\",\"contentUrl\":\"https:\/\/secure.gravatar.com\/avatar\/72069dfb6c13772d9e8381e3638666d2?s=96&d=mm&r=g\",\"caption\":\"EDITOR\"},\"url\":\"https:\/\/laprensacristiana.com\/?author=3\"}]}<\/script>\n<!-- \/ Yoast SEO plugin. -->","yoast_head_json":{"title":"La Progre renov\u00f3 su morning show ALTO VOLTAJE. - La Prensa Cristiana","robots":{"index":"index","follow":"follow","max-snippet":"max-snippet:-1","max-image-preview":"max-image-preview:large","max-video-preview":"max-video-preview:-1"},"canonical":"https:\/\/laprensacristiana.com\/?p=5538","og_locale":"es_ES","og_type":"article","og_title":"La Progre renov\u00f3 su morning show ALTO VOLTAJE. - La Prensa Cristiana","og_description":"Radio Progreso, la estaci\u00f3n cristiana juvenil m\u00e1s escuchada en El Salvador, en este 2019 se transforma d\u00e1ndole un cambio inesperado a su programa matutino ALTO VOLTAJE. La Progre renov\u00f3 el staff de locutores de su \u201cmorning show\u201d para ofrecer a sus oyentes una franja novedosa con m\u00fasica, trafico, secciones divertidas, sin dejar de lado la [&hellip;]","og_url":"https:\/\/laprensacristiana.com\/?p=5538","og_site_name":"La Prensa Cristiana","article_published_time":"2019-04-03T13:53:34+00:00","article_modified_time":"2019-04-03T13:53:37+00:00","og_image":[{"width":1080,"height":1080,"url":"https:\/\/laprensacristiana.com\/wp-content\/uploads\/2019\/04\/WhatsApp-Image-2019-04-02-at-8.47.39-AM.jpeg","type":"image\/jpeg"}],"author":"EDITOR","twitter_card":"summary_large_image","twitter_misc":{"Escrito por":"EDITOR","Tiempo de lectura":"2 minutos"},"schema":{"@context":"https:\/\/schema.org","@graph":[{"@type":"WebPage","@id":"https:\/\/laprensacristiana.com\/?p=5538","url":"https:\/\/laprensacristiana.com\/?p=5538","name":"La Progre renov\u00f3 su morning show ALTO VOLTAJE. - La Prensa Cristiana","isPartOf":{"@id":"https:\/\/laprensacristiana.com\/#website"},"datePublished":"2019-04-03T13:53:34+00:00","dateModified":"2019-04-03T13:53:37+00:00","author":{"@id":"https:\/\/laprensacristiana.com\/#\/schema\/person\/3e7d82c6bfd6b1fa67010f8f7cd5256e"},"breadcrumb":{"@id":"https:\/\/laprensacristiana.com\/?p=5538#breadcrumb"},"inLanguage":"es","potentialAction":[{"@type":"ReadAction","target":["https:\/\/laprensacristiana.com\/?p=5538"]}]},{"@type":"BreadcrumbList","@id":"https:\/\/laprensacristiana.com\/?p=5538#breadcrumb","itemListElement":[{"@type":"ListItem","position":1,"name":"Portada","item":"https:\/\/laprensacristiana.com\/"},{"@type":"ListItem","position":2,"name":"La Progre renov\u00f3 su morning show ALTO VOLTAJE."}]},{"@type":"WebSite","@id":"https:\/\/laprensacristiana.com\/#website","url":"https:\/\/laprensacristiana.com\/","name":"La Prensa Cristiana","description":"Anunciando Las Buenas Nuevas","potentialAction":[{"@type":"SearchAction","target":{"@type":"EntryPoint","urlTemplate":"https:\/\/laprensacristiana.com\/?s={search_term_string}"},"query-input":"required name=search_term_string"}],"inLanguage":"es"},{"@type":"Person","@id":"https:\/\/laprensacristiana.com\/#\/schema\/person\/3e7d82c6bfd6b1fa67010f8f7cd5256e","name":"EDITOR","image":{"@type":"ImageObject","inLanguage":"es","@id":"https:\/\/laprensacristiana.com\/#\/schema\/person\/image\/","url":"https:\/\/secure.gravatar.com\/avatar\/72069dfb6c13772d9e8381e3638666d2?s=96&d=mm&r=g","contentUrl":"https:\/\/secure.gravatar.com\/avatar\/72069dfb6c13772d9e8381e3638666d2?s=96&d=mm&r=g","caption":"EDITOR"},"url":"https:\/\/laprensacristiana.com\/?author=3"}]}},"_links":{"self":[{"href":"https:\/\/laprensacristiana.com\/index.php?rest_route=\/wp\/v2\/posts\/5538"}],"collection":[{"href":"https:\/\/laprensacristiana.com\/index.php?rest_route=\/wp\/v2\/posts"}],"about":[{"href":"https:\/\/laprensacristiana.com\/index.php?rest_route=\/wp\/v2\/types\/post"}],"author":[{"embeddable":true,"href":"https:\/\/laprensacristiana.com\/index.php?rest_route=\/wp\/v2\/users\/3"}],"replies":[{"embeddable":true,"href":"https:\/\/laprensacristiana.com\/index.php?rest_route=%2Fwp%2Fv2%2Fcomments&post=5538"}],"version-history":[{"count":1,"href":"https:\/\/laprensacristiana.com\/index.php?rest_route=\/wp\/v2\/posts\/5538\/revisions"}],"predecessor-version":[{"id":5540,"href":"https:\/\/laprensacristiana.com\/index.php?rest_route=\/wp\/v2\/posts\/5538\/revisions\/5540"}],"wp:featuredmedia":[{"embeddable":true,"href":"https:\/\/laprensacristiana.com\/index.php?rest_route=\/wp\/v2\/media\/5539"}],"wp:attachment":[{"href":"https:\/\/laprensacristiana.com\/index.php?rest_route=%2Fwp%2Fv2%2Fmedia&parent=5538"}],"wp:term":[{"taxonomy":"category","embeddable":true,"href":"https:\/\/laprensacristiana.com\/index.php?rest_route=%2Fwp%2Fv2%2Fcategories&post=5538"},{"taxonomy":"post_tag","embeddable":true,"href":"https:\/\/laprensacristiana.com\/index.php?rest_route=%2Fwp%2Fv2%2Ftags&post=5538"}],"curies":[{"name":"wp","href":"https:\/\/api.w.org\/{rel}","templated":true}]}}